{"id":10268,"date":"2021-05-24T12:11:04","date_gmt":"2021-05-24T12:11:04","guid":{"rendered":"https:\/\/ciiam.org\/?p=10268"},"modified":"2021-08-18T12:16:53","modified_gmt":"2021-08-18T12:16:53","slug":"madrid-reclama-su-sitio-en-el-arbitraje-internacional","status":"publish","type":"post","link":"https:\/\/ciiam.org\/en\/madrid-reclama-su-sitio-en-el-arbitraje-internacional\/","title":{"rendered":"Madrid reclama su sitio en el arbitraje internacional"},"content":{"rendered":"<p>Os invitamos a leer este art\u00edculo en\u00a0<a href=\"https:\/\/www.linkedin.com\/company\/cincodias\/\" data-attribute-index=\"0\" data-entity-hovercard-id=\"urn:li:fs_miniCompany:933981\" data-entity-type=\"MINI_COMPANY\">Cinco D\u00edas<\/a>\u00a0en el que participa nuestro Presidente\u00a0<a href=\"https:\/\/www.linkedin.com\/in\/ACoAADCZSlIBegV6FuVIATyBwPh3d_hK2hv2p-Q\" data-attribute-index=\"2\" data-entity-hovercard-id=\"urn:li:fs_miniProfile:ACoAADCZSlIBegV6FuVIATyBwPh3d_hK2hv2p-Q\" data-entity-type=\"MINI_PROFILE\">Jos\u00e9 Antonio Ca\u00ednzos Fern\u00e1ndez<\/a>\u00a0junto a otros profesionales del arbitraje espa\u00f1ol, en el marco de un amplio reportaje sobre la situaci\u00f3n del arbitraje en Espa\u00f1a. Destacamos a continuaci\u00f3n algunos de los elementos m\u00e1s interesantes tratados por nuestro Presidente en el art\u00edculo sobre el Arbitraje en Espa\u00f1a y Madrid como sede arbitral.<\/p>\n<p>\u00bfQu\u00e9 ventajas tiene Madrid como sede de arbitrajes internacionales?<br \/>\n\u201cPertenecer a la Uni\u00f3n Europea es un plus que aporta \u201cseguridad jur\u00eddica\u201d. Tambi\u00e9n que Espa\u00f1a sea \u201cun pa\u00eds democr\u00e1tico, con un sistema de derecho civil de enorme tradici\u00f3n, con grandes similitudes con los derechos de otros pa\u00edses\u201d y, a la vez, \u201cuna fuerte influencia del derecho anglosaj\u00f3n\u201d, lo que hace que nuestras leyes sean amigables para los extranjeros.\u201d<\/p>\n<p>\u201cComo ciudad, Madrid es un valor en s\u00ed misma por toda la infraestructura que ofrece como las buenas conexiones, los hoteles, el clima, o \u201cprecios muy inferiores a los de cualquiera de esas ciudades con las que compite\u201d.\u201d<\/p>\n<p>Enlace al art\u00edculo completo: <a href=\"https:\/\/bit.ly\/3fKQ3DH\" data-attribute-index=\"6\">https:\/\/bit.ly\/3fKQ3DH<\/a><\/p>\n","protected":false},"excerpt":{"rendered":"<p>Os invitamos a leer este art\u00edculo en\u00a0Cinco D\u00edas\u00a0en el que participa nuestro Presidente\u00a0Jos\u00e9 Antonio Ca\u00ednzos Fern\u00e1ndez\u00a0junto a otros profesionales del arbitraje espa\u00f1ol, en el marco de un amplio reportaje sobre la situaci\u00f3n del arbitraje en Espa\u00f1a. Destacamos a continuaci\u00f3n algunos de los elementos m\u00e1s interesantes tratados por nuestro Presidente en el art\u00edculo sobre el Arbitraje [&hellip;]<\/p>\n","protected":false},"author":7,"featured_media":10269,"comment_status":"closed","ping_status":"open","sticky":false,"template":"","format":"standard","meta":{"footnotes":""},"categories":[17],"tags":[],"class_list":["post-10268","post","type-post","status-publish","format-standard","has-post-thumbnail","hentry","category-actualidad"],"yoast_head":"<!-- This site is optimized with the Yoast SEO plugin v27.3 - https:\/\/yoast.com\/product\/yoast-seo-wordpress\/ -->\n<title>Madrid reclama su sitio en el arbitraje internacional - CIIAM<\/title>\n<meta name=\"robots\" content=\"index, follow, max-snippet:-1, max-image-preview:large, max-video-preview:-1\" \/>\n<link rel=\"canonical\" href=\"https:\/\/ciiam.org\/en\/madrid-reclama-su-sitio-en-el-arbitraje-internacional\/\" \/>\n<meta property=\"og:locale\" content=\"en_US\" \/>\n<meta property=\"og:type\" content=\"article\" \/>\n<meta property=\"og:title\" content=\"Madrid reclama su sitio en el arbitraje internacional - CIIAM\" \/>\n<meta property=\"og:description\" content=\"Os invitamos a leer este art\u00edculo en\u00a0Cinco D\u00edas\u00a0en el que participa nuestro Presidente\u00a0Jos\u00e9 Antonio Ca\u00ednzos Fern\u00e1ndez\u00a0junto a otros profesionales del arbitraje espa\u00f1ol, en el marco de un amplio reportaje sobre la situaci\u00f3n del arbitraje en Espa\u00f1a. Destacamos a continuaci\u00f3n algunos de los elementos m\u00e1s interesantes tratados por nuestro Presidente en el art\u00edculo sobre el Arbitraje [&hellip;]\" \/>\n<meta property=\"og:url\" content=\"https:\/\/ciiam.org\/en\/madrid-reclama-su-sitio-en-el-arbitraje-internacional\/\" \/>\n<meta property=\"og:site_name\" content=\"CIIAM\" \/>\n<meta property=\"article:published_time\" content=\"2021-05-24T12:11:04+00:00\" \/>\n<meta property=\"article:modified_time\" content=\"2021-08-18T12:16:53+00:00\" \/>\n<meta property=\"og:image\" content=\"https:\/\/ciiam.org\/wp-content\/uploads\/2021\/08\/1621519306_880938_1621853273_noticia_normal_recorte1.jpg\" \/>\n\t<meta property=\"og:image:width\" content=\"1960\" \/>\n\t<meta property=\"og:image:height\" content=\"773\" \/>\n\t<meta property=\"og:image:type\" content=\"image\/jpeg\" \/>\n<meta name=\"author\" content=\"Ignasi\" \/>\n<meta name=\"twitter:card\" content=\"summary_large_image\" \/>\n<meta name=\"twitter:label1\" content=\"Written by\" \/>\n\t<meta name=\"twitter:data1\" content=\"Ignasi\" \/>\n\t<meta name=\"twitter:label2\" content=\"Est. reading time\" \/>\n\t<meta name=\"twitter:data2\" content=\"1 minute\" \/>\n<script type=\"application\/ld+json\" class=\"yoast-schema-graph\">{\"@context\":\"https:\\\/\\\/schema.org\",\"@graph\":[{\"@type\":\"Article\",\"@id\":\"https:\\\/\\\/ciiam.org\\\/en\\\/madrid-reclama-su-sitio-en-el-arbitraje-internacional\\\/#article\",\"isPartOf\":{\"@id\":\"https:\\\/\\\/ciiam.org\\\/en\\\/madrid-reclama-su-sitio-en-el-arbitraje-internacional\\\/\"},\"author\":{\"name\":\"Ignasi\",\"@id\":\"https:\\\/\\\/ciiam.org\\\/en\\\/#\\\/schema\\\/person\\\/170309de22b0362ceac8fec57efa33d4\"},\"headline\":\"Madrid reclama su sitio en el arbitraje internacional\",\"datePublished\":\"2021-05-24T12:11:04+00:00\",\"dateModified\":\"2021-08-18T12:16:53+00:00\",\"mainEntityOfPage\":{\"@id\":\"https:\\\/\\\/ciiam.org\\\/en\\\/madrid-reclama-su-sitio-en-el-arbitraje-internacional\\\/\"},\"wordCount\":209,\"publisher\":{\"@id\":\"https:\\\/\\\/ciiam.org\\\/en\\\/#organization\"},\"image\":{\"@id\":\"https:\\\/\\\/ciiam.org\\\/en\\\/madrid-reclama-su-sitio-en-el-arbitraje-internacional\\\/#primaryimage\"},\"thumbnailUrl\":\"https:\\\/\\\/ciiam.org\\\/wp-content\\\/uploads\\\/2021\\\/08\\\/1621519306_880938_1621853273_noticia_normal_recorte1.jpg\",\"articleSection\":[\"Actualidad\"],\"inLanguage\":\"en-US\"},{\"@type\":\"WebPage\",\"@id\":\"https:\\\/\\\/ciiam.org\\\/en\\\/madrid-reclama-su-sitio-en-el-arbitraje-internacional\\\/\",\"url\":\"https:\\\/\\\/ciiam.org\\\/en\\\/madrid-reclama-su-sitio-en-el-arbitraje-internacional\\\/\",\"name\":\"Madrid reclama su sitio en el arbitraje internacional - CIIAM\",\"isPartOf\":{\"@id\":\"https:\\\/\\\/ciiam.org\\\/en\\\/#website\"},\"primaryImageOfPage\":{\"@id\":\"https:\\\/\\\/ciiam.org\\\/en\\\/madrid-reclama-su-sitio-en-el-arbitraje-internacional\\\/#primaryimage\"},\"image\":{\"@id\":\"https:\\\/\\\/ciiam.org\\\/en\\\/madrid-reclama-su-sitio-en-el-arbitraje-internacional\\\/#primaryimage\"},\"thumbnailUrl\":\"https:\\\/\\\/ciiam.org\\\/wp-content\\\/uploads\\\/2021\\\/08\\\/1621519306_880938_1621853273_noticia_normal_recorte1.jpg\",\"datePublished\":\"2021-05-24T12:11:04+00:00\",\"dateModified\":\"2021-08-18T12:16:53+00:00\",\"breadcrumb\":{\"@id\":\"https:\\\/\\\/ciiam.org\\\/en\\\/madrid-reclama-su-sitio-en-el-arbitraje-internacional\\\/#breadcrumb\"},\"inLanguage\":\"en-US\",\"potentialAction\":[{\"@type\":\"ReadAction\",\"target\":[\"https:\\\/\\\/ciiam.org\\\/en\\\/madrid-reclama-su-sitio-en-el-arbitraje-internacional\\\/\"]}]},{\"@type\":\"ImageObject\",\"inLanguage\":\"en-US\",\"@id\":\"https:\\\/\\\/ciiam.org\\\/en\\\/madrid-reclama-su-sitio-en-el-arbitraje-internacional\\\/#primaryimage\",\"url\":\"https:\\\/\\\/ciiam.org\\\/wp-content\\\/uploads\\\/2021\\\/08\\\/1621519306_880938_1621853273_noticia_normal_recorte1.jpg\",\"contentUrl\":\"https:\\\/\\\/ciiam.org\\\/wp-content\\\/uploads\\\/2021\\\/08\\\/1621519306_880938_1621853273_noticia_normal_recorte1.jpg\",\"width\":1960,\"height\":773},{\"@type\":\"BreadcrumbList\",\"@id\":\"https:\\\/\\\/ciiam.org\\\/en\\\/madrid-reclama-su-sitio-en-el-arbitraje-internacional\\\/#breadcrumb\",\"itemListElement\":[{\"@type\":\"ListItem\",\"position\":1,\"name\":\"CIAM\",\"item\":\"https:\\\/\\\/ciiam.org\\\/en\\\/\"},{\"@type\":\"ListItem\",\"position\":2,\"name\":\"Madrid reclama su sitio en el arbitraje internacional\"}]},{\"@type\":\"WebSite\",\"@id\":\"https:\\\/\\\/ciiam.org\\\/en\\\/#website\",\"url\":\"https:\\\/\\\/ciiam.org\\\/en\\\/\",\"name\":\"CIIAM\",\"description\":\"Centro Internacional e Iberoamericano de Arbitraje de Madrid\",\"publisher\":{\"@id\":\"https:\\\/\\\/ciiam.org\\\/en\\\/#organization\"},\"potentialAction\":[{\"@type\":\"SearchAction\",\"target\":{\"@type\":\"EntryPoint\",\"urlTemplate\":\"https:\\\/\\\/ciiam.org\\\/en\\\/?s={search_term_string}\"},\"query-input\":{\"@type\":\"PropertyValueSpecification\",\"valueRequired\":true,\"valueName\":\"search_term_string\"}}],\"inLanguage\":\"en-US\"},{\"@type\":\"Organization\",\"@id\":\"https:\\\/\\\/ciiam.org\\\/en\\\/#organization\",\"name\":\"Centro Internacional e Iberoamericano de Arbitraje de Madrid\",\"alternateName\":\"CIIAM\",\"url\":\"https:\\\/\\\/ciiam.org\\\/en\\\/\",\"logo\":{\"@type\":\"ImageObject\",\"inLanguage\":\"en-US\",\"@id\":\"https:\\\/\\\/ciiam.org\\\/en\\\/#\\\/schema\\\/logo\\\/image\\\/\",\"url\":\"https:\\\/\\\/ciiam.org\\\/wp-content\\\/uploads\\\/2026\\\/01\\\/favicon.png\",\"contentUrl\":\"https:\\\/\\\/ciiam.org\\\/wp-content\\\/uploads\\\/2026\\\/01\\\/favicon.png\",\"width\":500,\"height\":500,\"caption\":\"Centro Internacional e Iberoamericano de Arbitraje de Madrid\"},\"image\":{\"@id\":\"https:\\\/\\\/ciiam.org\\\/en\\\/#\\\/schema\\\/logo\\\/image\\\/\"},\"sameAs\":[\"https:\\\/\\\/www.linkedin.com\\\/company\\\/ciam-centro-internacional-arbitraje-madrid?trk=d_public_post_image\",\"https:\\\/\\\/www.youtube.com\\\/channel\\\/UCU2OI7SAQFv5uXAZ4qO4ALg\"]},{\"@type\":\"Person\",\"@id\":\"https:\\\/\\\/ciiam.org\\\/en\\\/#\\\/schema\\\/person\\\/170309de22b0362ceac8fec57efa33d4\",\"name\":\"Ignasi\",\"image\":{\"@type\":\"ImageObject\",\"inLanguage\":\"en-US\",\"@id\":\"https:\\\/\\\/secure.gravatar.com\\\/avatar\\\/7bb88cd75d3644075e4770c73be8bb2f416e51a12aed0949bc658be7801c0218?s=96&d=mm&r=g\",\"url\":\"https:\\\/\\\/secure.gravatar.com\\\/avatar\\\/7bb88cd75d3644075e4770c73be8bb2f416e51a12aed0949bc658be7801c0218?s=96&d=mm&r=g\",\"contentUrl\":\"https:\\\/\\\/secure.gravatar.com\\\/avatar\\\/7bb88cd75d3644075e4770c73be8bb2f416e51a12aed0949bc658be7801c0218?s=96&d=mm&r=g\",\"caption\":\"Ignasi\"},\"url\":\"https:\\\/\\\/ciiam.org\\\/en\\\/author\\\/igdri-62\\\/\"}]}<\/script>\n<!-- \/ Yoast SEO plugin. -->","yoast_head_json":{"title":"Madrid reclama su sitio en el arbitraje internacional - CIIAM","robots":{"index":"index","follow":"follow","max-snippet":"max-snippet:-1","max-image-preview":"max-image-preview:large","max-video-preview":"max-video-preview:-1"},"canonical":"https:\/\/ciiam.org\/en\/madrid-reclama-su-sitio-en-el-arbitraje-internacional\/","og_locale":"en_US","og_type":"article","og_title":"Madrid reclama su sitio en el arbitraje internacional - CIIAM","og_description":"Os invitamos a leer este art\u00edculo en\u00a0Cinco D\u00edas\u00a0en el que participa nuestro Presidente\u00a0Jos\u00e9 Antonio Ca\u00ednzos Fern\u00e1ndez\u00a0junto a otros profesionales del arbitraje espa\u00f1ol, en el marco de un amplio reportaje sobre la situaci\u00f3n del arbitraje en Espa\u00f1a. Destacamos a continuaci\u00f3n algunos de los elementos m\u00e1s interesantes tratados por nuestro Presidente en el art\u00edculo sobre el Arbitraje [&hellip;]","og_url":"https:\/\/ciiam.org\/en\/madrid-reclama-su-sitio-en-el-arbitraje-internacional\/","og_site_name":"CIIAM","article_published_time":"2021-05-24T12:11:04+00:00","article_modified_time":"2021-08-18T12:16:53+00:00","og_image":[{"width":1960,"height":773,"url":"https:\/\/ciiam.org\/wp-content\/uploads\/2021\/08\/1621519306_880938_1621853273_noticia_normal_recorte1.jpg","type":"image\/jpeg"}],"author":"Ignasi","twitter_card":"summary_large_image","twitter_misc":{"Written by":"Ignasi","Est. reading time":"1 minute"},"schema":{"@context":"https:\/\/schema.org","@graph":[{"@type":"Article","@id":"https:\/\/ciiam.org\/en\/madrid-reclama-su-sitio-en-el-arbitraje-internacional\/#article","isPartOf":{"@id":"https:\/\/ciiam.org\/en\/madrid-reclama-su-sitio-en-el-arbitraje-internacional\/"},"author":{"name":"Ignasi","@id":"https:\/\/ciiam.org\/en\/#\/schema\/person\/170309de22b0362ceac8fec57efa33d4"},"headline":"Madrid reclama su sitio en el arbitraje internacional","datePublished":"2021-05-24T12:11:04+00:00","dateModified":"2021-08-18T12:16:53+00:00","mainEntityOfPage":{"@id":"https:\/\/ciiam.org\/en\/madrid-reclama-su-sitio-en-el-arbitraje-internacional\/"},"wordCount":209,"publisher":{"@id":"https:\/\/ciiam.org\/en\/#organization"},"image":{"@id":"https:\/\/ciiam.org\/en\/madrid-reclama-su-sitio-en-el-arbitraje-internacional\/#primaryimage"},"thumbnailUrl":"https:\/\/ciiam.org\/wp-content\/uploads\/2021\/08\/1621519306_880938_1621853273_noticia_normal_recorte1.jpg","articleSection":["Actualidad"],"inLanguage":"en-US"},{"@type":"WebPage","@id":"https:\/\/ciiam.org\/en\/madrid-reclama-su-sitio-en-el-arbitraje-internacional\/","url":"https:\/\/ciiam.org\/en\/madrid-reclama-su-sitio-en-el-arbitraje-internacional\/","name":"Madrid reclama su sitio en el arbitraje internacional - CIIAM","isPartOf":{"@id":"https:\/\/ciiam.org\/en\/#website"},"primaryImageOfPage":{"@id":"https:\/\/ciiam.org\/en\/madrid-reclama-su-sitio-en-el-arbitraje-internacional\/#primaryimage"},"image":{"@id":"https:\/\/ciiam.org\/en\/madrid-reclama-su-sitio-en-el-arbitraje-internacional\/#primaryimage"},"thumbnailUrl":"https:\/\/ciiam.org\/wp-content\/uploads\/2021\/08\/1621519306_880938_1621853273_noticia_normal_recorte1.jpg","datePublished":"2021-05-24T12:11:04+00:00","dateModified":"2021-08-18T12:16:53+00:00","breadcrumb":{"@id":"https:\/\/ciiam.org\/en\/madrid-reclama-su-sitio-en-el-arbitraje-internacional\/#breadcrumb"},"inLanguage":"en-US","potentialAction":[{"@type":"ReadAction","target":["https:\/\/ciiam.org\/en\/madrid-reclama-su-sitio-en-el-arbitraje-internacional\/"]}]},{"@type":"ImageObject","inLanguage":"en-US","@id":"https:\/\/ciiam.org\/en\/madrid-reclama-su-sitio-en-el-arbitraje-internacional\/#primaryimage","url":"https:\/\/ciiam.org\/wp-content\/uploads\/2021\/08\/1621519306_880938_1621853273_noticia_normal_recorte1.jpg","contentUrl":"https:\/\/ciiam.org\/wp-content\/uploads\/2021\/08\/1621519306_880938_1621853273_noticia_normal_recorte1.jpg","width":1960,"height":773},{"@type":"BreadcrumbList","@id":"https:\/\/ciiam.org\/en\/madrid-reclama-su-sitio-en-el-arbitraje-internacional\/#breadcrumb","itemListElement":[{"@type":"ListItem","position":1,"name":"CIAM","item":"https:\/\/ciiam.org\/en\/"},{"@type":"ListItem","position":2,"name":"Madrid reclama su sitio en el arbitraje internacional"}]},{"@type":"WebSite","@id":"https:\/\/ciiam.org\/en\/#website","url":"https:\/\/ciiam.org\/en\/","name":"CIIAM","description":"Centro Internacional e Iberoamericano de Arbitraje de Madrid","publisher":{"@id":"https:\/\/ciiam.org\/en\/#organization"},"potentialAction":[{"@type":"SearchAction","target":{"@type":"EntryPoint","urlTemplate":"https:\/\/ciiam.org\/en\/?s={search_term_string}"},"query-input":{"@type":"PropertyValueSpecification","valueRequired":true,"valueName":"search_term_string"}}],"inLanguage":"en-US"},{"@type":"Organization","@id":"https:\/\/ciiam.org\/en\/#organization","name":"Centro Internacional e Iberoamericano de Arbitraje de Madrid","alternateName":"CIIAM","url":"https:\/\/ciiam.org\/en\/","logo":{"@type":"ImageObject","inLanguage":"en-US","@id":"https:\/\/ciiam.org\/en\/#\/schema\/logo\/image\/","url":"https:\/\/ciiam.org\/wp-content\/uploads\/2026\/01\/favicon.png","contentUrl":"https:\/\/ciiam.org\/wp-content\/uploads\/2026\/01\/favicon.png","width":500,"height":500,"caption":"Centro Internacional e Iberoamericano de Arbitraje de Madrid"},"image":{"@id":"https:\/\/ciiam.org\/en\/#\/schema\/logo\/image\/"},"sameAs":["https:\/\/www.linkedin.com\/company\/ciam-centro-internacional-arbitraje-madrid?trk=d_public_post_image","https:\/\/www.youtube.com\/channel\/UCU2OI7SAQFv5uXAZ4qO4ALg"]},{"@type":"Person","@id":"https:\/\/ciiam.org\/en\/#\/schema\/person\/170309de22b0362ceac8fec57efa33d4","name":"Ignasi","image":{"@type":"ImageObject","inLanguage":"en-US","@id":"https:\/\/secure.gravatar.com\/avatar\/7bb88cd75d3644075e4770c73be8bb2f416e51a12aed0949bc658be7801c0218?s=96&d=mm&r=g","url":"https:\/\/secure.gravatar.com\/avatar\/7bb88cd75d3644075e4770c73be8bb2f416e51a12aed0949bc658be7801c0218?s=96&d=mm&r=g","contentUrl":"https:\/\/secure.gravatar.com\/avatar\/7bb88cd75d3644075e4770c73be8bb2f416e51a12aed0949bc658be7801c0218?s=96&d=mm&r=g","caption":"Ignasi"},"url":"https:\/\/ciiam.org\/en\/author\/igdri-62\/"}]}},"_links":{"self":[{"href":"https:\/\/ciiam.org\/en\/wp-json\/wp\/v2\/posts\/10268","targetHints":{"allow":["GET"]}}],"collection":[{"href":"https:\/\/ciiam.org\/en\/wp-json\/wp\/v2\/posts"}],"about":[{"href":"https:\/\/ciiam.org\/en\/wp-json\/wp\/v2\/types\/post"}],"author":[{"embeddable":true,"href":"https:\/\/ciiam.org\/en\/wp-json\/wp\/v2\/users\/7"}],"replies":[{"embeddable":true,"href":"https:\/\/ciiam.org\/en\/wp-json\/wp\/v2\/comments?post=10268"}],"version-history":[{"count":0,"href":"https:\/\/ciiam.org\/en\/wp-json\/wp\/v2\/posts\/10268\/revisions"}],"wp:featuredmedia":[{"embeddable":true,"href":"https:\/\/ciiam.org\/en\/wp-json\/wp\/v2\/media\/10269"}],"wp:attachment":[{"href":"https:\/\/ciiam.org\/en\/wp-json\/wp\/v2\/media?parent=10268"}],"wp:term":[{"taxonomy":"category","embeddable":true,"href":"https:\/\/ciiam.org\/en\/wp-json\/wp\/v2\/categories?post=10268"},{"taxonomy":"post_tag","embeddable":true,"href":"https:\/\/ciiam.org\/en\/wp-json\/wp\/v2\/tags?post=10268"}],"curies":[{"name":"wp","href":"https:\/\/api.w.org\/{rel}","templated":true}]}}