{"id":10280,"date":"2021-06-04T12:46:27","date_gmt":"2021-06-04T12:46:27","guid":{"rendered":"https:\/\/ciiam.org\/?p=10280"},"modified":"2021-08-18T12:50:18","modified_gmt":"2021-08-18T12:50:18","slug":"acuerdo-de-colaboracion-permanent-court-of-arbitration-cpa","status":"publish","type":"post","link":"https:\/\/ciiam.org\/en\/acuerdo-de-colaboracion-permanent-court-of-arbitration-cpa\/","title":{"rendered":"Acuerdo de Colaboraci\u00f3n: Permanent Court of Arbitration (CPA)"},"content":{"rendered":"<p>Nos enorgullece comunicaros que en una ceremonia online celebrada ayer, 3 de junio de 2021, se firm\u00f3 un importante acuerdo de cooperaci\u00f3n entre la <a href=\"https:\/\/www.linkedin.com\/company\/permanent-court-of-arbitration\/\" data-attribute-index=\"0\" data-entity-hovercard-id=\"urn:li:fs_miniCompany:105228\" data-entity-type=\"MINI_COMPANY\">Permanent Court of Arbitration<\/a>\u00a0(CPA) y el\u00a0<a href=\"https:\/\/www.linkedin.com\/company\/ciam-centro-internacional-arbitraje-madrid\/\" data-attribute-index=\"2\" data-entity-hovercard-id=\"urn:li:fs_miniCompany:37226932\" data-entity-type=\"MINI_COMPANY\">CIAM (Centro Internacional de Arbitraje de Madrid)\u00a0<\/a>, representados en el acto por\u00a0<a href=\"https:\/\/www.linkedin.com\/in\/ACoAABcpGE0Bbe1W5jo65MoQLRDYoYIQk88_gHY\" data-attribute-index=\"4\" data-entity-hovercard-id=\"urn:li:fs_miniProfile:ACoAABcpGE0Bbe1W5jo65MoQLRDYoYIQk88_gHY\" data-entity-type=\"MINI_PROFILE\">Hugo Siblesz<\/a>, Secretario General de CPA y nuestro Presidente\u00a0<a href=\"https:\/\/www.linkedin.com\/in\/ACoAADCZSlIBegV6FuVIATyBwPh3d_hK2hv2p-Q\" data-attribute-index=\"6\" data-entity-hovercard-id=\"urn:li:fs_miniProfile:ACoAADCZSlIBegV6FuVIATyBwPh3d_hK2hv2p-Q\" data-entity-type=\"MINI_PROFILE\">Jos\u00e9 Antonio Ca\u00ednzos Fern\u00e1ndez<\/a>.<\/p>\n<p>El acuerdo de cooperaci\u00f3n establece un marco para que las dos organizaciones trabajen conjuntamente en la promoci\u00f3n del arbitraje como medio de soluci\u00f3n pac\u00edfica de controversias internacionales.<\/p>\n<p>En el plano pr\u00e1ctico, en virtud de este acuerdo, la CPA podr\u00e1 celebrar audiencias y reuniones en las salas del CIAM, y el CIAM colaborar\u00e1 en la organizaci\u00f3n de servicios de apoyo locales para tales eventos.<\/p>\n<p>Para leer m\u00e1s sobre esta noticia, pulse en este <a href=\"https:\/\/pca-cpa.org\/en\/news\/pca-press-release-cooperation-agreement-between-the-permanent-court-of-arbitration-pca-and-the-madrid-international-arbitration-centre-ciam\/\">enlace<\/a>.<\/p>\n","protected":false},"excerpt":{"rendered":"<p>Nos enorgullece comunicaros que en una ceremonia online celebrada ayer, 3 de junio de 2021, se firm\u00f3 un importante acuerdo de cooperaci\u00f3n entre la Permanent Court of Arbitration\u00a0(CPA) y el\u00a0CIAM (Centro Internacional de Arbitraje de Madrid)\u00a0, representados en el acto por\u00a0Hugo Siblesz, Secretario General de CPA y nuestro Presidente\u00a0Jos\u00e9 Antonio Ca\u00ednzos Fern\u00e1ndez. El acuerdo de [&hellip;]<\/p>\n","protected":false},"author":7,"featured_media":10281,"comment_status":"closed","ping_status":"open","sticky":false,"template":"","format":"standard","meta":{"footnotes":""},"categories":[17],"tags":[141,22,143,140,142],"class_list":["post-10280","post","type-post","status-publish","format-standard","has-post-thumbnail","hentry","category-actualidad","tag-acuerdo-de-colaboracion","tag-ciam","tag-cpa","tag-mou","tag-pca"],"yoast_head":"<!-- This site is optimized with the Yoast SEO plugin v27.3 - https:\/\/yoast.com\/product\/yoast-seo-wordpress\/ -->\n<title>Acuerdo de Colaboraci\u00f3n: Permanent Court of Arbitration (CPA) - CIIAM<\/title>\n<meta name=\"description\" content=\"Nos enorgullece comunicaros que en una ceremonia online celebrada ayer, 3 de junio de 2021, se firm\u00f3 un importante acuerdo de cooperaci\u00f3n entre la Permanent Court of Arbitration\u00a0(CPA) y el\u00a0CIAM (Centro Internacional de Arbitraje de Madrid)\u00a0, representados en el acto por\u00a0Hugo Siblesz, Secretario General de CPA y nuestro Presidente\u00a0Jos\u00e9 Antonio Ca\u00ednzos Fern\u00e1ndez.\" \/>\n<meta name=\"robots\" content=\"index, follow, max-snippet:-1, max-image-preview:large, max-video-preview:-1\" \/>\n<link rel=\"canonical\" href=\"https:\/\/ciiam.org\/en\/acuerdo-de-colaboracion-permanent-court-of-arbitration-cpa\/\" \/>\n<meta property=\"og:locale\" content=\"en_US\" \/>\n<meta property=\"og:type\" content=\"article\" \/>\n<meta property=\"og:title\" content=\"Acuerdo de Colaboraci\u00f3n: Permanent Court of Arbitration (CPA) - CIIAM\" \/>\n<meta property=\"og:description\" content=\"Nos enorgullece comunicaros que en una ceremonia online celebrada ayer, 3 de junio de 2021, se firm\u00f3 un importante acuerdo de cooperaci\u00f3n entre la Permanent Court of Arbitration\u00a0(CPA) y el\u00a0CIAM (Centro Internacional de Arbitraje de Madrid)\u00a0, representados en el acto por\u00a0Hugo Siblesz, Secretario General de CPA y nuestro Presidente\u00a0Jos\u00e9 Antonio Ca\u00ednzos Fern\u00e1ndez.\" \/>\n<meta property=\"og:url\" content=\"https:\/\/ciiam.org\/en\/acuerdo-de-colaboracion-permanent-court-of-arbitration-cpa\/\" \/>\n<meta property=\"og:site_name\" content=\"CIIAM\" \/>\n<meta property=\"article:published_time\" content=\"2021-06-04T12:46:27+00:00\" \/>\n<meta property=\"article:modified_time\" content=\"2021-08-18T12:50:18+00:00\" \/>\n<meta property=\"og:image\" content=\"https:\/\/ciiam.org\/wp-content\/uploads\/2021\/08\/a1a67362-pca-ciam-signing-ceremony-2-750x426-1.jpg\" \/>\n\t<meta property=\"og:image:width\" content=\"750\" \/>\n\t<meta property=\"og:image:height\" content=\"426\" \/>\n\t<meta property=\"og:image:type\" content=\"image\/jpeg\" \/>\n<meta name=\"author\" content=\"Ignasi\" \/>\n<meta name=\"twitter:card\" content=\"summary_large_image\" \/>\n<meta name=\"twitter:label1\" content=\"Written by\" \/>\n\t<meta name=\"twitter:data1\" content=\"Ignasi\" \/>\n\t<meta name=\"twitter:label2\" content=\"Est. reading time\" \/>\n\t<meta name=\"twitter:data2\" content=\"1 minute\" \/>\n<script type=\"application\/ld+json\" class=\"yoast-schema-graph\">{\"@context\":\"https:\\\/\\\/schema.org\",\"@graph\":[{\"@type\":\"Article\",\"@id\":\"https:\\\/\\\/ciiam.org\\\/en\\\/acuerdo-de-colaboracion-permanent-court-of-arbitration-cpa\\\/#article\",\"isPartOf\":{\"@id\":\"https:\\\/\\\/ciiam.org\\\/en\\\/acuerdo-de-colaboracion-permanent-court-of-arbitration-cpa\\\/\"},\"author\":{\"name\":\"Ignasi\",\"@id\":\"https:\\\/\\\/ciiam.org\\\/en\\\/#\\\/schema\\\/person\\\/170309de22b0362ceac8fec57efa33d4\"},\"headline\":\"Acuerdo de Colaboraci\u00f3n: Permanent Court of Arbitration (CPA)\",\"datePublished\":\"2021-06-04T12:46:27+00:00\",\"dateModified\":\"2021-08-18T12:50:18+00:00\",\"mainEntityOfPage\":{\"@id\":\"https:\\\/\\\/ciiam.org\\\/en\\\/acuerdo-de-colaboracion-permanent-court-of-arbitration-cpa\\\/\"},\"wordCount\":146,\"publisher\":{\"@id\":\"https:\\\/\\\/ciiam.org\\\/en\\\/#organization\"},\"image\":{\"@id\":\"https:\\\/\\\/ciiam.org\\\/en\\\/acuerdo-de-colaboracion-permanent-court-of-arbitration-cpa\\\/#primaryimage\"},\"thumbnailUrl\":\"https:\\\/\\\/ciiam.org\\\/wp-content\\\/uploads\\\/2021\\\/08\\\/a1a67362-pca-ciam-signing-ceremony-2-750x426-1.jpg\",\"keywords\":[\"Acuerdo de colaboraci\u00f3n\",\"Ciam\",\"CPA\",\"MOU\",\"PCA\"],\"articleSection\":[\"Actualidad\"],\"inLanguage\":\"en-US\"},{\"@type\":\"WebPage\",\"@id\":\"https:\\\/\\\/ciiam.org\\\/en\\\/acuerdo-de-colaboracion-permanent-court-of-arbitration-cpa\\\/\",\"url\":\"https:\\\/\\\/ciiam.org\\\/en\\\/acuerdo-de-colaboracion-permanent-court-of-arbitration-cpa\\\/\",\"name\":\"Acuerdo de Colaboraci\u00f3n: Permanent Court of Arbitration (CPA) - CIIAM\",\"isPartOf\":{\"@id\":\"https:\\\/\\\/ciiam.org\\\/en\\\/#website\"},\"primaryImageOfPage\":{\"@id\":\"https:\\\/\\\/ciiam.org\\\/en\\\/acuerdo-de-colaboracion-permanent-court-of-arbitration-cpa\\\/#primaryimage\"},\"image\":{\"@id\":\"https:\\\/\\\/ciiam.org\\\/en\\\/acuerdo-de-colaboracion-permanent-court-of-arbitration-cpa\\\/#primaryimage\"},\"thumbnailUrl\":\"https:\\\/\\\/ciiam.org\\\/wp-content\\\/uploads\\\/2021\\\/08\\\/a1a67362-pca-ciam-signing-ceremony-2-750x426-1.jpg\",\"datePublished\":\"2021-06-04T12:46:27+00:00\",\"dateModified\":\"2021-08-18T12:50:18+00:00\",\"description\":\"Nos enorgullece comunicaros que en una ceremonia online celebrada ayer, 3 de junio de 2021, se firm\u00f3 un importante acuerdo de cooperaci\u00f3n entre la Permanent Court of Arbitration\u00a0(CPA) y el\u00a0CIAM (Centro Internacional de Arbitraje de Madrid)\u00a0, representados en el acto por\u00a0Hugo Siblesz, Secretario General de CPA y nuestro Presidente\u00a0Jos\u00e9 Antonio Ca\u00ednzos Fern\u00e1ndez.\",\"breadcrumb\":{\"@id\":\"https:\\\/\\\/ciiam.org\\\/en\\\/acuerdo-de-colaboracion-permanent-court-of-arbitration-cpa\\\/#breadcrumb\"},\"inLanguage\":\"en-US\",\"potentialAction\":[{\"@type\":\"ReadAction\",\"target\":[\"https:\\\/\\\/ciiam.org\\\/en\\\/acuerdo-de-colaboracion-permanent-court-of-arbitration-cpa\\\/\"]}]},{\"@type\":\"ImageObject\",\"inLanguage\":\"en-US\",\"@id\":\"https:\\\/\\\/ciiam.org\\\/en\\\/acuerdo-de-colaboracion-permanent-court-of-arbitration-cpa\\\/#primaryimage\",\"url\":\"https:\\\/\\\/ciiam.org\\\/wp-content\\\/uploads\\\/2021\\\/08\\\/a1a67362-pca-ciam-signing-ceremony-2-750x426-1.jpg\",\"contentUrl\":\"https:\\\/\\\/ciiam.org\\\/wp-content\\\/uploads\\\/2021\\\/08\\\/a1a67362-pca-ciam-signing-ceremony-2-750x426-1.jpg\",\"width\":750,\"height\":426},{\"@type\":\"BreadcrumbList\",\"@id\":\"https:\\\/\\\/ciiam.org\\\/en\\\/acuerdo-de-colaboracion-permanent-court-of-arbitration-cpa\\\/#breadcrumb\",\"itemListElement\":[{\"@type\":\"ListItem\",\"position\":1,\"name\":\"CIAM\",\"item\":\"https:\\\/\\\/ciiam.org\\\/en\\\/\"},{\"@type\":\"ListItem\",\"position\":2,\"name\":\"Acuerdo de Colaboraci\u00f3n: Permanent Court of Arbitration (CPA)\"}]},{\"@type\":\"WebSite\",\"@id\":\"https:\\\/\\\/ciiam.org\\\/en\\\/#website\",\"url\":\"https:\\\/\\\/ciiam.org\\\/en\\\/\",\"name\":\"CIIAM\",\"description\":\"Centro Internacional e Iberoamericano de Arbitraje de Madrid\",\"publisher\":{\"@id\":\"https:\\\/\\\/ciiam.org\\\/en\\\/#organization\"},\"potentialAction\":[{\"@type\":\"SearchAction\",\"target\":{\"@type\":\"EntryPoint\",\"urlTemplate\":\"https:\\\/\\\/ciiam.org\\\/en\\\/?s={search_term_string}\"},\"query-input\":{\"@type\":\"PropertyValueSpecification\",\"valueRequired\":true,\"valueName\":\"search_term_string\"}}],\"inLanguage\":\"en-US\"},{\"@type\":\"Organization\",\"@id\":\"https:\\\/\\\/ciiam.org\\\/en\\\/#organization\",\"name\":\"Centro Internacional e Iberoamericano de Arbitraje de Madrid\",\"alternateName\":\"CIIAM\",\"url\":\"https:\\\/\\\/ciiam.org\\\/en\\\/\",\"logo\":{\"@type\":\"ImageObject\",\"inLanguage\":\"en-US\",\"@id\":\"https:\\\/\\\/ciiam.org\\\/en\\\/#\\\/schema\\\/logo\\\/image\\\/\",\"url\":\"https:\\\/\\\/ciiam.org\\\/wp-content\\\/uploads\\\/2026\\\/01\\\/favicon.png\",\"contentUrl\":\"https:\\\/\\\/ciiam.org\\\/wp-content\\\/uploads\\\/2026\\\/01\\\/favicon.png\",\"width\":500,\"height\":500,\"caption\":\"Centro Internacional e Iberoamericano de Arbitraje de Madrid\"},\"image\":{\"@id\":\"https:\\\/\\\/ciiam.org\\\/en\\\/#\\\/schema\\\/logo\\\/image\\\/\"},\"sameAs\":[\"https:\\\/\\\/www.linkedin.com\\\/company\\\/ciam-centro-internacional-arbitraje-madrid?trk=d_public_post_image\",\"https:\\\/\\\/www.youtube.com\\\/channel\\\/UCU2OI7SAQFv5uXAZ4qO4ALg\"]},{\"@type\":\"Person\",\"@id\":\"https:\\\/\\\/ciiam.org\\\/en\\\/#\\\/schema\\\/person\\\/170309de22b0362ceac8fec57efa33d4\",\"name\":\"Ignasi\",\"image\":{\"@type\":\"ImageObject\",\"inLanguage\":\"en-US\",\"@id\":\"https:\\\/\\\/secure.gravatar.com\\\/avatar\\\/7bb88cd75d3644075e4770c73be8bb2f416e51a12aed0949bc658be7801c0218?s=96&d=mm&r=g\",\"url\":\"https:\\\/\\\/secure.gravatar.com\\\/avatar\\\/7bb88cd75d3644075e4770c73be8bb2f416e51a12aed0949bc658be7801c0218?s=96&d=mm&r=g\",\"contentUrl\":\"https:\\\/\\\/secure.gravatar.com\\\/avatar\\\/7bb88cd75d3644075e4770c73be8bb2f416e51a12aed0949bc658be7801c0218?s=96&d=mm&r=g\",\"caption\":\"Ignasi\"},\"url\":\"https:\\\/\\\/ciiam.org\\\/en\\\/author\\\/igdri-62\\\/\"}]}<\/script>\n<!-- \/ Yoast SEO plugin. -->","yoast_head_json":{"title":"Acuerdo de Colaboraci\u00f3n: Permanent Court of Arbitration (CPA) - CIIAM","description":"Nos enorgullece comunicaros que en una ceremonia online celebrada ayer, 3 de junio de 2021, se firm\u00f3 un importante acuerdo de cooperaci\u00f3n entre la Permanent Court of Arbitration\u00a0(CPA) y el\u00a0CIAM (Centro Internacional de Arbitraje de Madrid)\u00a0, representados en el acto por\u00a0Hugo Siblesz, Secretario General de CPA y nuestro Presidente\u00a0Jos\u00e9 Antonio Ca\u00ednzos Fern\u00e1ndez.","robots":{"index":"index","follow":"follow","max-snippet":"max-snippet:-1","max-image-preview":"max-image-preview:large","max-video-preview":"max-video-preview:-1"},"canonical":"https:\/\/ciiam.org\/en\/acuerdo-de-colaboracion-permanent-court-of-arbitration-cpa\/","og_locale":"en_US","og_type":"article","og_title":"Acuerdo de Colaboraci\u00f3n: Permanent Court of Arbitration (CPA) - CIIAM","og_description":"Nos enorgullece comunicaros que en una ceremonia online celebrada ayer, 3 de junio de 2021, se firm\u00f3 un importante acuerdo de cooperaci\u00f3n entre la Permanent Court of Arbitration\u00a0(CPA) y el\u00a0CIAM (Centro Internacional de Arbitraje de Madrid)\u00a0, representados en el acto por\u00a0Hugo Siblesz, Secretario General de CPA y nuestro Presidente\u00a0Jos\u00e9 Antonio Ca\u00ednzos Fern\u00e1ndez.","og_url":"https:\/\/ciiam.org\/en\/acuerdo-de-colaboracion-permanent-court-of-arbitration-cpa\/","og_site_name":"CIIAM","article_published_time":"2021-06-04T12:46:27+00:00","article_modified_time":"2021-08-18T12:50:18+00:00","og_image":[{"width":750,"height":426,"url":"https:\/\/ciiam.org\/wp-content\/uploads\/2021\/08\/a1a67362-pca-ciam-signing-ceremony-2-750x426-1.jpg","type":"image\/jpeg"}],"author":"Ignasi","twitter_card":"summary_large_image","twitter_misc":{"Written by":"Ignasi","Est. reading time":"1 minute"},"schema":{"@context":"https:\/\/schema.org","@graph":[{"@type":"Article","@id":"https:\/\/ciiam.org\/en\/acuerdo-de-colaboracion-permanent-court-of-arbitration-cpa\/#article","isPartOf":{"@id":"https:\/\/ciiam.org\/en\/acuerdo-de-colaboracion-permanent-court-of-arbitration-cpa\/"},"author":{"name":"Ignasi","@id":"https:\/\/ciiam.org\/en\/#\/schema\/person\/170309de22b0362ceac8fec57efa33d4"},"headline":"Acuerdo de Colaboraci\u00f3n: Permanent Court of Arbitration (CPA)","datePublished":"2021-06-04T12:46:27+00:00","dateModified":"2021-08-18T12:50:18+00:00","mainEntityOfPage":{"@id":"https:\/\/ciiam.org\/en\/acuerdo-de-colaboracion-permanent-court-of-arbitration-cpa\/"},"wordCount":146,"publisher":{"@id":"https:\/\/ciiam.org\/en\/#organization"},"image":{"@id":"https:\/\/ciiam.org\/en\/acuerdo-de-colaboracion-permanent-court-of-arbitration-cpa\/#primaryimage"},"thumbnailUrl":"https:\/\/ciiam.org\/wp-content\/uploads\/2021\/08\/a1a67362-pca-ciam-signing-ceremony-2-750x426-1.jpg","keywords":["Acuerdo de colaboraci\u00f3n","Ciam","CPA","MOU","PCA"],"articleSection":["Actualidad"],"inLanguage":"en-US"},{"@type":"WebPage","@id":"https:\/\/ciiam.org\/en\/acuerdo-de-colaboracion-permanent-court-of-arbitration-cpa\/","url":"https:\/\/ciiam.org\/en\/acuerdo-de-colaboracion-permanent-court-of-arbitration-cpa\/","name":"Acuerdo de Colaboraci\u00f3n: Permanent Court of Arbitration (CPA) - CIIAM","isPartOf":{"@id":"https:\/\/ciiam.org\/en\/#website"},"primaryImageOfPage":{"@id":"https:\/\/ciiam.org\/en\/acuerdo-de-colaboracion-permanent-court-of-arbitration-cpa\/#primaryimage"},"image":{"@id":"https:\/\/ciiam.org\/en\/acuerdo-de-colaboracion-permanent-court-of-arbitration-cpa\/#primaryimage"},"thumbnailUrl":"https:\/\/ciiam.org\/wp-content\/uploads\/2021\/08\/a1a67362-pca-ciam-signing-ceremony-2-750x426-1.jpg","datePublished":"2021-06-04T12:46:27+00:00","dateModified":"2021-08-18T12:50:18+00:00","description":"Nos enorgullece comunicaros que en una ceremonia online celebrada ayer, 3 de junio de 2021, se firm\u00f3 un importante acuerdo de cooperaci\u00f3n entre la Permanent Court of Arbitration\u00a0(CPA) y el\u00a0CIAM (Centro Internacional de Arbitraje de Madrid)\u00a0, representados en el acto por\u00a0Hugo Siblesz, Secretario General de CPA y nuestro Presidente\u00a0Jos\u00e9 Antonio Ca\u00ednzos Fern\u00e1ndez.","breadcrumb":{"@id":"https:\/\/ciiam.org\/en\/acuerdo-de-colaboracion-permanent-court-of-arbitration-cpa\/#breadcrumb"},"inLanguage":"en-US","potentialAction":[{"@type":"ReadAction","target":["https:\/\/ciiam.org\/en\/acuerdo-de-colaboracion-permanent-court-of-arbitration-cpa\/"]}]},{"@type":"ImageObject","inLanguage":"en-US","@id":"https:\/\/ciiam.org\/en\/acuerdo-de-colaboracion-permanent-court-of-arbitration-cpa\/#primaryimage","url":"https:\/\/ciiam.org\/wp-content\/uploads\/2021\/08\/a1a67362-pca-ciam-signing-ceremony-2-750x426-1.jpg","contentUrl":"https:\/\/ciiam.org\/wp-content\/uploads\/2021\/08\/a1a67362-pca-ciam-signing-ceremony-2-750x426-1.jpg","width":750,"height":426},{"@type":"BreadcrumbList","@id":"https:\/\/ciiam.org\/en\/acuerdo-de-colaboracion-permanent-court-of-arbitration-cpa\/#breadcrumb","itemListElement":[{"@type":"ListItem","position":1,"name":"CIAM","item":"https:\/\/ciiam.org\/en\/"},{"@type":"ListItem","position":2,"name":"Acuerdo de Colaboraci\u00f3n: Permanent Court of Arbitration (CPA)"}]},{"@type":"WebSite","@id":"https:\/\/ciiam.org\/en\/#website","url":"https:\/\/ciiam.org\/en\/","name":"CIIAM","description":"Centro Internacional e Iberoamericano de Arbitraje de Madrid","publisher":{"@id":"https:\/\/ciiam.org\/en\/#organization"},"potentialAction":[{"@type":"SearchAction","target":{"@type":"EntryPoint","urlTemplate":"https:\/\/ciiam.org\/en\/?s={search_term_string}"},"query-input":{"@type":"PropertyValueSpecification","valueRequired":true,"valueName":"search_term_string"}}],"inLanguage":"en-US"},{"@type":"Organization","@id":"https:\/\/ciiam.org\/en\/#organization","name":"Centro Internacional e Iberoamericano de Arbitraje de Madrid","alternateName":"CIIAM","url":"https:\/\/ciiam.org\/en\/","logo":{"@type":"ImageObject","inLanguage":"en-US","@id":"https:\/\/ciiam.org\/en\/#\/schema\/logo\/image\/","url":"https:\/\/ciiam.org\/wp-content\/uploads\/2026\/01\/favicon.png","contentUrl":"https:\/\/ciiam.org\/wp-content\/uploads\/2026\/01\/favicon.png","width":500,"height":500,"caption":"Centro Internacional e Iberoamericano de Arbitraje de Madrid"},"image":{"@id":"https:\/\/ciiam.org\/en\/#\/schema\/logo\/image\/"},"sameAs":["https:\/\/www.linkedin.com\/company\/ciam-centro-internacional-arbitraje-madrid?trk=d_public_post_image","https:\/\/www.youtube.com\/channel\/UCU2OI7SAQFv5uXAZ4qO4ALg"]},{"@type":"Person","@id":"https:\/\/ciiam.org\/en\/#\/schema\/person\/170309de22b0362ceac8fec57efa33d4","name":"Ignasi","image":{"@type":"ImageObject","inLanguage":"en-US","@id":"https:\/\/secure.gravatar.com\/avatar\/7bb88cd75d3644075e4770c73be8bb2f416e51a12aed0949bc658be7801c0218?s=96&d=mm&r=g","url":"https:\/\/secure.gravatar.com\/avatar\/7bb88cd75d3644075e4770c73be8bb2f416e51a12aed0949bc658be7801c0218?s=96&d=mm&r=g","contentUrl":"https:\/\/secure.gravatar.com\/avatar\/7bb88cd75d3644075e4770c73be8bb2f416e51a12aed0949bc658be7801c0218?s=96&d=mm&r=g","caption":"Ignasi"},"url":"https:\/\/ciiam.org\/en\/author\/igdri-62\/"}]}},"_links":{"self":[{"href":"https:\/\/ciiam.org\/en\/wp-json\/wp\/v2\/posts\/10280","targetHints":{"allow":["GET"]}}],"collection":[{"href":"https:\/\/ciiam.org\/en\/wp-json\/wp\/v2\/posts"}],"about":[{"href":"https:\/\/ciiam.org\/en\/wp-json\/wp\/v2\/types\/post"}],"author":[{"embeddable":true,"href":"https:\/\/ciiam.org\/en\/wp-json\/wp\/v2\/users\/7"}],"replies":[{"embeddable":true,"href":"https:\/\/ciiam.org\/en\/wp-json\/wp\/v2\/comments?post=10280"}],"version-history":[{"count":0,"href":"https:\/\/ciiam.org\/en\/wp-json\/wp\/v2\/posts\/10280\/revisions"}],"wp:featuredmedia":[{"embeddable":true,"href":"https:\/\/ciiam.org\/en\/wp-json\/wp\/v2\/media\/10281"}],"wp:attachment":[{"href":"https:\/\/ciiam.org\/en\/wp-json\/wp\/v2\/media?parent=10280"}],"wp:term":[{"taxonomy":"category","embeddable":true,"href":"https:\/\/ciiam.org\/en\/wp-json\/wp\/v2\/categories?post=10280"},{"taxonomy":"post_tag","embeddable":true,"href":"https:\/\/ciiam.org\/en\/wp-json\/wp\/v2\/tags?post=10280"}],"curies":[{"name":"wp","href":"https:\/\/api.w.org\/{rel}","templated":true}]}}