{"id":10321,"date":"2021-07-09T15:14:32","date_gmt":"2021-07-09T15:14:32","guid":{"rendered":"https:\/\/ciiam.org\/?p=10321"},"modified":"2021-08-18T15:20:50","modified_gmt":"2021-08-18T15:20:50","slug":"el-futuro-del-arbitraje-en-espana","status":"publish","type":"post","link":"https:\/\/ciiam.org\/en\/el-futuro-del-arbitraje-en-espana\/","title":{"rendered":"El futuro del arbitraje en Espa\u00f1a"},"content":{"rendered":"<p>Jos\u00e9 Antonio Ca\u00ednzos Fern\u00e1ndez, presidente de\u00a0<a href=\"https:\/\/www.linkedin.com\/company\/ciam-centro-internacional-arbitraje-madrid\/\" data-attribute-index=\"0\" data-entity-hovercard-id=\"urn:li:fs_miniCompany:37226932\" data-entity-type=\"MINI_COMPANY\">CIAM (Centro Internacional de Arbitraje de Madrid)\u00a0<\/a>, ha profundizado sobre este tema en una tribuna para\u00a0<a href=\"https:\/\/www.linkedin.com\/company\/el-jurista\/\" data-attribute-index=\"2\" data-entity-hovercard-id=\"urn:li:fs_miniCompany:2590004\" data-entity-type=\"MINI_COMPANY\">El Jurista<\/a>\u00a0donde el experto en arbitraje ha se\u00f1alado dos hechos clave que ya est\u00e1n marcando el futuro de la materia en nuestro pa\u00eds:<\/p>\n<p>1\ufe0f\u20e3 Espa\u00f1a ha sido galardonada como el pa\u00eds que ha progresado m\u00e1s en el arbitraje en el \u00faltimo a\u00f1o por\u00a0<a href=\"https:\/\/www.linkedin.com\/company\/global-arbitration-review\/\" data-attribute-index=\"4\" data-entity-hovercard-id=\"urn:li:fs_miniCompany:9333041\" data-entity-type=\"MINI_COMPANY\">Global Arbitration Review<\/a>.<\/p>\n<p>2\ufe0f\u20e3 Madrid se ha posicionado como una de las ciudades preferidas por las empresas latinoamericanas como sede de arbitraje, seg\u00fan el \u00faltimo informe de la\u00a0<a href=\"https:\/\/www.linkedin.com\/company\/queen-mary-university-of-london\/\" data-attribute-index=\"6\" data-entity-hovercard-id=\"urn:li:fs_miniCompany:9911\" data-entity-type=\"MINI_COMPANY\">Queen Mary University of London<\/a>\u00a0.<\/p>\n<p>Estos puntos demuestran que el trabajo constante, la ambici\u00f3n sana y unos objetivos claros son imprescindibles para seguir posicionando a Espa\u00f1a como actor clave en\u00a0<a href=\"https:\/\/www.linkedin.com\/feed\/hashtag\/?keywords=arbitrajeinternacional&amp;highlightedUpdateUrns=urn%3Ali%3Aactivity%3A6819165393857331200\" data-attribute-index=\"8\">#ArbitrajeInternacional<\/a>, facilitando el comercio internacional, abaratando costes y generando oportunidades profesionales en nuestro pa\u00eds.<\/p>\n<p>Leer noticia en <a href=\"https:\/\/lnkd.in\/dte8csf\" data-attribute-index=\"9\">EL JURISTA<\/a><\/p>\n<p>&nbsp;<\/p>\n","protected":false},"excerpt":{"rendered":"<p>Jos\u00e9 Antonio Ca\u00ednzos Fern\u00e1ndez, presidente de\u00a0CIAM (Centro Internacional de Arbitraje de Madrid)\u00a0, ha profundizado sobre este tema en una tribuna para\u00a0El Jurista\u00a0donde el experto en arbitraje ha se\u00f1alado dos hechos clave que ya est\u00e1n marcando el futuro de la materia en nuestro pa\u00eds: 1\ufe0f\u20e3 Espa\u00f1a ha sido galardonada como el pa\u00eds que ha progresado m\u00e1s [&hellip;]<\/p>\n","protected":false},"author":7,"featured_media":9915,"comment_status":"closed","ping_status":"open","sticky":false,"template":"","format":"standard","meta":{"footnotes":""},"categories":[17],"tags":[23,22,151,154,153,155,152],"class_list":["post-10321","post","type-post","status-publish","format-standard","has-post-thumbnail","hentry","category-actualidad","tag-arbitraje","tag-ciam","tag-entrevista","tag-espana","tag-futuro","tag-gar","tag-jose-antonio-cainzos"],"yoast_head":"<!-- This site is optimized with the Yoast SEO plugin v27.3 - https:\/\/yoast.com\/product\/yoast-seo-wordpress\/ -->\n<title>El futuro del arbitraje en Espa\u00f1a - CIIAM<\/title>\n<meta name=\"description\" content=\"Jos\u00e9 Antonio Ca\u00ednzos Fern\u00e1ndez, presidente de\u00a0CIAM, ha profundizado sobre este tema en una tribuna para\u00a0El Jurista.\" \/>\n<meta name=\"robots\" content=\"index, follow, max-snippet:-1, max-image-preview:large, max-video-preview:-1\" \/>\n<link rel=\"canonical\" href=\"https:\/\/ciiam.org\/en\/el-futuro-del-arbitraje-en-espana\/\" \/>\n<meta property=\"og:locale\" content=\"en_US\" \/>\n<meta property=\"og:type\" content=\"article\" \/>\n<meta property=\"og:title\" content=\"El futuro del arbitraje en Espa\u00f1a - CIIAM\" \/>\n<meta property=\"og:description\" content=\"Jos\u00e9 Antonio Ca\u00ednzos Fern\u00e1ndez, presidente de\u00a0CIAM, ha profundizado sobre este tema en una tribuna para\u00a0El Jurista.\" \/>\n<meta property=\"og:url\" content=\"https:\/\/ciiam.org\/en\/el-futuro-del-arbitraje-en-espana\/\" \/>\n<meta property=\"og:site_name\" content=\"CIIAM\" \/>\n<meta property=\"article:published_time\" content=\"2021-07-09T15:14:32+00:00\" \/>\n<meta property=\"article:modified_time\" content=\"2021-08-18T15:20:50+00:00\" \/>\n<meta property=\"og:image\" content=\"https:\/\/ciiam.org\/wp-content\/uploads\/2021\/05\/1621519306_880938_1621599083_sumario_normal.jpg\" \/>\n\t<meta property=\"og:image:width\" content=\"360\" \/>\n\t<meta property=\"og:image:height\" content=\"425\" \/>\n\t<meta property=\"og:image:type\" content=\"image\/jpeg\" \/>\n<meta name=\"author\" content=\"Ignasi\" \/>\n<meta name=\"twitter:card\" content=\"summary_large_image\" \/>\n<meta name=\"twitter:label1\" content=\"Written by\" \/>\n\t<meta name=\"twitter:data1\" content=\"Ignasi\" \/>\n\t<meta name=\"twitter:label2\" content=\"Est. reading time\" \/>\n\t<meta name=\"twitter:data2\" content=\"1 minute\" \/>\n<script type=\"application\/ld+json\" class=\"yoast-schema-graph\">{\"@context\":\"https:\\\/\\\/schema.org\",\"@graph\":[{\"@type\":\"Article\",\"@id\":\"https:\\\/\\\/ciiam.org\\\/en\\\/el-futuro-del-arbitraje-en-espana\\\/#article\",\"isPartOf\":{\"@id\":\"https:\\\/\\\/ciiam.org\\\/en\\\/el-futuro-del-arbitraje-en-espana\\\/\"},\"author\":{\"name\":\"Ignasi\",\"@id\":\"https:\\\/\\\/ciiam.org\\\/en\\\/#\\\/schema\\\/person\\\/170309de22b0362ceac8fec57efa33d4\"},\"headline\":\"El futuro del arbitraje en Espa\u00f1a\",\"datePublished\":\"2021-07-09T15:14:32+00:00\",\"dateModified\":\"2021-08-18T15:20:50+00:00\",\"mainEntityOfPage\":{\"@id\":\"https:\\\/\\\/ciiam.org\\\/en\\\/el-futuro-del-arbitraje-en-espana\\\/\"},\"wordCount\":162,\"publisher\":{\"@id\":\"https:\\\/\\\/ciiam.org\\\/en\\\/#organization\"},\"image\":{\"@id\":\"https:\\\/\\\/ciiam.org\\\/en\\\/el-futuro-del-arbitraje-en-espana\\\/#primaryimage\"},\"thumbnailUrl\":\"https:\\\/\\\/ciiam.org\\\/wp-content\\\/uploads\\\/2021\\\/05\\\/1621519306_880938_1621599083_sumario_normal.jpg\",\"keywords\":[\"Arbitraje\",\"Ciam\",\"ENTREVISTA\",\"ESPA\u00d1A\",\"FUTURO\",\"GAR\",\"JOS\u00c9 ANTONIO CA\u00cdNZOS\"],\"articleSection\":[\"Actualidad\"],\"inLanguage\":\"en-US\"},{\"@type\":\"WebPage\",\"@id\":\"https:\\\/\\\/ciiam.org\\\/en\\\/el-futuro-del-arbitraje-en-espana\\\/\",\"url\":\"https:\\\/\\\/ciiam.org\\\/en\\\/el-futuro-del-arbitraje-en-espana\\\/\",\"name\":\"El futuro del arbitraje en Espa\u00f1a - CIIAM\",\"isPartOf\":{\"@id\":\"https:\\\/\\\/ciiam.org\\\/en\\\/#website\"},\"primaryImageOfPage\":{\"@id\":\"https:\\\/\\\/ciiam.org\\\/en\\\/el-futuro-del-arbitraje-en-espana\\\/#primaryimage\"},\"image\":{\"@id\":\"https:\\\/\\\/ciiam.org\\\/en\\\/el-futuro-del-arbitraje-en-espana\\\/#primaryimage\"},\"thumbnailUrl\":\"https:\\\/\\\/ciiam.org\\\/wp-content\\\/uploads\\\/2021\\\/05\\\/1621519306_880938_1621599083_sumario_normal.jpg\",\"datePublished\":\"2021-07-09T15:14:32+00:00\",\"dateModified\":\"2021-08-18T15:20:50+00:00\",\"description\":\"Jos\u00e9 Antonio Ca\u00ednzos Fern\u00e1ndez, presidente de\u00a0CIAM, ha profundizado sobre este tema en una tribuna para\u00a0El Jurista.\",\"breadcrumb\":{\"@id\":\"https:\\\/\\\/ciiam.org\\\/en\\\/el-futuro-del-arbitraje-en-espana\\\/#breadcrumb\"},\"inLanguage\":\"en-US\",\"potentialAction\":[{\"@type\":\"ReadAction\",\"target\":[\"https:\\\/\\\/ciiam.org\\\/en\\\/el-futuro-del-arbitraje-en-espana\\\/\"]}]},{\"@type\":\"ImageObject\",\"inLanguage\":\"en-US\",\"@id\":\"https:\\\/\\\/ciiam.org\\\/en\\\/el-futuro-del-arbitraje-en-espana\\\/#primaryimage\",\"url\":\"https:\\\/\\\/ciiam.org\\\/wp-content\\\/uploads\\\/2021\\\/05\\\/1621519306_880938_1621599083_sumario_normal.jpg\",\"contentUrl\":\"https:\\\/\\\/ciiam.org\\\/wp-content\\\/uploads\\\/2021\\\/05\\\/1621519306_880938_1621599083_sumario_normal.jpg\",\"width\":360,\"height\":425},{\"@type\":\"BreadcrumbList\",\"@id\":\"https:\\\/\\\/ciiam.org\\\/en\\\/el-futuro-del-arbitraje-en-espana\\\/#breadcrumb\",\"itemListElement\":[{\"@type\":\"ListItem\",\"position\":1,\"name\":\"CIAM\",\"item\":\"https:\\\/\\\/ciiam.org\\\/en\\\/\"},{\"@type\":\"ListItem\",\"position\":2,\"name\":\"El futuro del arbitraje en Espa\u00f1a\"}]},{\"@type\":\"WebSite\",\"@id\":\"https:\\\/\\\/ciiam.org\\\/en\\\/#website\",\"url\":\"https:\\\/\\\/ciiam.org\\\/en\\\/\",\"name\":\"CIIAM\",\"description\":\"Centro Internacional e Iberoamericano de Arbitraje de Madrid\",\"publisher\":{\"@id\":\"https:\\\/\\\/ciiam.org\\\/en\\\/#organization\"},\"potentialAction\":[{\"@type\":\"SearchAction\",\"target\":{\"@type\":\"EntryPoint\",\"urlTemplate\":\"https:\\\/\\\/ciiam.org\\\/en\\\/?s={search_term_string}\"},\"query-input\":{\"@type\":\"PropertyValueSpecification\",\"valueRequired\":true,\"valueName\":\"search_term_string\"}}],\"inLanguage\":\"en-US\"},{\"@type\":\"Organization\",\"@id\":\"https:\\\/\\\/ciiam.org\\\/en\\\/#organization\",\"name\":\"Centro Internacional e Iberoamericano de Arbitraje de Madrid\",\"alternateName\":\"CIIAM\",\"url\":\"https:\\\/\\\/ciiam.org\\\/en\\\/\",\"logo\":{\"@type\":\"ImageObject\",\"inLanguage\":\"en-US\",\"@id\":\"https:\\\/\\\/ciiam.org\\\/en\\\/#\\\/schema\\\/logo\\\/image\\\/\",\"url\":\"https:\\\/\\\/ciiam.org\\\/wp-content\\\/uploads\\\/2026\\\/01\\\/favicon.png\",\"contentUrl\":\"https:\\\/\\\/ciiam.org\\\/wp-content\\\/uploads\\\/2026\\\/01\\\/favicon.png\",\"width\":500,\"height\":500,\"caption\":\"Centro Internacional e Iberoamericano de Arbitraje de Madrid\"},\"image\":{\"@id\":\"https:\\\/\\\/ciiam.org\\\/en\\\/#\\\/schema\\\/logo\\\/image\\\/\"},\"sameAs\":[\"https:\\\/\\\/www.linkedin.com\\\/company\\\/ciam-centro-internacional-arbitraje-madrid?trk=d_public_post_image\",\"https:\\\/\\\/www.youtube.com\\\/channel\\\/UCU2OI7SAQFv5uXAZ4qO4ALg\"]},{\"@type\":\"Person\",\"@id\":\"https:\\\/\\\/ciiam.org\\\/en\\\/#\\\/schema\\\/person\\\/170309de22b0362ceac8fec57efa33d4\",\"name\":\"Ignasi\",\"image\":{\"@type\":\"ImageObject\",\"inLanguage\":\"en-US\",\"@id\":\"https:\\\/\\\/secure.gravatar.com\\\/avatar\\\/7bb88cd75d3644075e4770c73be8bb2f416e51a12aed0949bc658be7801c0218?s=96&d=mm&r=g\",\"url\":\"https:\\\/\\\/secure.gravatar.com\\\/avatar\\\/7bb88cd75d3644075e4770c73be8bb2f416e51a12aed0949bc658be7801c0218?s=96&d=mm&r=g\",\"contentUrl\":\"https:\\\/\\\/secure.gravatar.com\\\/avatar\\\/7bb88cd75d3644075e4770c73be8bb2f416e51a12aed0949bc658be7801c0218?s=96&d=mm&r=g\",\"caption\":\"Ignasi\"},\"url\":\"https:\\\/\\\/ciiam.org\\\/en\\\/author\\\/igdri-62\\\/\"}]}<\/script>\n<!-- \/ Yoast SEO plugin. -->","yoast_head_json":{"title":"El futuro del arbitraje en Espa\u00f1a - CIIAM","description":"Jos\u00e9 Antonio Ca\u00ednzos Fern\u00e1ndez, presidente de\u00a0CIAM, ha profundizado sobre este tema en una tribuna para\u00a0El Jurista.","robots":{"index":"index","follow":"follow","max-snippet":"max-snippet:-1","max-image-preview":"max-image-preview:large","max-video-preview":"max-video-preview:-1"},"canonical":"https:\/\/ciiam.org\/en\/el-futuro-del-arbitraje-en-espana\/","og_locale":"en_US","og_type":"article","og_title":"El futuro del arbitraje en Espa\u00f1a - CIIAM","og_description":"Jos\u00e9 Antonio Ca\u00ednzos Fern\u00e1ndez, presidente de\u00a0CIAM, ha profundizado sobre este tema en una tribuna para\u00a0El Jurista.","og_url":"https:\/\/ciiam.org\/en\/el-futuro-del-arbitraje-en-espana\/","og_site_name":"CIIAM","article_published_time":"2021-07-09T15:14:32+00:00","article_modified_time":"2021-08-18T15:20:50+00:00","og_image":[{"width":360,"height":425,"url":"https:\/\/ciiam.org\/wp-content\/uploads\/2021\/05\/1621519306_880938_1621599083_sumario_normal.jpg","type":"image\/jpeg"}],"author":"Ignasi","twitter_card":"summary_large_image","twitter_misc":{"Written by":"Ignasi","Est. reading time":"1 minute"},"schema":{"@context":"https:\/\/schema.org","@graph":[{"@type":"Article","@id":"https:\/\/ciiam.org\/en\/el-futuro-del-arbitraje-en-espana\/#article","isPartOf":{"@id":"https:\/\/ciiam.org\/en\/el-futuro-del-arbitraje-en-espana\/"},"author":{"name":"Ignasi","@id":"https:\/\/ciiam.org\/en\/#\/schema\/person\/170309de22b0362ceac8fec57efa33d4"},"headline":"El futuro del arbitraje en Espa\u00f1a","datePublished":"2021-07-09T15:14:32+00:00","dateModified":"2021-08-18T15:20:50+00:00","mainEntityOfPage":{"@id":"https:\/\/ciiam.org\/en\/el-futuro-del-arbitraje-en-espana\/"},"wordCount":162,"publisher":{"@id":"https:\/\/ciiam.org\/en\/#organization"},"image":{"@id":"https:\/\/ciiam.org\/en\/el-futuro-del-arbitraje-en-espana\/#primaryimage"},"thumbnailUrl":"https:\/\/ciiam.org\/wp-content\/uploads\/2021\/05\/1621519306_880938_1621599083_sumario_normal.jpg","keywords":["Arbitraje","Ciam","ENTREVISTA","ESPA\u00d1A","FUTURO","GAR","JOS\u00c9 ANTONIO CA\u00cdNZOS"],"articleSection":["Actualidad"],"inLanguage":"en-US"},{"@type":"WebPage","@id":"https:\/\/ciiam.org\/en\/el-futuro-del-arbitraje-en-espana\/","url":"https:\/\/ciiam.org\/en\/el-futuro-del-arbitraje-en-espana\/","name":"El futuro del arbitraje en Espa\u00f1a - CIIAM","isPartOf":{"@id":"https:\/\/ciiam.org\/en\/#website"},"primaryImageOfPage":{"@id":"https:\/\/ciiam.org\/en\/el-futuro-del-arbitraje-en-espana\/#primaryimage"},"image":{"@id":"https:\/\/ciiam.org\/en\/el-futuro-del-arbitraje-en-espana\/#primaryimage"},"thumbnailUrl":"https:\/\/ciiam.org\/wp-content\/uploads\/2021\/05\/1621519306_880938_1621599083_sumario_normal.jpg","datePublished":"2021-07-09T15:14:32+00:00","dateModified":"2021-08-18T15:20:50+00:00","description":"Jos\u00e9 Antonio Ca\u00ednzos Fern\u00e1ndez, presidente de\u00a0CIAM, ha profundizado sobre este tema en una tribuna para\u00a0El Jurista.","breadcrumb":{"@id":"https:\/\/ciiam.org\/en\/el-futuro-del-arbitraje-en-espana\/#breadcrumb"},"inLanguage":"en-US","potentialAction":[{"@type":"ReadAction","target":["https:\/\/ciiam.org\/en\/el-futuro-del-arbitraje-en-espana\/"]}]},{"@type":"ImageObject","inLanguage":"en-US","@id":"https:\/\/ciiam.org\/en\/el-futuro-del-arbitraje-en-espana\/#primaryimage","url":"https:\/\/ciiam.org\/wp-content\/uploads\/2021\/05\/1621519306_880938_1621599083_sumario_normal.jpg","contentUrl":"https:\/\/ciiam.org\/wp-content\/uploads\/2021\/05\/1621519306_880938_1621599083_sumario_normal.jpg","width":360,"height":425},{"@type":"BreadcrumbList","@id":"https:\/\/ciiam.org\/en\/el-futuro-del-arbitraje-en-espana\/#breadcrumb","itemListElement":[{"@type":"ListItem","position":1,"name":"CIAM","item":"https:\/\/ciiam.org\/en\/"},{"@type":"ListItem","position":2,"name":"El futuro del arbitraje en Espa\u00f1a"}]},{"@type":"WebSite","@id":"https:\/\/ciiam.org\/en\/#website","url":"https:\/\/ciiam.org\/en\/","name":"CIIAM","description":"Centro Internacional e Iberoamericano de Arbitraje de Madrid","publisher":{"@id":"https:\/\/ciiam.org\/en\/#organization"},"potentialAction":[{"@type":"SearchAction","target":{"@type":"EntryPoint","urlTemplate":"https:\/\/ciiam.org\/en\/?s={search_term_string}"},"query-input":{"@type":"PropertyValueSpecification","valueRequired":true,"valueName":"search_term_string"}}],"inLanguage":"en-US"},{"@type":"Organization","@id":"https:\/\/ciiam.org\/en\/#organization","name":"Centro Internacional e Iberoamericano de Arbitraje de Madrid","alternateName":"CIIAM","url":"https:\/\/ciiam.org\/en\/","logo":{"@type":"ImageObject","inLanguage":"en-US","@id":"https:\/\/ciiam.org\/en\/#\/schema\/logo\/image\/","url":"https:\/\/ciiam.org\/wp-content\/uploads\/2026\/01\/favicon.png","contentUrl":"https:\/\/ciiam.org\/wp-content\/uploads\/2026\/01\/favicon.png","width":500,"height":500,"caption":"Centro Internacional e Iberoamericano de Arbitraje de Madrid"},"image":{"@id":"https:\/\/ciiam.org\/en\/#\/schema\/logo\/image\/"},"sameAs":["https:\/\/www.linkedin.com\/company\/ciam-centro-internacional-arbitraje-madrid?trk=d_public_post_image","https:\/\/www.youtube.com\/channel\/UCU2OI7SAQFv5uXAZ4qO4ALg"]},{"@type":"Person","@id":"https:\/\/ciiam.org\/en\/#\/schema\/person\/170309de22b0362ceac8fec57efa33d4","name":"Ignasi","image":{"@type":"ImageObject","inLanguage":"en-US","@id":"https:\/\/secure.gravatar.com\/avatar\/7bb88cd75d3644075e4770c73be8bb2f416e51a12aed0949bc658be7801c0218?s=96&d=mm&r=g","url":"https:\/\/secure.gravatar.com\/avatar\/7bb88cd75d3644075e4770c73be8bb2f416e51a12aed0949bc658be7801c0218?s=96&d=mm&r=g","contentUrl":"https:\/\/secure.gravatar.com\/avatar\/7bb88cd75d3644075e4770c73be8bb2f416e51a12aed0949bc658be7801c0218?s=96&d=mm&r=g","caption":"Ignasi"},"url":"https:\/\/ciiam.org\/en\/author\/igdri-62\/"}]}},"_links":{"self":[{"href":"https:\/\/ciiam.org\/en\/wp-json\/wp\/v2\/posts\/10321","targetHints":{"allow":["GET"]}}],"collection":[{"href":"https:\/\/ciiam.org\/en\/wp-json\/wp\/v2\/posts"}],"about":[{"href":"https:\/\/ciiam.org\/en\/wp-json\/wp\/v2\/types\/post"}],"author":[{"embeddable":true,"href":"https:\/\/ciiam.org\/en\/wp-json\/wp\/v2\/users\/7"}],"replies":[{"embeddable":true,"href":"https:\/\/ciiam.org\/en\/wp-json\/wp\/v2\/comments?post=10321"}],"version-history":[{"count":0,"href":"https:\/\/ciiam.org\/en\/wp-json\/wp\/v2\/posts\/10321\/revisions"}],"wp:featuredmedia":[{"embeddable":true,"href":"https:\/\/ciiam.org\/en\/wp-json\/wp\/v2\/media\/9915"}],"wp:attachment":[{"href":"https:\/\/ciiam.org\/en\/wp-json\/wp\/v2\/media?parent=10321"}],"wp:term":[{"taxonomy":"category","embeddable":true,"href":"https:\/\/ciiam.org\/en\/wp-json\/wp\/v2\/categories?post=10321"},{"taxonomy":"post_tag","embeddable":true,"href":"https:\/\/ciiam.org\/en\/wp-json\/wp\/v2\/tags?post=10321"}],"curies":[{"name":"wp","href":"https:\/\/api.w.org\/{rel}","templated":true}]}}