{"id":10323,"date":"2021-07-13T15:23:30","date_gmt":"2021-07-13T15:23:30","guid":{"rendered":"https:\/\/ciiam.org\/?p=10323"},"modified":"2021-08-18T15:30:03","modified_gmt":"2021-08-18T15:30:03","slug":"entrevista-al-presidente-en-legal-today-el-arbitraje-opcion-clave-para-las-empresas-espanolas","status":"publish","type":"post","link":"https:\/\/ciiam.org\/en\/entrevista-al-presidente-en-legal-today-el-arbitraje-opcion-clave-para-las-empresas-espanolas\/","title":{"rendered":"Entrevista al Presidente en Legal Today: El arbitraje, opci\u00f3n clave para las empresas espa\u00f1olas"},"content":{"rendered":"<p>El arbitraje, opci\u00f3n clave para las empresas espa\u00f1olas.<\/p>\n<p><a href=\"https:\/\/www.linkedin.com\/in\/ACoAADCZSlIBegV6FuVIATyBwPh3d_hK2hv2p-Q\" data-attribute-index=\"0\" data-entity-hovercard-id=\"urn:li:fs_miniProfile:ACoAADCZSlIBegV6FuVIATyBwPh3d_hK2hv2p-Q\" data-entity-type=\"MINI_PROFILE\">Jos\u00e9 Antonio Ca\u00ednzos Fern\u00e1ndez<\/a>, presidente de\u00a0<a href=\"https:\/\/www.linkedin.com\/company\/ciam-centro-internacional-arbitraje-madrid\/\" data-attribute-index=\"2\" data-entity-hovercard-id=\"urn:li:fs_miniCompany:37226932\" data-entity-type=\"MINI_COMPANY\">CIAM (Centro Internacional de Arbitraje de Madrid)\u00a0<\/a>ha abordado en una entrevista para\u00a0<a href=\"https:\/\/www.linkedin.com\/company\/legal-today\/\" data-attribute-index=\"4\" data-entity-hovercard-id=\"urn:li:fs_miniCompany:5219918\" data-entity-type=\"MINI_COMPANY\">Legal Today<\/a>\u00a0el rol del arbitraje en Espa\u00f1a y los grandes desaf\u00edos en materia de\u00a0<a href=\"https:\/\/www.linkedin.com\/feed\/hashtag\/?keywords=arbitrajeinternacional&amp;highlightedUpdateUrns=urn%3Ali%3Aactivity%3A6820626874197123072\" data-attribute-index=\"6\">#ArbitrajeInternacional<\/a>\u00a0para nuestros pa\u00eds, donde el arbitraje y la\u00a0<a href=\"https:\/\/www.linkedin.com\/feed\/hashtag\/?keywords=mediaci%C3%B3n&amp;highlightedUpdateUrns=urn%3Ali%3Aactivity%3A6820626874197123072\" data-attribute-index=\"7\">#mediaci\u00f3n<\/a>\u00a0se convierten en la mejor opci\u00f3n para las empresas.<\/p>\n<p>Asimismo, el presidente ha destacado en la entrevista que:<\/p>\n<p>Espa\u00f1a tiene la oportunidad de ser uno de los pa\u00edses m\u00e1s relevantes a nivel internacional en el campo del arbitraje si se preserva la unidad de instituciones p\u00fablicas y privadas.<\/p>\n<p>Por primera vez, nuestro pa\u00eds cuenta con un centro internacional de arbitraje que sirve de punta de lanza para convertirse en un referente global, especialmente en Latinoam\u00e9rica.<\/p>\n<p>Desde <a href=\"https:\/\/www.linkedin.com\/feed\/hashtag\/?keywords=ciam&amp;highlightedUpdateUrns=urn%3Ali%3Aactivity%3A6820626874197123072\" data-attribute-index=\"8\">#CIAM<\/a>\u00a0se han puesto en marcha iniciativas pioneras para seguir evolucionando en este aspectos como la creaci\u00f3n de grupos de trabajo sectoriales con empresas y especialistas jur\u00eddicos para ayudarles a resolver sus disputas.<\/p>\n<p>Leer la entrevista completa en <a href=\"https:\/\/www.legaltoday.com\/actualidad-juridica\/entrevistas\/espana-tiene-todo-para-ser-un-pais-en-el-que-el-arbitraje-se-convierta-en-una-muy-buena-opcion-para-las-empresas-2021-07-08\/\">LEGAL TODAY<\/a>.<\/p>\n","protected":false},"excerpt":{"rendered":"<p>El arbitraje, opci\u00f3n clave para las empresas espa\u00f1olas. Jos\u00e9 Antonio Ca\u00ednzos Fern\u00e1ndez, presidente de\u00a0CIAM (Centro Internacional de Arbitraje de Madrid)\u00a0ha abordado en una entrevista para\u00a0Legal Today\u00a0el rol del arbitraje en Espa\u00f1a y los grandes desaf\u00edos en materia de\u00a0#ArbitrajeInternacional\u00a0para nuestros pa\u00eds, donde el arbitraje y la\u00a0#mediaci\u00f3n\u00a0se convierten en la mejor opci\u00f3n para las empresas. Asimismo, el [&hellip;]<\/p>\n","protected":false},"author":7,"featured_media":5747,"comment_status":"closed","ping_status":"open","sticky":false,"template":"","format":"standard","meta":{"footnotes":""},"categories":[17],"tags":[23,22,156,151,154,152,94],"class_list":["post-10323","post","type-post","status-publish","format-standard","has-post-thumbnail","hentry","category-actualidad","tag-arbitraje","tag-ciam","tag-empresa","tag-entrevista","tag-espana","tag-jose-antonio-cainzos","tag-mediacion"],"yoast_head":"<!-- This site is optimized with the Yoast SEO plugin v27.3 - https:\/\/yoast.com\/product\/yoast-seo-wordpress\/ -->\n<title>Entrevista al Presidente en Legal Today: El arbitraje, opci\u00f3n clave para las empresas espa\u00f1olas - CIIAM<\/title>\n<meta name=\"description\" content=\"Jos\u00e9 Antonio Ca\u00ednzos Fern\u00e1ndez, presidente de\u00a0CIAM ha abordado en una entrevista para\u00a0Legal Today\u00a0el rol del arbitraje en Espa\u00f1a y los grandes desaf\u00edos en materia de\u00a0Arbitraje Internacional.\" \/>\n<meta name=\"robots\" content=\"index, follow, max-snippet:-1, max-image-preview:large, max-video-preview:-1\" \/>\n<link rel=\"canonical\" href=\"https:\/\/ciiam.org\/en\/entrevista-al-presidente-en-legal-today-el-arbitraje-opcion-clave-para-las-empresas-espanolas\/\" \/>\n<meta property=\"og:locale\" content=\"en_US\" \/>\n<meta property=\"og:type\" content=\"article\" \/>\n<meta property=\"og:title\" content=\"Entrevista al Presidente en Legal Today: El arbitraje, opci\u00f3n clave para las empresas espa\u00f1olas - CIIAM\" \/>\n<meta property=\"og:description\" content=\"Jos\u00e9 Antonio Ca\u00ednzos Fern\u00e1ndez, presidente de\u00a0CIAM ha abordado en una entrevista para\u00a0Legal Today\u00a0el rol del arbitraje en Espa\u00f1a y los grandes desaf\u00edos en materia de\u00a0Arbitraje Internacional.\" \/>\n<meta property=\"og:url\" content=\"https:\/\/ciiam.org\/en\/entrevista-al-presidente-en-legal-today-el-arbitraje-opcion-clave-para-las-empresas-espanolas\/\" \/>\n<meta property=\"og:site_name\" content=\"CIIAM\" \/>\n<meta property=\"article:published_time\" content=\"2021-07-13T15:23:30+00:00\" \/>\n<meta property=\"article:modified_time\" content=\"2021-08-18T15:30:03+00:00\" \/>\n<meta property=\"og:image\" content=\"https:\/\/ciiam.org\/wp-content\/uploads\/2020\/07\/Jose-Antonio-Cainzos-620x392-1.jpg\" \/>\n\t<meta property=\"og:image:width\" content=\"620\" \/>\n\t<meta property=\"og:image:height\" content=\"392\" \/>\n\t<meta property=\"og:image:type\" content=\"image\/jpeg\" \/>\n<meta name=\"author\" content=\"Ignasi\" \/>\n<meta name=\"twitter:card\" content=\"summary_large_image\" \/>\n<meta name=\"twitter:label1\" content=\"Written by\" \/>\n\t<meta name=\"twitter:data1\" content=\"Ignasi\" \/>\n\t<meta name=\"twitter:label2\" content=\"Est. reading time\" \/>\n\t<meta name=\"twitter:data2\" content=\"1 minute\" \/>\n<script type=\"application\/ld+json\" class=\"yoast-schema-graph\">{\"@context\":\"https:\\\/\\\/schema.org\",\"@graph\":[{\"@type\":\"Article\",\"@id\":\"https:\\\/\\\/ciiam.org\\\/en\\\/entrevista-al-presidente-en-legal-today-el-arbitraje-opcion-clave-para-las-empresas-espanolas\\\/#article\",\"isPartOf\":{\"@id\":\"https:\\\/\\\/ciiam.org\\\/en\\\/entrevista-al-presidente-en-legal-today-el-arbitraje-opcion-clave-para-las-empresas-espanolas\\\/\"},\"author\":{\"name\":\"Ignasi\",\"@id\":\"https:\\\/\\\/ciiam.org\\\/en\\\/#\\\/schema\\\/person\\\/170309de22b0362ceac8fec57efa33d4\"},\"headline\":\"Entrevista al Presidente en Legal Today: El arbitraje, opci\u00f3n clave para las empresas espa\u00f1olas\",\"datePublished\":\"2021-07-13T15:23:30+00:00\",\"dateModified\":\"2021-08-18T15:30:03+00:00\",\"mainEntityOfPage\":{\"@id\":\"https:\\\/\\\/ciiam.org\\\/en\\\/entrevista-al-presidente-en-legal-today-el-arbitraje-opcion-clave-para-las-empresas-espanolas\\\/\"},\"wordCount\":201,\"publisher\":{\"@id\":\"https:\\\/\\\/ciiam.org\\\/en\\\/#organization\"},\"image\":{\"@id\":\"https:\\\/\\\/ciiam.org\\\/en\\\/entrevista-al-presidente-en-legal-today-el-arbitraje-opcion-clave-para-las-empresas-espanolas\\\/#primaryimage\"},\"thumbnailUrl\":\"https:\\\/\\\/ciiam.org\\\/wp-content\\\/uploads\\\/2020\\\/07\\\/Jose-Antonio-Cainzos-620x392-1.jpg\",\"keywords\":[\"Arbitraje\",\"Ciam\",\"EMPRESA\",\"ENTREVISTA\",\"ESPA\u00d1A\",\"JOS\u00c9 ANTONIO CA\u00cdNZOS\",\"Mediaci\u00f3n\"],\"articleSection\":[\"Actualidad\"],\"inLanguage\":\"en-US\"},{\"@type\":\"WebPage\",\"@id\":\"https:\\\/\\\/ciiam.org\\\/en\\\/entrevista-al-presidente-en-legal-today-el-arbitraje-opcion-clave-para-las-empresas-espanolas\\\/\",\"url\":\"https:\\\/\\\/ciiam.org\\\/en\\\/entrevista-al-presidente-en-legal-today-el-arbitraje-opcion-clave-para-las-empresas-espanolas\\\/\",\"name\":\"Entrevista al Presidente en Legal Today: El arbitraje, opci\u00f3n clave para las empresas espa\u00f1olas - CIIAM\",\"isPartOf\":{\"@id\":\"https:\\\/\\\/ciiam.org\\\/en\\\/#website\"},\"primaryImageOfPage\":{\"@id\":\"https:\\\/\\\/ciiam.org\\\/en\\\/entrevista-al-presidente-en-legal-today-el-arbitraje-opcion-clave-para-las-empresas-espanolas\\\/#primaryimage\"},\"image\":{\"@id\":\"https:\\\/\\\/ciiam.org\\\/en\\\/entrevista-al-presidente-en-legal-today-el-arbitraje-opcion-clave-para-las-empresas-espanolas\\\/#primaryimage\"},\"thumbnailUrl\":\"https:\\\/\\\/ciiam.org\\\/wp-content\\\/uploads\\\/2020\\\/07\\\/Jose-Antonio-Cainzos-620x392-1.jpg\",\"datePublished\":\"2021-07-13T15:23:30+00:00\",\"dateModified\":\"2021-08-18T15:30:03+00:00\",\"description\":\"Jos\u00e9 Antonio Ca\u00ednzos Fern\u00e1ndez, presidente de\u00a0CIAM ha abordado en una entrevista para\u00a0Legal Today\u00a0el rol del arbitraje en Espa\u00f1a y los grandes desaf\u00edos en materia de\u00a0Arbitraje Internacional.\",\"breadcrumb\":{\"@id\":\"https:\\\/\\\/ciiam.org\\\/en\\\/entrevista-al-presidente-en-legal-today-el-arbitraje-opcion-clave-para-las-empresas-espanolas\\\/#breadcrumb\"},\"inLanguage\":\"en-US\",\"potentialAction\":[{\"@type\":\"ReadAction\",\"target\":[\"https:\\\/\\\/ciiam.org\\\/en\\\/entrevista-al-presidente-en-legal-today-el-arbitraje-opcion-clave-para-las-empresas-espanolas\\\/\"]}]},{\"@type\":\"ImageObject\",\"inLanguage\":\"en-US\",\"@id\":\"https:\\\/\\\/ciiam.org\\\/en\\\/entrevista-al-presidente-en-legal-today-el-arbitraje-opcion-clave-para-las-empresas-espanolas\\\/#primaryimage\",\"url\":\"https:\\\/\\\/ciiam.org\\\/wp-content\\\/uploads\\\/2020\\\/07\\\/Jose-Antonio-Cainzos-620x392-1.jpg\",\"contentUrl\":\"https:\\\/\\\/ciiam.org\\\/wp-content\\\/uploads\\\/2020\\\/07\\\/Jose-Antonio-Cainzos-620x392-1.jpg\",\"width\":620,\"height\":392},{\"@type\":\"BreadcrumbList\",\"@id\":\"https:\\\/\\\/ciiam.org\\\/en\\\/entrevista-al-presidente-en-legal-today-el-arbitraje-opcion-clave-para-las-empresas-espanolas\\\/#breadcrumb\",\"itemListElement\":[{\"@type\":\"ListItem\",\"position\":1,\"name\":\"CIAM\",\"item\":\"https:\\\/\\\/ciiam.org\\\/en\\\/\"},{\"@type\":\"ListItem\",\"position\":2,\"name\":\"Entrevista al Presidente en Legal Today: El arbitraje, opci\u00f3n clave para las empresas espa\u00f1olas\"}]},{\"@type\":\"WebSite\",\"@id\":\"https:\\\/\\\/ciiam.org\\\/en\\\/#website\",\"url\":\"https:\\\/\\\/ciiam.org\\\/en\\\/\",\"name\":\"CIIAM\",\"description\":\"Centro Internacional e Iberoamericano de Arbitraje de Madrid\",\"publisher\":{\"@id\":\"https:\\\/\\\/ciiam.org\\\/en\\\/#organization\"},\"potentialAction\":[{\"@type\":\"SearchAction\",\"target\":{\"@type\":\"EntryPoint\",\"urlTemplate\":\"https:\\\/\\\/ciiam.org\\\/en\\\/?s={search_term_string}\"},\"query-input\":{\"@type\":\"PropertyValueSpecification\",\"valueRequired\":true,\"valueName\":\"search_term_string\"}}],\"inLanguage\":\"en-US\"},{\"@type\":\"Organization\",\"@id\":\"https:\\\/\\\/ciiam.org\\\/en\\\/#organization\",\"name\":\"Centro Internacional e Iberoamericano de Arbitraje de Madrid\",\"alternateName\":\"CIIAM\",\"url\":\"https:\\\/\\\/ciiam.org\\\/en\\\/\",\"logo\":{\"@type\":\"ImageObject\",\"inLanguage\":\"en-US\",\"@id\":\"https:\\\/\\\/ciiam.org\\\/en\\\/#\\\/schema\\\/logo\\\/image\\\/\",\"url\":\"https:\\\/\\\/ciiam.org\\\/wp-content\\\/uploads\\\/2026\\\/01\\\/favicon.png\",\"contentUrl\":\"https:\\\/\\\/ciiam.org\\\/wp-content\\\/uploads\\\/2026\\\/01\\\/favicon.png\",\"width\":500,\"height\":500,\"caption\":\"Centro Internacional e Iberoamericano de Arbitraje de Madrid\"},\"image\":{\"@id\":\"https:\\\/\\\/ciiam.org\\\/en\\\/#\\\/schema\\\/logo\\\/image\\\/\"},\"sameAs\":[\"https:\\\/\\\/www.linkedin.com\\\/company\\\/ciam-centro-internacional-arbitraje-madrid?trk=d_public_post_image\",\"https:\\\/\\\/www.youtube.com\\\/channel\\\/UCU2OI7SAQFv5uXAZ4qO4ALg\"]},{\"@type\":\"Person\",\"@id\":\"https:\\\/\\\/ciiam.org\\\/en\\\/#\\\/schema\\\/person\\\/170309de22b0362ceac8fec57efa33d4\",\"name\":\"Ignasi\",\"image\":{\"@type\":\"ImageObject\",\"inLanguage\":\"en-US\",\"@id\":\"https:\\\/\\\/secure.gravatar.com\\\/avatar\\\/7bb88cd75d3644075e4770c73be8bb2f416e51a12aed0949bc658be7801c0218?s=96&d=mm&r=g\",\"url\":\"https:\\\/\\\/secure.gravatar.com\\\/avatar\\\/7bb88cd75d3644075e4770c73be8bb2f416e51a12aed0949bc658be7801c0218?s=96&d=mm&r=g\",\"contentUrl\":\"https:\\\/\\\/secure.gravatar.com\\\/avatar\\\/7bb88cd75d3644075e4770c73be8bb2f416e51a12aed0949bc658be7801c0218?s=96&d=mm&r=g\",\"caption\":\"Ignasi\"},\"url\":\"https:\\\/\\\/ciiam.org\\\/en\\\/author\\\/igdri-62\\\/\"}]}<\/script>\n<!-- \/ Yoast SEO plugin. -->","yoast_head_json":{"title":"Entrevista al Presidente en Legal Today: El arbitraje, opci\u00f3n clave para las empresas espa\u00f1olas - CIIAM","description":"Jos\u00e9 Antonio Ca\u00ednzos Fern\u00e1ndez, presidente de\u00a0CIAM ha abordado en una entrevista para\u00a0Legal Today\u00a0el rol del arbitraje en Espa\u00f1a y los grandes desaf\u00edos en materia de\u00a0Arbitraje Internacional.","robots":{"index":"index","follow":"follow","max-snippet":"max-snippet:-1","max-image-preview":"max-image-preview:large","max-video-preview":"max-video-preview:-1"},"canonical":"https:\/\/ciiam.org\/en\/entrevista-al-presidente-en-legal-today-el-arbitraje-opcion-clave-para-las-empresas-espanolas\/","og_locale":"en_US","og_type":"article","og_title":"Entrevista al Presidente en Legal Today: El arbitraje, opci\u00f3n clave para las empresas espa\u00f1olas - CIIAM","og_description":"Jos\u00e9 Antonio Ca\u00ednzos Fern\u00e1ndez, presidente de\u00a0CIAM ha abordado en una entrevista para\u00a0Legal Today\u00a0el rol del arbitraje en Espa\u00f1a y los grandes desaf\u00edos en materia de\u00a0Arbitraje Internacional.","og_url":"https:\/\/ciiam.org\/en\/entrevista-al-presidente-en-legal-today-el-arbitraje-opcion-clave-para-las-empresas-espanolas\/","og_site_name":"CIIAM","article_published_time":"2021-07-13T15:23:30+00:00","article_modified_time":"2021-08-18T15:30:03+00:00","og_image":[{"width":620,"height":392,"url":"https:\/\/ciiam.org\/wp-content\/uploads\/2020\/07\/Jose-Antonio-Cainzos-620x392-1.jpg","type":"image\/jpeg"}],"author":"Ignasi","twitter_card":"summary_large_image","twitter_misc":{"Written by":"Ignasi","Est. reading time":"1 minute"},"schema":{"@context":"https:\/\/schema.org","@graph":[{"@type":"Article","@id":"https:\/\/ciiam.org\/en\/entrevista-al-presidente-en-legal-today-el-arbitraje-opcion-clave-para-las-empresas-espanolas\/#article","isPartOf":{"@id":"https:\/\/ciiam.org\/en\/entrevista-al-presidente-en-legal-today-el-arbitraje-opcion-clave-para-las-empresas-espanolas\/"},"author":{"name":"Ignasi","@id":"https:\/\/ciiam.org\/en\/#\/schema\/person\/170309de22b0362ceac8fec57efa33d4"},"headline":"Entrevista al Presidente en Legal Today: El arbitraje, opci\u00f3n clave para las empresas espa\u00f1olas","datePublished":"2021-07-13T15:23:30+00:00","dateModified":"2021-08-18T15:30:03+00:00","mainEntityOfPage":{"@id":"https:\/\/ciiam.org\/en\/entrevista-al-presidente-en-legal-today-el-arbitraje-opcion-clave-para-las-empresas-espanolas\/"},"wordCount":201,"publisher":{"@id":"https:\/\/ciiam.org\/en\/#organization"},"image":{"@id":"https:\/\/ciiam.org\/en\/entrevista-al-presidente-en-legal-today-el-arbitraje-opcion-clave-para-las-empresas-espanolas\/#primaryimage"},"thumbnailUrl":"https:\/\/ciiam.org\/wp-content\/uploads\/2020\/07\/Jose-Antonio-Cainzos-620x392-1.jpg","keywords":["Arbitraje","Ciam","EMPRESA","ENTREVISTA","ESPA\u00d1A","JOS\u00c9 ANTONIO CA\u00cdNZOS","Mediaci\u00f3n"],"articleSection":["Actualidad"],"inLanguage":"en-US"},{"@type":"WebPage","@id":"https:\/\/ciiam.org\/en\/entrevista-al-presidente-en-legal-today-el-arbitraje-opcion-clave-para-las-empresas-espanolas\/","url":"https:\/\/ciiam.org\/en\/entrevista-al-presidente-en-legal-today-el-arbitraje-opcion-clave-para-las-empresas-espanolas\/","name":"Entrevista al Presidente en Legal Today: El arbitraje, opci\u00f3n clave para las empresas espa\u00f1olas - CIIAM","isPartOf":{"@id":"https:\/\/ciiam.org\/en\/#website"},"primaryImageOfPage":{"@id":"https:\/\/ciiam.org\/en\/entrevista-al-presidente-en-legal-today-el-arbitraje-opcion-clave-para-las-empresas-espanolas\/#primaryimage"},"image":{"@id":"https:\/\/ciiam.org\/en\/entrevista-al-presidente-en-legal-today-el-arbitraje-opcion-clave-para-las-empresas-espanolas\/#primaryimage"},"thumbnailUrl":"https:\/\/ciiam.org\/wp-content\/uploads\/2020\/07\/Jose-Antonio-Cainzos-620x392-1.jpg","datePublished":"2021-07-13T15:23:30+00:00","dateModified":"2021-08-18T15:30:03+00:00","description":"Jos\u00e9 Antonio Ca\u00ednzos Fern\u00e1ndez, presidente de\u00a0CIAM ha abordado en una entrevista para\u00a0Legal Today\u00a0el rol del arbitraje en Espa\u00f1a y los grandes desaf\u00edos en materia de\u00a0Arbitraje Internacional.","breadcrumb":{"@id":"https:\/\/ciiam.org\/en\/entrevista-al-presidente-en-legal-today-el-arbitraje-opcion-clave-para-las-empresas-espanolas\/#breadcrumb"},"inLanguage":"en-US","potentialAction":[{"@type":"ReadAction","target":["https:\/\/ciiam.org\/en\/entrevista-al-presidente-en-legal-today-el-arbitraje-opcion-clave-para-las-empresas-espanolas\/"]}]},{"@type":"ImageObject","inLanguage":"en-US","@id":"https:\/\/ciiam.org\/en\/entrevista-al-presidente-en-legal-today-el-arbitraje-opcion-clave-para-las-empresas-espanolas\/#primaryimage","url":"https:\/\/ciiam.org\/wp-content\/uploads\/2020\/07\/Jose-Antonio-Cainzos-620x392-1.jpg","contentUrl":"https:\/\/ciiam.org\/wp-content\/uploads\/2020\/07\/Jose-Antonio-Cainzos-620x392-1.jpg","width":620,"height":392},{"@type":"BreadcrumbList","@id":"https:\/\/ciiam.org\/en\/entrevista-al-presidente-en-legal-today-el-arbitraje-opcion-clave-para-las-empresas-espanolas\/#breadcrumb","itemListElement":[{"@type":"ListItem","position":1,"name":"CIAM","item":"https:\/\/ciiam.org\/en\/"},{"@type":"ListItem","position":2,"name":"Entrevista al Presidente en Legal Today: El arbitraje, opci\u00f3n clave para las empresas espa\u00f1olas"}]},{"@type":"WebSite","@id":"https:\/\/ciiam.org\/en\/#website","url":"https:\/\/ciiam.org\/en\/","name":"CIIAM","description":"Centro Internacional e Iberoamericano de Arbitraje de Madrid","publisher":{"@id":"https:\/\/ciiam.org\/en\/#organization"},"potentialAction":[{"@type":"SearchAction","target":{"@type":"EntryPoint","urlTemplate":"https:\/\/ciiam.org\/en\/?s={search_term_string}"},"query-input":{"@type":"PropertyValueSpecification","valueRequired":true,"valueName":"search_term_string"}}],"inLanguage":"en-US"},{"@type":"Organization","@id":"https:\/\/ciiam.org\/en\/#organization","name":"Centro Internacional e Iberoamericano de Arbitraje de Madrid","alternateName":"CIIAM","url":"https:\/\/ciiam.org\/en\/","logo":{"@type":"ImageObject","inLanguage":"en-US","@id":"https:\/\/ciiam.org\/en\/#\/schema\/logo\/image\/","url":"https:\/\/ciiam.org\/wp-content\/uploads\/2026\/01\/favicon.png","contentUrl":"https:\/\/ciiam.org\/wp-content\/uploads\/2026\/01\/favicon.png","width":500,"height":500,"caption":"Centro Internacional e Iberoamericano de Arbitraje de Madrid"},"image":{"@id":"https:\/\/ciiam.org\/en\/#\/schema\/logo\/image\/"},"sameAs":["https:\/\/www.linkedin.com\/company\/ciam-centro-internacional-arbitraje-madrid?trk=d_public_post_image","https:\/\/www.youtube.com\/channel\/UCU2OI7SAQFv5uXAZ4qO4ALg"]},{"@type":"Person","@id":"https:\/\/ciiam.org\/en\/#\/schema\/person\/170309de22b0362ceac8fec57efa33d4","name":"Ignasi","image":{"@type":"ImageObject","inLanguage":"en-US","@id":"https:\/\/secure.gravatar.com\/avatar\/7bb88cd75d3644075e4770c73be8bb2f416e51a12aed0949bc658be7801c0218?s=96&d=mm&r=g","url":"https:\/\/secure.gravatar.com\/avatar\/7bb88cd75d3644075e4770c73be8bb2f416e51a12aed0949bc658be7801c0218?s=96&d=mm&r=g","contentUrl":"https:\/\/secure.gravatar.com\/avatar\/7bb88cd75d3644075e4770c73be8bb2f416e51a12aed0949bc658be7801c0218?s=96&d=mm&r=g","caption":"Ignasi"},"url":"https:\/\/ciiam.org\/en\/author\/igdri-62\/"}]}},"_links":{"self":[{"href":"https:\/\/ciiam.org\/en\/wp-json\/wp\/v2\/posts\/10323","targetHints":{"allow":["GET"]}}],"collection":[{"href":"https:\/\/ciiam.org\/en\/wp-json\/wp\/v2\/posts"}],"about":[{"href":"https:\/\/ciiam.org\/en\/wp-json\/wp\/v2\/types\/post"}],"author":[{"embeddable":true,"href":"https:\/\/ciiam.org\/en\/wp-json\/wp\/v2\/users\/7"}],"replies":[{"embeddable":true,"href":"https:\/\/ciiam.org\/en\/wp-json\/wp\/v2\/comments?post=10323"}],"version-history":[{"count":0,"href":"https:\/\/ciiam.org\/en\/wp-json\/wp\/v2\/posts\/10323\/revisions"}],"wp:featuredmedia":[{"embeddable":true,"href":"https:\/\/ciiam.org\/en\/wp-json\/wp\/v2\/media\/5747"}],"wp:attachment":[{"href":"https:\/\/ciiam.org\/en\/wp-json\/wp\/v2\/media?parent=10323"}],"wp:term":[{"taxonomy":"category","embeddable":true,"href":"https:\/\/ciiam.org\/en\/wp-json\/wp\/v2\/categories?post=10323"},{"taxonomy":"post_tag","embeddable":true,"href":"https:\/\/ciiam.org\/en\/wp-json\/wp\/v2\/tags?post=10323"}],"curies":[{"name":"wp","href":"https:\/\/api.w.org\/{rel}","templated":true}]}}