{"id":10331,"date":"2021-07-15T15:45:09","date_gmt":"2021-07-15T15:45:09","guid":{"rendered":"https:\/\/ciiam.org\/?p=10331"},"modified":"2021-08-18T15:48:28","modified_gmt":"2021-08-18T15:48:28","slug":"acuerdo-de-colaboracion-centro-de-arbitraje-y-conciliacion-de-la-camara-de-comercio-de-bogota","status":"publish","type":"post","link":"https:\/\/ciiam.org\/en\/acuerdo-de-colaboracion-centro-de-arbitraje-y-conciliacion-de-la-camara-de-comercio-de-bogota\/","title":{"rendered":"Acuerdo de Colaboraci\u00f3n: Centro de Arbitraje y Conciliaci\u00f3n de la C\u00e1mara de Comercio de Bogot\u00e1"},"content":{"rendered":"<p>El acuerdo de colaboraci\u00f3n entre\u00a0<a href=\"https:\/\/www.linkedin.com\/company\/ciam-centro-internacional-arbitraje-madrid\/\" data-attribute-index=\"0\" data-entity-hovercard-id=\"urn:li:fs_miniCompany:37226932\" data-entity-type=\"MINI_COMPANY\">CIAM (Centro Internacional de Arbitraje de Madrid)\u00a0<\/a>y el Centro de arbitraje y conciliaci\u00f3n de la\u00a0<a href=\"https:\/\/www.linkedin.com\/company\/camaracomerbog\/\" data-attribute-index=\"2\" data-entity-hovercard-id=\"urn:li:fs_miniCompany:1015339\" data-entity-type=\"MINI_COMPANY\">C\u00e1mara de Comercio de Bogot\u00e1<\/a>, es una gran oportunidad para la promoci\u00f3n del\u00a0<a href=\"https:\/\/www.linkedin.com\/feed\/hashtag\/?keywords=arbitrajeinternacional&amp;highlightedUpdateUrns=urn%3Ali%3Aactivity%3A6821423566416842752\" data-attribute-index=\"4\">#ArbitrajeInternacional<\/a>.<\/p>\n<p>Desde el a\u00f1o 2012 hasta el 2019, esta instituci\u00f3n ha recibido m\u00e1s de 2.700 solicitudes de arbitraje y dictado m\u00e1s de 800 laudos, convirti\u00e9ndola en una de las cortes de arbitraje m\u00e1s importantes de Latinoam\u00e9rica.<\/p>\n","protected":false},"excerpt":{"rendered":"<p>El acuerdo de colaboraci\u00f3n entre\u00a0CIAM (Centro Internacional de Arbitraje de Madrid)\u00a0y el Centro de arbitraje y conciliaci\u00f3n de la\u00a0C\u00e1mara de Comercio de Bogot\u00e1, es una gran oportunidad para la promoci\u00f3n del\u00a0#ArbitrajeInternacional. Desde el a\u00f1o 2012 hasta el 2019, esta instituci\u00f3n ha recibido m\u00e1s de 2.700 solicitudes de arbitraje y dictado m\u00e1s de 800 laudos, convirti\u00e9ndola [&hellip;]<\/p>\n","protected":false},"author":7,"featured_media":10332,"comment_status":"closed","ping_status":"open","sticky":false,"template":"","format":"standard","meta":{"footnotes":""},"categories":[17],"tags":[141,159,158,22,140],"class_list":["post-10331","post","type-post","status-publish","format-standard","has-post-thumbnail","hentry","category-actualidad","tag-acuerdo-de-colaboracion","tag-cacccb","tag-ccb","tag-ciam","tag-mou"],"yoast_head":"<!-- This site is optimized with the Yoast SEO plugin v27.3 - https:\/\/yoast.com\/product\/yoast-seo-wordpress\/ -->\n<title>Acuerdo de Colaboraci\u00f3n: Centro de Arbitraje y Conciliaci\u00f3n de la C\u00e1mara de Comercio de Bogot\u00e1 - CIIAM<\/title>\n<meta name=\"description\" content=\"CIAM ha firmado un acuerdo de colaboraci\u00f3n con el Centro de Arbitraje y Conciliaci\u00f3n de la C\u00e1mara de Comercio de Bogot\u00e1.\" \/>\n<meta name=\"robots\" content=\"index, follow, max-snippet:-1, max-image-preview:large, max-video-preview:-1\" \/>\n<link rel=\"canonical\" href=\"https:\/\/ciiam.org\/en\/acuerdo-de-colaboracion-centro-de-arbitraje-y-conciliacion-de-la-camara-de-comercio-de-bogota\/\" \/>\n<meta property=\"og:locale\" content=\"en_US\" \/>\n<meta property=\"og:type\" content=\"article\" \/>\n<meta property=\"og:title\" content=\"Acuerdo de Colaboraci\u00f3n: Centro de Arbitraje y Conciliaci\u00f3n de la C\u00e1mara de Comercio de Bogot\u00e1 - CIIAM\" \/>\n<meta property=\"og:description\" content=\"CIAM ha firmado un acuerdo de colaboraci\u00f3n con el Centro de Arbitraje y Conciliaci\u00f3n de la C\u00e1mara de Comercio de Bogot\u00e1.\" \/>\n<meta property=\"og:url\" content=\"https:\/\/ciiam.org\/en\/acuerdo-de-colaboracion-centro-de-arbitraje-y-conciliacion-de-la-camara-de-comercio-de-bogota\/\" \/>\n<meta property=\"og:site_name\" content=\"CIIAM\" \/>\n<meta property=\"article:published_time\" content=\"2021-07-15T15:45:09+00:00\" \/>\n<meta property=\"article:modified_time\" content=\"2021-08-18T15:48:28+00:00\" \/>\n<meta property=\"og:image\" content=\"https:\/\/ciiam.org\/wp-content\/uploads\/2021\/08\/1626354112955.jpg\" \/>\n\t<meta property=\"og:image:width\" content=\"800\" \/>\n\t<meta property=\"og:image:height\" content=\"446\" \/>\n\t<meta property=\"og:image:type\" content=\"image\/jpeg\" \/>\n<meta name=\"author\" content=\"Ignasi\" \/>\n<meta name=\"twitter:card\" content=\"summary_large_image\" \/>\n<meta name=\"twitter:label1\" content=\"Written by\" \/>\n\t<meta name=\"twitter:data1\" content=\"Ignasi\" \/>\n\t<meta name=\"twitter:label2\" content=\"Est. reading time\" \/>\n\t<meta name=\"twitter:data2\" content=\"1 minute\" \/>\n<script type=\"application\/ld+json\" class=\"yoast-schema-graph\">{\"@context\":\"https:\\\/\\\/schema.org\",\"@graph\":[{\"@type\":\"Article\",\"@id\":\"https:\\\/\\\/ciiam.org\\\/en\\\/acuerdo-de-colaboracion-centro-de-arbitraje-y-conciliacion-de-la-camara-de-comercio-de-bogota\\\/#article\",\"isPartOf\":{\"@id\":\"https:\\\/\\\/ciiam.org\\\/en\\\/acuerdo-de-colaboracion-centro-de-arbitraje-y-conciliacion-de-la-camara-de-comercio-de-bogota\\\/\"},\"author\":{\"name\":\"Ignasi\",\"@id\":\"https:\\\/\\\/ciiam.org\\\/en\\\/#\\\/schema\\\/person\\\/170309de22b0362ceac8fec57efa33d4\"},\"headline\":\"Acuerdo de Colaboraci\u00f3n: Centro de Arbitraje y Conciliaci\u00f3n de la C\u00e1mara de Comercio de Bogot\u00e1\",\"datePublished\":\"2021-07-15T15:45:09+00:00\",\"dateModified\":\"2021-08-18T15:48:28+00:00\",\"mainEntityOfPage\":{\"@id\":\"https:\\\/\\\/ciiam.org\\\/en\\\/acuerdo-de-colaboracion-centro-de-arbitraje-y-conciliacion-de-la-camara-de-comercio-de-bogota\\\/\"},\"wordCount\":95,\"publisher\":{\"@id\":\"https:\\\/\\\/ciiam.org\\\/en\\\/#organization\"},\"image\":{\"@id\":\"https:\\\/\\\/ciiam.org\\\/en\\\/acuerdo-de-colaboracion-centro-de-arbitraje-y-conciliacion-de-la-camara-de-comercio-de-bogota\\\/#primaryimage\"},\"thumbnailUrl\":\"https:\\\/\\\/ciiam.org\\\/wp-content\\\/uploads\\\/2021\\\/08\\\/1626354112955.jpg\",\"keywords\":[\"Acuerdo de colaboraci\u00f3n\",\"CACCCB\",\"CCB\",\"Ciam\",\"MOU\"],\"articleSection\":[\"Actualidad\"],\"inLanguage\":\"en-US\"},{\"@type\":\"WebPage\",\"@id\":\"https:\\\/\\\/ciiam.org\\\/en\\\/acuerdo-de-colaboracion-centro-de-arbitraje-y-conciliacion-de-la-camara-de-comercio-de-bogota\\\/\",\"url\":\"https:\\\/\\\/ciiam.org\\\/en\\\/acuerdo-de-colaboracion-centro-de-arbitraje-y-conciliacion-de-la-camara-de-comercio-de-bogota\\\/\",\"name\":\"Acuerdo de Colaboraci\u00f3n: Centro de Arbitraje y Conciliaci\u00f3n de la C\u00e1mara de Comercio de Bogot\u00e1 - CIIAM\",\"isPartOf\":{\"@id\":\"https:\\\/\\\/ciiam.org\\\/en\\\/#website\"},\"primaryImageOfPage\":{\"@id\":\"https:\\\/\\\/ciiam.org\\\/en\\\/acuerdo-de-colaboracion-centro-de-arbitraje-y-conciliacion-de-la-camara-de-comercio-de-bogota\\\/#primaryimage\"},\"image\":{\"@id\":\"https:\\\/\\\/ciiam.org\\\/en\\\/acuerdo-de-colaboracion-centro-de-arbitraje-y-conciliacion-de-la-camara-de-comercio-de-bogota\\\/#primaryimage\"},\"thumbnailUrl\":\"https:\\\/\\\/ciiam.org\\\/wp-content\\\/uploads\\\/2021\\\/08\\\/1626354112955.jpg\",\"datePublished\":\"2021-07-15T15:45:09+00:00\",\"dateModified\":\"2021-08-18T15:48:28+00:00\",\"description\":\"CIAM ha firmado un acuerdo de colaboraci\u00f3n con el Centro de Arbitraje y Conciliaci\u00f3n de la C\u00e1mara de Comercio de Bogot\u00e1.\",\"breadcrumb\":{\"@id\":\"https:\\\/\\\/ciiam.org\\\/en\\\/acuerdo-de-colaboracion-centro-de-arbitraje-y-conciliacion-de-la-camara-de-comercio-de-bogota\\\/#breadcrumb\"},\"inLanguage\":\"en-US\",\"potentialAction\":[{\"@type\":\"ReadAction\",\"target\":[\"https:\\\/\\\/ciiam.org\\\/en\\\/acuerdo-de-colaboracion-centro-de-arbitraje-y-conciliacion-de-la-camara-de-comercio-de-bogota\\\/\"]}]},{\"@type\":\"ImageObject\",\"inLanguage\":\"en-US\",\"@id\":\"https:\\\/\\\/ciiam.org\\\/en\\\/acuerdo-de-colaboracion-centro-de-arbitraje-y-conciliacion-de-la-camara-de-comercio-de-bogota\\\/#primaryimage\",\"url\":\"https:\\\/\\\/ciiam.org\\\/wp-content\\\/uploads\\\/2021\\\/08\\\/1626354112955.jpg\",\"contentUrl\":\"https:\\\/\\\/ciiam.org\\\/wp-content\\\/uploads\\\/2021\\\/08\\\/1626354112955.jpg\",\"width\":800,\"height\":446},{\"@type\":\"BreadcrumbList\",\"@id\":\"https:\\\/\\\/ciiam.org\\\/en\\\/acuerdo-de-colaboracion-centro-de-arbitraje-y-conciliacion-de-la-camara-de-comercio-de-bogota\\\/#breadcrumb\",\"itemListElement\":[{\"@type\":\"ListItem\",\"position\":1,\"name\":\"CIAM\",\"item\":\"https:\\\/\\\/ciiam.org\\\/en\\\/\"},{\"@type\":\"ListItem\",\"position\":2,\"name\":\"Acuerdo de Colaboraci\u00f3n: Centro de Arbitraje y Conciliaci\u00f3n de la C\u00e1mara de Comercio de Bogot\u00e1\"}]},{\"@type\":\"WebSite\",\"@id\":\"https:\\\/\\\/ciiam.org\\\/en\\\/#website\",\"url\":\"https:\\\/\\\/ciiam.org\\\/en\\\/\",\"name\":\"CIIAM\",\"description\":\"Centro Internacional e Iberoamericano de Arbitraje de Madrid\",\"publisher\":{\"@id\":\"https:\\\/\\\/ciiam.org\\\/en\\\/#organization\"},\"potentialAction\":[{\"@type\":\"SearchAction\",\"target\":{\"@type\":\"EntryPoint\",\"urlTemplate\":\"https:\\\/\\\/ciiam.org\\\/en\\\/?s={search_term_string}\"},\"query-input\":{\"@type\":\"PropertyValueSpecification\",\"valueRequired\":true,\"valueName\":\"search_term_string\"}}],\"inLanguage\":\"en-US\"},{\"@type\":\"Organization\",\"@id\":\"https:\\\/\\\/ciiam.org\\\/en\\\/#organization\",\"name\":\"Centro Internacional e Iberoamericano de Arbitraje de Madrid\",\"alternateName\":\"CIIAM\",\"url\":\"https:\\\/\\\/ciiam.org\\\/en\\\/\",\"logo\":{\"@type\":\"ImageObject\",\"inLanguage\":\"en-US\",\"@id\":\"https:\\\/\\\/ciiam.org\\\/en\\\/#\\\/schema\\\/logo\\\/image\\\/\",\"url\":\"https:\\\/\\\/ciiam.org\\\/wp-content\\\/uploads\\\/2026\\\/01\\\/favicon.png\",\"contentUrl\":\"https:\\\/\\\/ciiam.org\\\/wp-content\\\/uploads\\\/2026\\\/01\\\/favicon.png\",\"width\":500,\"height\":500,\"caption\":\"Centro Internacional e Iberoamericano de Arbitraje de Madrid\"},\"image\":{\"@id\":\"https:\\\/\\\/ciiam.org\\\/en\\\/#\\\/schema\\\/logo\\\/image\\\/\"},\"sameAs\":[\"https:\\\/\\\/www.linkedin.com\\\/company\\\/ciam-centro-internacional-arbitraje-madrid?trk=d_public_post_image\",\"https:\\\/\\\/www.youtube.com\\\/channel\\\/UCU2OI7SAQFv5uXAZ4qO4ALg\"]},{\"@type\":\"Person\",\"@id\":\"https:\\\/\\\/ciiam.org\\\/en\\\/#\\\/schema\\\/person\\\/170309de22b0362ceac8fec57efa33d4\",\"name\":\"Ignasi\",\"image\":{\"@type\":\"ImageObject\",\"inLanguage\":\"en-US\",\"@id\":\"https:\\\/\\\/secure.gravatar.com\\\/avatar\\\/7bb88cd75d3644075e4770c73be8bb2f416e51a12aed0949bc658be7801c0218?s=96&d=mm&r=g\",\"url\":\"https:\\\/\\\/secure.gravatar.com\\\/avatar\\\/7bb88cd75d3644075e4770c73be8bb2f416e51a12aed0949bc658be7801c0218?s=96&d=mm&r=g\",\"contentUrl\":\"https:\\\/\\\/secure.gravatar.com\\\/avatar\\\/7bb88cd75d3644075e4770c73be8bb2f416e51a12aed0949bc658be7801c0218?s=96&d=mm&r=g\",\"caption\":\"Ignasi\"},\"url\":\"https:\\\/\\\/ciiam.org\\\/en\\\/author\\\/igdri-62\\\/\"}]}<\/script>\n<!-- \/ Yoast SEO plugin. -->","yoast_head_json":{"title":"Acuerdo de Colaboraci\u00f3n: Centro de Arbitraje y Conciliaci\u00f3n de la C\u00e1mara de Comercio de Bogot\u00e1 - CIIAM","description":"CIAM ha firmado un acuerdo de colaboraci\u00f3n con el Centro de Arbitraje y Conciliaci\u00f3n de la C\u00e1mara de Comercio de Bogot\u00e1.","robots":{"index":"index","follow":"follow","max-snippet":"max-snippet:-1","max-image-preview":"max-image-preview:large","max-video-preview":"max-video-preview:-1"},"canonical":"https:\/\/ciiam.org\/en\/acuerdo-de-colaboracion-centro-de-arbitraje-y-conciliacion-de-la-camara-de-comercio-de-bogota\/","og_locale":"en_US","og_type":"article","og_title":"Acuerdo de Colaboraci\u00f3n: Centro de Arbitraje y Conciliaci\u00f3n de la C\u00e1mara de Comercio de Bogot\u00e1 - CIIAM","og_description":"CIAM ha firmado un acuerdo de colaboraci\u00f3n con el Centro de Arbitraje y Conciliaci\u00f3n de la C\u00e1mara de Comercio de Bogot\u00e1.","og_url":"https:\/\/ciiam.org\/en\/acuerdo-de-colaboracion-centro-de-arbitraje-y-conciliacion-de-la-camara-de-comercio-de-bogota\/","og_site_name":"CIIAM","article_published_time":"2021-07-15T15:45:09+00:00","article_modified_time":"2021-08-18T15:48:28+00:00","og_image":[{"width":800,"height":446,"url":"https:\/\/ciiam.org\/wp-content\/uploads\/2021\/08\/1626354112955.jpg","type":"image\/jpeg"}],"author":"Ignasi","twitter_card":"summary_large_image","twitter_misc":{"Written by":"Ignasi","Est. reading time":"1 minute"},"schema":{"@context":"https:\/\/schema.org","@graph":[{"@type":"Article","@id":"https:\/\/ciiam.org\/en\/acuerdo-de-colaboracion-centro-de-arbitraje-y-conciliacion-de-la-camara-de-comercio-de-bogota\/#article","isPartOf":{"@id":"https:\/\/ciiam.org\/en\/acuerdo-de-colaboracion-centro-de-arbitraje-y-conciliacion-de-la-camara-de-comercio-de-bogota\/"},"author":{"name":"Ignasi","@id":"https:\/\/ciiam.org\/en\/#\/schema\/person\/170309de22b0362ceac8fec57efa33d4"},"headline":"Acuerdo de Colaboraci\u00f3n: Centro de Arbitraje y Conciliaci\u00f3n de la C\u00e1mara de Comercio de Bogot\u00e1","datePublished":"2021-07-15T15:45:09+00:00","dateModified":"2021-08-18T15:48:28+00:00","mainEntityOfPage":{"@id":"https:\/\/ciiam.org\/en\/acuerdo-de-colaboracion-centro-de-arbitraje-y-conciliacion-de-la-camara-de-comercio-de-bogota\/"},"wordCount":95,"publisher":{"@id":"https:\/\/ciiam.org\/en\/#organization"},"image":{"@id":"https:\/\/ciiam.org\/en\/acuerdo-de-colaboracion-centro-de-arbitraje-y-conciliacion-de-la-camara-de-comercio-de-bogota\/#primaryimage"},"thumbnailUrl":"https:\/\/ciiam.org\/wp-content\/uploads\/2021\/08\/1626354112955.jpg","keywords":["Acuerdo de colaboraci\u00f3n","CACCCB","CCB","Ciam","MOU"],"articleSection":["Actualidad"],"inLanguage":"en-US"},{"@type":"WebPage","@id":"https:\/\/ciiam.org\/en\/acuerdo-de-colaboracion-centro-de-arbitraje-y-conciliacion-de-la-camara-de-comercio-de-bogota\/","url":"https:\/\/ciiam.org\/en\/acuerdo-de-colaboracion-centro-de-arbitraje-y-conciliacion-de-la-camara-de-comercio-de-bogota\/","name":"Acuerdo de Colaboraci\u00f3n: Centro de Arbitraje y Conciliaci\u00f3n de la C\u00e1mara de Comercio de Bogot\u00e1 - CIIAM","isPartOf":{"@id":"https:\/\/ciiam.org\/en\/#website"},"primaryImageOfPage":{"@id":"https:\/\/ciiam.org\/en\/acuerdo-de-colaboracion-centro-de-arbitraje-y-conciliacion-de-la-camara-de-comercio-de-bogota\/#primaryimage"},"image":{"@id":"https:\/\/ciiam.org\/en\/acuerdo-de-colaboracion-centro-de-arbitraje-y-conciliacion-de-la-camara-de-comercio-de-bogota\/#primaryimage"},"thumbnailUrl":"https:\/\/ciiam.org\/wp-content\/uploads\/2021\/08\/1626354112955.jpg","datePublished":"2021-07-15T15:45:09+00:00","dateModified":"2021-08-18T15:48:28+00:00","description":"CIAM ha firmado un acuerdo de colaboraci\u00f3n con el Centro de Arbitraje y Conciliaci\u00f3n de la C\u00e1mara de Comercio de Bogot\u00e1.","breadcrumb":{"@id":"https:\/\/ciiam.org\/en\/acuerdo-de-colaboracion-centro-de-arbitraje-y-conciliacion-de-la-camara-de-comercio-de-bogota\/#breadcrumb"},"inLanguage":"en-US","potentialAction":[{"@type":"ReadAction","target":["https:\/\/ciiam.org\/en\/acuerdo-de-colaboracion-centro-de-arbitraje-y-conciliacion-de-la-camara-de-comercio-de-bogota\/"]}]},{"@type":"ImageObject","inLanguage":"en-US","@id":"https:\/\/ciiam.org\/en\/acuerdo-de-colaboracion-centro-de-arbitraje-y-conciliacion-de-la-camara-de-comercio-de-bogota\/#primaryimage","url":"https:\/\/ciiam.org\/wp-content\/uploads\/2021\/08\/1626354112955.jpg","contentUrl":"https:\/\/ciiam.org\/wp-content\/uploads\/2021\/08\/1626354112955.jpg","width":800,"height":446},{"@type":"BreadcrumbList","@id":"https:\/\/ciiam.org\/en\/acuerdo-de-colaboracion-centro-de-arbitraje-y-conciliacion-de-la-camara-de-comercio-de-bogota\/#breadcrumb","itemListElement":[{"@type":"ListItem","position":1,"name":"CIAM","item":"https:\/\/ciiam.org\/en\/"},{"@type":"ListItem","position":2,"name":"Acuerdo de Colaboraci\u00f3n: Centro de Arbitraje y Conciliaci\u00f3n de la C\u00e1mara de Comercio de Bogot\u00e1"}]},{"@type":"WebSite","@id":"https:\/\/ciiam.org\/en\/#website","url":"https:\/\/ciiam.org\/en\/","name":"CIIAM","description":"Centro Internacional e Iberoamericano de Arbitraje de Madrid","publisher":{"@id":"https:\/\/ciiam.org\/en\/#organization"},"potentialAction":[{"@type":"SearchAction","target":{"@type":"EntryPoint","urlTemplate":"https:\/\/ciiam.org\/en\/?s={search_term_string}"},"query-input":{"@type":"PropertyValueSpecification","valueRequired":true,"valueName":"search_term_string"}}],"inLanguage":"en-US"},{"@type":"Organization","@id":"https:\/\/ciiam.org\/en\/#organization","name":"Centro Internacional e Iberoamericano de Arbitraje de Madrid","alternateName":"CIIAM","url":"https:\/\/ciiam.org\/en\/","logo":{"@type":"ImageObject","inLanguage":"en-US","@id":"https:\/\/ciiam.org\/en\/#\/schema\/logo\/image\/","url":"https:\/\/ciiam.org\/wp-content\/uploads\/2026\/01\/favicon.png","contentUrl":"https:\/\/ciiam.org\/wp-content\/uploads\/2026\/01\/favicon.png","width":500,"height":500,"caption":"Centro Internacional e Iberoamericano de Arbitraje de Madrid"},"image":{"@id":"https:\/\/ciiam.org\/en\/#\/schema\/logo\/image\/"},"sameAs":["https:\/\/www.linkedin.com\/company\/ciam-centro-internacional-arbitraje-madrid?trk=d_public_post_image","https:\/\/www.youtube.com\/channel\/UCU2OI7SAQFv5uXAZ4qO4ALg"]},{"@type":"Person","@id":"https:\/\/ciiam.org\/en\/#\/schema\/person\/170309de22b0362ceac8fec57efa33d4","name":"Ignasi","image":{"@type":"ImageObject","inLanguage":"en-US","@id":"https:\/\/secure.gravatar.com\/avatar\/7bb88cd75d3644075e4770c73be8bb2f416e51a12aed0949bc658be7801c0218?s=96&d=mm&r=g","url":"https:\/\/secure.gravatar.com\/avatar\/7bb88cd75d3644075e4770c73be8bb2f416e51a12aed0949bc658be7801c0218?s=96&d=mm&r=g","contentUrl":"https:\/\/secure.gravatar.com\/avatar\/7bb88cd75d3644075e4770c73be8bb2f416e51a12aed0949bc658be7801c0218?s=96&d=mm&r=g","caption":"Ignasi"},"url":"https:\/\/ciiam.org\/en\/author\/igdri-62\/"}]}},"_links":{"self":[{"href":"https:\/\/ciiam.org\/en\/wp-json\/wp\/v2\/posts\/10331","targetHints":{"allow":["GET"]}}],"collection":[{"href":"https:\/\/ciiam.org\/en\/wp-json\/wp\/v2\/posts"}],"about":[{"href":"https:\/\/ciiam.org\/en\/wp-json\/wp\/v2\/types\/post"}],"author":[{"embeddable":true,"href":"https:\/\/ciiam.org\/en\/wp-json\/wp\/v2\/users\/7"}],"replies":[{"embeddable":true,"href":"https:\/\/ciiam.org\/en\/wp-json\/wp\/v2\/comments?post=10331"}],"version-history":[{"count":0,"href":"https:\/\/ciiam.org\/en\/wp-json\/wp\/v2\/posts\/10331\/revisions"}],"wp:featuredmedia":[{"embeddable":true,"href":"https:\/\/ciiam.org\/en\/wp-json\/wp\/v2\/media\/10332"}],"wp:attachment":[{"href":"https:\/\/ciiam.org\/en\/wp-json\/wp\/v2\/media?parent=10331"}],"wp:term":[{"taxonomy":"category","embeddable":true,"href":"https:\/\/ciiam.org\/en\/wp-json\/wp\/v2\/categories?post=10331"},{"taxonomy":"post_tag","embeddable":true,"href":"https:\/\/ciiam.org\/en\/wp-json\/wp\/v2\/tags?post=10331"}],"curies":[{"name":"wp","href":"https:\/\/api.w.org\/{rel}","templated":true}]}}