{"id":10360,"date":"2021-07-28T16:15:13","date_gmt":"2021-07-28T16:15:13","guid":{"rendered":"https:\/\/ciiam.org\/?p=10360"},"modified":"2021-08-18T16:37:15","modified_gmt":"2021-08-18T16:37:15","slug":"el-paisaje-de-la-luz-de-madrid-declarado-patrimonio-de-la-humanidad-por-la-unesco","status":"publish","type":"post","link":"https:\/\/ciiam.org\/en\/el-paisaje-de-la-luz-de-madrid-declarado-patrimonio-de-la-humanidad-por-la-unesco\/","title":{"rendered":"El Paisaje de la Luz de Madrid declarado Patrimonio de la Humanidad por la UNESCO"},"content":{"rendered":"<p>El Paisaje de la Luz de Madrid, formado por el Buen Retiro y el Paseo del Prado, ha sido incluida a la lista de la <a href=\"https:\/\/www.linkedin.com\/company\/unesco\/\" data-attribute-index=\"0\" data-entity-hovercard-id=\"urn:li:fs_miniCompany:166588\" data-entity-type=\"MINI_COMPANY\">UNESCO<\/a>\u00a0como Patrimonio de la Humanidad, siendo la primera candidatura europea de un espacio verde urbano.<\/p>\n<p>Desde\u00a0<a href=\"https:\/\/www.linkedin.com\/company\/ciam-centro-internacional-arbitraje-madrid\/\" data-attribute-index=\"2\" data-entity-hovercard-id=\"urn:li:fs_miniCompany:37226932\" data-entity-type=\"MINI_COMPANY\">CIAM (Centro Internacional de Arbitraje de Madrid)\u00a0<\/a>\u00a0celebramos este reconocimiento a nivel cultural y tur\u00edstico, y creemos que esta incorporaci\u00f3n supone un paso m\u00e1s en la promoci\u00f3n de Madrid como sede de\u00a0<a href=\"https:\/\/www.linkedin.com\/feed\/hashtag\/?keywords=arbitrajeinternacional&amp;highlightedUpdateUrns=urn%3Ali%3Aactivity%3A6826043842207195136\" data-attribute-index=\"4\">#ArbitrajeInternacional<\/a>.<\/p>\n<p>Espa\u00f1a cuenta con una posici\u00f3n geogr\u00e1fica estrat\u00e9gica y con un coste de servicios y actividades menor que en otras sedes internacionales. A ello se le suma una gran riqueza cultural y tur\u00edstica, reforzada con esta nueva inclusi\u00f3n, que posiciona a Espa\u00f1a como el tercer pa\u00eds con mayor n\u00famero de bienes inscritos por la UNESCO.<\/p>\n<p>Leer la noticia en <a href=\"https:\/\/www.elmundo.es\/madrid\/2021\/07\/25\/60fd6be6fc6c83f3488b4629.html\">EL MUNDO<\/a>.<\/p>\n","protected":false},"excerpt":{"rendered":"<p>El Paisaje de la Luz de Madrid, formado por el Buen Retiro y el Paseo del Prado, ha sido incluida a la lista de la UNESCO\u00a0como Patrimonio de la Humanidad, siendo la primera candidatura europea de un espacio verde urbano. Desde\u00a0CIAM (Centro Internacional de Arbitraje de Madrid)\u00a0\u00a0celebramos este reconocimiento a nivel cultural y tur\u00edstico, y [&hellip;]<\/p>\n","protected":false},"author":7,"featured_media":10361,"comment_status":"closed","ping_status":"open","sticky":false,"template":"","format":"standard","meta":{"footnotes":""},"categories":[17],"tags":[23,22,154,83,169,170,168],"class_list":["post-10360","post","type-post","status-publish","format-standard","has-post-thumbnail","hentry","category-actualidad","tag-arbitraje","tag-ciam","tag-espana","tag-madrid","tag-patrimonio-de-la-humanidad","tag-promocion","tag-unesco"],"yoast_head":"<!-- This site is optimized with the Yoast SEO plugin v27.3 - https:\/\/yoast.com\/product\/yoast-seo-wordpress\/ -->\n<title>El Paisaje de la Luz de Madrid declarado Patrimonio de la Humanidad por la UNESCO - CIIAM<\/title>\n<meta name=\"description\" content=\"El Paisaje de la Luz de Madrid, formado por el Buen Retiro y el Paseo del Prado, ha sido incluida a la lista de la UNESCO\u00a0como Patrimonio de la Humanidad, siendo la primera candidatura europea de un espacio verde urbano.\u00a0\" \/>\n<meta name=\"robots\" content=\"index, follow, max-snippet:-1, max-image-preview:large, max-video-preview:-1\" \/>\n<link rel=\"canonical\" href=\"https:\/\/ciiam.org\/en\/el-paisaje-de-la-luz-de-madrid-declarado-patrimonio-de-la-humanidad-por-la-unesco\/\" \/>\n<meta property=\"og:locale\" content=\"en_US\" \/>\n<meta property=\"og:type\" content=\"article\" \/>\n<meta property=\"og:title\" content=\"El Paisaje de la Luz de Madrid declarado Patrimonio de la Humanidad por la UNESCO - CIIAM\" \/>\n<meta property=\"og:description\" content=\"El Paisaje de la Luz de Madrid, formado por el Buen Retiro y el Paseo del Prado, ha sido incluida a la lista de la UNESCO\u00a0como Patrimonio de la Humanidad, siendo la primera candidatura europea de un espacio verde urbano.\u00a0\" \/>\n<meta property=\"og:url\" content=\"https:\/\/ciiam.org\/en\/el-paisaje-de-la-luz-de-madrid-declarado-patrimonio-de-la-humanidad-por-la-unesco\/\" \/>\n<meta property=\"og:site_name\" content=\"CIIAM\" \/>\n<meta property=\"article:published_time\" content=\"2021-07-28T16:15:13+00:00\" \/>\n<meta property=\"article:modified_time\" content=\"2021-08-18T16:37:15+00:00\" \/>\n<meta property=\"og:image\" content=\"https:\/\/ciiam.org\/wp-content\/uploads\/2021\/08\/el-retiro-park-5048966_960_720.jpg\" \/>\n\t<meta property=\"og:image:width\" content=\"960\" \/>\n\t<meta property=\"og:image:height\" content=\"540\" \/>\n\t<meta property=\"og:image:type\" content=\"image\/jpeg\" \/>\n<meta name=\"author\" content=\"Ignasi\" \/>\n<meta name=\"twitter:card\" content=\"summary_large_image\" \/>\n<meta name=\"twitter:label1\" content=\"Written by\" \/>\n\t<meta name=\"twitter:data1\" content=\"Ignasi\" \/>\n\t<meta name=\"twitter:label2\" content=\"Est. reading time\" \/>\n\t<meta name=\"twitter:data2\" content=\"1 minute\" \/>\n<script type=\"application\/ld+json\" class=\"yoast-schema-graph\">{\"@context\":\"https:\\\/\\\/schema.org\",\"@graph\":[{\"@type\":\"Article\",\"@id\":\"https:\\\/\\\/ciiam.org\\\/en\\\/el-paisaje-de-la-luz-de-madrid-declarado-patrimonio-de-la-humanidad-por-la-unesco\\\/#article\",\"isPartOf\":{\"@id\":\"https:\\\/\\\/ciiam.org\\\/en\\\/el-paisaje-de-la-luz-de-madrid-declarado-patrimonio-de-la-humanidad-por-la-unesco\\\/\"},\"author\":{\"name\":\"Ignasi\",\"@id\":\"https:\\\/\\\/ciiam.org\\\/en\\\/#\\\/schema\\\/person\\\/170309de22b0362ceac8fec57efa33d4\"},\"headline\":\"El Paisaje de la Luz de Madrid declarado Patrimonio de la Humanidad por la UNESCO\",\"datePublished\":\"2021-07-28T16:15:13+00:00\",\"dateModified\":\"2021-08-18T16:37:15+00:00\",\"mainEntityOfPage\":{\"@id\":\"https:\\\/\\\/ciiam.org\\\/en\\\/el-paisaje-de-la-luz-de-madrid-declarado-patrimonio-de-la-humanidad-por-la-unesco\\\/\"},\"wordCount\":163,\"publisher\":{\"@id\":\"https:\\\/\\\/ciiam.org\\\/en\\\/#organization\"},\"image\":{\"@id\":\"https:\\\/\\\/ciiam.org\\\/en\\\/el-paisaje-de-la-luz-de-madrid-declarado-patrimonio-de-la-humanidad-por-la-unesco\\\/#primaryimage\"},\"thumbnailUrl\":\"https:\\\/\\\/ciiam.org\\\/wp-content\\\/uploads\\\/2021\\\/08\\\/el-retiro-park-5048966_960_720.jpg\",\"keywords\":[\"Arbitraje\",\"Ciam\",\"ESPA\u00d1A\",\"MADRID\",\"PATRIMONIO DE LA HUMANIDAD\",\"PROMOCI\u00d3N\",\"UNESCO\"],\"articleSection\":[\"Actualidad\"],\"inLanguage\":\"en-US\"},{\"@type\":\"WebPage\",\"@id\":\"https:\\\/\\\/ciiam.org\\\/en\\\/el-paisaje-de-la-luz-de-madrid-declarado-patrimonio-de-la-humanidad-por-la-unesco\\\/\",\"url\":\"https:\\\/\\\/ciiam.org\\\/en\\\/el-paisaje-de-la-luz-de-madrid-declarado-patrimonio-de-la-humanidad-por-la-unesco\\\/\",\"name\":\"El Paisaje de la Luz de Madrid declarado Patrimonio de la Humanidad por la UNESCO - CIIAM\",\"isPartOf\":{\"@id\":\"https:\\\/\\\/ciiam.org\\\/en\\\/#website\"},\"primaryImageOfPage\":{\"@id\":\"https:\\\/\\\/ciiam.org\\\/en\\\/el-paisaje-de-la-luz-de-madrid-declarado-patrimonio-de-la-humanidad-por-la-unesco\\\/#primaryimage\"},\"image\":{\"@id\":\"https:\\\/\\\/ciiam.org\\\/en\\\/el-paisaje-de-la-luz-de-madrid-declarado-patrimonio-de-la-humanidad-por-la-unesco\\\/#primaryimage\"},\"thumbnailUrl\":\"https:\\\/\\\/ciiam.org\\\/wp-content\\\/uploads\\\/2021\\\/08\\\/el-retiro-park-5048966_960_720.jpg\",\"datePublished\":\"2021-07-28T16:15:13+00:00\",\"dateModified\":\"2021-08-18T16:37:15+00:00\",\"description\":\"El Paisaje de la Luz de Madrid, formado por el Buen Retiro y el Paseo del Prado, ha sido incluida a la lista de la UNESCO\u00a0como Patrimonio de la Humanidad, siendo la primera candidatura europea de un espacio verde urbano.\u00a0\",\"breadcrumb\":{\"@id\":\"https:\\\/\\\/ciiam.org\\\/en\\\/el-paisaje-de-la-luz-de-madrid-declarado-patrimonio-de-la-humanidad-por-la-unesco\\\/#breadcrumb\"},\"inLanguage\":\"en-US\",\"potentialAction\":[{\"@type\":\"ReadAction\",\"target\":[\"https:\\\/\\\/ciiam.org\\\/en\\\/el-paisaje-de-la-luz-de-madrid-declarado-patrimonio-de-la-humanidad-por-la-unesco\\\/\"]}]},{\"@type\":\"ImageObject\",\"inLanguage\":\"en-US\",\"@id\":\"https:\\\/\\\/ciiam.org\\\/en\\\/el-paisaje-de-la-luz-de-madrid-declarado-patrimonio-de-la-humanidad-por-la-unesco\\\/#primaryimage\",\"url\":\"https:\\\/\\\/ciiam.org\\\/wp-content\\\/uploads\\\/2021\\\/08\\\/el-retiro-park-5048966_960_720.jpg\",\"contentUrl\":\"https:\\\/\\\/ciiam.org\\\/wp-content\\\/uploads\\\/2021\\\/08\\\/el-retiro-park-5048966_960_720.jpg\",\"width\":960,\"height\":540},{\"@type\":\"BreadcrumbList\",\"@id\":\"https:\\\/\\\/ciiam.org\\\/en\\\/el-paisaje-de-la-luz-de-madrid-declarado-patrimonio-de-la-humanidad-por-la-unesco\\\/#breadcrumb\",\"itemListElement\":[{\"@type\":\"ListItem\",\"position\":1,\"name\":\"CIAM\",\"item\":\"https:\\\/\\\/ciiam.org\\\/en\\\/\"},{\"@type\":\"ListItem\",\"position\":2,\"name\":\"El Paisaje de la Luz de Madrid declarado Patrimonio de la Humanidad por la UNESCO\"}]},{\"@type\":\"WebSite\",\"@id\":\"https:\\\/\\\/ciiam.org\\\/en\\\/#website\",\"url\":\"https:\\\/\\\/ciiam.org\\\/en\\\/\",\"name\":\"CIIAM\",\"description\":\"Centro Internacional e Iberoamericano de Arbitraje de Madrid\",\"publisher\":{\"@id\":\"https:\\\/\\\/ciiam.org\\\/en\\\/#organization\"},\"potentialAction\":[{\"@type\":\"SearchAction\",\"target\":{\"@type\":\"EntryPoint\",\"urlTemplate\":\"https:\\\/\\\/ciiam.org\\\/en\\\/?s={search_term_string}\"},\"query-input\":{\"@type\":\"PropertyValueSpecification\",\"valueRequired\":true,\"valueName\":\"search_term_string\"}}],\"inLanguage\":\"en-US\"},{\"@type\":\"Organization\",\"@id\":\"https:\\\/\\\/ciiam.org\\\/en\\\/#organization\",\"name\":\"Centro Internacional e Iberoamericano de Arbitraje de Madrid\",\"alternateName\":\"CIIAM\",\"url\":\"https:\\\/\\\/ciiam.org\\\/en\\\/\",\"logo\":{\"@type\":\"ImageObject\",\"inLanguage\":\"en-US\",\"@id\":\"https:\\\/\\\/ciiam.org\\\/en\\\/#\\\/schema\\\/logo\\\/image\\\/\",\"url\":\"https:\\\/\\\/ciiam.org\\\/wp-content\\\/uploads\\\/2026\\\/01\\\/favicon.png\",\"contentUrl\":\"https:\\\/\\\/ciiam.org\\\/wp-content\\\/uploads\\\/2026\\\/01\\\/favicon.png\",\"width\":500,\"height\":500,\"caption\":\"Centro Internacional e Iberoamericano de Arbitraje de Madrid\"},\"image\":{\"@id\":\"https:\\\/\\\/ciiam.org\\\/en\\\/#\\\/schema\\\/logo\\\/image\\\/\"},\"sameAs\":[\"https:\\\/\\\/www.linkedin.com\\\/company\\\/ciam-centro-internacional-arbitraje-madrid?trk=d_public_post_image\",\"https:\\\/\\\/www.youtube.com\\\/channel\\\/UCU2OI7SAQFv5uXAZ4qO4ALg\"]},{\"@type\":\"Person\",\"@id\":\"https:\\\/\\\/ciiam.org\\\/en\\\/#\\\/schema\\\/person\\\/170309de22b0362ceac8fec57efa33d4\",\"name\":\"Ignasi\",\"image\":{\"@type\":\"ImageObject\",\"inLanguage\":\"en-US\",\"@id\":\"https:\\\/\\\/secure.gravatar.com\\\/avatar\\\/7bb88cd75d3644075e4770c73be8bb2f416e51a12aed0949bc658be7801c0218?s=96&d=mm&r=g\",\"url\":\"https:\\\/\\\/secure.gravatar.com\\\/avatar\\\/7bb88cd75d3644075e4770c73be8bb2f416e51a12aed0949bc658be7801c0218?s=96&d=mm&r=g\",\"contentUrl\":\"https:\\\/\\\/secure.gravatar.com\\\/avatar\\\/7bb88cd75d3644075e4770c73be8bb2f416e51a12aed0949bc658be7801c0218?s=96&d=mm&r=g\",\"caption\":\"Ignasi\"},\"url\":\"https:\\\/\\\/ciiam.org\\\/en\\\/author\\\/igdri-62\\\/\"}]}<\/script>\n<!-- \/ Yoast SEO plugin. -->","yoast_head_json":{"title":"El Paisaje de la Luz de Madrid declarado Patrimonio de la Humanidad por la UNESCO - CIIAM","description":"El Paisaje de la Luz de Madrid, formado por el Buen Retiro y el Paseo del Prado, ha sido incluida a la lista de la UNESCO\u00a0como Patrimonio de la Humanidad, siendo la primera candidatura europea de un espacio verde urbano.\u00a0","robots":{"index":"index","follow":"follow","max-snippet":"max-snippet:-1","max-image-preview":"max-image-preview:large","max-video-preview":"max-video-preview:-1"},"canonical":"https:\/\/ciiam.org\/en\/el-paisaje-de-la-luz-de-madrid-declarado-patrimonio-de-la-humanidad-por-la-unesco\/","og_locale":"en_US","og_type":"article","og_title":"El Paisaje de la Luz de Madrid declarado Patrimonio de la Humanidad por la UNESCO - CIIAM","og_description":"El Paisaje de la Luz de Madrid, formado por el Buen Retiro y el Paseo del Prado, ha sido incluida a la lista de la UNESCO\u00a0como Patrimonio de la Humanidad, siendo la primera candidatura europea de un espacio verde urbano.\u00a0","og_url":"https:\/\/ciiam.org\/en\/el-paisaje-de-la-luz-de-madrid-declarado-patrimonio-de-la-humanidad-por-la-unesco\/","og_site_name":"CIIAM","article_published_time":"2021-07-28T16:15:13+00:00","article_modified_time":"2021-08-18T16:37:15+00:00","og_image":[{"width":960,"height":540,"url":"https:\/\/ciiam.org\/wp-content\/uploads\/2021\/08\/el-retiro-park-5048966_960_720.jpg","type":"image\/jpeg"}],"author":"Ignasi","twitter_card":"summary_large_image","twitter_misc":{"Written by":"Ignasi","Est. reading time":"1 minute"},"schema":{"@context":"https:\/\/schema.org","@graph":[{"@type":"Article","@id":"https:\/\/ciiam.org\/en\/el-paisaje-de-la-luz-de-madrid-declarado-patrimonio-de-la-humanidad-por-la-unesco\/#article","isPartOf":{"@id":"https:\/\/ciiam.org\/en\/el-paisaje-de-la-luz-de-madrid-declarado-patrimonio-de-la-humanidad-por-la-unesco\/"},"author":{"name":"Ignasi","@id":"https:\/\/ciiam.org\/en\/#\/schema\/person\/170309de22b0362ceac8fec57efa33d4"},"headline":"El Paisaje de la Luz de Madrid declarado Patrimonio de la Humanidad por la UNESCO","datePublished":"2021-07-28T16:15:13+00:00","dateModified":"2021-08-18T16:37:15+00:00","mainEntityOfPage":{"@id":"https:\/\/ciiam.org\/en\/el-paisaje-de-la-luz-de-madrid-declarado-patrimonio-de-la-humanidad-por-la-unesco\/"},"wordCount":163,"publisher":{"@id":"https:\/\/ciiam.org\/en\/#organization"},"image":{"@id":"https:\/\/ciiam.org\/en\/el-paisaje-de-la-luz-de-madrid-declarado-patrimonio-de-la-humanidad-por-la-unesco\/#primaryimage"},"thumbnailUrl":"https:\/\/ciiam.org\/wp-content\/uploads\/2021\/08\/el-retiro-park-5048966_960_720.jpg","keywords":["Arbitraje","Ciam","ESPA\u00d1A","MADRID","PATRIMONIO DE LA HUMANIDAD","PROMOCI\u00d3N","UNESCO"],"articleSection":["Actualidad"],"inLanguage":"en-US"},{"@type":"WebPage","@id":"https:\/\/ciiam.org\/en\/el-paisaje-de-la-luz-de-madrid-declarado-patrimonio-de-la-humanidad-por-la-unesco\/","url":"https:\/\/ciiam.org\/en\/el-paisaje-de-la-luz-de-madrid-declarado-patrimonio-de-la-humanidad-por-la-unesco\/","name":"El Paisaje de la Luz de Madrid declarado Patrimonio de la Humanidad por la UNESCO - CIIAM","isPartOf":{"@id":"https:\/\/ciiam.org\/en\/#website"},"primaryImageOfPage":{"@id":"https:\/\/ciiam.org\/en\/el-paisaje-de-la-luz-de-madrid-declarado-patrimonio-de-la-humanidad-por-la-unesco\/#primaryimage"},"image":{"@id":"https:\/\/ciiam.org\/en\/el-paisaje-de-la-luz-de-madrid-declarado-patrimonio-de-la-humanidad-por-la-unesco\/#primaryimage"},"thumbnailUrl":"https:\/\/ciiam.org\/wp-content\/uploads\/2021\/08\/el-retiro-park-5048966_960_720.jpg","datePublished":"2021-07-28T16:15:13+00:00","dateModified":"2021-08-18T16:37:15+00:00","description":"El Paisaje de la Luz de Madrid, formado por el Buen Retiro y el Paseo del Prado, ha sido incluida a la lista de la UNESCO\u00a0como Patrimonio de la Humanidad, siendo la primera candidatura europea de un espacio verde urbano.\u00a0","breadcrumb":{"@id":"https:\/\/ciiam.org\/en\/el-paisaje-de-la-luz-de-madrid-declarado-patrimonio-de-la-humanidad-por-la-unesco\/#breadcrumb"},"inLanguage":"en-US","potentialAction":[{"@type":"ReadAction","target":["https:\/\/ciiam.org\/en\/el-paisaje-de-la-luz-de-madrid-declarado-patrimonio-de-la-humanidad-por-la-unesco\/"]}]},{"@type":"ImageObject","inLanguage":"en-US","@id":"https:\/\/ciiam.org\/en\/el-paisaje-de-la-luz-de-madrid-declarado-patrimonio-de-la-humanidad-por-la-unesco\/#primaryimage","url":"https:\/\/ciiam.org\/wp-content\/uploads\/2021\/08\/el-retiro-park-5048966_960_720.jpg","contentUrl":"https:\/\/ciiam.org\/wp-content\/uploads\/2021\/08\/el-retiro-park-5048966_960_720.jpg","width":960,"height":540},{"@type":"BreadcrumbList","@id":"https:\/\/ciiam.org\/en\/el-paisaje-de-la-luz-de-madrid-declarado-patrimonio-de-la-humanidad-por-la-unesco\/#breadcrumb","itemListElement":[{"@type":"ListItem","position":1,"name":"CIAM","item":"https:\/\/ciiam.org\/en\/"},{"@type":"ListItem","position":2,"name":"El Paisaje de la Luz de Madrid declarado Patrimonio de la Humanidad por la UNESCO"}]},{"@type":"WebSite","@id":"https:\/\/ciiam.org\/en\/#website","url":"https:\/\/ciiam.org\/en\/","name":"CIIAM","description":"Centro Internacional e Iberoamericano de Arbitraje de Madrid","publisher":{"@id":"https:\/\/ciiam.org\/en\/#organization"},"potentialAction":[{"@type":"SearchAction","target":{"@type":"EntryPoint","urlTemplate":"https:\/\/ciiam.org\/en\/?s={search_term_string}"},"query-input":{"@type":"PropertyValueSpecification","valueRequired":true,"valueName":"search_term_string"}}],"inLanguage":"en-US"},{"@type":"Organization","@id":"https:\/\/ciiam.org\/en\/#organization","name":"Centro Internacional e Iberoamericano de Arbitraje de Madrid","alternateName":"CIIAM","url":"https:\/\/ciiam.org\/en\/","logo":{"@type":"ImageObject","inLanguage":"en-US","@id":"https:\/\/ciiam.org\/en\/#\/schema\/logo\/image\/","url":"https:\/\/ciiam.org\/wp-content\/uploads\/2026\/01\/favicon.png","contentUrl":"https:\/\/ciiam.org\/wp-content\/uploads\/2026\/01\/favicon.png","width":500,"height":500,"caption":"Centro Internacional e Iberoamericano de Arbitraje de Madrid"},"image":{"@id":"https:\/\/ciiam.org\/en\/#\/schema\/logo\/image\/"},"sameAs":["https:\/\/www.linkedin.com\/company\/ciam-centro-internacional-arbitraje-madrid?trk=d_public_post_image","https:\/\/www.youtube.com\/channel\/UCU2OI7SAQFv5uXAZ4qO4ALg"]},{"@type":"Person","@id":"https:\/\/ciiam.org\/en\/#\/schema\/person\/170309de22b0362ceac8fec57efa33d4","name":"Ignasi","image":{"@type":"ImageObject","inLanguage":"en-US","@id":"https:\/\/secure.gravatar.com\/avatar\/7bb88cd75d3644075e4770c73be8bb2f416e51a12aed0949bc658be7801c0218?s=96&d=mm&r=g","url":"https:\/\/secure.gravatar.com\/avatar\/7bb88cd75d3644075e4770c73be8bb2f416e51a12aed0949bc658be7801c0218?s=96&d=mm&r=g","contentUrl":"https:\/\/secure.gravatar.com\/avatar\/7bb88cd75d3644075e4770c73be8bb2f416e51a12aed0949bc658be7801c0218?s=96&d=mm&r=g","caption":"Ignasi"},"url":"https:\/\/ciiam.org\/en\/author\/igdri-62\/"}]}},"_links":{"self":[{"href":"https:\/\/ciiam.org\/en\/wp-json\/wp\/v2\/posts\/10360","targetHints":{"allow":["GET"]}}],"collection":[{"href":"https:\/\/ciiam.org\/en\/wp-json\/wp\/v2\/posts"}],"about":[{"href":"https:\/\/ciiam.org\/en\/wp-json\/wp\/v2\/types\/post"}],"author":[{"embeddable":true,"href":"https:\/\/ciiam.org\/en\/wp-json\/wp\/v2\/users\/7"}],"replies":[{"embeddable":true,"href":"https:\/\/ciiam.org\/en\/wp-json\/wp\/v2\/comments?post=10360"}],"version-history":[{"count":0,"href":"https:\/\/ciiam.org\/en\/wp-json\/wp\/v2\/posts\/10360\/revisions"}],"wp:featuredmedia":[{"embeddable":true,"href":"https:\/\/ciiam.org\/en\/wp-json\/wp\/v2\/media\/10361"}],"wp:attachment":[{"href":"https:\/\/ciiam.org\/en\/wp-json\/wp\/v2\/media?parent=10360"}],"wp:term":[{"taxonomy":"category","embeddable":true,"href":"https:\/\/ciiam.org\/en\/wp-json\/wp\/v2\/categories?post=10360"},{"taxonomy":"post_tag","embeddable":true,"href":"https:\/\/ciiam.org\/en\/wp-json\/wp\/v2\/tags?post=10360"}],"curies":[{"name":"wp","href":"https:\/\/api.w.org\/{rel}","templated":true}]}}