{"id":10414,"date":"2021-08-24T12:25:01","date_gmt":"2021-08-24T12:25:01","guid":{"rendered":"https:\/\/ciiam.org\/?p=10414"},"modified":"2021-08-27T09:53:37","modified_gmt":"2021-08-27T09:53:37","slug":"acuerdo-de-colaboracion-centro-de-arbitraje-y-mediacion-de-la-camara-de-comercio-de-santiago","status":"publish","type":"post","link":"https:\/\/ciiam.org\/en\/acuerdo-de-colaboracion-centro-de-arbitraje-y-mediacion-de-la-camara-de-comercio-de-santiago\/","title":{"rendered":"Acuerdo de Colaboraci\u00f3n: Centro de Arbitraje y Mediaci\u00f3n de la C\u00e1mara de Comercio de Santiago"},"content":{"rendered":"<p>El Centro de Arbitraje y Mediaci\u00f3n (CAM) de la C\u00e1mara de Comercio de <span class=\"markjy9yz236n\" data-markjs=\"true\" data-ogac=\"\" data-ogab=\"\" data-ogsc=\"\" data-ogsb=\"\">Santiago<\/span>\u00a0(CCS) es una instituci\u00f3n dedicada al arbitraje nacional e internacional, mediaci\u00f3n y dispute boards para la resoluci\u00f3n de conflictos que cuenta con m\u00e1s de 5.038 casos de arbitraje administrados desde su fundaci\u00f3n en 1992.<\/p>\n<p>Desde CIAM (Centro Internacional de Arbitraje de Madrid) estamos agradecidos de colaborar con esta instituci\u00f3n para juntos promover el #ArbitrajeInternacional.<\/p>\n","protected":false},"excerpt":{"rendered":"<p>El Centro de Arbitraje y Mediaci\u00f3n (CAM) de la C\u00e1mara de Comercio de Santiago\u00a0(CCS) es una instituci\u00f3n dedicada al arbitraje nacional e internacional, mediaci\u00f3n y dispute boards para la resoluci\u00f3n de conflictos que cuenta con m\u00e1s de 5.038 casos de arbitraje administrados desde su fundaci\u00f3n en 1992. Desde CIAM (Centro Internacional de Arbitraje de Madrid) [&hellip;]<\/p>\n","protected":false},"author":7,"featured_media":10415,"comment_status":"closed","ping_status":"open","sticky":false,"template":"","format":"standard","meta":{"footnotes":""},"categories":[17],"tags":[141,23,177,185,186,22,154,116,140,187],"class_list":["post-10414","post","type-post","status-publish","format-standard","has-post-thumbnail","hentry","category-actualidad","tag-acuerdo-de-colaboracion","tag-arbitraje","tag-cam","tag-ccs","tag-chile","tag-ciam","tag-espana","tag-internacional","tag-mou","tag-santiago"],"yoast_head":"<!-- This site is optimized with the Yoast SEO plugin v27.3 - https:\/\/yoast.com\/product\/yoast-seo-wordpress\/ -->\n<title>Acuerdo de Colaboraci\u00f3n: Centro de Arbitraje y Mediaci\u00f3n de la C\u00e1mara de Comercio de Santiago - CIIAM<\/title>\n<meta name=\"description\" content=\"CIAM firma un acuerdo de colaboraci\u00f3n para la promoci\u00f3n del arbitraje internacional con el Centro de Arbitraje y Mediaci\u00f3n (CAM) de la C\u00e1mara de Comercio de\u00a0Santiago\u00a0(CCS)\" \/>\n<meta name=\"robots\" content=\"index, follow, max-snippet:-1, max-image-preview:large, max-video-preview:-1\" \/>\n<link rel=\"canonical\" href=\"https:\/\/ciiam.org\/en\/acuerdo-de-colaboracion-centro-de-arbitraje-y-mediacion-de-la-camara-de-comercio-de-santiago\/\" \/>\n<meta property=\"og:locale\" content=\"en_US\" \/>\n<meta property=\"og:type\" content=\"article\" \/>\n<meta property=\"og:title\" content=\"Acuerdo de Colaboraci\u00f3n: Centro de Arbitraje y Mediaci\u00f3n de la C\u00e1mara de Comercio de Santiago - CIIAM\" \/>\n<meta property=\"og:description\" content=\"CIAM firma un acuerdo de colaboraci\u00f3n para la promoci\u00f3n del arbitraje internacional con el Centro de Arbitraje y Mediaci\u00f3n (CAM) de la C\u00e1mara de Comercio de\u00a0Santiago\u00a0(CCS)\" \/>\n<meta property=\"og:url\" content=\"https:\/\/ciiam.org\/en\/acuerdo-de-colaboracion-centro-de-arbitraje-y-mediacion-de-la-camara-de-comercio-de-santiago\/\" \/>\n<meta property=\"og:site_name\" content=\"CIIAM\" \/>\n<meta property=\"article:published_time\" content=\"2021-08-24T12:25:01+00:00\" \/>\n<meta property=\"article:modified_time\" content=\"2021-08-27T09:53:37+00:00\" \/>\n<meta property=\"og:image\" content=\"https:\/\/ciiam.org\/wp-content\/uploads\/2021\/08\/thumbnail_Acuerdo-Chile.png\" \/>\n\t<meta property=\"og:image:width\" content=\"1280\" \/>\n\t<meta property=\"og:image:height\" content=\"720\" \/>\n\t<meta property=\"og:image:type\" content=\"image\/png\" \/>\n<meta name=\"author\" content=\"Ignasi\" \/>\n<meta name=\"twitter:card\" content=\"summary_large_image\" \/>\n<meta name=\"twitter:label1\" content=\"Written by\" \/>\n\t<meta name=\"twitter:data1\" content=\"Ignasi\" \/>\n\t<meta name=\"twitter:label2\" content=\"Est. reading time\" \/>\n\t<meta name=\"twitter:data2\" content=\"1 minute\" \/>\n<script type=\"application\/ld+json\" class=\"yoast-schema-graph\">{\"@context\":\"https:\\\/\\\/schema.org\",\"@graph\":[{\"@type\":\"Article\",\"@id\":\"https:\\\/\\\/ciiam.org\\\/en\\\/acuerdo-de-colaboracion-centro-de-arbitraje-y-mediacion-de-la-camara-de-comercio-de-santiago\\\/#article\",\"isPartOf\":{\"@id\":\"https:\\\/\\\/ciiam.org\\\/en\\\/acuerdo-de-colaboracion-centro-de-arbitraje-y-mediacion-de-la-camara-de-comercio-de-santiago\\\/\"},\"author\":{\"name\":\"Ignasi\",\"@id\":\"https:\\\/\\\/ciiam.org\\\/en\\\/#\\\/schema\\\/person\\\/170309de22b0362ceac8fec57efa33d4\"},\"headline\":\"Acuerdo de Colaboraci\u00f3n: Centro de Arbitraje y Mediaci\u00f3n de la C\u00e1mara de Comercio de Santiago\",\"datePublished\":\"2021-08-24T12:25:01+00:00\",\"dateModified\":\"2021-08-27T09:53:37+00:00\",\"mainEntityOfPage\":{\"@id\":\"https:\\\/\\\/ciiam.org\\\/en\\\/acuerdo-de-colaboracion-centro-de-arbitraje-y-mediacion-de-la-camara-de-comercio-de-santiago\\\/\"},\"wordCount\":92,\"publisher\":{\"@id\":\"https:\\\/\\\/ciiam.org\\\/en\\\/#organization\"},\"image\":{\"@id\":\"https:\\\/\\\/ciiam.org\\\/en\\\/acuerdo-de-colaboracion-centro-de-arbitraje-y-mediacion-de-la-camara-de-comercio-de-santiago\\\/#primaryimage\"},\"thumbnailUrl\":\"https:\\\/\\\/ciiam.org\\\/wp-content\\\/uploads\\\/2021\\\/08\\\/thumbnail_Acuerdo-Chile.png\",\"keywords\":[\"Acuerdo de colaboraci\u00f3n\",\"Arbitraje\",\"CAM\",\"CCS\",\"CHILE\",\"Ciam\",\"ESPA\u00d1A\",\"INTERNACIONAL\",\"MOU\",\"SANTIAGO\"],\"articleSection\":[\"Actualidad\"],\"inLanguage\":\"en-US\"},{\"@type\":\"WebPage\",\"@id\":\"https:\\\/\\\/ciiam.org\\\/en\\\/acuerdo-de-colaboracion-centro-de-arbitraje-y-mediacion-de-la-camara-de-comercio-de-santiago\\\/\",\"url\":\"https:\\\/\\\/ciiam.org\\\/en\\\/acuerdo-de-colaboracion-centro-de-arbitraje-y-mediacion-de-la-camara-de-comercio-de-santiago\\\/\",\"name\":\"Acuerdo de Colaboraci\u00f3n: Centro de Arbitraje y Mediaci\u00f3n de la C\u00e1mara de Comercio de Santiago - CIIAM\",\"isPartOf\":{\"@id\":\"https:\\\/\\\/ciiam.org\\\/en\\\/#website\"},\"primaryImageOfPage\":{\"@id\":\"https:\\\/\\\/ciiam.org\\\/en\\\/acuerdo-de-colaboracion-centro-de-arbitraje-y-mediacion-de-la-camara-de-comercio-de-santiago\\\/#primaryimage\"},\"image\":{\"@id\":\"https:\\\/\\\/ciiam.org\\\/en\\\/acuerdo-de-colaboracion-centro-de-arbitraje-y-mediacion-de-la-camara-de-comercio-de-santiago\\\/#primaryimage\"},\"thumbnailUrl\":\"https:\\\/\\\/ciiam.org\\\/wp-content\\\/uploads\\\/2021\\\/08\\\/thumbnail_Acuerdo-Chile.png\",\"datePublished\":\"2021-08-24T12:25:01+00:00\",\"dateModified\":\"2021-08-27T09:53:37+00:00\",\"description\":\"CIAM firma un acuerdo de colaboraci\u00f3n para la promoci\u00f3n del arbitraje internacional con el Centro de Arbitraje y Mediaci\u00f3n (CAM) de la C\u00e1mara de Comercio de\u00a0Santiago\u00a0(CCS)\",\"breadcrumb\":{\"@id\":\"https:\\\/\\\/ciiam.org\\\/en\\\/acuerdo-de-colaboracion-centro-de-arbitraje-y-mediacion-de-la-camara-de-comercio-de-santiago\\\/#breadcrumb\"},\"inLanguage\":\"en-US\",\"potentialAction\":[{\"@type\":\"ReadAction\",\"target\":[\"https:\\\/\\\/ciiam.org\\\/en\\\/acuerdo-de-colaboracion-centro-de-arbitraje-y-mediacion-de-la-camara-de-comercio-de-santiago\\\/\"]}]},{\"@type\":\"ImageObject\",\"inLanguage\":\"en-US\",\"@id\":\"https:\\\/\\\/ciiam.org\\\/en\\\/acuerdo-de-colaboracion-centro-de-arbitraje-y-mediacion-de-la-camara-de-comercio-de-santiago\\\/#primaryimage\",\"url\":\"https:\\\/\\\/ciiam.org\\\/wp-content\\\/uploads\\\/2021\\\/08\\\/thumbnail_Acuerdo-Chile.png\",\"contentUrl\":\"https:\\\/\\\/ciiam.org\\\/wp-content\\\/uploads\\\/2021\\\/08\\\/thumbnail_Acuerdo-Chile.png\",\"width\":1280,\"height\":720},{\"@type\":\"BreadcrumbList\",\"@id\":\"https:\\\/\\\/ciiam.org\\\/en\\\/acuerdo-de-colaboracion-centro-de-arbitraje-y-mediacion-de-la-camara-de-comercio-de-santiago\\\/#breadcrumb\",\"itemListElement\":[{\"@type\":\"ListItem\",\"position\":1,\"name\":\"CIAM\",\"item\":\"https:\\\/\\\/ciiam.org\\\/en\\\/\"},{\"@type\":\"ListItem\",\"position\":2,\"name\":\"Acuerdo de Colaboraci\u00f3n: Centro de Arbitraje y Mediaci\u00f3n de la C\u00e1mara de Comercio de Santiago\"}]},{\"@type\":\"WebSite\",\"@id\":\"https:\\\/\\\/ciiam.org\\\/en\\\/#website\",\"url\":\"https:\\\/\\\/ciiam.org\\\/en\\\/\",\"name\":\"CIIAM\",\"description\":\"Centro Internacional e Iberoamericano de Arbitraje de Madrid\",\"publisher\":{\"@id\":\"https:\\\/\\\/ciiam.org\\\/en\\\/#organization\"},\"potentialAction\":[{\"@type\":\"SearchAction\",\"target\":{\"@type\":\"EntryPoint\",\"urlTemplate\":\"https:\\\/\\\/ciiam.org\\\/en\\\/?s={search_term_string}\"},\"query-input\":{\"@type\":\"PropertyValueSpecification\",\"valueRequired\":true,\"valueName\":\"search_term_string\"}}],\"inLanguage\":\"en-US\"},{\"@type\":\"Organization\",\"@id\":\"https:\\\/\\\/ciiam.org\\\/en\\\/#organization\",\"name\":\"Centro Internacional e Iberoamericano de Arbitraje de Madrid\",\"alternateName\":\"CIIAM\",\"url\":\"https:\\\/\\\/ciiam.org\\\/en\\\/\",\"logo\":{\"@type\":\"ImageObject\",\"inLanguage\":\"en-US\",\"@id\":\"https:\\\/\\\/ciiam.org\\\/en\\\/#\\\/schema\\\/logo\\\/image\\\/\",\"url\":\"https:\\\/\\\/ciiam.org\\\/wp-content\\\/uploads\\\/2026\\\/01\\\/favicon.png\",\"contentUrl\":\"https:\\\/\\\/ciiam.org\\\/wp-content\\\/uploads\\\/2026\\\/01\\\/favicon.png\",\"width\":500,\"height\":500,\"caption\":\"Centro Internacional e Iberoamericano de Arbitraje de Madrid\"},\"image\":{\"@id\":\"https:\\\/\\\/ciiam.org\\\/en\\\/#\\\/schema\\\/logo\\\/image\\\/\"},\"sameAs\":[\"https:\\\/\\\/www.linkedin.com\\\/company\\\/ciam-centro-internacional-arbitraje-madrid?trk=d_public_post_image\",\"https:\\\/\\\/www.youtube.com\\\/channel\\\/UCU2OI7SAQFv5uXAZ4qO4ALg\"]},{\"@type\":\"Person\",\"@id\":\"https:\\\/\\\/ciiam.org\\\/en\\\/#\\\/schema\\\/person\\\/170309de22b0362ceac8fec57efa33d4\",\"name\":\"Ignasi\",\"image\":{\"@type\":\"ImageObject\",\"inLanguage\":\"en-US\",\"@id\":\"https:\\\/\\\/secure.gravatar.com\\\/avatar\\\/7bb88cd75d3644075e4770c73be8bb2f416e51a12aed0949bc658be7801c0218?s=96&d=mm&r=g\",\"url\":\"https:\\\/\\\/secure.gravatar.com\\\/avatar\\\/7bb88cd75d3644075e4770c73be8bb2f416e51a12aed0949bc658be7801c0218?s=96&d=mm&r=g\",\"contentUrl\":\"https:\\\/\\\/secure.gravatar.com\\\/avatar\\\/7bb88cd75d3644075e4770c73be8bb2f416e51a12aed0949bc658be7801c0218?s=96&d=mm&r=g\",\"caption\":\"Ignasi\"},\"url\":\"https:\\\/\\\/ciiam.org\\\/en\\\/author\\\/igdri-62\\\/\"}]}<\/script>\n<!-- \/ Yoast SEO plugin. -->","yoast_head_json":{"title":"Acuerdo de Colaboraci\u00f3n: Centro de Arbitraje y Mediaci\u00f3n de la C\u00e1mara de Comercio de Santiago - CIIAM","description":"CIAM firma un acuerdo de colaboraci\u00f3n para la promoci\u00f3n del arbitraje internacional con el Centro de Arbitraje y Mediaci\u00f3n (CAM) de la C\u00e1mara de Comercio de\u00a0Santiago\u00a0(CCS)","robots":{"index":"index","follow":"follow","max-snippet":"max-snippet:-1","max-image-preview":"max-image-preview:large","max-video-preview":"max-video-preview:-1"},"canonical":"https:\/\/ciiam.org\/en\/acuerdo-de-colaboracion-centro-de-arbitraje-y-mediacion-de-la-camara-de-comercio-de-santiago\/","og_locale":"en_US","og_type":"article","og_title":"Acuerdo de Colaboraci\u00f3n: Centro de Arbitraje y Mediaci\u00f3n de la C\u00e1mara de Comercio de Santiago - CIIAM","og_description":"CIAM firma un acuerdo de colaboraci\u00f3n para la promoci\u00f3n del arbitraje internacional con el Centro de Arbitraje y Mediaci\u00f3n (CAM) de la C\u00e1mara de Comercio de\u00a0Santiago\u00a0(CCS)","og_url":"https:\/\/ciiam.org\/en\/acuerdo-de-colaboracion-centro-de-arbitraje-y-mediacion-de-la-camara-de-comercio-de-santiago\/","og_site_name":"CIIAM","article_published_time":"2021-08-24T12:25:01+00:00","article_modified_time":"2021-08-27T09:53:37+00:00","og_image":[{"width":1280,"height":720,"url":"https:\/\/ciiam.org\/wp-content\/uploads\/2021\/08\/thumbnail_Acuerdo-Chile.png","type":"image\/png"}],"author":"Ignasi","twitter_card":"summary_large_image","twitter_misc":{"Written by":"Ignasi","Est. reading time":"1 minute"},"schema":{"@context":"https:\/\/schema.org","@graph":[{"@type":"Article","@id":"https:\/\/ciiam.org\/en\/acuerdo-de-colaboracion-centro-de-arbitraje-y-mediacion-de-la-camara-de-comercio-de-santiago\/#article","isPartOf":{"@id":"https:\/\/ciiam.org\/en\/acuerdo-de-colaboracion-centro-de-arbitraje-y-mediacion-de-la-camara-de-comercio-de-santiago\/"},"author":{"name":"Ignasi","@id":"https:\/\/ciiam.org\/en\/#\/schema\/person\/170309de22b0362ceac8fec57efa33d4"},"headline":"Acuerdo de Colaboraci\u00f3n: Centro de Arbitraje y Mediaci\u00f3n de la C\u00e1mara de Comercio de Santiago","datePublished":"2021-08-24T12:25:01+00:00","dateModified":"2021-08-27T09:53:37+00:00","mainEntityOfPage":{"@id":"https:\/\/ciiam.org\/en\/acuerdo-de-colaboracion-centro-de-arbitraje-y-mediacion-de-la-camara-de-comercio-de-santiago\/"},"wordCount":92,"publisher":{"@id":"https:\/\/ciiam.org\/en\/#organization"},"image":{"@id":"https:\/\/ciiam.org\/en\/acuerdo-de-colaboracion-centro-de-arbitraje-y-mediacion-de-la-camara-de-comercio-de-santiago\/#primaryimage"},"thumbnailUrl":"https:\/\/ciiam.org\/wp-content\/uploads\/2021\/08\/thumbnail_Acuerdo-Chile.png","keywords":["Acuerdo de colaboraci\u00f3n","Arbitraje","CAM","CCS","CHILE","Ciam","ESPA\u00d1A","INTERNACIONAL","MOU","SANTIAGO"],"articleSection":["Actualidad"],"inLanguage":"en-US"},{"@type":"WebPage","@id":"https:\/\/ciiam.org\/en\/acuerdo-de-colaboracion-centro-de-arbitraje-y-mediacion-de-la-camara-de-comercio-de-santiago\/","url":"https:\/\/ciiam.org\/en\/acuerdo-de-colaboracion-centro-de-arbitraje-y-mediacion-de-la-camara-de-comercio-de-santiago\/","name":"Acuerdo de Colaboraci\u00f3n: Centro de Arbitraje y Mediaci\u00f3n de la C\u00e1mara de Comercio de Santiago - CIIAM","isPartOf":{"@id":"https:\/\/ciiam.org\/en\/#website"},"primaryImageOfPage":{"@id":"https:\/\/ciiam.org\/en\/acuerdo-de-colaboracion-centro-de-arbitraje-y-mediacion-de-la-camara-de-comercio-de-santiago\/#primaryimage"},"image":{"@id":"https:\/\/ciiam.org\/en\/acuerdo-de-colaboracion-centro-de-arbitraje-y-mediacion-de-la-camara-de-comercio-de-santiago\/#primaryimage"},"thumbnailUrl":"https:\/\/ciiam.org\/wp-content\/uploads\/2021\/08\/thumbnail_Acuerdo-Chile.png","datePublished":"2021-08-24T12:25:01+00:00","dateModified":"2021-08-27T09:53:37+00:00","description":"CIAM firma un acuerdo de colaboraci\u00f3n para la promoci\u00f3n del arbitraje internacional con el Centro de Arbitraje y Mediaci\u00f3n (CAM) de la C\u00e1mara de Comercio de\u00a0Santiago\u00a0(CCS)","breadcrumb":{"@id":"https:\/\/ciiam.org\/en\/acuerdo-de-colaboracion-centro-de-arbitraje-y-mediacion-de-la-camara-de-comercio-de-santiago\/#breadcrumb"},"inLanguage":"en-US","potentialAction":[{"@type":"ReadAction","target":["https:\/\/ciiam.org\/en\/acuerdo-de-colaboracion-centro-de-arbitraje-y-mediacion-de-la-camara-de-comercio-de-santiago\/"]}]},{"@type":"ImageObject","inLanguage":"en-US","@id":"https:\/\/ciiam.org\/en\/acuerdo-de-colaboracion-centro-de-arbitraje-y-mediacion-de-la-camara-de-comercio-de-santiago\/#primaryimage","url":"https:\/\/ciiam.org\/wp-content\/uploads\/2021\/08\/thumbnail_Acuerdo-Chile.png","contentUrl":"https:\/\/ciiam.org\/wp-content\/uploads\/2021\/08\/thumbnail_Acuerdo-Chile.png","width":1280,"height":720},{"@type":"BreadcrumbList","@id":"https:\/\/ciiam.org\/en\/acuerdo-de-colaboracion-centro-de-arbitraje-y-mediacion-de-la-camara-de-comercio-de-santiago\/#breadcrumb","itemListElement":[{"@type":"ListItem","position":1,"name":"CIAM","item":"https:\/\/ciiam.org\/en\/"},{"@type":"ListItem","position":2,"name":"Acuerdo de Colaboraci\u00f3n: Centro de Arbitraje y Mediaci\u00f3n de la C\u00e1mara de Comercio de Santiago"}]},{"@type":"WebSite","@id":"https:\/\/ciiam.org\/en\/#website","url":"https:\/\/ciiam.org\/en\/","name":"CIIAM","description":"Centro Internacional e Iberoamericano de Arbitraje de Madrid","publisher":{"@id":"https:\/\/ciiam.org\/en\/#organization"},"potentialAction":[{"@type":"SearchAction","target":{"@type":"EntryPoint","urlTemplate":"https:\/\/ciiam.org\/en\/?s={search_term_string}"},"query-input":{"@type":"PropertyValueSpecification","valueRequired":true,"valueName":"search_term_string"}}],"inLanguage":"en-US"},{"@type":"Organization","@id":"https:\/\/ciiam.org\/en\/#organization","name":"Centro Internacional e Iberoamericano de Arbitraje de Madrid","alternateName":"CIIAM","url":"https:\/\/ciiam.org\/en\/","logo":{"@type":"ImageObject","inLanguage":"en-US","@id":"https:\/\/ciiam.org\/en\/#\/schema\/logo\/image\/","url":"https:\/\/ciiam.org\/wp-content\/uploads\/2026\/01\/favicon.png","contentUrl":"https:\/\/ciiam.org\/wp-content\/uploads\/2026\/01\/favicon.png","width":500,"height":500,"caption":"Centro Internacional e Iberoamericano de Arbitraje de Madrid"},"image":{"@id":"https:\/\/ciiam.org\/en\/#\/schema\/logo\/image\/"},"sameAs":["https:\/\/www.linkedin.com\/company\/ciam-centro-internacional-arbitraje-madrid?trk=d_public_post_image","https:\/\/www.youtube.com\/channel\/UCU2OI7SAQFv5uXAZ4qO4ALg"]},{"@type":"Person","@id":"https:\/\/ciiam.org\/en\/#\/schema\/person\/170309de22b0362ceac8fec57efa33d4","name":"Ignasi","image":{"@type":"ImageObject","inLanguage":"en-US","@id":"https:\/\/secure.gravatar.com\/avatar\/7bb88cd75d3644075e4770c73be8bb2f416e51a12aed0949bc658be7801c0218?s=96&d=mm&r=g","url":"https:\/\/secure.gravatar.com\/avatar\/7bb88cd75d3644075e4770c73be8bb2f416e51a12aed0949bc658be7801c0218?s=96&d=mm&r=g","contentUrl":"https:\/\/secure.gravatar.com\/avatar\/7bb88cd75d3644075e4770c73be8bb2f416e51a12aed0949bc658be7801c0218?s=96&d=mm&r=g","caption":"Ignasi"},"url":"https:\/\/ciiam.org\/en\/author\/igdri-62\/"}]}},"_links":{"self":[{"href":"https:\/\/ciiam.org\/en\/wp-json\/wp\/v2\/posts\/10414","targetHints":{"allow":["GET"]}}],"collection":[{"href":"https:\/\/ciiam.org\/en\/wp-json\/wp\/v2\/posts"}],"about":[{"href":"https:\/\/ciiam.org\/en\/wp-json\/wp\/v2\/types\/post"}],"author":[{"embeddable":true,"href":"https:\/\/ciiam.org\/en\/wp-json\/wp\/v2\/users\/7"}],"replies":[{"embeddable":true,"href":"https:\/\/ciiam.org\/en\/wp-json\/wp\/v2\/comments?post=10414"}],"version-history":[{"count":0,"href":"https:\/\/ciiam.org\/en\/wp-json\/wp\/v2\/posts\/10414\/revisions"}],"wp:featuredmedia":[{"embeddable":true,"href":"https:\/\/ciiam.org\/en\/wp-json\/wp\/v2\/media\/10415"}],"wp:attachment":[{"href":"https:\/\/ciiam.org\/en\/wp-json\/wp\/v2\/media?parent=10414"}],"wp:term":[{"taxonomy":"category","embeddable":true,"href":"https:\/\/ciiam.org\/en\/wp-json\/wp\/v2\/categories?post=10414"},{"taxonomy":"post_tag","embeddable":true,"href":"https:\/\/ciiam.org\/en\/wp-json\/wp\/v2\/tags?post=10414"}],"curies":[{"name":"wp","href":"https:\/\/api.w.org\/{rel}","templated":true}]}}