{"id":11100,"date":"2021-10-22T09:48:24","date_gmt":"2021-10-22T09:48:24","guid":{"rendered":"https:\/\/ciiam.org\/?p=11100"},"modified":"2021-10-25T10:12:29","modified_gmt":"2021-10-25T10:12:29","slug":"ciam-y-seaida-han-firmado-un-acuerdo-para-colaborar-en-la-promocion-y-difusion-del-arbitrajeinternacional-relacionado-con-el-sector-de-seguros-y-fondos-de-pensiones","status":"publish","type":"post","link":"https:\/\/ciiam.org\/en\/ciam-y-seaida-han-firmado-un-acuerdo-para-colaborar-en-la-promocion-y-difusion-del-arbitrajeinternacional-relacionado-con-el-sector-de-seguros-y-fondos-de-pensiones\/","title":{"rendered":"CIAM y\u00a0SEAIDA\u00a0han firmado un acuerdo para la promoci\u00f3n y difusi\u00f3n del\u00a0Arbitraje\u00a0en el sector de seguros y fondos de pensiones."},"content":{"rendered":"<p><a href=\"https:\/\/www.linkedin.com\/company\/ciam-centro-internacional-arbitraje-madrid\/\" data-attribute-index=\"0\" data-entity-hovercard-id=\"urn:li:fs_miniCompany:37226932\" data-entity-type=\"MINI_COMPANY\">CIAM (Centro Internacional de Arbitraje de Madrid) <\/a>y\u00a0<a href=\"https:\/\/www.linkedin.com\/in\/ACoAADM6P_4BiG5xkN0w_hzm3t7cRUcnh0ApiGk\" data-attribute-index=\"2\" data-entity-hovercard-id=\"urn:li:fs_miniProfile:ACoAADM6P_4BiG5xkN0w_hzm3t7cRUcnh0ApiGk\" data-entity-type=\"MINI_PROFILE\">SEAIDA Asociaci\u00f3n Internac. Derecho de Seguros<\/a>\u00a0han firmado un acuerdo para colaborar en la promoci\u00f3n y difusi\u00f3n del\u00a0<a href=\"https:\/\/www.linkedin.com\/feed\/hashtag\/?keywords=arbitrajeinternacional&amp;highlightedUpdateUrns=urn%3Ali%3Aactivity%3A6856957578807668736\" data-attribute-index=\"4\">#ArbitrajeInternacional<\/a>\u00a0relacionado con el sector de seguros y fondos de pensiones.<\/p>\n<p>Art\u00edculo completo con declaraciones de <a href=\"https:\/\/www.linkedin.com\/in\/ACoAADCZSlIBegV6FuVIATyBwPh3d_hK2hv2p-Q\" data-attribute-index=\"5\" data-entity-hovercard-id=\"urn:li:fs_miniProfile:ACoAADCZSlIBegV6FuVIATyBwPh3d_hK2hv2p-Q\" data-entity-type=\"MINI_PROFILE\">Jos\u00e9 Antonio Ca\u00ednzos Fern\u00e1ndez<\/a>, presidente de\u00a0<a href=\"https:\/\/www.linkedin.com\/company\/ciam-centro-internacional-arbitraje-madrid\/\" data-attribute-index=\"7\" data-entity-hovercard-id=\"urn:li:fs_miniCompany:37226932\" data-entity-type=\"MINI_COMPANY\">CIAM (Centro Internacional de Arbitraje de Madrid)\u00a0<\/a>, y Rafael Illescas, presidente de\u00a0<a href=\"https:\/\/www.linkedin.com\/in\/ACoAADM6P_4BiG5xkN0w_hzm3t7cRUcnh0ApiGk\" data-attribute-index=\"9\" data-entity-hovercard-id=\"urn:li:fs_miniProfile:ACoAADM6P_4BiG5xkN0w_hzm3t7cRUcnh0ApiGk\" data-entity-type=\"MINI_PROFILE\">SEAIDA Asociaci\u00f3n Internac. Derecho de Seguros<\/a>\u00a0<a href=\"https:\/\/lnkd.in\/dmjTqccM\" data-attribute-index=\"11\">https:\/\/lnkd.in\/dmjTqccM<\/a><\/p>\n<p>Leer la noticia en <a href=\"https:\/\/www.grupoaseguranza.com\/noticias-de-seguros\/seaida-alia-ciam-para-promocionar-arbitraje-internacional-sector\">Grupo Aseguranza\u00a0<\/a><\/p>\n<p>Leer la noticia en <a href=\"https:\/\/www.pressdigital.es\/texto-diario\/mostrar\/3240822\/ciam-seaida-firman-acuerdo-promover-arbitraje-internacional-seguros-fondos-pensiones\">Press Digital\u00a0<\/a><\/p>\n<p>Leer la noticia en <a href=\"https:\/\/www.elconfidencialdigital.com\/articulo\/ultima-hora\/ciam-seaida-firman-acuerdo-promover-arbitraje-internacional-seguros-fondos-pensiones\/20211020121221291046.html\">Confidencial Digital <\/a><\/p>\n<p>Leer la noticia en <a href=\"https:\/\/www.lawyerpress.com\/2021\/10\/21\/ciam-y-seaida-firman-un-acuerdo-para-promocionar-el-arbitraje-en-el-sector-asegurador\/\">Lawyer Press<\/a><\/p>\n","protected":false},"excerpt":{"rendered":"<p>CIAM (Centro Internacional de Arbitraje de Madrid) y\u00a0SEAIDA Asociaci\u00f3n Internac. Derecho de Seguros\u00a0han firmado un acuerdo para colaborar en la promoci\u00f3n y difusi\u00f3n del\u00a0#ArbitrajeInternacional\u00a0relacionado con el sector de seguros y fondos de pensiones. Art\u00edculo completo con declaraciones de Jos\u00e9 Antonio Ca\u00ednzos Fern\u00e1ndez, presidente de\u00a0CIAM (Centro Internacional de Arbitraje de Madrid)\u00a0, y Rafael Illescas, presidente de\u00a0SEAIDA [&hellip;]<\/p>\n","protected":false},"author":10,"featured_media":11101,"comment_status":"closed","ping_status":"open","sticky":false,"template":"","format":"standard","meta":{"footnotes":""},"categories":[17],"tags":[141,22,218,219],"class_list":["post-11100","post","type-post","status-publish","format-standard","has-post-thumbnail","hentry","category-actualidad","tag-acuerdo-de-colaboracion","tag-ciam","tag-seaida","tag-seguros"],"yoast_head":"<!-- This site is optimized with the Yoast SEO plugin v27.3 - https:\/\/yoast.com\/product\/yoast-seo-wordpress\/ -->\n<title>CIAM y\u00a0SEAIDA\u00a0han firmado un acuerdo para la promoci\u00f3n y difusi\u00f3n del\u00a0Arbitraje\u00a0en el sector de seguros y fondos de pensiones. - CIIAM<\/title>\n<meta name=\"description\" content=\"CIAM y\u00a0SEAIDA\u00a0han firmado un acuerdo para colaborar en la promoci\u00f3n y difusi\u00f3n del\u00a0#ArbitrajeInternacional relacionado con el sector de seguros y fondos de pensiones.\" \/>\n<meta name=\"robots\" content=\"index, follow, max-snippet:-1, max-image-preview:large, max-video-preview:-1\" \/>\n<link rel=\"canonical\" href=\"https:\/\/ciiam.org\/en\/ciam-y-seaida-han-firmado-un-acuerdo-para-colaborar-en-la-promocion-y-difusion-del-arbitrajeinternacional-relacionado-con-el-sector-de-seguros-y-fondos-de-pensiones\/\" \/>\n<meta property=\"og:locale\" content=\"en_US\" \/>\n<meta property=\"og:type\" content=\"article\" \/>\n<meta property=\"og:title\" content=\"CIAM y\u00a0SEAIDA\u00a0han firmado un acuerdo para la promoci\u00f3n y difusi\u00f3n del\u00a0Arbitraje\u00a0en el sector de seguros y fondos de pensiones. - CIIAM\" \/>\n<meta property=\"og:description\" content=\"CIAM y\u00a0SEAIDA\u00a0han firmado un acuerdo para colaborar en la promoci\u00f3n y difusi\u00f3n del\u00a0#ArbitrajeInternacional relacionado con el sector de seguros y fondos de pensiones.\" \/>\n<meta property=\"og:url\" content=\"https:\/\/ciiam.org\/en\/ciam-y-seaida-han-firmado-un-acuerdo-para-colaborar-en-la-promocion-y-difusion-del-arbitrajeinternacional-relacionado-con-el-sector-de-seguros-y-fondos-de-pensiones\/\" \/>\n<meta property=\"og:site_name\" content=\"CIIAM\" \/>\n<meta property=\"article:published_time\" content=\"2021-10-22T09:48:24+00:00\" \/>\n<meta property=\"article:modified_time\" content=\"2021-10-25T10:12:29+00:00\" \/>\n<meta property=\"og:image\" content=\"https:\/\/ciiam.org\/wp-content\/uploads\/2021\/10\/1634824658388.jpg\" \/>\n\t<meta property=\"og:image:width\" content=\"1200\" \/>\n\t<meta property=\"og:image:height\" content=\"347\" \/>\n\t<meta property=\"og:image:type\" content=\"image\/jpeg\" \/>\n<meta name=\"author\" content=\"CIAM Noticias\" \/>\n<meta name=\"twitter:card\" content=\"summary_large_image\" \/>\n<meta name=\"twitter:label1\" content=\"Written by\" \/>\n\t<meta name=\"twitter:data1\" content=\"CIAM Noticias\" \/>\n\t<meta name=\"twitter:label2\" content=\"Est. reading time\" \/>\n\t<meta name=\"twitter:data2\" content=\"1 minute\" \/>\n<script type=\"application\/ld+json\" class=\"yoast-schema-graph\">{\"@context\":\"https:\\\/\\\/schema.org\",\"@graph\":[{\"@type\":\"Article\",\"@id\":\"https:\\\/\\\/ciiam.org\\\/en\\\/ciam-y-seaida-han-firmado-un-acuerdo-para-colaborar-en-la-promocion-y-difusion-del-arbitrajeinternacional-relacionado-con-el-sector-de-seguros-y-fondos-de-pensiones\\\/#article\",\"isPartOf\":{\"@id\":\"https:\\\/\\\/ciiam.org\\\/en\\\/ciam-y-seaida-han-firmado-un-acuerdo-para-colaborar-en-la-promocion-y-difusion-del-arbitrajeinternacional-relacionado-con-el-sector-de-seguros-y-fondos-de-pensiones\\\/\"},\"author\":{\"name\":\"CIAM Noticias\",\"@id\":\"https:\\\/\\\/ciiam.org\\\/en\\\/#\\\/schema\\\/person\\\/fb1a957c6a1033311cb7f2ed37095712\"},\"headline\":\"CIAM y\u00a0SEAIDA\u00a0han firmado un acuerdo para la promoci\u00f3n y difusi\u00f3n del\u00a0Arbitraje\u00a0en el sector de seguros y fondos de pensiones.\",\"datePublished\":\"2021-10-22T09:48:24+00:00\",\"dateModified\":\"2021-10-25T10:12:29+00:00\",\"mainEntityOfPage\":{\"@id\":\"https:\\\/\\\/ciiam.org\\\/en\\\/ciam-y-seaida-han-firmado-un-acuerdo-para-colaborar-en-la-promocion-y-difusion-del-arbitrajeinternacional-relacionado-con-el-sector-de-seguros-y-fondos-de-pensiones\\\/\"},\"wordCount\":126,\"publisher\":{\"@id\":\"https:\\\/\\\/ciiam.org\\\/en\\\/#organization\"},\"image\":{\"@id\":\"https:\\\/\\\/ciiam.org\\\/en\\\/ciam-y-seaida-han-firmado-un-acuerdo-para-colaborar-en-la-promocion-y-difusion-del-arbitrajeinternacional-relacionado-con-el-sector-de-seguros-y-fondos-de-pensiones\\\/#primaryimage\"},\"thumbnailUrl\":\"https:\\\/\\\/ciiam.org\\\/wp-content\\\/uploads\\\/2021\\\/10\\\/1634824658388.jpg\",\"keywords\":[\"Acuerdo de colaboraci\u00f3n\",\"Ciam\",\"Seaida\",\"Seguros\"],\"articleSection\":[\"Actualidad\"],\"inLanguage\":\"en-US\"},{\"@type\":\"WebPage\",\"@id\":\"https:\\\/\\\/ciiam.org\\\/en\\\/ciam-y-seaida-han-firmado-un-acuerdo-para-colaborar-en-la-promocion-y-difusion-del-arbitrajeinternacional-relacionado-con-el-sector-de-seguros-y-fondos-de-pensiones\\\/\",\"url\":\"https:\\\/\\\/ciiam.org\\\/en\\\/ciam-y-seaida-han-firmado-un-acuerdo-para-colaborar-en-la-promocion-y-difusion-del-arbitrajeinternacional-relacionado-con-el-sector-de-seguros-y-fondos-de-pensiones\\\/\",\"name\":\"CIAM y\u00a0SEAIDA\u00a0han firmado un acuerdo para la promoci\u00f3n y difusi\u00f3n del\u00a0Arbitraje\u00a0en el sector de seguros y fondos de pensiones. - CIIAM\",\"isPartOf\":{\"@id\":\"https:\\\/\\\/ciiam.org\\\/en\\\/#website\"},\"primaryImageOfPage\":{\"@id\":\"https:\\\/\\\/ciiam.org\\\/en\\\/ciam-y-seaida-han-firmado-un-acuerdo-para-colaborar-en-la-promocion-y-difusion-del-arbitrajeinternacional-relacionado-con-el-sector-de-seguros-y-fondos-de-pensiones\\\/#primaryimage\"},\"image\":{\"@id\":\"https:\\\/\\\/ciiam.org\\\/en\\\/ciam-y-seaida-han-firmado-un-acuerdo-para-colaborar-en-la-promocion-y-difusion-del-arbitrajeinternacional-relacionado-con-el-sector-de-seguros-y-fondos-de-pensiones\\\/#primaryimage\"},\"thumbnailUrl\":\"https:\\\/\\\/ciiam.org\\\/wp-content\\\/uploads\\\/2021\\\/10\\\/1634824658388.jpg\",\"datePublished\":\"2021-10-22T09:48:24+00:00\",\"dateModified\":\"2021-10-25T10:12:29+00:00\",\"description\":\"CIAM y\u00a0SEAIDA\u00a0han firmado un acuerdo para colaborar en la promoci\u00f3n y difusi\u00f3n del\u00a0#ArbitrajeInternacional relacionado con el sector de seguros y fondos de pensiones.\",\"breadcrumb\":{\"@id\":\"https:\\\/\\\/ciiam.org\\\/en\\\/ciam-y-seaida-han-firmado-un-acuerdo-para-colaborar-en-la-promocion-y-difusion-del-arbitrajeinternacional-relacionado-con-el-sector-de-seguros-y-fondos-de-pensiones\\\/#breadcrumb\"},\"inLanguage\":\"en-US\",\"potentialAction\":[{\"@type\":\"ReadAction\",\"target\":[\"https:\\\/\\\/ciiam.org\\\/en\\\/ciam-y-seaida-han-firmado-un-acuerdo-para-colaborar-en-la-promocion-y-difusion-del-arbitrajeinternacional-relacionado-con-el-sector-de-seguros-y-fondos-de-pensiones\\\/\"]}]},{\"@type\":\"ImageObject\",\"inLanguage\":\"en-US\",\"@id\":\"https:\\\/\\\/ciiam.org\\\/en\\\/ciam-y-seaida-han-firmado-un-acuerdo-para-colaborar-en-la-promocion-y-difusion-del-arbitrajeinternacional-relacionado-con-el-sector-de-seguros-y-fondos-de-pensiones\\\/#primaryimage\",\"url\":\"https:\\\/\\\/ciiam.org\\\/wp-content\\\/uploads\\\/2021\\\/10\\\/1634824658388.jpg\",\"contentUrl\":\"https:\\\/\\\/ciiam.org\\\/wp-content\\\/uploads\\\/2021\\\/10\\\/1634824658388.jpg\",\"width\":1200,\"height\":347},{\"@type\":\"BreadcrumbList\",\"@id\":\"https:\\\/\\\/ciiam.org\\\/en\\\/ciam-y-seaida-han-firmado-un-acuerdo-para-colaborar-en-la-promocion-y-difusion-del-arbitrajeinternacional-relacionado-con-el-sector-de-seguros-y-fondos-de-pensiones\\\/#breadcrumb\",\"itemListElement\":[{\"@type\":\"ListItem\",\"position\":1,\"name\":\"CIAM\",\"item\":\"https:\\\/\\\/ciiam.org\\\/en\\\/\"},{\"@type\":\"ListItem\",\"position\":2,\"name\":\"CIAM y\u00a0SEAIDA\u00a0han firmado un acuerdo para la promoci\u00f3n y difusi\u00f3n del\u00a0Arbitraje\u00a0en el sector de seguros y fondos de pensiones.\"}]},{\"@type\":\"WebSite\",\"@id\":\"https:\\\/\\\/ciiam.org\\\/en\\\/#website\",\"url\":\"https:\\\/\\\/ciiam.org\\\/en\\\/\",\"name\":\"CIIAM\",\"description\":\"Centro Internacional e Iberoamericano de Arbitraje de Madrid\",\"publisher\":{\"@id\":\"https:\\\/\\\/ciiam.org\\\/en\\\/#organization\"},\"potentialAction\":[{\"@type\":\"SearchAction\",\"target\":{\"@type\":\"EntryPoint\",\"urlTemplate\":\"https:\\\/\\\/ciiam.org\\\/en\\\/?s={search_term_string}\"},\"query-input\":{\"@type\":\"PropertyValueSpecification\",\"valueRequired\":true,\"valueName\":\"search_term_string\"}}],\"inLanguage\":\"en-US\"},{\"@type\":\"Organization\",\"@id\":\"https:\\\/\\\/ciiam.org\\\/en\\\/#organization\",\"name\":\"Centro Internacional e Iberoamericano de Arbitraje de Madrid\",\"alternateName\":\"CIIAM\",\"url\":\"https:\\\/\\\/ciiam.org\\\/en\\\/\",\"logo\":{\"@type\":\"ImageObject\",\"inLanguage\":\"en-US\",\"@id\":\"https:\\\/\\\/ciiam.org\\\/en\\\/#\\\/schema\\\/logo\\\/image\\\/\",\"url\":\"https:\\\/\\\/ciiam.org\\\/wp-content\\\/uploads\\\/2026\\\/01\\\/favicon.png\",\"contentUrl\":\"https:\\\/\\\/ciiam.org\\\/wp-content\\\/uploads\\\/2026\\\/01\\\/favicon.png\",\"width\":500,\"height\":500,\"caption\":\"Centro Internacional e Iberoamericano de Arbitraje de Madrid\"},\"image\":{\"@id\":\"https:\\\/\\\/ciiam.org\\\/en\\\/#\\\/schema\\\/logo\\\/image\\\/\"},\"sameAs\":[\"https:\\\/\\\/www.linkedin.com\\\/company\\\/ciam-centro-internacional-arbitraje-madrid?trk=d_public_post_image\",\"https:\\\/\\\/www.youtube.com\\\/channel\\\/UCU2OI7SAQFv5uXAZ4qO4ALg\"]},{\"@type\":\"Person\",\"@id\":\"https:\\\/\\\/ciiam.org\\\/en\\\/#\\\/schema\\\/person\\\/fb1a957c6a1033311cb7f2ed37095712\",\"name\":\"CIAM Noticias\",\"image\":{\"@type\":\"ImageObject\",\"inLanguage\":\"en-US\",\"@id\":\"https:\\\/\\\/secure.gravatar.com\\\/avatar\\\/966852b49cc4ce607aa677110fc17615e164a6f3cdd773ccc9753e7faf3dacc1?s=96&d=mm&r=g\",\"url\":\"https:\\\/\\\/secure.gravatar.com\\\/avatar\\\/966852b49cc4ce607aa677110fc17615e164a6f3cdd773ccc9753e7faf3dacc1?s=96&d=mm&r=g\",\"contentUrl\":\"https:\\\/\\\/secure.gravatar.com\\\/avatar\\\/966852b49cc4ce607aa677110fc17615e164a6f3cdd773ccc9753e7faf3dacc1?s=96&d=mm&r=g\",\"caption\":\"CIAM Noticias\"},\"url\":\"https:\\\/\\\/ciiam.org\\\/en\\\/author\\\/cinewsam21\\\/\"}]}<\/script>\n<!-- \/ Yoast SEO plugin. -->","yoast_head_json":{"title":"CIAM y\u00a0SEAIDA\u00a0han firmado un acuerdo para la promoci\u00f3n y difusi\u00f3n del\u00a0Arbitraje\u00a0en el sector de seguros y fondos de pensiones. - CIIAM","description":"CIAM y\u00a0SEAIDA\u00a0han firmado un acuerdo para colaborar en la promoci\u00f3n y difusi\u00f3n del\u00a0#ArbitrajeInternacional relacionado con el sector de seguros y fondos de pensiones.","robots":{"index":"index","follow":"follow","max-snippet":"max-snippet:-1","max-image-preview":"max-image-preview:large","max-video-preview":"max-video-preview:-1"},"canonical":"https:\/\/ciiam.org\/en\/ciam-y-seaida-han-firmado-un-acuerdo-para-colaborar-en-la-promocion-y-difusion-del-arbitrajeinternacional-relacionado-con-el-sector-de-seguros-y-fondos-de-pensiones\/","og_locale":"en_US","og_type":"article","og_title":"CIAM y\u00a0SEAIDA\u00a0han firmado un acuerdo para la promoci\u00f3n y difusi\u00f3n del\u00a0Arbitraje\u00a0en el sector de seguros y fondos de pensiones. - CIIAM","og_description":"CIAM y\u00a0SEAIDA\u00a0han firmado un acuerdo para colaborar en la promoci\u00f3n y difusi\u00f3n del\u00a0#ArbitrajeInternacional relacionado con el sector de seguros y fondos de pensiones.","og_url":"https:\/\/ciiam.org\/en\/ciam-y-seaida-han-firmado-un-acuerdo-para-colaborar-en-la-promocion-y-difusion-del-arbitrajeinternacional-relacionado-con-el-sector-de-seguros-y-fondos-de-pensiones\/","og_site_name":"CIIAM","article_published_time":"2021-10-22T09:48:24+00:00","article_modified_time":"2021-10-25T10:12:29+00:00","og_image":[{"width":1200,"height":347,"url":"https:\/\/ciiam.org\/wp-content\/uploads\/2021\/10\/1634824658388.jpg","type":"image\/jpeg"}],"author":"CIAM Noticias","twitter_card":"summary_large_image","twitter_misc":{"Written by":"CIAM Noticias","Est. reading time":"1 minute"},"schema":{"@context":"https:\/\/schema.org","@graph":[{"@type":"Article","@id":"https:\/\/ciiam.org\/en\/ciam-y-seaida-han-firmado-un-acuerdo-para-colaborar-en-la-promocion-y-difusion-del-arbitrajeinternacional-relacionado-con-el-sector-de-seguros-y-fondos-de-pensiones\/#article","isPartOf":{"@id":"https:\/\/ciiam.org\/en\/ciam-y-seaida-han-firmado-un-acuerdo-para-colaborar-en-la-promocion-y-difusion-del-arbitrajeinternacional-relacionado-con-el-sector-de-seguros-y-fondos-de-pensiones\/"},"author":{"name":"CIAM Noticias","@id":"https:\/\/ciiam.org\/en\/#\/schema\/person\/fb1a957c6a1033311cb7f2ed37095712"},"headline":"CIAM y\u00a0SEAIDA\u00a0han firmado un acuerdo para la promoci\u00f3n y difusi\u00f3n del\u00a0Arbitraje\u00a0en el sector de seguros y fondos de pensiones.","datePublished":"2021-10-22T09:48:24+00:00","dateModified":"2021-10-25T10:12:29+00:00","mainEntityOfPage":{"@id":"https:\/\/ciiam.org\/en\/ciam-y-seaida-han-firmado-un-acuerdo-para-colaborar-en-la-promocion-y-difusion-del-arbitrajeinternacional-relacionado-con-el-sector-de-seguros-y-fondos-de-pensiones\/"},"wordCount":126,"publisher":{"@id":"https:\/\/ciiam.org\/en\/#organization"},"image":{"@id":"https:\/\/ciiam.org\/en\/ciam-y-seaida-han-firmado-un-acuerdo-para-colaborar-en-la-promocion-y-difusion-del-arbitrajeinternacional-relacionado-con-el-sector-de-seguros-y-fondos-de-pensiones\/#primaryimage"},"thumbnailUrl":"https:\/\/ciiam.org\/wp-content\/uploads\/2021\/10\/1634824658388.jpg","keywords":["Acuerdo de colaboraci\u00f3n","Ciam","Seaida","Seguros"],"articleSection":["Actualidad"],"inLanguage":"en-US"},{"@type":"WebPage","@id":"https:\/\/ciiam.org\/en\/ciam-y-seaida-han-firmado-un-acuerdo-para-colaborar-en-la-promocion-y-difusion-del-arbitrajeinternacional-relacionado-con-el-sector-de-seguros-y-fondos-de-pensiones\/","url":"https:\/\/ciiam.org\/en\/ciam-y-seaida-han-firmado-un-acuerdo-para-colaborar-en-la-promocion-y-difusion-del-arbitrajeinternacional-relacionado-con-el-sector-de-seguros-y-fondos-de-pensiones\/","name":"CIAM y\u00a0SEAIDA\u00a0han firmado un acuerdo para la promoci\u00f3n y difusi\u00f3n del\u00a0Arbitraje\u00a0en el sector de seguros y fondos de pensiones. - CIIAM","isPartOf":{"@id":"https:\/\/ciiam.org\/en\/#website"},"primaryImageOfPage":{"@id":"https:\/\/ciiam.org\/en\/ciam-y-seaida-han-firmado-un-acuerdo-para-colaborar-en-la-promocion-y-difusion-del-arbitrajeinternacional-relacionado-con-el-sector-de-seguros-y-fondos-de-pensiones\/#primaryimage"},"image":{"@id":"https:\/\/ciiam.org\/en\/ciam-y-seaida-han-firmado-un-acuerdo-para-colaborar-en-la-promocion-y-difusion-del-arbitrajeinternacional-relacionado-con-el-sector-de-seguros-y-fondos-de-pensiones\/#primaryimage"},"thumbnailUrl":"https:\/\/ciiam.org\/wp-content\/uploads\/2021\/10\/1634824658388.jpg","datePublished":"2021-10-22T09:48:24+00:00","dateModified":"2021-10-25T10:12:29+00:00","description":"CIAM y\u00a0SEAIDA\u00a0han firmado un acuerdo para colaborar en la promoci\u00f3n y difusi\u00f3n del\u00a0#ArbitrajeInternacional relacionado con el sector de seguros y fondos de pensiones.","breadcrumb":{"@id":"https:\/\/ciiam.org\/en\/ciam-y-seaida-han-firmado-un-acuerdo-para-colaborar-en-la-promocion-y-difusion-del-arbitrajeinternacional-relacionado-con-el-sector-de-seguros-y-fondos-de-pensiones\/#breadcrumb"},"inLanguage":"en-US","potentialAction":[{"@type":"ReadAction","target":["https:\/\/ciiam.org\/en\/ciam-y-seaida-han-firmado-un-acuerdo-para-colaborar-en-la-promocion-y-difusion-del-arbitrajeinternacional-relacionado-con-el-sector-de-seguros-y-fondos-de-pensiones\/"]}]},{"@type":"ImageObject","inLanguage":"en-US","@id":"https:\/\/ciiam.org\/en\/ciam-y-seaida-han-firmado-un-acuerdo-para-colaborar-en-la-promocion-y-difusion-del-arbitrajeinternacional-relacionado-con-el-sector-de-seguros-y-fondos-de-pensiones\/#primaryimage","url":"https:\/\/ciiam.org\/wp-content\/uploads\/2021\/10\/1634824658388.jpg","contentUrl":"https:\/\/ciiam.org\/wp-content\/uploads\/2021\/10\/1634824658388.jpg","width":1200,"height":347},{"@type":"BreadcrumbList","@id":"https:\/\/ciiam.org\/en\/ciam-y-seaida-han-firmado-un-acuerdo-para-colaborar-en-la-promocion-y-difusion-del-arbitrajeinternacional-relacionado-con-el-sector-de-seguros-y-fondos-de-pensiones\/#breadcrumb","itemListElement":[{"@type":"ListItem","position":1,"name":"CIAM","item":"https:\/\/ciiam.org\/en\/"},{"@type":"ListItem","position":2,"name":"CIAM y\u00a0SEAIDA\u00a0han firmado un acuerdo para la promoci\u00f3n y difusi\u00f3n del\u00a0Arbitraje\u00a0en el sector de seguros y fondos de pensiones."}]},{"@type":"WebSite","@id":"https:\/\/ciiam.org\/en\/#website","url":"https:\/\/ciiam.org\/en\/","name":"CIIAM","description":"Centro Internacional e Iberoamericano de Arbitraje de Madrid","publisher":{"@id":"https:\/\/ciiam.org\/en\/#organization"},"potentialAction":[{"@type":"SearchAction","target":{"@type":"EntryPoint","urlTemplate":"https:\/\/ciiam.org\/en\/?s={search_term_string}"},"query-input":{"@type":"PropertyValueSpecification","valueRequired":true,"valueName":"search_term_string"}}],"inLanguage":"en-US"},{"@type":"Organization","@id":"https:\/\/ciiam.org\/en\/#organization","name":"Centro Internacional e Iberoamericano de Arbitraje de Madrid","alternateName":"CIIAM","url":"https:\/\/ciiam.org\/en\/","logo":{"@type":"ImageObject","inLanguage":"en-US","@id":"https:\/\/ciiam.org\/en\/#\/schema\/logo\/image\/","url":"https:\/\/ciiam.org\/wp-content\/uploads\/2026\/01\/favicon.png","contentUrl":"https:\/\/ciiam.org\/wp-content\/uploads\/2026\/01\/favicon.png","width":500,"height":500,"caption":"Centro Internacional e Iberoamericano de Arbitraje de Madrid"},"image":{"@id":"https:\/\/ciiam.org\/en\/#\/schema\/logo\/image\/"},"sameAs":["https:\/\/www.linkedin.com\/company\/ciam-centro-internacional-arbitraje-madrid?trk=d_public_post_image","https:\/\/www.youtube.com\/channel\/UCU2OI7SAQFv5uXAZ4qO4ALg"]},{"@type":"Person","@id":"https:\/\/ciiam.org\/en\/#\/schema\/person\/fb1a957c6a1033311cb7f2ed37095712","name":"CIAM Noticias","image":{"@type":"ImageObject","inLanguage":"en-US","@id":"https:\/\/secure.gravatar.com\/avatar\/966852b49cc4ce607aa677110fc17615e164a6f3cdd773ccc9753e7faf3dacc1?s=96&d=mm&r=g","url":"https:\/\/secure.gravatar.com\/avatar\/966852b49cc4ce607aa677110fc17615e164a6f3cdd773ccc9753e7faf3dacc1?s=96&d=mm&r=g","contentUrl":"https:\/\/secure.gravatar.com\/avatar\/966852b49cc4ce607aa677110fc17615e164a6f3cdd773ccc9753e7faf3dacc1?s=96&d=mm&r=g","caption":"CIAM Noticias"},"url":"https:\/\/ciiam.org\/en\/author\/cinewsam21\/"}]}},"_links":{"self":[{"href":"https:\/\/ciiam.org\/en\/wp-json\/wp\/v2\/posts\/11100","targetHints":{"allow":["GET"]}}],"collection":[{"href":"https:\/\/ciiam.org\/en\/wp-json\/wp\/v2\/posts"}],"about":[{"href":"https:\/\/ciiam.org\/en\/wp-json\/wp\/v2\/types\/post"}],"author":[{"embeddable":true,"href":"https:\/\/ciiam.org\/en\/wp-json\/wp\/v2\/users\/10"}],"replies":[{"embeddable":true,"href":"https:\/\/ciiam.org\/en\/wp-json\/wp\/v2\/comments?post=11100"}],"version-history":[{"count":0,"href":"https:\/\/ciiam.org\/en\/wp-json\/wp\/v2\/posts\/11100\/revisions"}],"wp:featuredmedia":[{"embeddable":true,"href":"https:\/\/ciiam.org\/en\/wp-json\/wp\/v2\/media\/11101"}],"wp:attachment":[{"href":"https:\/\/ciiam.org\/en\/wp-json\/wp\/v2\/media?parent=11100"}],"wp:term":[{"taxonomy":"category","embeddable":true,"href":"https:\/\/ciiam.org\/en\/wp-json\/wp\/v2\/categories?post=11100"},{"taxonomy":"post_tag","embeddable":true,"href":"https:\/\/ciiam.org\/en\/wp-json\/wp\/v2\/tags?post=11100"}],"curies":[{"name":"wp","href":"https:\/\/api.w.org\/{rel}","templated":true}]}}