{"id":11166,"date":"2021-11-11T12:35:56","date_gmt":"2021-11-11T12:35:56","guid":{"rendered":"https:\/\/ciiam.org\/?p=11166"},"modified":"2021-11-12T12:40:14","modified_gmt":"2021-11-12T12:40:14","slug":"urquiola-de-palacio-vicepresidenta-de-ciam-participara-en-el-vi-congreso-de-abogacia-internacional-practica-organizado-por-el-ilustre-colegio-de-abogados-de-murcia","status":"publish","type":"post","link":"https:\/\/ciiam.org\/en\/urquiola-de-palacio-vicepresidenta-de-ciam-participara-en-el-vi-congreso-de-abogacia-internacional-practica-organizado-por-el-ilustre-colegio-de-abogados-de-murcia\/","title":{"rendered":"Urquiola De Palacio, vicepresidenta de\u00a0CIAM\u00a0, participar\u00e1 en el VI Congreso de Abogac\u00eda Internacional Pr\u00e1ctica organizado por el\u00a0Ilustre Colegio de Abogados de Murcia. \u00a0"},"content":{"rendered":"<p>Este viernes 12 de noviembre,\u00a0<a href=\"https:\/\/www.linkedin.com\/in\/ACoAAAAnzNQBnEVOAb65_RNQ1trGt0GPdt2OeP0\" data-attribute-index=\"0\" data-entity-hovercard-id=\"urn:li:fs_miniProfile:ACoAAAAnzNQBnEVOAb65_RNQ1trGt0GPdt2OeP0\" data-entity-type=\"MINI_PROFILE\">Urquiola De Palacio<\/a>, vicepresidenta de\u00a0<a href=\"https:\/\/www.linkedin.com\/company\/ciam-centro-internacional-arbitraje-madrid\/\" data-attribute-index=\"2\" data-entity-hovercard-id=\"urn:li:fs_miniCompany:37226932\" data-entity-type=\"MINI_COMPANY\">CIAM (Centro Internacional de Arbitraje de Madrid)\u00a0<\/a>, participar\u00e1 en el VI Congreso de Abogac\u00eda Internacional Pr\u00e1ctica organizado por el\u00a0<a href=\"https:\/\/www.linkedin.com\/company\/ilustre-colegio-de-abogados-de-murcia\/\" data-attribute-index=\"4\" data-entity-hovercard-id=\"urn:li:fs_miniCompany:19075036\" data-entity-type=\"MINI_COMPANY\">Ilustre Colegio de Abogados de Murcia<\/a>.<\/p>\n<p>Durante la sesi\u00f3n, titulada \u201cProceso arbitral internacional: principales caracter\u00edsticas\u201d,\u00a0<a href=\"https:\/\/www.linkedin.com\/in\/ACoAAAAnzNQBnEVOAb65_RNQ1trGt0GPdt2OeP0\" data-attribute-index=\"6\" data-entity-hovercard-id=\"urn:li:fs_miniProfile:ACoAAAAnzNQBnEVOAb65_RNQ1trGt0GPdt2OeP0\" data-entity-type=\"MINI_PROFILE\">Urquiola De Palacio<\/a>\u00a0presentar\u00e1\u00a0<a href=\"https:\/\/www.linkedin.com\/company\/ciam-centro-internacional-arbitraje-madrid\/\" data-attribute-index=\"8\" data-entity-hovercard-id=\"urn:li:fs_miniCompany:37226932\" data-entity-type=\"MINI_COMPANY\">CIAM (Centro Internacional de Arbitraje de Madrid)\u00a0<\/a>y promocionar\u00e1 el\u00a0<a href=\"https:\/\/www.linkedin.com\/feed\/hashtag\/?keywords=arbitraje&amp;highlightedUpdateUrns=urn%3Ali%3Aactivity%3A6864253591020965888\" data-attribute-index=\"10\">#arbitraje<\/a>\u00a0como alternativa para la soluci\u00f3n de controversias empresariales.<\/p>\n<p>Inscr\u00edbete\u00a0\u27a1\ufe0f\u00a0<a href=\"https:\/\/lnkd.in\/d4YCtWDn\" data-attribute-index=\"11\">https:\/\/lnkd.in\/d4YCtWDn<\/a><\/p>\n","protected":false},"excerpt":{"rendered":"<p>Este viernes 12 de noviembre,\u00a0Urquiola De Palacio, vicepresidenta de\u00a0CIAM (Centro Internacional de Arbitraje de Madrid)\u00a0, participar\u00e1 en el VI Congreso de Abogac\u00eda Internacional Pr\u00e1ctica organizado por el\u00a0Ilustre Colegio de Abogados de Murcia. Durante la sesi\u00f3n, titulada \u201cProceso arbitral internacional: principales caracter\u00edsticas\u201d,\u00a0Urquiola De Palacio\u00a0presentar\u00e1\u00a0CIAM (Centro Internacional de Arbitraje de Madrid)\u00a0y promocionar\u00e1 el\u00a0#arbitraje\u00a0como alternativa para la soluci\u00f3n [&hellip;]<\/p>\n","protected":false},"author":10,"featured_media":11167,"comment_status":"closed","ping_status":"open","sticky":false,"template":"","format":"standard","meta":{"footnotes":""},"categories":[17],"tags":[23,22],"class_list":["post-11166","post","type-post","status-publish","format-standard","has-post-thumbnail","hentry","category-actualidad","tag-arbitraje","tag-ciam"],"yoast_head":"<!-- This site is optimized with the Yoast SEO plugin v27.3 - https:\/\/yoast.com\/product\/yoast-seo-wordpress\/ -->\n<title>Urquiola De Palacio, vicepresidenta de\u00a0CIAM\u00a0, participar\u00e1 en el VI Congreso de Abogac\u00eda Internacional Pr\u00e1ctica organizado por el\u00a0Ilustre Colegio de Abogados de Murcia. \u00a0 - CIIAM<\/title>\n<meta name=\"description\" content=\"Este viernes 12 de noviembre,\u00a0Urquiola De Palacio, vicepresidenta de\u00a0CIAM (Centro Internacional de Arbitraje de Madrid)\u00a0, participar\u00e1 en el VI Congreso de Abogac\u00eda Internacional Pr\u00e1ctica organizado por el\u00a0Ilustre Colegio de Abogados de Murcia.\" \/>\n<meta name=\"robots\" content=\"index, follow, max-snippet:-1, max-image-preview:large, max-video-preview:-1\" \/>\n<link rel=\"canonical\" href=\"https:\/\/ciiam.org\/en\/urquiola-de-palacio-vicepresidenta-de-ciam-participara-en-el-vi-congreso-de-abogacia-internacional-practica-organizado-por-el-ilustre-colegio-de-abogados-de-murcia\/\" \/>\n<meta property=\"og:locale\" content=\"en_US\" \/>\n<meta property=\"og:type\" content=\"article\" \/>\n<meta property=\"og:title\" content=\"Urquiola De Palacio, vicepresidenta de\u00a0CIAM\u00a0, participar\u00e1 en el VI Congreso de Abogac\u00eda Internacional Pr\u00e1ctica organizado por el\u00a0Ilustre Colegio de Abogados de Murcia. \u00a0 - CIIAM\" \/>\n<meta property=\"og:description\" content=\"Este viernes 12 de noviembre,\u00a0Urquiola De Palacio, vicepresidenta de\u00a0CIAM (Centro Internacional de Arbitraje de Madrid)\u00a0, participar\u00e1 en el VI Congreso de Abogac\u00eda Internacional Pr\u00e1ctica organizado por el\u00a0Ilustre Colegio de Abogados de Murcia.\" \/>\n<meta property=\"og:url\" content=\"https:\/\/ciiam.org\/en\/urquiola-de-palacio-vicepresidenta-de-ciam-participara-en-el-vi-congreso-de-abogacia-internacional-practica-organizado-por-el-ilustre-colegio-de-abogados-de-murcia\/\" \/>\n<meta property=\"og:site_name\" content=\"CIIAM\" \/>\n<meta property=\"article:published_time\" content=\"2021-11-11T12:35:56+00:00\" \/>\n<meta property=\"article:modified_time\" content=\"2021-11-12T12:40:14+00:00\" \/>\n<meta property=\"og:image\" content=\"https:\/\/ciiam.org\/wp-content\/uploads\/2021\/11\/1636565587329.jpg\" \/>\n\t<meta property=\"og:image:width\" content=\"800\" \/>\n\t<meta property=\"og:image:height\" content=\"670\" \/>\n\t<meta property=\"og:image:type\" content=\"image\/jpeg\" \/>\n<meta name=\"author\" content=\"CIAM Noticias\" \/>\n<meta name=\"twitter:card\" content=\"summary_large_image\" \/>\n<meta name=\"twitter:label1\" content=\"Written by\" \/>\n\t<meta name=\"twitter:data1\" content=\"CIAM Noticias\" \/>\n\t<meta name=\"twitter:label2\" content=\"Est. reading time\" \/>\n\t<meta name=\"twitter:data2\" content=\"1 minute\" \/>\n<script type=\"application\/ld+json\" class=\"yoast-schema-graph\">{\"@context\":\"https:\\\/\\\/schema.org\",\"@graph\":[{\"@type\":\"Article\",\"@id\":\"https:\\\/\\\/ciiam.org\\\/en\\\/urquiola-de-palacio-vicepresidenta-de-ciam-participara-en-el-vi-congreso-de-abogacia-internacional-practica-organizado-por-el-ilustre-colegio-de-abogados-de-murcia\\\/#article\",\"isPartOf\":{\"@id\":\"https:\\\/\\\/ciiam.org\\\/en\\\/urquiola-de-palacio-vicepresidenta-de-ciam-participara-en-el-vi-congreso-de-abogacia-internacional-practica-organizado-por-el-ilustre-colegio-de-abogados-de-murcia\\\/\"},\"author\":{\"name\":\"CIAM Noticias\",\"@id\":\"https:\\\/\\\/ciiam.org\\\/en\\\/#\\\/schema\\\/person\\\/fb1a957c6a1033311cb7f2ed37095712\"},\"headline\":\"Urquiola De Palacio, vicepresidenta de\u00a0CIAM\u00a0, participar\u00e1 en el VI Congreso de Abogac\u00eda Internacional Pr\u00e1ctica organizado por el\u00a0Ilustre Colegio de Abogados de Murcia. \u00a0\",\"datePublished\":\"2021-11-11T12:35:56+00:00\",\"dateModified\":\"2021-11-12T12:40:14+00:00\",\"mainEntityOfPage\":{\"@id\":\"https:\\\/\\\/ciiam.org\\\/en\\\/urquiola-de-palacio-vicepresidenta-de-ciam-participara-en-el-vi-congreso-de-abogacia-internacional-practica-organizado-por-el-ilustre-colegio-de-abogados-de-murcia\\\/\"},\"wordCount\":104,\"publisher\":{\"@id\":\"https:\\\/\\\/ciiam.org\\\/en\\\/#organization\"},\"image\":{\"@id\":\"https:\\\/\\\/ciiam.org\\\/en\\\/urquiola-de-palacio-vicepresidenta-de-ciam-participara-en-el-vi-congreso-de-abogacia-internacional-practica-organizado-por-el-ilustre-colegio-de-abogados-de-murcia\\\/#primaryimage\"},\"thumbnailUrl\":\"https:\\\/\\\/ciiam.org\\\/wp-content\\\/uploads\\\/2021\\\/11\\\/1636565587329.jpg\",\"keywords\":[\"Arbitraje\",\"Ciam\"],\"articleSection\":[\"Actualidad\"],\"inLanguage\":\"en-US\"},{\"@type\":\"WebPage\",\"@id\":\"https:\\\/\\\/ciiam.org\\\/en\\\/urquiola-de-palacio-vicepresidenta-de-ciam-participara-en-el-vi-congreso-de-abogacia-internacional-practica-organizado-por-el-ilustre-colegio-de-abogados-de-murcia\\\/\",\"url\":\"https:\\\/\\\/ciiam.org\\\/en\\\/urquiola-de-palacio-vicepresidenta-de-ciam-participara-en-el-vi-congreso-de-abogacia-internacional-practica-organizado-por-el-ilustre-colegio-de-abogados-de-murcia\\\/\",\"name\":\"Urquiola De Palacio, vicepresidenta de\u00a0CIAM\u00a0, participar\u00e1 en el VI Congreso de Abogac\u00eda Internacional Pr\u00e1ctica organizado por el\u00a0Ilustre Colegio de Abogados de Murcia. \u00a0 - CIIAM\",\"isPartOf\":{\"@id\":\"https:\\\/\\\/ciiam.org\\\/en\\\/#website\"},\"primaryImageOfPage\":{\"@id\":\"https:\\\/\\\/ciiam.org\\\/en\\\/urquiola-de-palacio-vicepresidenta-de-ciam-participara-en-el-vi-congreso-de-abogacia-internacional-practica-organizado-por-el-ilustre-colegio-de-abogados-de-murcia\\\/#primaryimage\"},\"image\":{\"@id\":\"https:\\\/\\\/ciiam.org\\\/en\\\/urquiola-de-palacio-vicepresidenta-de-ciam-participara-en-el-vi-congreso-de-abogacia-internacional-practica-organizado-por-el-ilustre-colegio-de-abogados-de-murcia\\\/#primaryimage\"},\"thumbnailUrl\":\"https:\\\/\\\/ciiam.org\\\/wp-content\\\/uploads\\\/2021\\\/11\\\/1636565587329.jpg\",\"datePublished\":\"2021-11-11T12:35:56+00:00\",\"dateModified\":\"2021-11-12T12:40:14+00:00\",\"description\":\"Este viernes 12 de noviembre,\u00a0Urquiola De Palacio, vicepresidenta de\u00a0CIAM (Centro Internacional de Arbitraje de Madrid)\u00a0, participar\u00e1 en el VI Congreso de Abogac\u00eda Internacional Pr\u00e1ctica organizado por el\u00a0Ilustre Colegio de Abogados de Murcia.\",\"breadcrumb\":{\"@id\":\"https:\\\/\\\/ciiam.org\\\/en\\\/urquiola-de-palacio-vicepresidenta-de-ciam-participara-en-el-vi-congreso-de-abogacia-internacional-practica-organizado-por-el-ilustre-colegio-de-abogados-de-murcia\\\/#breadcrumb\"},\"inLanguage\":\"en-US\",\"potentialAction\":[{\"@type\":\"ReadAction\",\"target\":[\"https:\\\/\\\/ciiam.org\\\/en\\\/urquiola-de-palacio-vicepresidenta-de-ciam-participara-en-el-vi-congreso-de-abogacia-internacional-practica-organizado-por-el-ilustre-colegio-de-abogados-de-murcia\\\/\"]}]},{\"@type\":\"ImageObject\",\"inLanguage\":\"en-US\",\"@id\":\"https:\\\/\\\/ciiam.org\\\/en\\\/urquiola-de-palacio-vicepresidenta-de-ciam-participara-en-el-vi-congreso-de-abogacia-internacional-practica-organizado-por-el-ilustre-colegio-de-abogados-de-murcia\\\/#primaryimage\",\"url\":\"https:\\\/\\\/ciiam.org\\\/wp-content\\\/uploads\\\/2021\\\/11\\\/1636565587329.jpg\",\"contentUrl\":\"https:\\\/\\\/ciiam.org\\\/wp-content\\\/uploads\\\/2021\\\/11\\\/1636565587329.jpg\",\"width\":800,\"height\":670},{\"@type\":\"BreadcrumbList\",\"@id\":\"https:\\\/\\\/ciiam.org\\\/en\\\/urquiola-de-palacio-vicepresidenta-de-ciam-participara-en-el-vi-congreso-de-abogacia-internacional-practica-organizado-por-el-ilustre-colegio-de-abogados-de-murcia\\\/#breadcrumb\",\"itemListElement\":[{\"@type\":\"ListItem\",\"position\":1,\"name\":\"CIAM\",\"item\":\"https:\\\/\\\/ciiam.org\\\/en\\\/\"},{\"@type\":\"ListItem\",\"position\":2,\"name\":\"Urquiola De Palacio, vicepresidenta de\u00a0CIAM\u00a0, participar\u00e1 en el VI Congreso de Abogac\u00eda Internacional Pr\u00e1ctica organizado por el\u00a0Ilustre Colegio de Abogados de Murcia. \u00a0\"}]},{\"@type\":\"WebSite\",\"@id\":\"https:\\\/\\\/ciiam.org\\\/en\\\/#website\",\"url\":\"https:\\\/\\\/ciiam.org\\\/en\\\/\",\"name\":\"CIIAM\",\"description\":\"Centro Internacional e Iberoamericano de Arbitraje de Madrid\",\"publisher\":{\"@id\":\"https:\\\/\\\/ciiam.org\\\/en\\\/#organization\"},\"potentialAction\":[{\"@type\":\"SearchAction\",\"target\":{\"@type\":\"EntryPoint\",\"urlTemplate\":\"https:\\\/\\\/ciiam.org\\\/en\\\/?s={search_term_string}\"},\"query-input\":{\"@type\":\"PropertyValueSpecification\",\"valueRequired\":true,\"valueName\":\"search_term_string\"}}],\"inLanguage\":\"en-US\"},{\"@type\":\"Organization\",\"@id\":\"https:\\\/\\\/ciiam.org\\\/en\\\/#organization\",\"name\":\"Centro Internacional e Iberoamericano de Arbitraje de Madrid\",\"alternateName\":\"CIIAM\",\"url\":\"https:\\\/\\\/ciiam.org\\\/en\\\/\",\"logo\":{\"@type\":\"ImageObject\",\"inLanguage\":\"en-US\",\"@id\":\"https:\\\/\\\/ciiam.org\\\/en\\\/#\\\/schema\\\/logo\\\/image\\\/\",\"url\":\"https:\\\/\\\/ciiam.org\\\/wp-content\\\/uploads\\\/2026\\\/01\\\/favicon.png\",\"contentUrl\":\"https:\\\/\\\/ciiam.org\\\/wp-content\\\/uploads\\\/2026\\\/01\\\/favicon.png\",\"width\":500,\"height\":500,\"caption\":\"Centro Internacional e Iberoamericano de Arbitraje de Madrid\"},\"image\":{\"@id\":\"https:\\\/\\\/ciiam.org\\\/en\\\/#\\\/schema\\\/logo\\\/image\\\/\"},\"sameAs\":[\"https:\\\/\\\/www.linkedin.com\\\/company\\\/ciam-centro-internacional-arbitraje-madrid?trk=d_public_post_image\",\"https:\\\/\\\/www.youtube.com\\\/channel\\\/UCU2OI7SAQFv5uXAZ4qO4ALg\"]},{\"@type\":\"Person\",\"@id\":\"https:\\\/\\\/ciiam.org\\\/en\\\/#\\\/schema\\\/person\\\/fb1a957c6a1033311cb7f2ed37095712\",\"name\":\"CIAM Noticias\",\"image\":{\"@type\":\"ImageObject\",\"inLanguage\":\"en-US\",\"@id\":\"https:\\\/\\\/secure.gravatar.com\\\/avatar\\\/966852b49cc4ce607aa677110fc17615e164a6f3cdd773ccc9753e7faf3dacc1?s=96&d=mm&r=g\",\"url\":\"https:\\\/\\\/secure.gravatar.com\\\/avatar\\\/966852b49cc4ce607aa677110fc17615e164a6f3cdd773ccc9753e7faf3dacc1?s=96&d=mm&r=g\",\"contentUrl\":\"https:\\\/\\\/secure.gravatar.com\\\/avatar\\\/966852b49cc4ce607aa677110fc17615e164a6f3cdd773ccc9753e7faf3dacc1?s=96&d=mm&r=g\",\"caption\":\"CIAM Noticias\"},\"url\":\"https:\\\/\\\/ciiam.org\\\/en\\\/author\\\/cinewsam21\\\/\"}]}<\/script>\n<!-- \/ Yoast SEO plugin. -->","yoast_head_json":{"title":"Urquiola De Palacio, vicepresidenta de\u00a0CIAM\u00a0, participar\u00e1 en el VI Congreso de Abogac\u00eda Internacional Pr\u00e1ctica organizado por el\u00a0Ilustre Colegio de Abogados de Murcia. \u00a0 - CIIAM","description":"Este viernes 12 de noviembre,\u00a0Urquiola De Palacio, vicepresidenta de\u00a0CIAM (Centro Internacional de Arbitraje de Madrid)\u00a0, participar\u00e1 en el VI Congreso de Abogac\u00eda Internacional Pr\u00e1ctica organizado por el\u00a0Ilustre Colegio de Abogados de Murcia.","robots":{"index":"index","follow":"follow","max-snippet":"max-snippet:-1","max-image-preview":"max-image-preview:large","max-video-preview":"max-video-preview:-1"},"canonical":"https:\/\/ciiam.org\/en\/urquiola-de-palacio-vicepresidenta-de-ciam-participara-en-el-vi-congreso-de-abogacia-internacional-practica-organizado-por-el-ilustre-colegio-de-abogados-de-murcia\/","og_locale":"en_US","og_type":"article","og_title":"Urquiola De Palacio, vicepresidenta de\u00a0CIAM\u00a0, participar\u00e1 en el VI Congreso de Abogac\u00eda Internacional Pr\u00e1ctica organizado por el\u00a0Ilustre Colegio de Abogados de Murcia. \u00a0 - CIIAM","og_description":"Este viernes 12 de noviembre,\u00a0Urquiola De Palacio, vicepresidenta de\u00a0CIAM (Centro Internacional de Arbitraje de Madrid)\u00a0, participar\u00e1 en el VI Congreso de Abogac\u00eda Internacional Pr\u00e1ctica organizado por el\u00a0Ilustre Colegio de Abogados de Murcia.","og_url":"https:\/\/ciiam.org\/en\/urquiola-de-palacio-vicepresidenta-de-ciam-participara-en-el-vi-congreso-de-abogacia-internacional-practica-organizado-por-el-ilustre-colegio-de-abogados-de-murcia\/","og_site_name":"CIIAM","article_published_time":"2021-11-11T12:35:56+00:00","article_modified_time":"2021-11-12T12:40:14+00:00","og_image":[{"width":800,"height":670,"url":"https:\/\/ciiam.org\/wp-content\/uploads\/2021\/11\/1636565587329.jpg","type":"image\/jpeg"}],"author":"CIAM Noticias","twitter_card":"summary_large_image","twitter_misc":{"Written by":"CIAM Noticias","Est. reading time":"1 minute"},"schema":{"@context":"https:\/\/schema.org","@graph":[{"@type":"Article","@id":"https:\/\/ciiam.org\/en\/urquiola-de-palacio-vicepresidenta-de-ciam-participara-en-el-vi-congreso-de-abogacia-internacional-practica-organizado-por-el-ilustre-colegio-de-abogados-de-murcia\/#article","isPartOf":{"@id":"https:\/\/ciiam.org\/en\/urquiola-de-palacio-vicepresidenta-de-ciam-participara-en-el-vi-congreso-de-abogacia-internacional-practica-organizado-por-el-ilustre-colegio-de-abogados-de-murcia\/"},"author":{"name":"CIAM Noticias","@id":"https:\/\/ciiam.org\/en\/#\/schema\/person\/fb1a957c6a1033311cb7f2ed37095712"},"headline":"Urquiola De Palacio, vicepresidenta de\u00a0CIAM\u00a0, participar\u00e1 en el VI Congreso de Abogac\u00eda Internacional Pr\u00e1ctica organizado por el\u00a0Ilustre Colegio de Abogados de Murcia. \u00a0","datePublished":"2021-11-11T12:35:56+00:00","dateModified":"2021-11-12T12:40:14+00:00","mainEntityOfPage":{"@id":"https:\/\/ciiam.org\/en\/urquiola-de-palacio-vicepresidenta-de-ciam-participara-en-el-vi-congreso-de-abogacia-internacional-practica-organizado-por-el-ilustre-colegio-de-abogados-de-murcia\/"},"wordCount":104,"publisher":{"@id":"https:\/\/ciiam.org\/en\/#organization"},"image":{"@id":"https:\/\/ciiam.org\/en\/urquiola-de-palacio-vicepresidenta-de-ciam-participara-en-el-vi-congreso-de-abogacia-internacional-practica-organizado-por-el-ilustre-colegio-de-abogados-de-murcia\/#primaryimage"},"thumbnailUrl":"https:\/\/ciiam.org\/wp-content\/uploads\/2021\/11\/1636565587329.jpg","keywords":["Arbitraje","Ciam"],"articleSection":["Actualidad"],"inLanguage":"en-US"},{"@type":"WebPage","@id":"https:\/\/ciiam.org\/en\/urquiola-de-palacio-vicepresidenta-de-ciam-participara-en-el-vi-congreso-de-abogacia-internacional-practica-organizado-por-el-ilustre-colegio-de-abogados-de-murcia\/","url":"https:\/\/ciiam.org\/en\/urquiola-de-palacio-vicepresidenta-de-ciam-participara-en-el-vi-congreso-de-abogacia-internacional-practica-organizado-por-el-ilustre-colegio-de-abogados-de-murcia\/","name":"Urquiola De Palacio, vicepresidenta de\u00a0CIAM\u00a0, participar\u00e1 en el VI Congreso de Abogac\u00eda Internacional Pr\u00e1ctica organizado por el\u00a0Ilustre Colegio de Abogados de Murcia. \u00a0 - CIIAM","isPartOf":{"@id":"https:\/\/ciiam.org\/en\/#website"},"primaryImageOfPage":{"@id":"https:\/\/ciiam.org\/en\/urquiola-de-palacio-vicepresidenta-de-ciam-participara-en-el-vi-congreso-de-abogacia-internacional-practica-organizado-por-el-ilustre-colegio-de-abogados-de-murcia\/#primaryimage"},"image":{"@id":"https:\/\/ciiam.org\/en\/urquiola-de-palacio-vicepresidenta-de-ciam-participara-en-el-vi-congreso-de-abogacia-internacional-practica-organizado-por-el-ilustre-colegio-de-abogados-de-murcia\/#primaryimage"},"thumbnailUrl":"https:\/\/ciiam.org\/wp-content\/uploads\/2021\/11\/1636565587329.jpg","datePublished":"2021-11-11T12:35:56+00:00","dateModified":"2021-11-12T12:40:14+00:00","description":"Este viernes 12 de noviembre,\u00a0Urquiola De Palacio, vicepresidenta de\u00a0CIAM (Centro Internacional de Arbitraje de Madrid)\u00a0, participar\u00e1 en el VI Congreso de Abogac\u00eda Internacional Pr\u00e1ctica organizado por el\u00a0Ilustre Colegio de Abogados de Murcia.","breadcrumb":{"@id":"https:\/\/ciiam.org\/en\/urquiola-de-palacio-vicepresidenta-de-ciam-participara-en-el-vi-congreso-de-abogacia-internacional-practica-organizado-por-el-ilustre-colegio-de-abogados-de-murcia\/#breadcrumb"},"inLanguage":"en-US","potentialAction":[{"@type":"ReadAction","target":["https:\/\/ciiam.org\/en\/urquiola-de-palacio-vicepresidenta-de-ciam-participara-en-el-vi-congreso-de-abogacia-internacional-practica-organizado-por-el-ilustre-colegio-de-abogados-de-murcia\/"]}]},{"@type":"ImageObject","inLanguage":"en-US","@id":"https:\/\/ciiam.org\/en\/urquiola-de-palacio-vicepresidenta-de-ciam-participara-en-el-vi-congreso-de-abogacia-internacional-practica-organizado-por-el-ilustre-colegio-de-abogados-de-murcia\/#primaryimage","url":"https:\/\/ciiam.org\/wp-content\/uploads\/2021\/11\/1636565587329.jpg","contentUrl":"https:\/\/ciiam.org\/wp-content\/uploads\/2021\/11\/1636565587329.jpg","width":800,"height":670},{"@type":"BreadcrumbList","@id":"https:\/\/ciiam.org\/en\/urquiola-de-palacio-vicepresidenta-de-ciam-participara-en-el-vi-congreso-de-abogacia-internacional-practica-organizado-por-el-ilustre-colegio-de-abogados-de-murcia\/#breadcrumb","itemListElement":[{"@type":"ListItem","position":1,"name":"CIAM","item":"https:\/\/ciiam.org\/en\/"},{"@type":"ListItem","position":2,"name":"Urquiola De Palacio, vicepresidenta de\u00a0CIAM\u00a0, participar\u00e1 en el VI Congreso de Abogac\u00eda Internacional Pr\u00e1ctica organizado por el\u00a0Ilustre Colegio de Abogados de Murcia. \u00a0"}]},{"@type":"WebSite","@id":"https:\/\/ciiam.org\/en\/#website","url":"https:\/\/ciiam.org\/en\/","name":"CIIAM","description":"Centro Internacional e Iberoamericano de Arbitraje de Madrid","publisher":{"@id":"https:\/\/ciiam.org\/en\/#organization"},"potentialAction":[{"@type":"SearchAction","target":{"@type":"EntryPoint","urlTemplate":"https:\/\/ciiam.org\/en\/?s={search_term_string}"},"query-input":{"@type":"PropertyValueSpecification","valueRequired":true,"valueName":"search_term_string"}}],"inLanguage":"en-US"},{"@type":"Organization","@id":"https:\/\/ciiam.org\/en\/#organization","name":"Centro Internacional e Iberoamericano de Arbitraje de Madrid","alternateName":"CIIAM","url":"https:\/\/ciiam.org\/en\/","logo":{"@type":"ImageObject","inLanguage":"en-US","@id":"https:\/\/ciiam.org\/en\/#\/schema\/logo\/image\/","url":"https:\/\/ciiam.org\/wp-content\/uploads\/2026\/01\/favicon.png","contentUrl":"https:\/\/ciiam.org\/wp-content\/uploads\/2026\/01\/favicon.png","width":500,"height":500,"caption":"Centro Internacional e Iberoamericano de Arbitraje de Madrid"},"image":{"@id":"https:\/\/ciiam.org\/en\/#\/schema\/logo\/image\/"},"sameAs":["https:\/\/www.linkedin.com\/company\/ciam-centro-internacional-arbitraje-madrid?trk=d_public_post_image","https:\/\/www.youtube.com\/channel\/UCU2OI7SAQFv5uXAZ4qO4ALg"]},{"@type":"Person","@id":"https:\/\/ciiam.org\/en\/#\/schema\/person\/fb1a957c6a1033311cb7f2ed37095712","name":"CIAM Noticias","image":{"@type":"ImageObject","inLanguage":"en-US","@id":"https:\/\/secure.gravatar.com\/avatar\/966852b49cc4ce607aa677110fc17615e164a6f3cdd773ccc9753e7faf3dacc1?s=96&d=mm&r=g","url":"https:\/\/secure.gravatar.com\/avatar\/966852b49cc4ce607aa677110fc17615e164a6f3cdd773ccc9753e7faf3dacc1?s=96&d=mm&r=g","contentUrl":"https:\/\/secure.gravatar.com\/avatar\/966852b49cc4ce607aa677110fc17615e164a6f3cdd773ccc9753e7faf3dacc1?s=96&d=mm&r=g","caption":"CIAM Noticias"},"url":"https:\/\/ciiam.org\/en\/author\/cinewsam21\/"}]}},"_links":{"self":[{"href":"https:\/\/ciiam.org\/en\/wp-json\/wp\/v2\/posts\/11166","targetHints":{"allow":["GET"]}}],"collection":[{"href":"https:\/\/ciiam.org\/en\/wp-json\/wp\/v2\/posts"}],"about":[{"href":"https:\/\/ciiam.org\/en\/wp-json\/wp\/v2\/types\/post"}],"author":[{"embeddable":true,"href":"https:\/\/ciiam.org\/en\/wp-json\/wp\/v2\/users\/10"}],"replies":[{"embeddable":true,"href":"https:\/\/ciiam.org\/en\/wp-json\/wp\/v2\/comments?post=11166"}],"version-history":[{"count":0,"href":"https:\/\/ciiam.org\/en\/wp-json\/wp\/v2\/posts\/11166\/revisions"}],"wp:featuredmedia":[{"embeddable":true,"href":"https:\/\/ciiam.org\/en\/wp-json\/wp\/v2\/media\/11167"}],"wp:attachment":[{"href":"https:\/\/ciiam.org\/en\/wp-json\/wp\/v2\/media?parent=11166"}],"wp:term":[{"taxonomy":"category","embeddable":true,"href":"https:\/\/ciiam.org\/en\/wp-json\/wp\/v2\/categories?post=11166"},{"taxonomy":"post_tag","embeddable":true,"href":"https:\/\/ciiam.org\/en\/wp-json\/wp\/v2\/tags?post=11166"}],"curies":[{"name":"wp","href":"https:\/\/api.w.org\/{rel}","templated":true}]}}