{"id":11295,"date":"2021-11-13T09:43:19","date_gmt":"2021-11-13T09:43:19","guid":{"rendered":"https:\/\/ciiam.org\/?p=11295"},"modified":"2021-12-13T09:47:01","modified_gmt":"2021-12-13T09:47:01","slug":"ciam-estrecha-relaciones-internacionales-con-panama","status":"publish","type":"post","link":"https:\/\/ciiam.org\/en\/ciam-estrecha-relaciones-internacionales-con-panama\/","title":{"rendered":"CIAM estrecha relaciones internacionales con\u00a0Panam\u00e1"},"content":{"rendered":"<p><a href=\"https:\/\/www.linkedin.com\/company\/ciam-centro-internacional-arbitraje-madrid\/\" data-attribute-index=\"0\" data-entity-hovercard-id=\"urn:li:fs_miniCompany:37226932\" data-entity-type=\"MINI_COMPANY\">CIAM (Centro Internacional de Arbitraje de Madrid)\u00a0<\/a>estrecha relaciones internacionales con\u00a0<a href=\"https:\/\/www.linkedin.com\/feed\/hashtag\/?keywords=panam%C3%A1&amp;highlightedUpdateUrns=urn%3Ali%3Aactivity%3A6863419209796354050\" data-attribute-index=\"2\">#Panam\u00e1<\/a><\/p>\n<p><a href=\"https:\/\/www.linkedin.com\/in\/ACoAADCZSlIBegV6FuVIATyBwPh3d_hK2hv2p-Q\" data-attribute-index=\"3\" data-entity-hovercard-id=\"urn:li:fs_miniProfile:ACoAADCZSlIBegV6FuVIATyBwPh3d_hK2hv2p-Q\" data-entity-type=\"MINI_PROFILE\">Jos\u00e9 Antonio Ca\u00ednzos Fern\u00e1ndez<\/a>, presidente de\u00a0<a href=\"https:\/\/www.linkedin.com\/company\/ciam-centro-internacional-arbitraje-madrid\/\" data-attribute-index=\"5\" data-entity-hovercard-id=\"urn:li:fs_miniCompany:37226932\" data-entity-type=\"MINI_COMPANY\">CIAM (Centro Internacional de Arbitraje de Madrid)\u00a0<\/a>, y\u00a0<a href=\"https:\/\/www.linkedin.com\/in\/ACoAAAItNqgB_mfaw9sswFjyDXGcbExjoOv5MRA\" data-attribute-index=\"7\" data-entity-hovercard-id=\"urn:li:fs_miniProfile:ACoAAAItNqgB_mfaw9sswFjyDXGcbExjoOv5MRA\" data-entity-type=\"MINI_PROFILE\">Dr. Juan Carlos Arauz Ramos<\/a>, presidente de\u00a0<a href=\"https:\/\/www.linkedin.com\/in\/ACoAABlJVnYB9X54FHWEjVF7TyUiHRGnb61MLRc\" data-attribute-index=\"9\" data-entity-hovercard-id=\"urn:li:fs_miniProfile:ACoAABlJVnYB9X54FHWEjVF7TyUiHRGnb61MLRc\" data-entity-type=\"MINI_PROFILE\">Panam\u00e1 CNA<\/a>, se reunieron la pasada semana en las oficinas de\u00a0<a href=\"https:\/\/www.linkedin.com\/company\/ciam-centro-internacional-arbitraje-madrid\/\" data-attribute-index=\"11\" data-entity-hovercard-id=\"urn:li:fs_miniCompany:37226932\" data-entity-type=\"MINI_COMPANY\">CIAM (Centro Internacional de Arbitraje de Madrid)\u00a0<\/a>en\u00a0<a href=\"https:\/\/www.linkedin.com\/feed\/hashtag\/?keywords=madrid&amp;highlightedUpdateUrns=urn%3Ali%3Aactivity%3A6863419209796354050\" data-attribute-index=\"13\">#Madrid<\/a>\u00a0para iniciar la constituci\u00f3n del cap\u00edtulo paname\u00f1o en el marco del proyecto de\u00a0<a href=\"https:\/\/www.linkedin.com\/feed\/hashtag\/?keywords=amigosdeciam&amp;highlightedUpdateUrns=urn%3Ali%3Aactivity%3A6863419209796354050\" data-attribute-index=\"14\">#AmigosdeCIAM<\/a>.<\/p>\n<p>Desde\u00a0<a href=\"https:\/\/www.linkedin.com\/company\/ciam-centro-internacional-arbitraje-madrid\/\" data-attribute-index=\"15\" data-entity-hovercard-id=\"urn:li:fs_miniCompany:37226932\" data-entity-type=\"MINI_COMPANY\">CIAM (Centro Internacional de Arbitraje de Madrid)\u00a0<\/a>estamos agradecidos por su visita y por esta colaboraci\u00f3n para fomentar el\u00a0<a href=\"https:\/\/www.linkedin.com\/feed\/hashtag\/?keywords=arbitrajeinternacional&amp;highlightedUpdateUrns=urn%3Ali%3Aactivity%3A6863419209796354050\" data-attribute-index=\"17\">#ArbitrajeInternacional<\/a>.<\/p>\n<p>\ud83d\udc49 Art\u00edculo completo:\u00a0<a href=\"https:\/\/lnkd.in\/dyPDJcBA\" data-attribute-index=\"18\">https:\/\/lnkd.in\/dyPDJcBA<\/a><\/p>\n","protected":false},"excerpt":{"rendered":"<p>CIAM (Centro Internacional de Arbitraje de Madrid)\u00a0estrecha relaciones internacionales con\u00a0#Panam\u00e1 Jos\u00e9 Antonio Ca\u00ednzos Fern\u00e1ndez, presidente de\u00a0CIAM (Centro Internacional de Arbitraje de Madrid)\u00a0, y\u00a0Dr. Juan Carlos Arauz Ramos, presidente de\u00a0Panam\u00e1 CNA, se reunieron la pasada semana en las oficinas de\u00a0CIAM (Centro Internacional de Arbitraje de Madrid)\u00a0en\u00a0#Madrid\u00a0para iniciar la constituci\u00f3n del cap\u00edtulo paname\u00f1o en el marco del [&hellip;]<\/p>\n","protected":false},"author":10,"featured_media":11296,"comment_status":"closed","ping_status":"open","sticky":false,"template":"","format":"standard","meta":{"footnotes":""},"categories":[17],"tags":[124,22,238],"class_list":["post-11295","post","type-post","status-publish","format-standard","has-post-thumbnail","hentry","category-actualidad","tag-amigos-de-ciam","tag-ciam","tag-panama"],"yoast_head":"<!-- This site is optimized with the Yoast SEO plugin v27.3 - https:\/\/yoast.com\/product\/yoast-seo-wordpress\/ -->\n<title>CIAM estrecha relaciones internacionales con\u00a0Panam\u00e1 - CIIAM<\/title>\n<meta name=\"description\" content=\"Jos\u00e9 Antonio Ca\u00ednzos Fern\u00e1ndez, presidente de\u00a0CIAM (Centro Internacional de Arbitraje de Madrid)\u00a0, y\u00a0Dr. Juan Carlos Arauz Ramos, presidente de\u00a0Panam\u00e1 CNA, se reunieron la pasada semana en las oficinas de\u00a0CIAM (Centro Internacional de Arbitraje de Madrid)\u00a0en\u00a0#Madrid\u00a0para iniciar la constituci\u00f3n del cap\u00edtulo paname\u00f1o en el marco del proyecto de\u00a0#AmigosdeCIAM.\u00a0\" \/>\n<meta name=\"robots\" content=\"index, follow, max-snippet:-1, max-image-preview:large, max-video-preview:-1\" \/>\n<link rel=\"canonical\" href=\"https:\/\/ciiam.org\/en\/ciam-estrecha-relaciones-internacionales-con-panama\/\" \/>\n<meta property=\"og:locale\" content=\"en_US\" \/>\n<meta property=\"og:type\" content=\"article\" \/>\n<meta property=\"og:title\" content=\"CIAM estrecha relaciones internacionales con\u00a0Panam\u00e1 - CIIAM\" \/>\n<meta property=\"og:description\" content=\"Jos\u00e9 Antonio Ca\u00ednzos Fern\u00e1ndez, presidente de\u00a0CIAM (Centro Internacional de Arbitraje de Madrid)\u00a0, y\u00a0Dr. Juan Carlos Arauz Ramos, presidente de\u00a0Panam\u00e1 CNA, se reunieron la pasada semana en las oficinas de\u00a0CIAM (Centro Internacional de Arbitraje de Madrid)\u00a0en\u00a0#Madrid\u00a0para iniciar la constituci\u00f3n del cap\u00edtulo paname\u00f1o en el marco del proyecto de\u00a0#AmigosdeCIAM.\u00a0\" \/>\n<meta property=\"og:url\" content=\"https:\/\/ciiam.org\/en\/ciam-estrecha-relaciones-internacionales-con-panama\/\" \/>\n<meta property=\"og:site_name\" content=\"CIIAM\" \/>\n<meta property=\"article:published_time\" content=\"2021-11-13T09:43:19+00:00\" \/>\n<meta property=\"article:modified_time\" content=\"2021-12-13T09:47:01+00:00\" \/>\n<meta property=\"og:image\" content=\"https:\/\/ciiam.org\/wp-content\/uploads\/2021\/12\/1636366654363.jpg\" \/>\n\t<meta property=\"og:image:width\" content=\"768\" \/>\n\t<meta property=\"og:image:height\" content=\"541\" \/>\n\t<meta property=\"og:image:type\" content=\"image\/jpeg\" \/>\n<meta name=\"author\" content=\"CIAM Noticias\" \/>\n<meta name=\"twitter:card\" content=\"summary_large_image\" \/>\n<meta name=\"twitter:label1\" content=\"Written by\" \/>\n\t<meta name=\"twitter:data1\" content=\"CIAM Noticias\" \/>\n\t<meta name=\"twitter:label2\" content=\"Est. reading time\" \/>\n\t<meta name=\"twitter:data2\" content=\"1 minute\" \/>\n<script type=\"application\/ld+json\" class=\"yoast-schema-graph\">{\"@context\":\"https:\\\/\\\/schema.org\",\"@graph\":[{\"@type\":\"Article\",\"@id\":\"https:\\\/\\\/ciiam.org\\\/en\\\/ciam-estrecha-relaciones-internacionales-con-panama\\\/#article\",\"isPartOf\":{\"@id\":\"https:\\\/\\\/ciiam.org\\\/en\\\/ciam-estrecha-relaciones-internacionales-con-panama\\\/\"},\"author\":{\"name\":\"CIAM Noticias\",\"@id\":\"https:\\\/\\\/ciiam.org\\\/en\\\/#\\\/schema\\\/person\\\/fb1a957c6a1033311cb7f2ed37095712\"},\"headline\":\"CIAM estrecha relaciones internacionales con\u00a0Panam\u00e1\",\"datePublished\":\"2021-11-13T09:43:19+00:00\",\"dateModified\":\"2021-12-13T09:47:01+00:00\",\"mainEntityOfPage\":{\"@id\":\"https:\\\/\\\/ciiam.org\\\/en\\\/ciam-estrecha-relaciones-internacionales-con-panama\\\/\"},\"wordCount\":107,\"publisher\":{\"@id\":\"https:\\\/\\\/ciiam.org\\\/en\\\/#organization\"},\"image\":{\"@id\":\"https:\\\/\\\/ciiam.org\\\/en\\\/ciam-estrecha-relaciones-internacionales-con-panama\\\/#primaryimage\"},\"thumbnailUrl\":\"https:\\\/\\\/ciiam.org\\\/wp-content\\\/uploads\\\/2021\\\/12\\\/1636366654363.jpg\",\"keywords\":[\"AMIGOS DE CIAM\",\"Ciam\",\"PANAM\u00c1\"],\"articleSection\":[\"Actualidad\"],\"inLanguage\":\"en-US\"},{\"@type\":\"WebPage\",\"@id\":\"https:\\\/\\\/ciiam.org\\\/en\\\/ciam-estrecha-relaciones-internacionales-con-panama\\\/\",\"url\":\"https:\\\/\\\/ciiam.org\\\/en\\\/ciam-estrecha-relaciones-internacionales-con-panama\\\/\",\"name\":\"CIAM estrecha relaciones internacionales con\u00a0Panam\u00e1 - CIIAM\",\"isPartOf\":{\"@id\":\"https:\\\/\\\/ciiam.org\\\/en\\\/#website\"},\"primaryImageOfPage\":{\"@id\":\"https:\\\/\\\/ciiam.org\\\/en\\\/ciam-estrecha-relaciones-internacionales-con-panama\\\/#primaryimage\"},\"image\":{\"@id\":\"https:\\\/\\\/ciiam.org\\\/en\\\/ciam-estrecha-relaciones-internacionales-con-panama\\\/#primaryimage\"},\"thumbnailUrl\":\"https:\\\/\\\/ciiam.org\\\/wp-content\\\/uploads\\\/2021\\\/12\\\/1636366654363.jpg\",\"datePublished\":\"2021-11-13T09:43:19+00:00\",\"dateModified\":\"2021-12-13T09:47:01+00:00\",\"description\":\"Jos\u00e9 Antonio Ca\u00ednzos Fern\u00e1ndez, presidente de\u00a0CIAM (Centro Internacional de Arbitraje de Madrid)\u00a0, y\u00a0Dr. Juan Carlos Arauz Ramos, presidente de\u00a0Panam\u00e1 CNA, se reunieron la pasada semana en las oficinas de\u00a0CIAM (Centro Internacional de Arbitraje de Madrid)\u00a0en\u00a0#Madrid\u00a0para iniciar la constituci\u00f3n del cap\u00edtulo paname\u00f1o en el marco del proyecto de\u00a0#AmigosdeCIAM.\u00a0\",\"breadcrumb\":{\"@id\":\"https:\\\/\\\/ciiam.org\\\/en\\\/ciam-estrecha-relaciones-internacionales-con-panama\\\/#breadcrumb\"},\"inLanguage\":\"en-US\",\"potentialAction\":[{\"@type\":\"ReadAction\",\"target\":[\"https:\\\/\\\/ciiam.org\\\/en\\\/ciam-estrecha-relaciones-internacionales-con-panama\\\/\"]}]},{\"@type\":\"ImageObject\",\"inLanguage\":\"en-US\",\"@id\":\"https:\\\/\\\/ciiam.org\\\/en\\\/ciam-estrecha-relaciones-internacionales-con-panama\\\/#primaryimage\",\"url\":\"https:\\\/\\\/ciiam.org\\\/wp-content\\\/uploads\\\/2021\\\/12\\\/1636366654363.jpg\",\"contentUrl\":\"https:\\\/\\\/ciiam.org\\\/wp-content\\\/uploads\\\/2021\\\/12\\\/1636366654363.jpg\",\"width\":768,\"height\":541},{\"@type\":\"BreadcrumbList\",\"@id\":\"https:\\\/\\\/ciiam.org\\\/en\\\/ciam-estrecha-relaciones-internacionales-con-panama\\\/#breadcrumb\",\"itemListElement\":[{\"@type\":\"ListItem\",\"position\":1,\"name\":\"CIAM\",\"item\":\"https:\\\/\\\/ciiam.org\\\/en\\\/\"},{\"@type\":\"ListItem\",\"position\":2,\"name\":\"CIAM estrecha relaciones internacionales con\u00a0Panam\u00e1\"}]},{\"@type\":\"WebSite\",\"@id\":\"https:\\\/\\\/ciiam.org\\\/en\\\/#website\",\"url\":\"https:\\\/\\\/ciiam.org\\\/en\\\/\",\"name\":\"CIIAM\",\"description\":\"Centro Internacional e Iberoamericano de Arbitraje de Madrid\",\"publisher\":{\"@id\":\"https:\\\/\\\/ciiam.org\\\/en\\\/#organization\"},\"potentialAction\":[{\"@type\":\"SearchAction\",\"target\":{\"@type\":\"EntryPoint\",\"urlTemplate\":\"https:\\\/\\\/ciiam.org\\\/en\\\/?s={search_term_string}\"},\"query-input\":{\"@type\":\"PropertyValueSpecification\",\"valueRequired\":true,\"valueName\":\"search_term_string\"}}],\"inLanguage\":\"en-US\"},{\"@type\":\"Organization\",\"@id\":\"https:\\\/\\\/ciiam.org\\\/en\\\/#organization\",\"name\":\"Centro Internacional e Iberoamericano de Arbitraje de Madrid\",\"alternateName\":\"CIIAM\",\"url\":\"https:\\\/\\\/ciiam.org\\\/en\\\/\",\"logo\":{\"@type\":\"ImageObject\",\"inLanguage\":\"en-US\",\"@id\":\"https:\\\/\\\/ciiam.org\\\/en\\\/#\\\/schema\\\/logo\\\/image\\\/\",\"url\":\"https:\\\/\\\/ciiam.org\\\/wp-content\\\/uploads\\\/2026\\\/01\\\/favicon.png\",\"contentUrl\":\"https:\\\/\\\/ciiam.org\\\/wp-content\\\/uploads\\\/2026\\\/01\\\/favicon.png\",\"width\":500,\"height\":500,\"caption\":\"Centro Internacional e Iberoamericano de Arbitraje de Madrid\"},\"image\":{\"@id\":\"https:\\\/\\\/ciiam.org\\\/en\\\/#\\\/schema\\\/logo\\\/image\\\/\"},\"sameAs\":[\"https:\\\/\\\/www.linkedin.com\\\/company\\\/ciam-centro-internacional-arbitraje-madrid?trk=d_public_post_image\",\"https:\\\/\\\/www.youtube.com\\\/channel\\\/UCU2OI7SAQFv5uXAZ4qO4ALg\"]},{\"@type\":\"Person\",\"@id\":\"https:\\\/\\\/ciiam.org\\\/en\\\/#\\\/schema\\\/person\\\/fb1a957c6a1033311cb7f2ed37095712\",\"name\":\"CIAM Noticias\",\"image\":{\"@type\":\"ImageObject\",\"inLanguage\":\"en-US\",\"@id\":\"https:\\\/\\\/secure.gravatar.com\\\/avatar\\\/966852b49cc4ce607aa677110fc17615e164a6f3cdd773ccc9753e7faf3dacc1?s=96&d=mm&r=g\",\"url\":\"https:\\\/\\\/secure.gravatar.com\\\/avatar\\\/966852b49cc4ce607aa677110fc17615e164a6f3cdd773ccc9753e7faf3dacc1?s=96&d=mm&r=g\",\"contentUrl\":\"https:\\\/\\\/secure.gravatar.com\\\/avatar\\\/966852b49cc4ce607aa677110fc17615e164a6f3cdd773ccc9753e7faf3dacc1?s=96&d=mm&r=g\",\"caption\":\"CIAM Noticias\"},\"url\":\"https:\\\/\\\/ciiam.org\\\/en\\\/author\\\/cinewsam21\\\/\"}]}<\/script>\n<!-- \/ Yoast SEO plugin. -->","yoast_head_json":{"title":"CIAM estrecha relaciones internacionales con\u00a0Panam\u00e1 - CIIAM","description":"Jos\u00e9 Antonio Ca\u00ednzos Fern\u00e1ndez, presidente de\u00a0CIAM (Centro Internacional de Arbitraje de Madrid)\u00a0, y\u00a0Dr. Juan Carlos Arauz Ramos, presidente de\u00a0Panam\u00e1 CNA, se reunieron la pasada semana en las oficinas de\u00a0CIAM (Centro Internacional de Arbitraje de Madrid)\u00a0en\u00a0#Madrid\u00a0para iniciar la constituci\u00f3n del cap\u00edtulo paname\u00f1o en el marco del proyecto de\u00a0#AmigosdeCIAM.\u00a0","robots":{"index":"index","follow":"follow","max-snippet":"max-snippet:-1","max-image-preview":"max-image-preview:large","max-video-preview":"max-video-preview:-1"},"canonical":"https:\/\/ciiam.org\/en\/ciam-estrecha-relaciones-internacionales-con-panama\/","og_locale":"en_US","og_type":"article","og_title":"CIAM estrecha relaciones internacionales con\u00a0Panam\u00e1 - CIIAM","og_description":"Jos\u00e9 Antonio Ca\u00ednzos Fern\u00e1ndez, presidente de\u00a0CIAM (Centro Internacional de Arbitraje de Madrid)\u00a0, y\u00a0Dr. Juan Carlos Arauz Ramos, presidente de\u00a0Panam\u00e1 CNA, se reunieron la pasada semana en las oficinas de\u00a0CIAM (Centro Internacional de Arbitraje de Madrid)\u00a0en\u00a0#Madrid\u00a0para iniciar la constituci\u00f3n del cap\u00edtulo paname\u00f1o en el marco del proyecto de\u00a0#AmigosdeCIAM.\u00a0","og_url":"https:\/\/ciiam.org\/en\/ciam-estrecha-relaciones-internacionales-con-panama\/","og_site_name":"CIIAM","article_published_time":"2021-11-13T09:43:19+00:00","article_modified_time":"2021-12-13T09:47:01+00:00","og_image":[{"width":768,"height":541,"url":"https:\/\/ciiam.org\/wp-content\/uploads\/2021\/12\/1636366654363.jpg","type":"image\/jpeg"}],"author":"CIAM Noticias","twitter_card":"summary_large_image","twitter_misc":{"Written by":"CIAM Noticias","Est. reading time":"1 minute"},"schema":{"@context":"https:\/\/schema.org","@graph":[{"@type":"Article","@id":"https:\/\/ciiam.org\/en\/ciam-estrecha-relaciones-internacionales-con-panama\/#article","isPartOf":{"@id":"https:\/\/ciiam.org\/en\/ciam-estrecha-relaciones-internacionales-con-panama\/"},"author":{"name":"CIAM Noticias","@id":"https:\/\/ciiam.org\/en\/#\/schema\/person\/fb1a957c6a1033311cb7f2ed37095712"},"headline":"CIAM estrecha relaciones internacionales con\u00a0Panam\u00e1","datePublished":"2021-11-13T09:43:19+00:00","dateModified":"2021-12-13T09:47:01+00:00","mainEntityOfPage":{"@id":"https:\/\/ciiam.org\/en\/ciam-estrecha-relaciones-internacionales-con-panama\/"},"wordCount":107,"publisher":{"@id":"https:\/\/ciiam.org\/en\/#organization"},"image":{"@id":"https:\/\/ciiam.org\/en\/ciam-estrecha-relaciones-internacionales-con-panama\/#primaryimage"},"thumbnailUrl":"https:\/\/ciiam.org\/wp-content\/uploads\/2021\/12\/1636366654363.jpg","keywords":["AMIGOS DE CIAM","Ciam","PANAM\u00c1"],"articleSection":["Actualidad"],"inLanguage":"en-US"},{"@type":"WebPage","@id":"https:\/\/ciiam.org\/en\/ciam-estrecha-relaciones-internacionales-con-panama\/","url":"https:\/\/ciiam.org\/en\/ciam-estrecha-relaciones-internacionales-con-panama\/","name":"CIAM estrecha relaciones internacionales con\u00a0Panam\u00e1 - CIIAM","isPartOf":{"@id":"https:\/\/ciiam.org\/en\/#website"},"primaryImageOfPage":{"@id":"https:\/\/ciiam.org\/en\/ciam-estrecha-relaciones-internacionales-con-panama\/#primaryimage"},"image":{"@id":"https:\/\/ciiam.org\/en\/ciam-estrecha-relaciones-internacionales-con-panama\/#primaryimage"},"thumbnailUrl":"https:\/\/ciiam.org\/wp-content\/uploads\/2021\/12\/1636366654363.jpg","datePublished":"2021-11-13T09:43:19+00:00","dateModified":"2021-12-13T09:47:01+00:00","description":"Jos\u00e9 Antonio Ca\u00ednzos Fern\u00e1ndez, presidente de\u00a0CIAM (Centro Internacional de Arbitraje de Madrid)\u00a0, y\u00a0Dr. Juan Carlos Arauz Ramos, presidente de\u00a0Panam\u00e1 CNA, se reunieron la pasada semana en las oficinas de\u00a0CIAM (Centro Internacional de Arbitraje de Madrid)\u00a0en\u00a0#Madrid\u00a0para iniciar la constituci\u00f3n del cap\u00edtulo paname\u00f1o en el marco del proyecto de\u00a0#AmigosdeCIAM.\u00a0","breadcrumb":{"@id":"https:\/\/ciiam.org\/en\/ciam-estrecha-relaciones-internacionales-con-panama\/#breadcrumb"},"inLanguage":"en-US","potentialAction":[{"@type":"ReadAction","target":["https:\/\/ciiam.org\/en\/ciam-estrecha-relaciones-internacionales-con-panama\/"]}]},{"@type":"ImageObject","inLanguage":"en-US","@id":"https:\/\/ciiam.org\/en\/ciam-estrecha-relaciones-internacionales-con-panama\/#primaryimage","url":"https:\/\/ciiam.org\/wp-content\/uploads\/2021\/12\/1636366654363.jpg","contentUrl":"https:\/\/ciiam.org\/wp-content\/uploads\/2021\/12\/1636366654363.jpg","width":768,"height":541},{"@type":"BreadcrumbList","@id":"https:\/\/ciiam.org\/en\/ciam-estrecha-relaciones-internacionales-con-panama\/#breadcrumb","itemListElement":[{"@type":"ListItem","position":1,"name":"CIAM","item":"https:\/\/ciiam.org\/en\/"},{"@type":"ListItem","position":2,"name":"CIAM estrecha relaciones internacionales con\u00a0Panam\u00e1"}]},{"@type":"WebSite","@id":"https:\/\/ciiam.org\/en\/#website","url":"https:\/\/ciiam.org\/en\/","name":"CIIAM","description":"Centro Internacional e Iberoamericano de Arbitraje de Madrid","publisher":{"@id":"https:\/\/ciiam.org\/en\/#organization"},"potentialAction":[{"@type":"SearchAction","target":{"@type":"EntryPoint","urlTemplate":"https:\/\/ciiam.org\/en\/?s={search_term_string}"},"query-input":{"@type":"PropertyValueSpecification","valueRequired":true,"valueName":"search_term_string"}}],"inLanguage":"en-US"},{"@type":"Organization","@id":"https:\/\/ciiam.org\/en\/#organization","name":"Centro Internacional e Iberoamericano de Arbitraje de Madrid","alternateName":"CIIAM","url":"https:\/\/ciiam.org\/en\/","logo":{"@type":"ImageObject","inLanguage":"en-US","@id":"https:\/\/ciiam.org\/en\/#\/schema\/logo\/image\/","url":"https:\/\/ciiam.org\/wp-content\/uploads\/2026\/01\/favicon.png","contentUrl":"https:\/\/ciiam.org\/wp-content\/uploads\/2026\/01\/favicon.png","width":500,"height":500,"caption":"Centro Internacional e Iberoamericano de Arbitraje de Madrid"},"image":{"@id":"https:\/\/ciiam.org\/en\/#\/schema\/logo\/image\/"},"sameAs":["https:\/\/www.linkedin.com\/company\/ciam-centro-internacional-arbitraje-madrid?trk=d_public_post_image","https:\/\/www.youtube.com\/channel\/UCU2OI7SAQFv5uXAZ4qO4ALg"]},{"@type":"Person","@id":"https:\/\/ciiam.org\/en\/#\/schema\/person\/fb1a957c6a1033311cb7f2ed37095712","name":"CIAM Noticias","image":{"@type":"ImageObject","inLanguage":"en-US","@id":"https:\/\/secure.gravatar.com\/avatar\/966852b49cc4ce607aa677110fc17615e164a6f3cdd773ccc9753e7faf3dacc1?s=96&d=mm&r=g","url":"https:\/\/secure.gravatar.com\/avatar\/966852b49cc4ce607aa677110fc17615e164a6f3cdd773ccc9753e7faf3dacc1?s=96&d=mm&r=g","contentUrl":"https:\/\/secure.gravatar.com\/avatar\/966852b49cc4ce607aa677110fc17615e164a6f3cdd773ccc9753e7faf3dacc1?s=96&d=mm&r=g","caption":"CIAM Noticias"},"url":"https:\/\/ciiam.org\/en\/author\/cinewsam21\/"}]}},"_links":{"self":[{"href":"https:\/\/ciiam.org\/en\/wp-json\/wp\/v2\/posts\/11295","targetHints":{"allow":["GET"]}}],"collection":[{"href":"https:\/\/ciiam.org\/en\/wp-json\/wp\/v2\/posts"}],"about":[{"href":"https:\/\/ciiam.org\/en\/wp-json\/wp\/v2\/types\/post"}],"author":[{"embeddable":true,"href":"https:\/\/ciiam.org\/en\/wp-json\/wp\/v2\/users\/10"}],"replies":[{"embeddable":true,"href":"https:\/\/ciiam.org\/en\/wp-json\/wp\/v2\/comments?post=11295"}],"version-history":[{"count":0,"href":"https:\/\/ciiam.org\/en\/wp-json\/wp\/v2\/posts\/11295\/revisions"}],"wp:featuredmedia":[{"embeddable":true,"href":"https:\/\/ciiam.org\/en\/wp-json\/wp\/v2\/media\/11296"}],"wp:attachment":[{"href":"https:\/\/ciiam.org\/en\/wp-json\/wp\/v2\/media?parent=11295"}],"wp:term":[{"taxonomy":"category","embeddable":true,"href":"https:\/\/ciiam.org\/en\/wp-json\/wp\/v2\/categories?post=11295"},{"taxonomy":"post_tag","embeddable":true,"href":"https:\/\/ciiam.org\/en\/wp-json\/wp\/v2\/tags?post=11295"}],"curies":[{"name":"wp","href":"https:\/\/api.w.org\/{rel}","templated":true}]}}