{"id":11319,"date":"2021-10-20T10:04:37","date_gmt":"2021-10-20T10:04:37","guid":{"rendered":"https:\/\/ciiam.org\/?p=11319"},"modified":"2021-12-13T10:06:53","modified_gmt":"2021-12-13T10:06:53","slug":"introduccion-al-arbitraje-comercial-internacional","status":"publish","type":"post","link":"https:\/\/ciiam.org\/en\/introduccion-al-arbitraje-comercial-internacional\/","title":{"rendered":"\u201cIntroducci\u00f3n al arbitraje comercial internacional\u201d"},"content":{"rendered":"<p>El 20 de octubre\u00a0<a href=\"https:\/\/www.linkedin.com\/in\/ACoAADCZSlIBegV6FuVIATyBwPh3d_hK2hv2p-Q\" data-attribute-index=\"0\" data-entity-hovercard-id=\"urn:li:fs_miniProfile:ACoAADCZSlIBegV6FuVIATyBwPh3d_hK2hv2p-Q\" data-entity-type=\"MINI_PROFILE\">Jos\u00e9 Antonio Ca\u00ednzos Fern\u00e1ndez<\/a>, presidente de\u00a0<a href=\"https:\/\/www.linkedin.com\/company\/ciam-centro-internacional-arbitraje-madrid\/\" data-attribute-index=\"2\" data-entity-hovercard-id=\"urn:li:fs_miniCompany:37226932\" data-entity-type=\"MINI_COMPANY\">CIAM (Centro Internacional de Arbitraje de Madrid)\u00a0<\/a>, y\u00a0<a href=\"https:\/\/www.linkedin.com\/in\/ACoAABPwzBwBgLA2zpchwv65xbhDxTqsQlkEeRo\" data-attribute-index=\"4\" data-entity-hovercard-id=\"urn:li:fs_miniProfile:ACoAABPwzBwBgLA2zpchwv65xbhDxTqsQlkEeRo\" data-entity-type=\"MINI_PROFILE\">M\u00e9lanie Riofrio Pich\u00e9<\/a>, secretaria general de\u00a0<a href=\"https:\/\/www.linkedin.com\/company\/ciam-centro-internacional-arbitraje-madrid\/\" data-attribute-index=\"6\" data-entity-hovercard-id=\"urn:li:fs_miniCompany:37226932\" data-entity-type=\"MINI_COMPANY\">CIAM (Centro Internacional de Arbitraje de Madrid)\u00a0<\/a>, participar\u00e1n en un coloquio sobre la \u201cIntroducci\u00f3n al arbitraje comercial internacional\u201d en la\u00a0<a href=\"https:\/\/www.linkedin.com\/company\/pontificia-universidad-cat-lica-del-ecuador\/\" data-attribute-index=\"8\" data-entity-hovercard-id=\"urn:li:fs_miniCompany:543004\" data-entity-type=\"MINI_COMPANY\">Pontificia Universidad Cat\u00f3lica del Ecuador<\/a>.<\/p>\n<p>\ud83d\udc49\u00a0Esta ponencia de la delegaci\u00f3n de\u00a0<a href=\"https:\/\/www.linkedin.com\/company\/ciam-centro-internacional-arbitraje-madrid\/\" data-attribute-index=\"10\" data-entity-hovercard-id=\"urn:li:fs_miniCompany:37226932\" data-entity-type=\"MINI_COMPANY\">CIAM (Centro Internacional de Arbitraje de Madrid)\u00a0<\/a>forma parte del plan de visitas del Centro por\u00a0<a href=\"https:\/\/www.linkedin.com\/feed\/hashtag\/?keywords=latinoam%C3%A9rica&amp;highlightedUpdateUrns=urn%3Ali%3Aactivity%3A6856199635514494976\" data-attribute-index=\"12\">#Latinoam\u00e9rica<\/a>.<\/p>\n","protected":false},"excerpt":{"rendered":"<p>El 20 de octubre\u00a0Jos\u00e9 Antonio Ca\u00ednzos Fern\u00e1ndez, presidente de\u00a0CIAM (Centro Internacional de Arbitraje de Madrid)\u00a0, y\u00a0M\u00e9lanie Riofrio Pich\u00e9, secretaria general de\u00a0CIAM (Centro Internacional de Arbitraje de Madrid)\u00a0, participar\u00e1n en un coloquio sobre la \u201cIntroducci\u00f3n al arbitraje comercial internacional\u201d en la\u00a0Pontificia Universidad Cat\u00f3lica del Ecuador. \ud83d\udc49\u00a0Esta ponencia de la delegaci\u00f3n de\u00a0CIAM (Centro Internacional de Arbitraje de [&hellip;]<\/p>\n","protected":false},"author":10,"featured_media":11320,"comment_status":"closed","ping_status":"open","sticky":false,"template":"","format":"standard","meta":{"footnotes":""},"categories":[17],"tags":[182,226,234],"class_list":["post-11319","post","type-post","status-publish","format-standard","has-post-thumbnail","hentry","category-actualidad","tag-ecuador","tag-jac","tag-mrp"],"yoast_head":"<!-- This site is optimized with the Yoast SEO plugin v27.3 - https:\/\/yoast.com\/product\/yoast-seo-wordpress\/ -->\n<title>\u201cIntroducci\u00f3n al arbitraje comercial internacional\u201d - CIIAM<\/title>\n<meta name=\"description\" content=\"Jos\u00e9 Antonio Ca\u00ednzos Fern\u00e1ndez, presidente de\u00a0CIAM y\u00a0M\u00e9lanie Riofrio Pich\u00e9, secretaria general de\u00a0CIAM\u00a0, participar\u00e1n en un coloquio sobre la \u201cIntroducci\u00f3n al arbitraje comercial internacional\u201d en la\u00a0Pontificia Universidad Cat\u00f3lica del Ecuador.\" \/>\n<meta name=\"robots\" content=\"index, follow, max-snippet:-1, max-image-preview:large, max-video-preview:-1\" \/>\n<link rel=\"canonical\" href=\"https:\/\/ciiam.org\/en\/introduccion-al-arbitraje-comercial-internacional\/\" \/>\n<meta property=\"og:locale\" content=\"en_US\" \/>\n<meta property=\"og:type\" content=\"article\" \/>\n<meta property=\"og:title\" content=\"\u201cIntroducci\u00f3n al arbitraje comercial internacional\u201d - CIIAM\" \/>\n<meta property=\"og:description\" content=\"Jos\u00e9 Antonio Ca\u00ednzos Fern\u00e1ndez, presidente de\u00a0CIAM y\u00a0M\u00e9lanie Riofrio Pich\u00e9, secretaria general de\u00a0CIAM\u00a0, participar\u00e1n en un coloquio sobre la \u201cIntroducci\u00f3n al arbitraje comercial internacional\u201d en la\u00a0Pontificia Universidad Cat\u00f3lica del Ecuador.\" \/>\n<meta property=\"og:url\" content=\"https:\/\/ciiam.org\/en\/introduccion-al-arbitraje-comercial-internacional\/\" \/>\n<meta property=\"og:site_name\" content=\"CIIAM\" \/>\n<meta property=\"article:published_time\" content=\"2021-10-20T10:04:37+00:00\" \/>\n<meta property=\"article:modified_time\" content=\"2021-12-13T10:06:53+00:00\" \/>\n<meta property=\"og:image\" content=\"https:\/\/ciiam.org\/wp-content\/uploads\/2021\/12\/1634645373585.jpg\" \/>\n\t<meta property=\"og:image:width\" content=\"800\" \/>\n\t<meta property=\"og:image:height\" content=\"1109\" \/>\n\t<meta property=\"og:image:type\" content=\"image\/jpeg\" \/>\n<meta name=\"author\" content=\"CIAM Noticias\" \/>\n<meta name=\"twitter:card\" content=\"summary_large_image\" \/>\n<meta name=\"twitter:label1\" content=\"Written by\" \/>\n\t<meta name=\"twitter:data1\" content=\"CIAM Noticias\" \/>\n\t<meta name=\"twitter:label2\" content=\"Est. reading time\" \/>\n\t<meta name=\"twitter:data2\" content=\"1 minute\" \/>\n<script type=\"application\/ld+json\" class=\"yoast-schema-graph\">{\"@context\":\"https:\\\/\\\/schema.org\",\"@graph\":[{\"@type\":\"Article\",\"@id\":\"https:\\\/\\\/ciiam.org\\\/en\\\/introduccion-al-arbitraje-comercial-internacional\\\/#article\",\"isPartOf\":{\"@id\":\"https:\\\/\\\/ciiam.org\\\/en\\\/introduccion-al-arbitraje-comercial-internacional\\\/\"},\"author\":{\"name\":\"CIAM Noticias\",\"@id\":\"https:\\\/\\\/ciiam.org\\\/en\\\/#\\\/schema\\\/person\\\/fb1a957c6a1033311cb7f2ed37095712\"},\"headline\":\"\u201cIntroducci\u00f3n al arbitraje comercial internacional\u201d\",\"datePublished\":\"2021-10-20T10:04:37+00:00\",\"dateModified\":\"2021-12-13T10:06:53+00:00\",\"mainEntityOfPage\":{\"@id\":\"https:\\\/\\\/ciiam.org\\\/en\\\/introduccion-al-arbitraje-comercial-internacional\\\/\"},\"wordCount\":85,\"publisher\":{\"@id\":\"https:\\\/\\\/ciiam.org\\\/en\\\/#organization\"},\"image\":{\"@id\":\"https:\\\/\\\/ciiam.org\\\/en\\\/introduccion-al-arbitraje-comercial-internacional\\\/#primaryimage\"},\"thumbnailUrl\":\"https:\\\/\\\/ciiam.org\\\/wp-content\\\/uploads\\\/2021\\\/12\\\/1634645373585.jpg\",\"keywords\":[\"ECUADOR\",\"JAC\",\"MRP\"],\"articleSection\":[\"Actualidad\"],\"inLanguage\":\"en-US\"},{\"@type\":\"WebPage\",\"@id\":\"https:\\\/\\\/ciiam.org\\\/en\\\/introduccion-al-arbitraje-comercial-internacional\\\/\",\"url\":\"https:\\\/\\\/ciiam.org\\\/en\\\/introduccion-al-arbitraje-comercial-internacional\\\/\",\"name\":\"\u201cIntroducci\u00f3n al arbitraje comercial internacional\u201d - CIIAM\",\"isPartOf\":{\"@id\":\"https:\\\/\\\/ciiam.org\\\/en\\\/#website\"},\"primaryImageOfPage\":{\"@id\":\"https:\\\/\\\/ciiam.org\\\/en\\\/introduccion-al-arbitraje-comercial-internacional\\\/#primaryimage\"},\"image\":{\"@id\":\"https:\\\/\\\/ciiam.org\\\/en\\\/introduccion-al-arbitraje-comercial-internacional\\\/#primaryimage\"},\"thumbnailUrl\":\"https:\\\/\\\/ciiam.org\\\/wp-content\\\/uploads\\\/2021\\\/12\\\/1634645373585.jpg\",\"datePublished\":\"2021-10-20T10:04:37+00:00\",\"dateModified\":\"2021-12-13T10:06:53+00:00\",\"description\":\"Jos\u00e9 Antonio Ca\u00ednzos Fern\u00e1ndez, presidente de\u00a0CIAM y\u00a0M\u00e9lanie Riofrio Pich\u00e9, secretaria general de\u00a0CIAM\u00a0, participar\u00e1n en un coloquio sobre la \u201cIntroducci\u00f3n al arbitraje comercial internacional\u201d en la\u00a0Pontificia Universidad Cat\u00f3lica del Ecuador.\",\"breadcrumb\":{\"@id\":\"https:\\\/\\\/ciiam.org\\\/en\\\/introduccion-al-arbitraje-comercial-internacional\\\/#breadcrumb\"},\"inLanguage\":\"en-US\",\"potentialAction\":[{\"@type\":\"ReadAction\",\"target\":[\"https:\\\/\\\/ciiam.org\\\/en\\\/introduccion-al-arbitraje-comercial-internacional\\\/\"]}]},{\"@type\":\"ImageObject\",\"inLanguage\":\"en-US\",\"@id\":\"https:\\\/\\\/ciiam.org\\\/en\\\/introduccion-al-arbitraje-comercial-internacional\\\/#primaryimage\",\"url\":\"https:\\\/\\\/ciiam.org\\\/wp-content\\\/uploads\\\/2021\\\/12\\\/1634645373585.jpg\",\"contentUrl\":\"https:\\\/\\\/ciiam.org\\\/wp-content\\\/uploads\\\/2021\\\/12\\\/1634645373585.jpg\",\"width\":800,\"height\":1109},{\"@type\":\"BreadcrumbList\",\"@id\":\"https:\\\/\\\/ciiam.org\\\/en\\\/introduccion-al-arbitraje-comercial-internacional\\\/#breadcrumb\",\"itemListElement\":[{\"@type\":\"ListItem\",\"position\":1,\"name\":\"CIAM\",\"item\":\"https:\\\/\\\/ciiam.org\\\/en\\\/\"},{\"@type\":\"ListItem\",\"position\":2,\"name\":\"\u201cIntroducci\u00f3n al arbitraje comercial internacional\u201d\"}]},{\"@type\":\"WebSite\",\"@id\":\"https:\\\/\\\/ciiam.org\\\/en\\\/#website\",\"url\":\"https:\\\/\\\/ciiam.org\\\/en\\\/\",\"name\":\"CIIAM\",\"description\":\"Centro Internacional e Iberoamericano de Arbitraje de Madrid\",\"publisher\":{\"@id\":\"https:\\\/\\\/ciiam.org\\\/en\\\/#organization\"},\"potentialAction\":[{\"@type\":\"SearchAction\",\"target\":{\"@type\":\"EntryPoint\",\"urlTemplate\":\"https:\\\/\\\/ciiam.org\\\/en\\\/?s={search_term_string}\"},\"query-input\":{\"@type\":\"PropertyValueSpecification\",\"valueRequired\":true,\"valueName\":\"search_term_string\"}}],\"inLanguage\":\"en-US\"},{\"@type\":\"Organization\",\"@id\":\"https:\\\/\\\/ciiam.org\\\/en\\\/#organization\",\"name\":\"Centro Internacional e Iberoamericano de Arbitraje de Madrid\",\"alternateName\":\"CIIAM\",\"url\":\"https:\\\/\\\/ciiam.org\\\/en\\\/\",\"logo\":{\"@type\":\"ImageObject\",\"inLanguage\":\"en-US\",\"@id\":\"https:\\\/\\\/ciiam.org\\\/en\\\/#\\\/schema\\\/logo\\\/image\\\/\",\"url\":\"https:\\\/\\\/ciiam.org\\\/wp-content\\\/uploads\\\/2026\\\/01\\\/favicon.png\",\"contentUrl\":\"https:\\\/\\\/ciiam.org\\\/wp-content\\\/uploads\\\/2026\\\/01\\\/favicon.png\",\"width\":500,\"height\":500,\"caption\":\"Centro Internacional e Iberoamericano de Arbitraje de Madrid\"},\"image\":{\"@id\":\"https:\\\/\\\/ciiam.org\\\/en\\\/#\\\/schema\\\/logo\\\/image\\\/\"},\"sameAs\":[\"https:\\\/\\\/www.linkedin.com\\\/company\\\/ciam-centro-internacional-arbitraje-madrid?trk=d_public_post_image\",\"https:\\\/\\\/www.youtube.com\\\/channel\\\/UCU2OI7SAQFv5uXAZ4qO4ALg\"]},{\"@type\":\"Person\",\"@id\":\"https:\\\/\\\/ciiam.org\\\/en\\\/#\\\/schema\\\/person\\\/fb1a957c6a1033311cb7f2ed37095712\",\"name\":\"CIAM Noticias\",\"image\":{\"@type\":\"ImageObject\",\"inLanguage\":\"en-US\",\"@id\":\"https:\\\/\\\/secure.gravatar.com\\\/avatar\\\/966852b49cc4ce607aa677110fc17615e164a6f3cdd773ccc9753e7faf3dacc1?s=96&d=mm&r=g\",\"url\":\"https:\\\/\\\/secure.gravatar.com\\\/avatar\\\/966852b49cc4ce607aa677110fc17615e164a6f3cdd773ccc9753e7faf3dacc1?s=96&d=mm&r=g\",\"contentUrl\":\"https:\\\/\\\/secure.gravatar.com\\\/avatar\\\/966852b49cc4ce607aa677110fc17615e164a6f3cdd773ccc9753e7faf3dacc1?s=96&d=mm&r=g\",\"caption\":\"CIAM Noticias\"},\"url\":\"https:\\\/\\\/ciiam.org\\\/en\\\/author\\\/cinewsam21\\\/\"}]}<\/script>\n<!-- \/ Yoast SEO plugin. -->","yoast_head_json":{"title":"\u201cIntroducci\u00f3n al arbitraje comercial internacional\u201d - CIIAM","description":"Jos\u00e9 Antonio Ca\u00ednzos Fern\u00e1ndez, presidente de\u00a0CIAM y\u00a0M\u00e9lanie Riofrio Pich\u00e9, secretaria general de\u00a0CIAM\u00a0, participar\u00e1n en un coloquio sobre la \u201cIntroducci\u00f3n al arbitraje comercial internacional\u201d en la\u00a0Pontificia Universidad Cat\u00f3lica del Ecuador.","robots":{"index":"index","follow":"follow","max-snippet":"max-snippet:-1","max-image-preview":"max-image-preview:large","max-video-preview":"max-video-preview:-1"},"canonical":"https:\/\/ciiam.org\/en\/introduccion-al-arbitraje-comercial-internacional\/","og_locale":"en_US","og_type":"article","og_title":"\u201cIntroducci\u00f3n al arbitraje comercial internacional\u201d - CIIAM","og_description":"Jos\u00e9 Antonio Ca\u00ednzos Fern\u00e1ndez, presidente de\u00a0CIAM y\u00a0M\u00e9lanie Riofrio Pich\u00e9, secretaria general de\u00a0CIAM\u00a0, participar\u00e1n en un coloquio sobre la \u201cIntroducci\u00f3n al arbitraje comercial internacional\u201d en la\u00a0Pontificia Universidad Cat\u00f3lica del Ecuador.","og_url":"https:\/\/ciiam.org\/en\/introduccion-al-arbitraje-comercial-internacional\/","og_site_name":"CIIAM","article_published_time":"2021-10-20T10:04:37+00:00","article_modified_time":"2021-12-13T10:06:53+00:00","og_image":[{"width":800,"height":1109,"url":"https:\/\/ciiam.org\/wp-content\/uploads\/2021\/12\/1634645373585.jpg","type":"image\/jpeg"}],"author":"CIAM Noticias","twitter_card":"summary_large_image","twitter_misc":{"Written by":"CIAM Noticias","Est. reading time":"1 minute"},"schema":{"@context":"https:\/\/schema.org","@graph":[{"@type":"Article","@id":"https:\/\/ciiam.org\/en\/introduccion-al-arbitraje-comercial-internacional\/#article","isPartOf":{"@id":"https:\/\/ciiam.org\/en\/introduccion-al-arbitraje-comercial-internacional\/"},"author":{"name":"CIAM Noticias","@id":"https:\/\/ciiam.org\/en\/#\/schema\/person\/fb1a957c6a1033311cb7f2ed37095712"},"headline":"\u201cIntroducci\u00f3n al arbitraje comercial internacional\u201d","datePublished":"2021-10-20T10:04:37+00:00","dateModified":"2021-12-13T10:06:53+00:00","mainEntityOfPage":{"@id":"https:\/\/ciiam.org\/en\/introduccion-al-arbitraje-comercial-internacional\/"},"wordCount":85,"publisher":{"@id":"https:\/\/ciiam.org\/en\/#organization"},"image":{"@id":"https:\/\/ciiam.org\/en\/introduccion-al-arbitraje-comercial-internacional\/#primaryimage"},"thumbnailUrl":"https:\/\/ciiam.org\/wp-content\/uploads\/2021\/12\/1634645373585.jpg","keywords":["ECUADOR","JAC","MRP"],"articleSection":["Actualidad"],"inLanguage":"en-US"},{"@type":"WebPage","@id":"https:\/\/ciiam.org\/en\/introduccion-al-arbitraje-comercial-internacional\/","url":"https:\/\/ciiam.org\/en\/introduccion-al-arbitraje-comercial-internacional\/","name":"\u201cIntroducci\u00f3n al arbitraje comercial internacional\u201d - CIIAM","isPartOf":{"@id":"https:\/\/ciiam.org\/en\/#website"},"primaryImageOfPage":{"@id":"https:\/\/ciiam.org\/en\/introduccion-al-arbitraje-comercial-internacional\/#primaryimage"},"image":{"@id":"https:\/\/ciiam.org\/en\/introduccion-al-arbitraje-comercial-internacional\/#primaryimage"},"thumbnailUrl":"https:\/\/ciiam.org\/wp-content\/uploads\/2021\/12\/1634645373585.jpg","datePublished":"2021-10-20T10:04:37+00:00","dateModified":"2021-12-13T10:06:53+00:00","description":"Jos\u00e9 Antonio Ca\u00ednzos Fern\u00e1ndez, presidente de\u00a0CIAM y\u00a0M\u00e9lanie Riofrio Pich\u00e9, secretaria general de\u00a0CIAM\u00a0, participar\u00e1n en un coloquio sobre la \u201cIntroducci\u00f3n al arbitraje comercial internacional\u201d en la\u00a0Pontificia Universidad Cat\u00f3lica del Ecuador.","breadcrumb":{"@id":"https:\/\/ciiam.org\/en\/introduccion-al-arbitraje-comercial-internacional\/#breadcrumb"},"inLanguage":"en-US","potentialAction":[{"@type":"ReadAction","target":["https:\/\/ciiam.org\/en\/introduccion-al-arbitraje-comercial-internacional\/"]}]},{"@type":"ImageObject","inLanguage":"en-US","@id":"https:\/\/ciiam.org\/en\/introduccion-al-arbitraje-comercial-internacional\/#primaryimage","url":"https:\/\/ciiam.org\/wp-content\/uploads\/2021\/12\/1634645373585.jpg","contentUrl":"https:\/\/ciiam.org\/wp-content\/uploads\/2021\/12\/1634645373585.jpg","width":800,"height":1109},{"@type":"BreadcrumbList","@id":"https:\/\/ciiam.org\/en\/introduccion-al-arbitraje-comercial-internacional\/#breadcrumb","itemListElement":[{"@type":"ListItem","position":1,"name":"CIAM","item":"https:\/\/ciiam.org\/en\/"},{"@type":"ListItem","position":2,"name":"\u201cIntroducci\u00f3n al arbitraje comercial internacional\u201d"}]},{"@type":"WebSite","@id":"https:\/\/ciiam.org\/en\/#website","url":"https:\/\/ciiam.org\/en\/","name":"CIIAM","description":"Centro Internacional e Iberoamericano de Arbitraje de Madrid","publisher":{"@id":"https:\/\/ciiam.org\/en\/#organization"},"potentialAction":[{"@type":"SearchAction","target":{"@type":"EntryPoint","urlTemplate":"https:\/\/ciiam.org\/en\/?s={search_term_string}"},"query-input":{"@type":"PropertyValueSpecification","valueRequired":true,"valueName":"search_term_string"}}],"inLanguage":"en-US"},{"@type":"Organization","@id":"https:\/\/ciiam.org\/en\/#organization","name":"Centro Internacional e Iberoamericano de Arbitraje de Madrid","alternateName":"CIIAM","url":"https:\/\/ciiam.org\/en\/","logo":{"@type":"ImageObject","inLanguage":"en-US","@id":"https:\/\/ciiam.org\/en\/#\/schema\/logo\/image\/","url":"https:\/\/ciiam.org\/wp-content\/uploads\/2026\/01\/favicon.png","contentUrl":"https:\/\/ciiam.org\/wp-content\/uploads\/2026\/01\/favicon.png","width":500,"height":500,"caption":"Centro Internacional e Iberoamericano de Arbitraje de Madrid"},"image":{"@id":"https:\/\/ciiam.org\/en\/#\/schema\/logo\/image\/"},"sameAs":["https:\/\/www.linkedin.com\/company\/ciam-centro-internacional-arbitraje-madrid?trk=d_public_post_image","https:\/\/www.youtube.com\/channel\/UCU2OI7SAQFv5uXAZ4qO4ALg"]},{"@type":"Person","@id":"https:\/\/ciiam.org\/en\/#\/schema\/person\/fb1a957c6a1033311cb7f2ed37095712","name":"CIAM Noticias","image":{"@type":"ImageObject","inLanguage":"en-US","@id":"https:\/\/secure.gravatar.com\/avatar\/966852b49cc4ce607aa677110fc17615e164a6f3cdd773ccc9753e7faf3dacc1?s=96&d=mm&r=g","url":"https:\/\/secure.gravatar.com\/avatar\/966852b49cc4ce607aa677110fc17615e164a6f3cdd773ccc9753e7faf3dacc1?s=96&d=mm&r=g","contentUrl":"https:\/\/secure.gravatar.com\/avatar\/966852b49cc4ce607aa677110fc17615e164a6f3cdd773ccc9753e7faf3dacc1?s=96&d=mm&r=g","caption":"CIAM Noticias"},"url":"https:\/\/ciiam.org\/en\/author\/cinewsam21\/"}]}},"_links":{"self":[{"href":"https:\/\/ciiam.org\/en\/wp-json\/wp\/v2\/posts\/11319","targetHints":{"allow":["GET"]}}],"collection":[{"href":"https:\/\/ciiam.org\/en\/wp-json\/wp\/v2\/posts"}],"about":[{"href":"https:\/\/ciiam.org\/en\/wp-json\/wp\/v2\/types\/post"}],"author":[{"embeddable":true,"href":"https:\/\/ciiam.org\/en\/wp-json\/wp\/v2\/users\/10"}],"replies":[{"embeddable":true,"href":"https:\/\/ciiam.org\/en\/wp-json\/wp\/v2\/comments?post=11319"}],"version-history":[{"count":0,"href":"https:\/\/ciiam.org\/en\/wp-json\/wp\/v2\/posts\/11319\/revisions"}],"wp:featuredmedia":[{"embeddable":true,"href":"https:\/\/ciiam.org\/en\/wp-json\/wp\/v2\/media\/11320"}],"wp:attachment":[{"href":"https:\/\/ciiam.org\/en\/wp-json\/wp\/v2\/media?parent=11319"}],"wp:term":[{"taxonomy":"category","embeddable":true,"href":"https:\/\/ciiam.org\/en\/wp-json\/wp\/v2\/categories?post=11319"},{"taxonomy":"post_tag","embeddable":true,"href":"https:\/\/ciiam.org\/en\/wp-json\/wp\/v2\/tags?post=11319"}],"curies":[{"name":"wp","href":"https:\/\/api.w.org\/{rel}","templated":true}]}}