{"id":11325,"date":"2021-10-19T10:07:24","date_gmt":"2021-10-19T10:07:24","guid":{"rendered":"https:\/\/ciiam.org\/?p=11325"},"modified":"2021-12-13T11:02:30","modified_gmt":"2021-12-13T11:02:30","slug":"un-cafe-con-el-ciam-conociendo-a-madrid-como-sede-de-arbitraje","status":"publish","type":"post","link":"https:\/\/ciiam.org\/en\/un-cafe-con-el-ciam-conociendo-a-madrid-como-sede-de-arbitraje\/","title":{"rendered":"Un caf\u00e9 con el CIAM, conociendo a Madrid como sede de #arbitraje"},"content":{"rendered":"<p>Un caf\u00e9 con el\u00a0<a href=\"https:\/\/www.linkedin.com\/company\/ciam-centro-internacional-arbitraje-madrid\/\" data-attribute-index=\"0\" data-entity-hovercard-id=\"urn:li:fs_miniCompany:37226932\" data-entity-type=\"MINI_COMPANY\">CIAM (Centro Internacional de Arbitraje de Madrid)<\/a><\/p>\n<p>El 20 de octubre,\u00a0<a href=\"https:\/\/www.linkedin.com\/in\/ACoAADCZSlIBegV6FuVIATyBwPh3d_hK2hv2p-Q\" data-attribute-index=\"2\" data-entity-hovercard-id=\"urn:li:fs_miniProfile:ACoAADCZSlIBegV6FuVIATyBwPh3d_hK2hv2p-Q\" data-entity-type=\"MINI_PROFILE\">Jos\u00e9 Antonio Ca\u00ednzos Fern\u00e1ndez<\/a>, presidente de\u00a0<a href=\"https:\/\/www.linkedin.com\/company\/ciam-centro-internacional-arbitraje-madrid\/\" data-attribute-index=\"4\" data-entity-hovercard-id=\"urn:li:fs_miniCompany:37226932\" data-entity-type=\"MINI_COMPANY\">CIAM (Centro Internacional de Arbitraje de Madrid)\u00a0<\/a>, y\u00a0<a href=\"https:\/\/www.linkedin.com\/in\/ACoAABPwzBwBgLA2zpchwv65xbhDxTqsQlkEeRo\" data-attribute-index=\"6\" data-entity-hovercard-id=\"urn:li:fs_miniProfile:ACoAABPwzBwBgLA2zpchwv65xbhDxTqsQlkEeRo\" data-entity-type=\"MINI_PROFILE\">M\u00e9lanie Riofrio Pich\u00e9<\/a>, secretaria general de\u00a0<a href=\"https:\/\/www.linkedin.com\/company\/ciam-centro-internacional-arbitraje-madrid\/\" data-attribute-index=\"8\" data-entity-hovercard-id=\"urn:li:fs_miniCompany:37226932\" data-entity-type=\"MINI_COMPANY\">CIAM (Centro Internacional de Arbitraje de Madrid)\u00a0<\/a>, acudir\u00e1n al Club la Uni\u00f3n en Quito para celebrar el encuentro organizado por el cap\u00edtulo ecuatoriano del\u00a0<a href=\"https:\/\/www.linkedin.com\/company\/cea-arbitraje\/\" data-attribute-index=\"10\" data-entity-hovercard-id=\"urn:li:fs_miniCompany:28620688\" data-entity-type=\"MINI_COMPANY\">Club Espa\u00f1ol del Arbitraje<\/a> \u201cUn caf\u00e9 con el CIAM, conociendo a Madrid como sede de <a href=\"https:\/\/www.linkedin.com\/feed\/hashtag\/?keywords=arbitraje&amp;highlightedUpdateUrns=urn%3Ali%3Aactivity%3A6855908333874909184\" data-attribute-index=\"12\">#arbitraje<\/a>\u201d.<\/p>\n<p>\ud83d\udcc6 20 de octubre de 2021<br \/>\n\ud83d\udd52 19:00 horas (GMT-5)<br \/>\nM\u00e1s informaci\u00f3n \u27a1\ufe0f\u00a0<a href=\"https:\/\/lnkd.in\/dCWBXCZb\" data-attribute-index=\"13\">https:\/\/lnkd.in\/dCWBXCZb<\/a><\/p>\n","protected":false},"excerpt":{"rendered":"<p>Un caf\u00e9 con el\u00a0CIAM (Centro Internacional de Arbitraje de Madrid) El 20 de octubre,\u00a0Jos\u00e9 Antonio Ca\u00ednzos Fern\u00e1ndez, presidente de\u00a0CIAM (Centro Internacional de Arbitraje de Madrid)\u00a0, y\u00a0M\u00e9lanie Riofrio Pich\u00e9, secretaria general de\u00a0CIAM (Centro Internacional de Arbitraje de Madrid)\u00a0, acudir\u00e1n al Club la Uni\u00f3n en Quito para celebrar el encuentro organizado por el cap\u00edtulo ecuatoriano del\u00a0Club Espa\u00f1ol [&hellip;]<\/p>\n","protected":false},"author":10,"featured_media":11326,"comment_status":"closed","ping_status":"open","sticky":false,"template":"","format":"standard","meta":{"footnotes":""},"categories":[17],"tags":[242,22,182],"class_list":["post-11325","post","type-post","status-publish","format-standard","has-post-thumbnail","hentry","category-actualidad","tag-arbitraje-espana","tag-ciam","tag-ecuador"],"yoast_head":"<!-- This site is optimized with the Yoast SEO plugin v27.3 - https:\/\/yoast.com\/product\/yoast-seo-wordpress\/ -->\n<title>Un caf\u00e9 con el CIAM, conociendo a Madrid como sede de #arbitraje - CIIAM<\/title>\n<meta name=\"description\" content=\"Jos\u00e9 Antonio Ca\u00ednzos Fern\u00e1ndez, presidente de\u00a0CIAM \u00a0, y\u00a0M\u00e9lanie Riofrio Pich\u00e9, secretaria general de\u00a0CIAM\u00a0, acudir\u00e1n al Club la Uni\u00f3n en Quito para celebrar el encuentro organizado por el cap\u00edtulo ecuatoriano del\u00a0Club Espa\u00f1ol del Arbitraje \u201cUn caf\u00e9 con el CIAM, conociendo a Madrid como sede de #arbitraje\u201d.\" \/>\n<meta name=\"robots\" content=\"index, follow, max-snippet:-1, max-image-preview:large, max-video-preview:-1\" \/>\n<link rel=\"canonical\" href=\"https:\/\/ciiam.org\/en\/un-cafe-con-el-ciam-conociendo-a-madrid-como-sede-de-arbitraje\/\" \/>\n<meta property=\"og:locale\" content=\"en_US\" \/>\n<meta property=\"og:type\" content=\"article\" \/>\n<meta property=\"og:title\" content=\"Un caf\u00e9 con el CIAM, conociendo a Madrid como sede de #arbitraje - CIIAM\" \/>\n<meta property=\"og:description\" content=\"Jos\u00e9 Antonio Ca\u00ednzos Fern\u00e1ndez, presidente de\u00a0CIAM \u00a0, y\u00a0M\u00e9lanie Riofrio Pich\u00e9, secretaria general de\u00a0CIAM\u00a0, acudir\u00e1n al Club la Uni\u00f3n en Quito para celebrar el encuentro organizado por el cap\u00edtulo ecuatoriano del\u00a0Club Espa\u00f1ol del Arbitraje \u201cUn caf\u00e9 con el CIAM, conociendo a Madrid como sede de #arbitraje\u201d.\" \/>\n<meta property=\"og:url\" content=\"https:\/\/ciiam.org\/en\/un-cafe-con-el-ciam-conociendo-a-madrid-como-sede-de-arbitraje\/\" \/>\n<meta property=\"og:site_name\" content=\"CIIAM\" \/>\n<meta property=\"article:published_time\" content=\"2021-10-19T10:07:24+00:00\" \/>\n<meta property=\"article:modified_time\" content=\"2021-12-13T11:02:30+00:00\" \/>\n<meta property=\"og:image\" content=\"https:\/\/ciiam.org\/wp-content\/uploads\/2021\/12\/1634553123823_page-0001.jpg\" \/>\n\t<meta property=\"og:image:width\" content=\"1241\" \/>\n\t<meta property=\"og:image:height\" content=\"1754\" \/>\n\t<meta property=\"og:image:type\" content=\"image\/jpeg\" \/>\n<meta name=\"author\" content=\"CIAM Noticias\" \/>\n<meta name=\"twitter:card\" content=\"summary_large_image\" \/>\n<meta name=\"twitter:label1\" content=\"Written by\" \/>\n\t<meta name=\"twitter:data1\" content=\"CIAM Noticias\" \/>\n\t<meta name=\"twitter:label2\" content=\"Est. reading time\" \/>\n\t<meta name=\"twitter:data2\" content=\"1 minute\" \/>\n<script type=\"application\/ld+json\" class=\"yoast-schema-graph\">{\"@context\":\"https:\\\/\\\/schema.org\",\"@graph\":[{\"@type\":\"Article\",\"@id\":\"https:\\\/\\\/ciiam.org\\\/en\\\/un-cafe-con-el-ciam-conociendo-a-madrid-como-sede-de-arbitraje\\\/#article\",\"isPartOf\":{\"@id\":\"https:\\\/\\\/ciiam.org\\\/en\\\/un-cafe-con-el-ciam-conociendo-a-madrid-como-sede-de-arbitraje\\\/\"},\"author\":{\"name\":\"CIAM Noticias\",\"@id\":\"https:\\\/\\\/ciiam.org\\\/en\\\/#\\\/schema\\\/person\\\/fb1a957c6a1033311cb7f2ed37095712\"},\"headline\":\"Un caf\u00e9 con el CIAM, conociendo a Madrid como sede de #arbitraje\",\"datePublished\":\"2021-10-19T10:07:24+00:00\",\"dateModified\":\"2021-12-13T11:02:30+00:00\",\"mainEntityOfPage\":{\"@id\":\"https:\\\/\\\/ciiam.org\\\/en\\\/un-cafe-con-el-ciam-conociendo-a-madrid-como-sede-de-arbitraje\\\/\"},\"wordCount\":106,\"publisher\":{\"@id\":\"https:\\\/\\\/ciiam.org\\\/en\\\/#organization\"},\"image\":{\"@id\":\"https:\\\/\\\/ciiam.org\\\/en\\\/un-cafe-con-el-ciam-conociendo-a-madrid-como-sede-de-arbitraje\\\/#primaryimage\"},\"thumbnailUrl\":\"https:\\\/\\\/ciiam.org\\\/wp-content\\\/uploads\\\/2021\\\/12\\\/1634553123823_page-0001.jpg\",\"keywords\":[\"ARBITRAJE ESPA\u00d1A\",\"Ciam\",\"ECUADOR\"],\"articleSection\":[\"Actualidad\"],\"inLanguage\":\"en-US\"},{\"@type\":\"WebPage\",\"@id\":\"https:\\\/\\\/ciiam.org\\\/en\\\/un-cafe-con-el-ciam-conociendo-a-madrid-como-sede-de-arbitraje\\\/\",\"url\":\"https:\\\/\\\/ciiam.org\\\/en\\\/un-cafe-con-el-ciam-conociendo-a-madrid-como-sede-de-arbitraje\\\/\",\"name\":\"Un caf\u00e9 con el CIAM, conociendo a Madrid como sede de #arbitraje - CIIAM\",\"isPartOf\":{\"@id\":\"https:\\\/\\\/ciiam.org\\\/en\\\/#website\"},\"primaryImageOfPage\":{\"@id\":\"https:\\\/\\\/ciiam.org\\\/en\\\/un-cafe-con-el-ciam-conociendo-a-madrid-como-sede-de-arbitraje\\\/#primaryimage\"},\"image\":{\"@id\":\"https:\\\/\\\/ciiam.org\\\/en\\\/un-cafe-con-el-ciam-conociendo-a-madrid-como-sede-de-arbitraje\\\/#primaryimage\"},\"thumbnailUrl\":\"https:\\\/\\\/ciiam.org\\\/wp-content\\\/uploads\\\/2021\\\/12\\\/1634553123823_page-0001.jpg\",\"datePublished\":\"2021-10-19T10:07:24+00:00\",\"dateModified\":\"2021-12-13T11:02:30+00:00\",\"description\":\"Jos\u00e9 Antonio Ca\u00ednzos Fern\u00e1ndez, presidente de\u00a0CIAM \u00a0, y\u00a0M\u00e9lanie Riofrio Pich\u00e9, secretaria general de\u00a0CIAM\u00a0, acudir\u00e1n al Club la Uni\u00f3n en Quito para celebrar el encuentro organizado por el cap\u00edtulo ecuatoriano del\u00a0Club Espa\u00f1ol del Arbitraje \u201cUn caf\u00e9 con el CIAM, conociendo a Madrid como sede de #arbitraje\u201d.\",\"breadcrumb\":{\"@id\":\"https:\\\/\\\/ciiam.org\\\/en\\\/un-cafe-con-el-ciam-conociendo-a-madrid-como-sede-de-arbitraje\\\/#breadcrumb\"},\"inLanguage\":\"en-US\",\"potentialAction\":[{\"@type\":\"ReadAction\",\"target\":[\"https:\\\/\\\/ciiam.org\\\/en\\\/un-cafe-con-el-ciam-conociendo-a-madrid-como-sede-de-arbitraje\\\/\"]}]},{\"@type\":\"ImageObject\",\"inLanguage\":\"en-US\",\"@id\":\"https:\\\/\\\/ciiam.org\\\/en\\\/un-cafe-con-el-ciam-conociendo-a-madrid-como-sede-de-arbitraje\\\/#primaryimage\",\"url\":\"https:\\\/\\\/ciiam.org\\\/wp-content\\\/uploads\\\/2021\\\/12\\\/1634553123823_page-0001.jpg\",\"contentUrl\":\"https:\\\/\\\/ciiam.org\\\/wp-content\\\/uploads\\\/2021\\\/12\\\/1634553123823_page-0001.jpg\",\"width\":1241,\"height\":1754},{\"@type\":\"BreadcrumbList\",\"@id\":\"https:\\\/\\\/ciiam.org\\\/en\\\/un-cafe-con-el-ciam-conociendo-a-madrid-como-sede-de-arbitraje\\\/#breadcrumb\",\"itemListElement\":[{\"@type\":\"ListItem\",\"position\":1,\"name\":\"CIAM\",\"item\":\"https:\\\/\\\/ciiam.org\\\/en\\\/\"},{\"@type\":\"ListItem\",\"position\":2,\"name\":\"Un caf\u00e9 con el CIAM, conociendo a Madrid como sede de #arbitraje\"}]},{\"@type\":\"WebSite\",\"@id\":\"https:\\\/\\\/ciiam.org\\\/en\\\/#website\",\"url\":\"https:\\\/\\\/ciiam.org\\\/en\\\/\",\"name\":\"CIIAM\",\"description\":\"Centro Internacional e Iberoamericano de Arbitraje de Madrid\",\"publisher\":{\"@id\":\"https:\\\/\\\/ciiam.org\\\/en\\\/#organization\"},\"potentialAction\":[{\"@type\":\"SearchAction\",\"target\":{\"@type\":\"EntryPoint\",\"urlTemplate\":\"https:\\\/\\\/ciiam.org\\\/en\\\/?s={search_term_string}\"},\"query-input\":{\"@type\":\"PropertyValueSpecification\",\"valueRequired\":true,\"valueName\":\"search_term_string\"}}],\"inLanguage\":\"en-US\"},{\"@type\":\"Organization\",\"@id\":\"https:\\\/\\\/ciiam.org\\\/en\\\/#organization\",\"name\":\"Centro Internacional e Iberoamericano de Arbitraje de Madrid\",\"alternateName\":\"CIIAM\",\"url\":\"https:\\\/\\\/ciiam.org\\\/en\\\/\",\"logo\":{\"@type\":\"ImageObject\",\"inLanguage\":\"en-US\",\"@id\":\"https:\\\/\\\/ciiam.org\\\/en\\\/#\\\/schema\\\/logo\\\/image\\\/\",\"url\":\"https:\\\/\\\/ciiam.org\\\/wp-content\\\/uploads\\\/2026\\\/01\\\/favicon.png\",\"contentUrl\":\"https:\\\/\\\/ciiam.org\\\/wp-content\\\/uploads\\\/2026\\\/01\\\/favicon.png\",\"width\":500,\"height\":500,\"caption\":\"Centro Internacional e Iberoamericano de Arbitraje de Madrid\"},\"image\":{\"@id\":\"https:\\\/\\\/ciiam.org\\\/en\\\/#\\\/schema\\\/logo\\\/image\\\/\"},\"sameAs\":[\"https:\\\/\\\/www.linkedin.com\\\/company\\\/ciam-centro-internacional-arbitraje-madrid?trk=d_public_post_image\",\"https:\\\/\\\/www.youtube.com\\\/channel\\\/UCU2OI7SAQFv5uXAZ4qO4ALg\"]},{\"@type\":\"Person\",\"@id\":\"https:\\\/\\\/ciiam.org\\\/en\\\/#\\\/schema\\\/person\\\/fb1a957c6a1033311cb7f2ed37095712\",\"name\":\"CIAM Noticias\",\"image\":{\"@type\":\"ImageObject\",\"inLanguage\":\"en-US\",\"@id\":\"https:\\\/\\\/secure.gravatar.com\\\/avatar\\\/966852b49cc4ce607aa677110fc17615e164a6f3cdd773ccc9753e7faf3dacc1?s=96&d=mm&r=g\",\"url\":\"https:\\\/\\\/secure.gravatar.com\\\/avatar\\\/966852b49cc4ce607aa677110fc17615e164a6f3cdd773ccc9753e7faf3dacc1?s=96&d=mm&r=g\",\"contentUrl\":\"https:\\\/\\\/secure.gravatar.com\\\/avatar\\\/966852b49cc4ce607aa677110fc17615e164a6f3cdd773ccc9753e7faf3dacc1?s=96&d=mm&r=g\",\"caption\":\"CIAM Noticias\"},\"url\":\"https:\\\/\\\/ciiam.org\\\/en\\\/author\\\/cinewsam21\\\/\"}]}<\/script>\n<!-- \/ Yoast SEO plugin. -->","yoast_head_json":{"title":"Un caf\u00e9 con el CIAM, conociendo a Madrid como sede de #arbitraje - CIIAM","description":"Jos\u00e9 Antonio Ca\u00ednzos Fern\u00e1ndez, presidente de\u00a0CIAM \u00a0, y\u00a0M\u00e9lanie Riofrio Pich\u00e9, secretaria general de\u00a0CIAM\u00a0, acudir\u00e1n al Club la Uni\u00f3n en Quito para celebrar el encuentro organizado por el cap\u00edtulo ecuatoriano del\u00a0Club Espa\u00f1ol del Arbitraje \u201cUn caf\u00e9 con el CIAM, conociendo a Madrid como sede de #arbitraje\u201d.","robots":{"index":"index","follow":"follow","max-snippet":"max-snippet:-1","max-image-preview":"max-image-preview:large","max-video-preview":"max-video-preview:-1"},"canonical":"https:\/\/ciiam.org\/en\/un-cafe-con-el-ciam-conociendo-a-madrid-como-sede-de-arbitraje\/","og_locale":"en_US","og_type":"article","og_title":"Un caf\u00e9 con el CIAM, conociendo a Madrid como sede de #arbitraje - CIIAM","og_description":"Jos\u00e9 Antonio Ca\u00ednzos Fern\u00e1ndez, presidente de\u00a0CIAM \u00a0, y\u00a0M\u00e9lanie Riofrio Pich\u00e9, secretaria general de\u00a0CIAM\u00a0, acudir\u00e1n al Club la Uni\u00f3n en Quito para celebrar el encuentro organizado por el cap\u00edtulo ecuatoriano del\u00a0Club Espa\u00f1ol del Arbitraje \u201cUn caf\u00e9 con el CIAM, conociendo a Madrid como sede de #arbitraje\u201d.","og_url":"https:\/\/ciiam.org\/en\/un-cafe-con-el-ciam-conociendo-a-madrid-como-sede-de-arbitraje\/","og_site_name":"CIIAM","article_published_time":"2021-10-19T10:07:24+00:00","article_modified_time":"2021-12-13T11:02:30+00:00","og_image":[{"width":1241,"height":1754,"url":"https:\/\/ciiam.org\/wp-content\/uploads\/2021\/12\/1634553123823_page-0001.jpg","type":"image\/jpeg"}],"author":"CIAM Noticias","twitter_card":"summary_large_image","twitter_misc":{"Written by":"CIAM Noticias","Est. reading time":"1 minute"},"schema":{"@context":"https:\/\/schema.org","@graph":[{"@type":"Article","@id":"https:\/\/ciiam.org\/en\/un-cafe-con-el-ciam-conociendo-a-madrid-como-sede-de-arbitraje\/#article","isPartOf":{"@id":"https:\/\/ciiam.org\/en\/un-cafe-con-el-ciam-conociendo-a-madrid-como-sede-de-arbitraje\/"},"author":{"name":"CIAM Noticias","@id":"https:\/\/ciiam.org\/en\/#\/schema\/person\/fb1a957c6a1033311cb7f2ed37095712"},"headline":"Un caf\u00e9 con el CIAM, conociendo a Madrid como sede de #arbitraje","datePublished":"2021-10-19T10:07:24+00:00","dateModified":"2021-12-13T11:02:30+00:00","mainEntityOfPage":{"@id":"https:\/\/ciiam.org\/en\/un-cafe-con-el-ciam-conociendo-a-madrid-como-sede-de-arbitraje\/"},"wordCount":106,"publisher":{"@id":"https:\/\/ciiam.org\/en\/#organization"},"image":{"@id":"https:\/\/ciiam.org\/en\/un-cafe-con-el-ciam-conociendo-a-madrid-como-sede-de-arbitraje\/#primaryimage"},"thumbnailUrl":"https:\/\/ciiam.org\/wp-content\/uploads\/2021\/12\/1634553123823_page-0001.jpg","keywords":["ARBITRAJE ESPA\u00d1A","Ciam","ECUADOR"],"articleSection":["Actualidad"],"inLanguage":"en-US"},{"@type":"WebPage","@id":"https:\/\/ciiam.org\/en\/un-cafe-con-el-ciam-conociendo-a-madrid-como-sede-de-arbitraje\/","url":"https:\/\/ciiam.org\/en\/un-cafe-con-el-ciam-conociendo-a-madrid-como-sede-de-arbitraje\/","name":"Un caf\u00e9 con el CIAM, conociendo a Madrid como sede de #arbitraje - CIIAM","isPartOf":{"@id":"https:\/\/ciiam.org\/en\/#website"},"primaryImageOfPage":{"@id":"https:\/\/ciiam.org\/en\/un-cafe-con-el-ciam-conociendo-a-madrid-como-sede-de-arbitraje\/#primaryimage"},"image":{"@id":"https:\/\/ciiam.org\/en\/un-cafe-con-el-ciam-conociendo-a-madrid-como-sede-de-arbitraje\/#primaryimage"},"thumbnailUrl":"https:\/\/ciiam.org\/wp-content\/uploads\/2021\/12\/1634553123823_page-0001.jpg","datePublished":"2021-10-19T10:07:24+00:00","dateModified":"2021-12-13T11:02:30+00:00","description":"Jos\u00e9 Antonio Ca\u00ednzos Fern\u00e1ndez, presidente de\u00a0CIAM \u00a0, y\u00a0M\u00e9lanie Riofrio Pich\u00e9, secretaria general de\u00a0CIAM\u00a0, acudir\u00e1n al Club la Uni\u00f3n en Quito para celebrar el encuentro organizado por el cap\u00edtulo ecuatoriano del\u00a0Club Espa\u00f1ol del Arbitraje \u201cUn caf\u00e9 con el CIAM, conociendo a Madrid como sede de #arbitraje\u201d.","breadcrumb":{"@id":"https:\/\/ciiam.org\/en\/un-cafe-con-el-ciam-conociendo-a-madrid-como-sede-de-arbitraje\/#breadcrumb"},"inLanguage":"en-US","potentialAction":[{"@type":"ReadAction","target":["https:\/\/ciiam.org\/en\/un-cafe-con-el-ciam-conociendo-a-madrid-como-sede-de-arbitraje\/"]}]},{"@type":"ImageObject","inLanguage":"en-US","@id":"https:\/\/ciiam.org\/en\/un-cafe-con-el-ciam-conociendo-a-madrid-como-sede-de-arbitraje\/#primaryimage","url":"https:\/\/ciiam.org\/wp-content\/uploads\/2021\/12\/1634553123823_page-0001.jpg","contentUrl":"https:\/\/ciiam.org\/wp-content\/uploads\/2021\/12\/1634553123823_page-0001.jpg","width":1241,"height":1754},{"@type":"BreadcrumbList","@id":"https:\/\/ciiam.org\/en\/un-cafe-con-el-ciam-conociendo-a-madrid-como-sede-de-arbitraje\/#breadcrumb","itemListElement":[{"@type":"ListItem","position":1,"name":"CIAM","item":"https:\/\/ciiam.org\/en\/"},{"@type":"ListItem","position":2,"name":"Un caf\u00e9 con el CIAM, conociendo a Madrid como sede de #arbitraje"}]},{"@type":"WebSite","@id":"https:\/\/ciiam.org\/en\/#website","url":"https:\/\/ciiam.org\/en\/","name":"CIIAM","description":"Centro Internacional e Iberoamericano de Arbitraje de Madrid","publisher":{"@id":"https:\/\/ciiam.org\/en\/#organization"},"potentialAction":[{"@type":"SearchAction","target":{"@type":"EntryPoint","urlTemplate":"https:\/\/ciiam.org\/en\/?s={search_term_string}"},"query-input":{"@type":"PropertyValueSpecification","valueRequired":true,"valueName":"search_term_string"}}],"inLanguage":"en-US"},{"@type":"Organization","@id":"https:\/\/ciiam.org\/en\/#organization","name":"Centro Internacional e Iberoamericano de Arbitraje de Madrid","alternateName":"CIIAM","url":"https:\/\/ciiam.org\/en\/","logo":{"@type":"ImageObject","inLanguage":"en-US","@id":"https:\/\/ciiam.org\/en\/#\/schema\/logo\/image\/","url":"https:\/\/ciiam.org\/wp-content\/uploads\/2026\/01\/favicon.png","contentUrl":"https:\/\/ciiam.org\/wp-content\/uploads\/2026\/01\/favicon.png","width":500,"height":500,"caption":"Centro Internacional e Iberoamericano de Arbitraje de Madrid"},"image":{"@id":"https:\/\/ciiam.org\/en\/#\/schema\/logo\/image\/"},"sameAs":["https:\/\/www.linkedin.com\/company\/ciam-centro-internacional-arbitraje-madrid?trk=d_public_post_image","https:\/\/www.youtube.com\/channel\/UCU2OI7SAQFv5uXAZ4qO4ALg"]},{"@type":"Person","@id":"https:\/\/ciiam.org\/en\/#\/schema\/person\/fb1a957c6a1033311cb7f2ed37095712","name":"CIAM Noticias","image":{"@type":"ImageObject","inLanguage":"en-US","@id":"https:\/\/secure.gravatar.com\/avatar\/966852b49cc4ce607aa677110fc17615e164a6f3cdd773ccc9753e7faf3dacc1?s=96&d=mm&r=g","url":"https:\/\/secure.gravatar.com\/avatar\/966852b49cc4ce607aa677110fc17615e164a6f3cdd773ccc9753e7faf3dacc1?s=96&d=mm&r=g","contentUrl":"https:\/\/secure.gravatar.com\/avatar\/966852b49cc4ce607aa677110fc17615e164a6f3cdd773ccc9753e7faf3dacc1?s=96&d=mm&r=g","caption":"CIAM Noticias"},"url":"https:\/\/ciiam.org\/en\/author\/cinewsam21\/"}]}},"_links":{"self":[{"href":"https:\/\/ciiam.org\/en\/wp-json\/wp\/v2\/posts\/11325","targetHints":{"allow":["GET"]}}],"collection":[{"href":"https:\/\/ciiam.org\/en\/wp-json\/wp\/v2\/posts"}],"about":[{"href":"https:\/\/ciiam.org\/en\/wp-json\/wp\/v2\/types\/post"}],"author":[{"embeddable":true,"href":"https:\/\/ciiam.org\/en\/wp-json\/wp\/v2\/users\/10"}],"replies":[{"embeddable":true,"href":"https:\/\/ciiam.org\/en\/wp-json\/wp\/v2\/comments?post=11325"}],"version-history":[{"count":0,"href":"https:\/\/ciiam.org\/en\/wp-json\/wp\/v2\/posts\/11325\/revisions"}],"wp:featuredmedia":[{"embeddable":true,"href":"https:\/\/ciiam.org\/en\/wp-json\/wp\/v2\/media\/11326"}],"wp:attachment":[{"href":"https:\/\/ciiam.org\/en\/wp-json\/wp\/v2\/media?parent=11325"}],"wp:term":[{"taxonomy":"category","embeddable":true,"href":"https:\/\/ciiam.org\/en\/wp-json\/wp\/v2\/categories?post=11325"},{"taxonomy":"post_tag","embeddable":true,"href":"https:\/\/ciiam.org\/en\/wp-json\/wp\/v2\/tags?post=11325"}],"curies":[{"name":"wp","href":"https:\/\/api.w.org\/{rel}","templated":true}]}}