{"id":11344,"date":"2021-09-14T10:33:31","date_gmt":"2021-09-14T10:33:31","guid":{"rendered":"https:\/\/ciiam.org\/?p=11344"},"modified":"2021-12-13T10:41:59","modified_gmt":"2021-12-13T10:41:59","slug":"espana-se-consolida-como-referencia-mundial-del-arbitraje","status":"publish","type":"post","link":"https:\/\/ciiam.org\/en\/espana-se-consolida-como-referencia-mundial-del-arbitraje\/","title":{"rendered":"Espa\u00f1a se consolida como referencia mundial del arbitraje"},"content":{"rendered":"<p>Espa\u00f1a se consolida como referencia mundial del arbitraje<\/p>\n<p>En l\u00ednea con los \u00faltimos reconocimientos a nuestro pa\u00eds como punto de referencia en materia de\u00a0<a href=\"https:\/\/www.linkedin.com\/feed\/hashtag\/?keywords=arbitrajeinternacional&amp;highlightedUpdateUrns=urn%3Ali%3Aactivity%3A6844169791561846784\" data-attribute-index=\"0\">#ArbitrajeInternacional<\/a>, se empiezan a ver los frutos de los esfuerzos de promoci\u00f3n y divulgaci\u00f3n realizados desde\u00a0<a href=\"https:\/\/www.linkedin.com\/company\/ciam-centro-internacional-arbitraje-madrid\/\" data-attribute-index=\"1\" data-entity-hovercard-id=\"urn:li:fs_miniCompany:37226932\" data-entity-type=\"MINI_COMPANY\">CIAM (Centro Internacional de Arbitraje de Madrid)\u00a0<\/a>junto a otros agentes del sector como el\u00a0<a href=\"https:\/\/www.linkedin.com\/company\/cea-arbitraje\/\" data-attribute-index=\"3\" data-entity-hovercard-id=\"urn:li:fs_miniCompany:28620688\" data-entity-type=\"MINI_COMPANY\">Club Espa\u00f1ol del Arbitraje<\/a>\u00a0o la\u00a0<a href=\"https:\/\/www.linkedin.com\/company\/asociacion-europea-arbitraje\/\" data-attribute-index=\"5\" data-entity-hovercard-id=\"urn:li:fs_miniCompany:1638958\" data-entity-type=\"MINI_COMPANY\">Asociaci\u00f3n Europea de Arbitraje<\/a>, destacando a Espa\u00f1a como lugar neutral para gestionar las\u00a0<a href=\"https:\/\/www.linkedin.com\/feed\/hashtag\/?keywords=disputasempresariales&amp;highlightedUpdateUrns=urn%3Ali%3Aactivity%3A6844169791561846784\" data-attribute-index=\"7\">#DisputasEmpresariales<\/a>\u00a0entre diferentes pa\u00edses.<\/p>\n<p>A esta menci\u00f3n se suma el premio otorgado por\u00a0<a href=\"https:\/\/www.linkedin.com\/company\/global-arbitration-review\/\" data-attribute-index=\"8\" data-entity-hovercard-id=\"urn:li:fs_miniCompany:9333041\" data-entity-type=\"MINI_COMPANY\">Global Arbitration Review<\/a>, el cual nos posicion\u00f3 como el pa\u00eds del mundo con mayores avances en arbitraje durante el \u00faltimo a\u00f1o, motivado en gran medida por el dictado de las sentencias del Tribunal Constitucional (blindando el arbitraje en Espa\u00f1a), as\u00ed como por la creaci\u00f3n de CIAM, que se ha convertido en un centro de arbitraje de gran prestigio con muy buenas relaciones con las Cortes de Arbitraje de diferentes pa\u00edses en Latinoam\u00e9rica y la participaci\u00f3n de la \u00e9lite del arbitraje espa\u00f1ol y extranjero.<\/p>\n<p>\u270d\ufe0f\u00a0<a href=\"https:\/\/www.linkedin.com\/in\/ACoAAA3LLvIBo1VQUQCwGqtZicIYlnGgneuxv-0\" data-attribute-index=\"10\" data-entity-hovercard-id=\"urn:li:fs_miniProfile:ACoAAA3LLvIBo1VQUQCwGqtZicIYlnGgneuxv-0\" data-entity-type=\"MINI_PROFILE\">Luis Bravo Abolafia<\/a>, socio de\u00a0<a href=\"https:\/\/www.linkedin.com\/company\/gamero-bravo-abogados\/\" data-attribute-index=\"12\" data-entity-hovercard-id=\"urn:li:fs_miniCompany:14029595\" data-entity-type=\"MINI_COMPANY\">Gamero &amp; Bravo Abogados<\/a>, para\u00a0<a href=\"https:\/\/www.linkedin.com\/company\/cincodias\/?lipi=urn%3Ali%3Apage%3Ad_flagship3_detail_base%3B0zE0esngQ9qgK9kV9%2F2hFw%3D%3D\" data-attribute-index=\"14\" data-entity-hovercard-id=\"urn:li:fs_miniCompany:933981\" data-entity-type=\"MINI_COMPANY\" data-artdeco-is-focused=\"true\" data-ntt-old-href=\"https:\/\/www.linkedin.com\/company\/cincodias\/\">Cinco D\u00edas<\/a><\/p>\n","protected":false},"excerpt":{"rendered":"<p>Espa\u00f1a se consolida como referencia mundial del arbitraje En l\u00ednea con los \u00faltimos reconocimientos a nuestro pa\u00eds como punto de referencia en materia de\u00a0#ArbitrajeInternacional, se empiezan a ver los frutos de los esfuerzos de promoci\u00f3n y divulgaci\u00f3n realizados desde\u00a0CIAM (Centro Internacional de Arbitraje de Madrid)\u00a0junto a otros agentes del sector como el\u00a0Club Espa\u00f1ol del Arbitraje\u00a0o [&hellip;]<\/p>\n","protected":false},"author":10,"featured_media":11345,"comment_status":"closed","ping_status":"open","sticky":false,"template":"","format":"standard","meta":{"footnotes":""},"categories":[17],"tags":[23,22,154,155],"class_list":["post-11344","post","type-post","status-publish","format-standard","has-post-thumbnail","hentry","category-actualidad","tag-arbitraje","tag-ciam","tag-espana","tag-gar"],"yoast_head":"<!-- This site is optimized with the Yoast SEO plugin v27.3 - https:\/\/yoast.com\/product\/yoast-seo-wordpress\/ -->\n<title>Espa\u00f1a se consolida como referencia mundial del arbitraje - CIIAM<\/title>\n<meta name=\"description\" content=\"Se empiezan a ver los frutos de los esfuerzos de promoci\u00f3n y divulgaci\u00f3n realizados desde\u00a0CIAM\u00a0junto a otros agentes del sector como el\u00a0Club Espa\u00f1ol del Arbitraje\u00a0o la\u00a0Asociaci\u00f3n Europea de Arbitraje, destacando a Espa\u00f1a como lugar neutral para gestionar las\u00a0#DisputasEmpresariales\u00a0entre diferentes pa\u00edses.\" \/>\n<meta name=\"robots\" content=\"index, follow, max-snippet:-1, max-image-preview:large, max-video-preview:-1\" \/>\n<link rel=\"canonical\" href=\"https:\/\/ciiam.org\/en\/espana-se-consolida-como-referencia-mundial-del-arbitraje\/\" \/>\n<meta property=\"og:locale\" content=\"en_US\" \/>\n<meta property=\"og:type\" content=\"article\" \/>\n<meta property=\"og:title\" content=\"Espa\u00f1a se consolida como referencia mundial del arbitraje - CIIAM\" \/>\n<meta property=\"og:description\" content=\"Se empiezan a ver los frutos de los esfuerzos de promoci\u00f3n y divulgaci\u00f3n realizados desde\u00a0CIAM\u00a0junto a otros agentes del sector como el\u00a0Club Espa\u00f1ol del Arbitraje\u00a0o la\u00a0Asociaci\u00f3n Europea de Arbitraje, destacando a Espa\u00f1a como lugar neutral para gestionar las\u00a0#DisputasEmpresariales\u00a0entre diferentes pa\u00edses.\" \/>\n<meta property=\"og:url\" content=\"https:\/\/ciiam.org\/en\/espana-se-consolida-como-referencia-mundial-del-arbitraje\/\" \/>\n<meta property=\"og:site_name\" content=\"CIIAM\" \/>\n<meta property=\"article:published_time\" content=\"2021-09-14T10:33:31+00:00\" \/>\n<meta property=\"article:modified_time\" content=\"2021-12-13T10:41:59+00:00\" \/>\n<meta property=\"og:image\" content=\"https:\/\/ciiam.org\/wp-content\/uploads\/2021\/12\/1638209579941.jpg\" \/>\n\t<meta property=\"og:image:width\" content=\"720\" \/>\n\t<meta property=\"og:image:height\" content=\"377\" \/>\n\t<meta property=\"og:image:type\" content=\"image\/jpeg\" \/>\n<meta name=\"author\" content=\"CIAM Noticias\" \/>\n<meta name=\"twitter:card\" content=\"summary_large_image\" \/>\n<meta name=\"twitter:label1\" content=\"Written by\" \/>\n\t<meta name=\"twitter:data1\" content=\"CIAM Noticias\" \/>\n\t<meta name=\"twitter:label2\" content=\"Est. reading time\" \/>\n\t<meta name=\"twitter:data2\" content=\"1 minute\" \/>\n<script type=\"application\/ld+json\" class=\"yoast-schema-graph\">{\"@context\":\"https:\\\/\\\/schema.org\",\"@graph\":[{\"@type\":\"Article\",\"@id\":\"https:\\\/\\\/ciiam.org\\\/en\\\/espana-se-consolida-como-referencia-mundial-del-arbitraje\\\/#article\",\"isPartOf\":{\"@id\":\"https:\\\/\\\/ciiam.org\\\/en\\\/espana-se-consolida-como-referencia-mundial-del-arbitraje\\\/\"},\"author\":{\"name\":\"CIAM Noticias\",\"@id\":\"https:\\\/\\\/ciiam.org\\\/en\\\/#\\\/schema\\\/person\\\/fb1a957c6a1033311cb7f2ed37095712\"},\"headline\":\"Espa\u00f1a se consolida como referencia mundial del arbitraje\",\"datePublished\":\"2021-09-14T10:33:31+00:00\",\"dateModified\":\"2021-12-13T10:41:59+00:00\",\"mainEntityOfPage\":{\"@id\":\"https:\\\/\\\/ciiam.org\\\/en\\\/espana-se-consolida-como-referencia-mundial-del-arbitraje\\\/\"},\"wordCount\":210,\"publisher\":{\"@id\":\"https:\\\/\\\/ciiam.org\\\/en\\\/#organization\"},\"image\":{\"@id\":\"https:\\\/\\\/ciiam.org\\\/en\\\/espana-se-consolida-como-referencia-mundial-del-arbitraje\\\/#primaryimage\"},\"thumbnailUrl\":\"https:\\\/\\\/ciiam.org\\\/wp-content\\\/uploads\\\/2021\\\/12\\\/1638209579941.jpg\",\"keywords\":[\"Arbitraje\",\"Ciam\",\"ESPA\u00d1A\",\"GAR\"],\"articleSection\":[\"Actualidad\"],\"inLanguage\":\"en-US\"},{\"@type\":\"WebPage\",\"@id\":\"https:\\\/\\\/ciiam.org\\\/en\\\/espana-se-consolida-como-referencia-mundial-del-arbitraje\\\/\",\"url\":\"https:\\\/\\\/ciiam.org\\\/en\\\/espana-se-consolida-como-referencia-mundial-del-arbitraje\\\/\",\"name\":\"Espa\u00f1a se consolida como referencia mundial del arbitraje - CIIAM\",\"isPartOf\":{\"@id\":\"https:\\\/\\\/ciiam.org\\\/en\\\/#website\"},\"primaryImageOfPage\":{\"@id\":\"https:\\\/\\\/ciiam.org\\\/en\\\/espana-se-consolida-como-referencia-mundial-del-arbitraje\\\/#primaryimage\"},\"image\":{\"@id\":\"https:\\\/\\\/ciiam.org\\\/en\\\/espana-se-consolida-como-referencia-mundial-del-arbitraje\\\/#primaryimage\"},\"thumbnailUrl\":\"https:\\\/\\\/ciiam.org\\\/wp-content\\\/uploads\\\/2021\\\/12\\\/1638209579941.jpg\",\"datePublished\":\"2021-09-14T10:33:31+00:00\",\"dateModified\":\"2021-12-13T10:41:59+00:00\",\"description\":\"Se empiezan a ver los frutos de los esfuerzos de promoci\u00f3n y divulgaci\u00f3n realizados desde\u00a0CIAM\u00a0junto a otros agentes del sector como el\u00a0Club Espa\u00f1ol del Arbitraje\u00a0o la\u00a0Asociaci\u00f3n Europea de Arbitraje, destacando a Espa\u00f1a como lugar neutral para gestionar las\u00a0#DisputasEmpresariales\u00a0entre diferentes pa\u00edses.\",\"breadcrumb\":{\"@id\":\"https:\\\/\\\/ciiam.org\\\/en\\\/espana-se-consolida-como-referencia-mundial-del-arbitraje\\\/#breadcrumb\"},\"inLanguage\":\"en-US\",\"potentialAction\":[{\"@type\":\"ReadAction\",\"target\":[\"https:\\\/\\\/ciiam.org\\\/en\\\/espana-se-consolida-como-referencia-mundial-del-arbitraje\\\/\"]}]},{\"@type\":\"ImageObject\",\"inLanguage\":\"en-US\",\"@id\":\"https:\\\/\\\/ciiam.org\\\/en\\\/espana-se-consolida-como-referencia-mundial-del-arbitraje\\\/#primaryimage\",\"url\":\"https:\\\/\\\/ciiam.org\\\/wp-content\\\/uploads\\\/2021\\\/12\\\/1638209579941.jpg\",\"contentUrl\":\"https:\\\/\\\/ciiam.org\\\/wp-content\\\/uploads\\\/2021\\\/12\\\/1638209579941.jpg\",\"width\":720,\"height\":377},{\"@type\":\"BreadcrumbList\",\"@id\":\"https:\\\/\\\/ciiam.org\\\/en\\\/espana-se-consolida-como-referencia-mundial-del-arbitraje\\\/#breadcrumb\",\"itemListElement\":[{\"@type\":\"ListItem\",\"position\":1,\"name\":\"CIAM\",\"item\":\"https:\\\/\\\/ciiam.org\\\/en\\\/\"},{\"@type\":\"ListItem\",\"position\":2,\"name\":\"Espa\u00f1a se consolida como referencia mundial del arbitraje\"}]},{\"@type\":\"WebSite\",\"@id\":\"https:\\\/\\\/ciiam.org\\\/en\\\/#website\",\"url\":\"https:\\\/\\\/ciiam.org\\\/en\\\/\",\"name\":\"CIIAM\",\"description\":\"Centro Internacional e Iberoamericano de Arbitraje de Madrid\",\"publisher\":{\"@id\":\"https:\\\/\\\/ciiam.org\\\/en\\\/#organization\"},\"potentialAction\":[{\"@type\":\"SearchAction\",\"target\":{\"@type\":\"EntryPoint\",\"urlTemplate\":\"https:\\\/\\\/ciiam.org\\\/en\\\/?s={search_term_string}\"},\"query-input\":{\"@type\":\"PropertyValueSpecification\",\"valueRequired\":true,\"valueName\":\"search_term_string\"}}],\"inLanguage\":\"en-US\"},{\"@type\":\"Organization\",\"@id\":\"https:\\\/\\\/ciiam.org\\\/en\\\/#organization\",\"name\":\"Centro Internacional e Iberoamericano de Arbitraje de Madrid\",\"alternateName\":\"CIIAM\",\"url\":\"https:\\\/\\\/ciiam.org\\\/en\\\/\",\"logo\":{\"@type\":\"ImageObject\",\"inLanguage\":\"en-US\",\"@id\":\"https:\\\/\\\/ciiam.org\\\/en\\\/#\\\/schema\\\/logo\\\/image\\\/\",\"url\":\"https:\\\/\\\/ciiam.org\\\/wp-content\\\/uploads\\\/2026\\\/01\\\/favicon.png\",\"contentUrl\":\"https:\\\/\\\/ciiam.org\\\/wp-content\\\/uploads\\\/2026\\\/01\\\/favicon.png\",\"width\":500,\"height\":500,\"caption\":\"Centro Internacional e Iberoamericano de Arbitraje de Madrid\"},\"image\":{\"@id\":\"https:\\\/\\\/ciiam.org\\\/en\\\/#\\\/schema\\\/logo\\\/image\\\/\"},\"sameAs\":[\"https:\\\/\\\/www.linkedin.com\\\/company\\\/ciam-centro-internacional-arbitraje-madrid?trk=d_public_post_image\",\"https:\\\/\\\/www.youtube.com\\\/channel\\\/UCU2OI7SAQFv5uXAZ4qO4ALg\"]},{\"@type\":\"Person\",\"@id\":\"https:\\\/\\\/ciiam.org\\\/en\\\/#\\\/schema\\\/person\\\/fb1a957c6a1033311cb7f2ed37095712\",\"name\":\"CIAM Noticias\",\"image\":{\"@type\":\"ImageObject\",\"inLanguage\":\"en-US\",\"@id\":\"https:\\\/\\\/secure.gravatar.com\\\/avatar\\\/966852b49cc4ce607aa677110fc17615e164a6f3cdd773ccc9753e7faf3dacc1?s=96&d=mm&r=g\",\"url\":\"https:\\\/\\\/secure.gravatar.com\\\/avatar\\\/966852b49cc4ce607aa677110fc17615e164a6f3cdd773ccc9753e7faf3dacc1?s=96&d=mm&r=g\",\"contentUrl\":\"https:\\\/\\\/secure.gravatar.com\\\/avatar\\\/966852b49cc4ce607aa677110fc17615e164a6f3cdd773ccc9753e7faf3dacc1?s=96&d=mm&r=g\",\"caption\":\"CIAM Noticias\"},\"url\":\"https:\\\/\\\/ciiam.org\\\/en\\\/author\\\/cinewsam21\\\/\"}]}<\/script>\n<!-- \/ Yoast SEO plugin. -->","yoast_head_json":{"title":"Espa\u00f1a se consolida como referencia mundial del arbitraje - CIIAM","description":"Se empiezan a ver los frutos de los esfuerzos de promoci\u00f3n y divulgaci\u00f3n realizados desde\u00a0CIAM\u00a0junto a otros agentes del sector como el\u00a0Club Espa\u00f1ol del Arbitraje\u00a0o la\u00a0Asociaci\u00f3n Europea de Arbitraje, destacando a Espa\u00f1a como lugar neutral para gestionar las\u00a0#DisputasEmpresariales\u00a0entre diferentes pa\u00edses.","robots":{"index":"index","follow":"follow","max-snippet":"max-snippet:-1","max-image-preview":"max-image-preview:large","max-video-preview":"max-video-preview:-1"},"canonical":"https:\/\/ciiam.org\/en\/espana-se-consolida-como-referencia-mundial-del-arbitraje\/","og_locale":"en_US","og_type":"article","og_title":"Espa\u00f1a se consolida como referencia mundial del arbitraje - CIIAM","og_description":"Se empiezan a ver los frutos de los esfuerzos de promoci\u00f3n y divulgaci\u00f3n realizados desde\u00a0CIAM\u00a0junto a otros agentes del sector como el\u00a0Club Espa\u00f1ol del Arbitraje\u00a0o la\u00a0Asociaci\u00f3n Europea de Arbitraje, destacando a Espa\u00f1a como lugar neutral para gestionar las\u00a0#DisputasEmpresariales\u00a0entre diferentes pa\u00edses.","og_url":"https:\/\/ciiam.org\/en\/espana-se-consolida-como-referencia-mundial-del-arbitraje\/","og_site_name":"CIIAM","article_published_time":"2021-09-14T10:33:31+00:00","article_modified_time":"2021-12-13T10:41:59+00:00","og_image":[{"width":720,"height":377,"url":"https:\/\/ciiam.org\/wp-content\/uploads\/2021\/12\/1638209579941.jpg","type":"image\/jpeg"}],"author":"CIAM Noticias","twitter_card":"summary_large_image","twitter_misc":{"Written by":"CIAM Noticias","Est. reading time":"1 minute"},"schema":{"@context":"https:\/\/schema.org","@graph":[{"@type":"Article","@id":"https:\/\/ciiam.org\/en\/espana-se-consolida-como-referencia-mundial-del-arbitraje\/#article","isPartOf":{"@id":"https:\/\/ciiam.org\/en\/espana-se-consolida-como-referencia-mundial-del-arbitraje\/"},"author":{"name":"CIAM Noticias","@id":"https:\/\/ciiam.org\/en\/#\/schema\/person\/fb1a957c6a1033311cb7f2ed37095712"},"headline":"Espa\u00f1a se consolida como referencia mundial del arbitraje","datePublished":"2021-09-14T10:33:31+00:00","dateModified":"2021-12-13T10:41:59+00:00","mainEntityOfPage":{"@id":"https:\/\/ciiam.org\/en\/espana-se-consolida-como-referencia-mundial-del-arbitraje\/"},"wordCount":210,"publisher":{"@id":"https:\/\/ciiam.org\/en\/#organization"},"image":{"@id":"https:\/\/ciiam.org\/en\/espana-se-consolida-como-referencia-mundial-del-arbitraje\/#primaryimage"},"thumbnailUrl":"https:\/\/ciiam.org\/wp-content\/uploads\/2021\/12\/1638209579941.jpg","keywords":["Arbitraje","Ciam","ESPA\u00d1A","GAR"],"articleSection":["Actualidad"],"inLanguage":"en-US"},{"@type":"WebPage","@id":"https:\/\/ciiam.org\/en\/espana-se-consolida-como-referencia-mundial-del-arbitraje\/","url":"https:\/\/ciiam.org\/en\/espana-se-consolida-como-referencia-mundial-del-arbitraje\/","name":"Espa\u00f1a se consolida como referencia mundial del arbitraje - CIIAM","isPartOf":{"@id":"https:\/\/ciiam.org\/en\/#website"},"primaryImageOfPage":{"@id":"https:\/\/ciiam.org\/en\/espana-se-consolida-como-referencia-mundial-del-arbitraje\/#primaryimage"},"image":{"@id":"https:\/\/ciiam.org\/en\/espana-se-consolida-como-referencia-mundial-del-arbitraje\/#primaryimage"},"thumbnailUrl":"https:\/\/ciiam.org\/wp-content\/uploads\/2021\/12\/1638209579941.jpg","datePublished":"2021-09-14T10:33:31+00:00","dateModified":"2021-12-13T10:41:59+00:00","description":"Se empiezan a ver los frutos de los esfuerzos de promoci\u00f3n y divulgaci\u00f3n realizados desde\u00a0CIAM\u00a0junto a otros agentes del sector como el\u00a0Club Espa\u00f1ol del Arbitraje\u00a0o la\u00a0Asociaci\u00f3n Europea de Arbitraje, destacando a Espa\u00f1a como lugar neutral para gestionar las\u00a0#DisputasEmpresariales\u00a0entre diferentes pa\u00edses.","breadcrumb":{"@id":"https:\/\/ciiam.org\/en\/espana-se-consolida-como-referencia-mundial-del-arbitraje\/#breadcrumb"},"inLanguage":"en-US","potentialAction":[{"@type":"ReadAction","target":["https:\/\/ciiam.org\/en\/espana-se-consolida-como-referencia-mundial-del-arbitraje\/"]}]},{"@type":"ImageObject","inLanguage":"en-US","@id":"https:\/\/ciiam.org\/en\/espana-se-consolida-como-referencia-mundial-del-arbitraje\/#primaryimage","url":"https:\/\/ciiam.org\/wp-content\/uploads\/2021\/12\/1638209579941.jpg","contentUrl":"https:\/\/ciiam.org\/wp-content\/uploads\/2021\/12\/1638209579941.jpg","width":720,"height":377},{"@type":"BreadcrumbList","@id":"https:\/\/ciiam.org\/en\/espana-se-consolida-como-referencia-mundial-del-arbitraje\/#breadcrumb","itemListElement":[{"@type":"ListItem","position":1,"name":"CIAM","item":"https:\/\/ciiam.org\/en\/"},{"@type":"ListItem","position":2,"name":"Espa\u00f1a se consolida como referencia mundial del arbitraje"}]},{"@type":"WebSite","@id":"https:\/\/ciiam.org\/en\/#website","url":"https:\/\/ciiam.org\/en\/","name":"CIIAM","description":"Centro Internacional e Iberoamericano de Arbitraje de Madrid","publisher":{"@id":"https:\/\/ciiam.org\/en\/#organization"},"potentialAction":[{"@type":"SearchAction","target":{"@type":"EntryPoint","urlTemplate":"https:\/\/ciiam.org\/en\/?s={search_term_string}"},"query-input":{"@type":"PropertyValueSpecification","valueRequired":true,"valueName":"search_term_string"}}],"inLanguage":"en-US"},{"@type":"Organization","@id":"https:\/\/ciiam.org\/en\/#organization","name":"Centro Internacional e Iberoamericano de Arbitraje de Madrid","alternateName":"CIIAM","url":"https:\/\/ciiam.org\/en\/","logo":{"@type":"ImageObject","inLanguage":"en-US","@id":"https:\/\/ciiam.org\/en\/#\/schema\/logo\/image\/","url":"https:\/\/ciiam.org\/wp-content\/uploads\/2026\/01\/favicon.png","contentUrl":"https:\/\/ciiam.org\/wp-content\/uploads\/2026\/01\/favicon.png","width":500,"height":500,"caption":"Centro Internacional e Iberoamericano de Arbitraje de Madrid"},"image":{"@id":"https:\/\/ciiam.org\/en\/#\/schema\/logo\/image\/"},"sameAs":["https:\/\/www.linkedin.com\/company\/ciam-centro-internacional-arbitraje-madrid?trk=d_public_post_image","https:\/\/www.youtube.com\/channel\/UCU2OI7SAQFv5uXAZ4qO4ALg"]},{"@type":"Person","@id":"https:\/\/ciiam.org\/en\/#\/schema\/person\/fb1a957c6a1033311cb7f2ed37095712","name":"CIAM Noticias","image":{"@type":"ImageObject","inLanguage":"en-US","@id":"https:\/\/secure.gravatar.com\/avatar\/966852b49cc4ce607aa677110fc17615e164a6f3cdd773ccc9753e7faf3dacc1?s=96&d=mm&r=g","url":"https:\/\/secure.gravatar.com\/avatar\/966852b49cc4ce607aa677110fc17615e164a6f3cdd773ccc9753e7faf3dacc1?s=96&d=mm&r=g","contentUrl":"https:\/\/secure.gravatar.com\/avatar\/966852b49cc4ce607aa677110fc17615e164a6f3cdd773ccc9753e7faf3dacc1?s=96&d=mm&r=g","caption":"CIAM Noticias"},"url":"https:\/\/ciiam.org\/en\/author\/cinewsam21\/"}]}},"_links":{"self":[{"href":"https:\/\/ciiam.org\/en\/wp-json\/wp\/v2\/posts\/11344","targetHints":{"allow":["GET"]}}],"collection":[{"href":"https:\/\/ciiam.org\/en\/wp-json\/wp\/v2\/posts"}],"about":[{"href":"https:\/\/ciiam.org\/en\/wp-json\/wp\/v2\/types\/post"}],"author":[{"embeddable":true,"href":"https:\/\/ciiam.org\/en\/wp-json\/wp\/v2\/users\/10"}],"replies":[{"embeddable":true,"href":"https:\/\/ciiam.org\/en\/wp-json\/wp\/v2\/comments?post=11344"}],"version-history":[{"count":0,"href":"https:\/\/ciiam.org\/en\/wp-json\/wp\/v2\/posts\/11344\/revisions"}],"wp:featuredmedia":[{"embeddable":true,"href":"https:\/\/ciiam.org\/en\/wp-json\/wp\/v2\/media\/11345"}],"wp:attachment":[{"href":"https:\/\/ciiam.org\/en\/wp-json\/wp\/v2\/media?parent=11344"}],"wp:term":[{"taxonomy":"category","embeddable":true,"href":"https:\/\/ciiam.org\/en\/wp-json\/wp\/v2\/categories?post=11344"},{"taxonomy":"post_tag","embeddable":true,"href":"https:\/\/ciiam.org\/en\/wp-json\/wp\/v2\/tags?post=11344"}],"curies":[{"name":"wp","href":"https:\/\/api.w.org\/{rel}","templated":true}]}}