{"id":11399,"date":"2021-12-17T09:42:37","date_gmt":"2021-12-17T09:42:37","guid":{"rendered":"https:\/\/ciiam.org\/?p=11399"},"modified":"2022-03-14T10:31:56","modified_gmt":"2022-03-14T10:31:56","slug":"ciam-presenta-a-yaiza-araque-moreno-como-letrada-jefa-del-servicio-de-mediacion","status":"publish","type":"post","link":"https:\/\/ciiam.org\/en\/ciam-presenta-a-yaiza-araque-moreno-como-letrada-jefa-del-servicio-de-mediacion\/","title":{"rendered":"CIAM presenta a\u00a0Yaiza Araque Moreno\u00a0como letrada jefa del\u00a0Servicio de Mediaci\u00f3n"},"content":{"rendered":"<p>CIAM presenta a\u00a0<a href=\"https:\/\/www.linkedin.com\/in\/ACoAAAV4Z0sBn99bnzqlWTPwsElSNv7iHC7azHQ\" data-attribute-index=\"0\" data-entity-hovercard-id=\"urn:li:fs_miniProfile:ACoAAAV4Z0sBn99bnzqlWTPwsElSNv7iHC7azHQ\" data-entity-type=\"MINI_PROFILE\">Yaiza Araque Moreno<\/a>\u00a0como letrada jefa del\u00a0Servicio de Mediaci\u00f3n<\/p>\n<p>\ud83d\udcc5\u00a0Yaiza Araque Moreno, letrada jefa del Servicio de Mediaci\u00f3n del\u00a0CIAM (Centro Internacional de Arbitraje de Madrid)\u00a0y\u00a0del\u00a0<a href=\"https:\/\/www.linkedin.com\/company\/centro-de-mediaci%C3%B3n-empresarial-de-madrid\/\" data-attribute-index=\"2\" data-entity-hovercard-id=\"urn:li:fs_miniCompany:38103877\" data-entity-type=\"MINI_COMPANY\">Centro de Mediaci\u00f3n Empresarial de Madrid<\/a>, participar\u00e1 ma\u00f1ana en el VI Acto Conjunto del CEA-40 y la Comisi\u00f3n de Mediaci\u00f3n y Resoluci\u00f3n Consensuada del\u00a0<a href=\"https:\/\/www.linkedin.com\/company\/cea-arbitraje\/\" data-attribute-index=\"4\" data-entity-hovercard-id=\"urn:li:fs_miniCompany:28620688\" data-entity-type=\"MINI_COMPANY\">Club Espa\u00f1ol del Arbitraje<\/a>\u00a0titulada \u00abWhat should I consider when selecting a mediator\u00bb, en la que se hablar\u00e1 de temas tan importantes como cu\u00e1ndo recurrir a un mediador, cu\u00e1les son los elementos m\u00e1s importantes a la hora de seleccionarlo o qu\u00e9 ocurre cuando las partes no se ponen de acuerdo en su designaci\u00f3n.<\/p>\n<p>\ud83d\udcbb\u00a0Inscr\u00edbete\u00a0\u27a1\ufe0f\u00a0\u00a0<a href=\"http:\/\/ow.ly\/Kp4G50H71q3\" data-attribute-index=\"6\">http:\/\/ow.ly\/Kp4G50H71q3<\/a><br \/>\n\ud83d\udcc6\u00a016 de diciembre de 2021<br \/>\n\ud83d\udd52\u00a016:30 horas (CET)<\/p>\n","protected":false},"excerpt":{"rendered":"<p>CIAM presenta a\u00a0Yaiza Araque Moreno\u00a0como letrada jefa del\u00a0Servicio de Mediaci\u00f3n \ud83d\udcc5\u00a0Yaiza Araque Moreno, letrada jefa del Servicio de Mediaci\u00f3n del\u00a0CIAM (Centro Internacional de Arbitraje de Madrid)\u00a0y\u00a0del\u00a0Centro de Mediaci\u00f3n Empresarial de Madrid, participar\u00e1 ma\u00f1ana en el VI Acto Conjunto del CEA-40 y la Comisi\u00f3n de Mediaci\u00f3n y Resoluci\u00f3n Consensuada del\u00a0Club Espa\u00f1ol del Arbitraje\u00a0titulada \u00abWhat should I [&hellip;]<\/p>\n","protected":false},"author":10,"featured_media":11400,"comment_status":"closed","ping_status":"open","sticky":false,"template":"","format":"standard","meta":{"footnotes":""},"categories":[17],"tags":[125,22,94],"class_list":["post-11399","post","type-post","status-publish","format-standard","has-post-thumbnail","hentry","category-actualidad","tag-cea","tag-ciam","tag-mediacion"],"yoast_head":"<!-- This site is optimized with the Yoast SEO plugin v27.3 - https:\/\/yoast.com\/product\/yoast-seo-wordpress\/ -->\n<title>CIAM presenta a\u00a0Yaiza Araque Moreno\u00a0como letrada jefa del\u00a0Servicio de Mediaci\u00f3n - CIIAM<\/title>\n<meta name=\"description\" content=\"CIAM presenta a\u00a0Yaiza Araque Moreno\u00a0como letrada jefa del\u00a0Servicio de Mediaci\u00f3n\" \/>\n<meta name=\"robots\" content=\"index, follow, max-snippet:-1, max-image-preview:large, max-video-preview:-1\" \/>\n<link rel=\"canonical\" href=\"https:\/\/ciiam.org\/en\/ciam-presenta-a-yaiza-araque-moreno-como-letrada-jefa-del-servicio-de-mediacion\/\" \/>\n<meta property=\"og:locale\" content=\"en_US\" \/>\n<meta property=\"og:type\" content=\"article\" \/>\n<meta property=\"og:title\" content=\"CIAM presenta a\u00a0Yaiza Araque Moreno\u00a0como letrada jefa del\u00a0Servicio de Mediaci\u00f3n - CIIAM\" \/>\n<meta property=\"og:description\" content=\"CIAM presenta a\u00a0Yaiza Araque Moreno\u00a0como letrada jefa del\u00a0Servicio de Mediaci\u00f3n\" \/>\n<meta property=\"og:url\" content=\"https:\/\/ciiam.org\/en\/ciam-presenta-a-yaiza-araque-moreno-como-letrada-jefa-del-servicio-de-mediacion\/\" \/>\n<meta property=\"og:site_name\" content=\"CIIAM\" \/>\n<meta property=\"article:published_time\" content=\"2021-12-17T09:42:37+00:00\" \/>\n<meta property=\"article:modified_time\" content=\"2022-03-14T10:31:56+00:00\" \/>\n<meta property=\"og:image\" content=\"https:\/\/ciiam.org\/wp-content\/uploads\/2021\/12\/1639583110220.jpg\" \/>\n\t<meta property=\"og:image:width\" content=\"800\" \/>\n\t<meta property=\"og:image:height\" content=\"552\" \/>\n\t<meta property=\"og:image:type\" content=\"image\/jpeg\" \/>\n<meta name=\"author\" content=\"CIAM Noticias\" \/>\n<meta name=\"twitter:card\" content=\"summary_large_image\" \/>\n<meta name=\"twitter:label1\" content=\"Written by\" \/>\n\t<meta name=\"twitter:data1\" content=\"CIAM Noticias\" \/>\n\t<meta name=\"twitter:label2\" content=\"Est. reading time\" \/>\n\t<meta name=\"twitter:data2\" content=\"1 minute\" \/>\n<script type=\"application\/ld+json\" class=\"yoast-schema-graph\">{\"@context\":\"https:\\\/\\\/schema.org\",\"@graph\":[{\"@type\":\"Article\",\"@id\":\"https:\\\/\\\/ciiam.org\\\/en\\\/ciam-presenta-a-yaiza-araque-moreno-como-letrada-jefa-del-servicio-de-mediacion\\\/#article\",\"isPartOf\":{\"@id\":\"https:\\\/\\\/ciiam.org\\\/en\\\/ciam-presenta-a-yaiza-araque-moreno-como-letrada-jefa-del-servicio-de-mediacion\\\/\"},\"author\":{\"name\":\"CIAM Noticias\",\"@id\":\"https:\\\/\\\/ciiam.org\\\/en\\\/#\\\/schema\\\/person\\\/fb1a957c6a1033311cb7f2ed37095712\"},\"headline\":\"CIAM presenta a\u00a0Yaiza Araque Moreno\u00a0como letrada jefa del\u00a0Servicio de Mediaci\u00f3n\",\"datePublished\":\"2021-12-17T09:42:37+00:00\",\"dateModified\":\"2022-03-14T10:31:56+00:00\",\"mainEntityOfPage\":{\"@id\":\"https:\\\/\\\/ciiam.org\\\/en\\\/ciam-presenta-a-yaiza-araque-moreno-como-letrada-jefa-del-servicio-de-mediacion\\\/\"},\"wordCount\":149,\"publisher\":{\"@id\":\"https:\\\/\\\/ciiam.org\\\/en\\\/#organization\"},\"image\":{\"@id\":\"https:\\\/\\\/ciiam.org\\\/en\\\/ciam-presenta-a-yaiza-araque-moreno-como-letrada-jefa-del-servicio-de-mediacion\\\/#primaryimage\"},\"thumbnailUrl\":\"https:\\\/\\\/ciiam.org\\\/wp-content\\\/uploads\\\/2021\\\/12\\\/1639583110220.jpg\",\"keywords\":[\"CEA\",\"Ciam\",\"Mediaci\u00f3n\"],\"articleSection\":[\"Actualidad\"],\"inLanguage\":\"en-US\"},{\"@type\":\"WebPage\",\"@id\":\"https:\\\/\\\/ciiam.org\\\/en\\\/ciam-presenta-a-yaiza-araque-moreno-como-letrada-jefa-del-servicio-de-mediacion\\\/\",\"url\":\"https:\\\/\\\/ciiam.org\\\/en\\\/ciam-presenta-a-yaiza-araque-moreno-como-letrada-jefa-del-servicio-de-mediacion\\\/\",\"name\":\"CIAM presenta a\u00a0Yaiza Araque Moreno\u00a0como letrada jefa del\u00a0Servicio de Mediaci\u00f3n - CIIAM\",\"isPartOf\":{\"@id\":\"https:\\\/\\\/ciiam.org\\\/en\\\/#website\"},\"primaryImageOfPage\":{\"@id\":\"https:\\\/\\\/ciiam.org\\\/en\\\/ciam-presenta-a-yaiza-araque-moreno-como-letrada-jefa-del-servicio-de-mediacion\\\/#primaryimage\"},\"image\":{\"@id\":\"https:\\\/\\\/ciiam.org\\\/en\\\/ciam-presenta-a-yaiza-araque-moreno-como-letrada-jefa-del-servicio-de-mediacion\\\/#primaryimage\"},\"thumbnailUrl\":\"https:\\\/\\\/ciiam.org\\\/wp-content\\\/uploads\\\/2021\\\/12\\\/1639583110220.jpg\",\"datePublished\":\"2021-12-17T09:42:37+00:00\",\"dateModified\":\"2022-03-14T10:31:56+00:00\",\"description\":\"CIAM presenta a\u00a0Yaiza Araque Moreno\u00a0como letrada jefa del\u00a0Servicio de Mediaci\u00f3n\",\"breadcrumb\":{\"@id\":\"https:\\\/\\\/ciiam.org\\\/en\\\/ciam-presenta-a-yaiza-araque-moreno-como-letrada-jefa-del-servicio-de-mediacion\\\/#breadcrumb\"},\"inLanguage\":\"en-US\",\"potentialAction\":[{\"@type\":\"ReadAction\",\"target\":[\"https:\\\/\\\/ciiam.org\\\/en\\\/ciam-presenta-a-yaiza-araque-moreno-como-letrada-jefa-del-servicio-de-mediacion\\\/\"]}]},{\"@type\":\"ImageObject\",\"inLanguage\":\"en-US\",\"@id\":\"https:\\\/\\\/ciiam.org\\\/en\\\/ciam-presenta-a-yaiza-araque-moreno-como-letrada-jefa-del-servicio-de-mediacion\\\/#primaryimage\",\"url\":\"https:\\\/\\\/ciiam.org\\\/wp-content\\\/uploads\\\/2021\\\/12\\\/1639583110220.jpg\",\"contentUrl\":\"https:\\\/\\\/ciiam.org\\\/wp-content\\\/uploads\\\/2021\\\/12\\\/1639583110220.jpg\",\"width\":800,\"height\":552},{\"@type\":\"BreadcrumbList\",\"@id\":\"https:\\\/\\\/ciiam.org\\\/en\\\/ciam-presenta-a-yaiza-araque-moreno-como-letrada-jefa-del-servicio-de-mediacion\\\/#breadcrumb\",\"itemListElement\":[{\"@type\":\"ListItem\",\"position\":1,\"name\":\"CIAM\",\"item\":\"https:\\\/\\\/ciiam.org\\\/en\\\/\"},{\"@type\":\"ListItem\",\"position\":2,\"name\":\"CIAM presenta a\u00a0Yaiza Araque Moreno\u00a0como letrada jefa del\u00a0Servicio de Mediaci\u00f3n\"}]},{\"@type\":\"WebSite\",\"@id\":\"https:\\\/\\\/ciiam.org\\\/en\\\/#website\",\"url\":\"https:\\\/\\\/ciiam.org\\\/en\\\/\",\"name\":\"CIIAM\",\"description\":\"Centro Internacional e Iberoamericano de Arbitraje de Madrid\",\"publisher\":{\"@id\":\"https:\\\/\\\/ciiam.org\\\/en\\\/#organization\"},\"potentialAction\":[{\"@type\":\"SearchAction\",\"target\":{\"@type\":\"EntryPoint\",\"urlTemplate\":\"https:\\\/\\\/ciiam.org\\\/en\\\/?s={search_term_string}\"},\"query-input\":{\"@type\":\"PropertyValueSpecification\",\"valueRequired\":true,\"valueName\":\"search_term_string\"}}],\"inLanguage\":\"en-US\"},{\"@type\":\"Organization\",\"@id\":\"https:\\\/\\\/ciiam.org\\\/en\\\/#organization\",\"name\":\"Centro Internacional e Iberoamericano de Arbitraje de Madrid\",\"alternateName\":\"CIIAM\",\"url\":\"https:\\\/\\\/ciiam.org\\\/en\\\/\",\"logo\":{\"@type\":\"ImageObject\",\"inLanguage\":\"en-US\",\"@id\":\"https:\\\/\\\/ciiam.org\\\/en\\\/#\\\/schema\\\/logo\\\/image\\\/\",\"url\":\"https:\\\/\\\/ciiam.org\\\/wp-content\\\/uploads\\\/2026\\\/01\\\/favicon.png\",\"contentUrl\":\"https:\\\/\\\/ciiam.org\\\/wp-content\\\/uploads\\\/2026\\\/01\\\/favicon.png\",\"width\":500,\"height\":500,\"caption\":\"Centro Internacional e Iberoamericano de Arbitraje de Madrid\"},\"image\":{\"@id\":\"https:\\\/\\\/ciiam.org\\\/en\\\/#\\\/schema\\\/logo\\\/image\\\/\"},\"sameAs\":[\"https:\\\/\\\/www.linkedin.com\\\/company\\\/ciam-centro-internacional-arbitraje-madrid?trk=d_public_post_image\",\"https:\\\/\\\/www.youtube.com\\\/channel\\\/UCU2OI7SAQFv5uXAZ4qO4ALg\"]},{\"@type\":\"Person\",\"@id\":\"https:\\\/\\\/ciiam.org\\\/en\\\/#\\\/schema\\\/person\\\/fb1a957c6a1033311cb7f2ed37095712\",\"name\":\"CIAM Noticias\",\"image\":{\"@type\":\"ImageObject\",\"inLanguage\":\"en-US\",\"@id\":\"https:\\\/\\\/secure.gravatar.com\\\/avatar\\\/966852b49cc4ce607aa677110fc17615e164a6f3cdd773ccc9753e7faf3dacc1?s=96&d=mm&r=g\",\"url\":\"https:\\\/\\\/secure.gravatar.com\\\/avatar\\\/966852b49cc4ce607aa677110fc17615e164a6f3cdd773ccc9753e7faf3dacc1?s=96&d=mm&r=g\",\"contentUrl\":\"https:\\\/\\\/secure.gravatar.com\\\/avatar\\\/966852b49cc4ce607aa677110fc17615e164a6f3cdd773ccc9753e7faf3dacc1?s=96&d=mm&r=g\",\"caption\":\"CIAM Noticias\"},\"url\":\"https:\\\/\\\/ciiam.org\\\/en\\\/author\\\/cinewsam21\\\/\"}]}<\/script>\n<!-- \/ Yoast SEO plugin. -->","yoast_head_json":{"title":"CIAM presenta a\u00a0Yaiza Araque Moreno\u00a0como letrada jefa del\u00a0Servicio de Mediaci\u00f3n - CIIAM","description":"CIAM presenta a\u00a0Yaiza Araque Moreno\u00a0como letrada jefa del\u00a0Servicio de Mediaci\u00f3n","robots":{"index":"index","follow":"follow","max-snippet":"max-snippet:-1","max-image-preview":"max-image-preview:large","max-video-preview":"max-video-preview:-1"},"canonical":"https:\/\/ciiam.org\/en\/ciam-presenta-a-yaiza-araque-moreno-como-letrada-jefa-del-servicio-de-mediacion\/","og_locale":"en_US","og_type":"article","og_title":"CIAM presenta a\u00a0Yaiza Araque Moreno\u00a0como letrada jefa del\u00a0Servicio de Mediaci\u00f3n - CIIAM","og_description":"CIAM presenta a\u00a0Yaiza Araque Moreno\u00a0como letrada jefa del\u00a0Servicio de Mediaci\u00f3n","og_url":"https:\/\/ciiam.org\/en\/ciam-presenta-a-yaiza-araque-moreno-como-letrada-jefa-del-servicio-de-mediacion\/","og_site_name":"CIIAM","article_published_time":"2021-12-17T09:42:37+00:00","article_modified_time":"2022-03-14T10:31:56+00:00","og_image":[{"width":800,"height":552,"url":"https:\/\/ciiam.org\/wp-content\/uploads\/2021\/12\/1639583110220.jpg","type":"image\/jpeg"}],"author":"CIAM Noticias","twitter_card":"summary_large_image","twitter_misc":{"Written by":"CIAM Noticias","Est. reading time":"1 minute"},"schema":{"@context":"https:\/\/schema.org","@graph":[{"@type":"Article","@id":"https:\/\/ciiam.org\/en\/ciam-presenta-a-yaiza-araque-moreno-como-letrada-jefa-del-servicio-de-mediacion\/#article","isPartOf":{"@id":"https:\/\/ciiam.org\/en\/ciam-presenta-a-yaiza-araque-moreno-como-letrada-jefa-del-servicio-de-mediacion\/"},"author":{"name":"CIAM Noticias","@id":"https:\/\/ciiam.org\/en\/#\/schema\/person\/fb1a957c6a1033311cb7f2ed37095712"},"headline":"CIAM presenta a\u00a0Yaiza Araque Moreno\u00a0como letrada jefa del\u00a0Servicio de Mediaci\u00f3n","datePublished":"2021-12-17T09:42:37+00:00","dateModified":"2022-03-14T10:31:56+00:00","mainEntityOfPage":{"@id":"https:\/\/ciiam.org\/en\/ciam-presenta-a-yaiza-araque-moreno-como-letrada-jefa-del-servicio-de-mediacion\/"},"wordCount":149,"publisher":{"@id":"https:\/\/ciiam.org\/en\/#organization"},"image":{"@id":"https:\/\/ciiam.org\/en\/ciam-presenta-a-yaiza-araque-moreno-como-letrada-jefa-del-servicio-de-mediacion\/#primaryimage"},"thumbnailUrl":"https:\/\/ciiam.org\/wp-content\/uploads\/2021\/12\/1639583110220.jpg","keywords":["CEA","Ciam","Mediaci\u00f3n"],"articleSection":["Actualidad"],"inLanguage":"en-US"},{"@type":"WebPage","@id":"https:\/\/ciiam.org\/en\/ciam-presenta-a-yaiza-araque-moreno-como-letrada-jefa-del-servicio-de-mediacion\/","url":"https:\/\/ciiam.org\/en\/ciam-presenta-a-yaiza-araque-moreno-como-letrada-jefa-del-servicio-de-mediacion\/","name":"CIAM presenta a\u00a0Yaiza Araque Moreno\u00a0como letrada jefa del\u00a0Servicio de Mediaci\u00f3n - CIIAM","isPartOf":{"@id":"https:\/\/ciiam.org\/en\/#website"},"primaryImageOfPage":{"@id":"https:\/\/ciiam.org\/en\/ciam-presenta-a-yaiza-araque-moreno-como-letrada-jefa-del-servicio-de-mediacion\/#primaryimage"},"image":{"@id":"https:\/\/ciiam.org\/en\/ciam-presenta-a-yaiza-araque-moreno-como-letrada-jefa-del-servicio-de-mediacion\/#primaryimage"},"thumbnailUrl":"https:\/\/ciiam.org\/wp-content\/uploads\/2021\/12\/1639583110220.jpg","datePublished":"2021-12-17T09:42:37+00:00","dateModified":"2022-03-14T10:31:56+00:00","description":"CIAM presenta a\u00a0Yaiza Araque Moreno\u00a0como letrada jefa del\u00a0Servicio de Mediaci\u00f3n","breadcrumb":{"@id":"https:\/\/ciiam.org\/en\/ciam-presenta-a-yaiza-araque-moreno-como-letrada-jefa-del-servicio-de-mediacion\/#breadcrumb"},"inLanguage":"en-US","potentialAction":[{"@type":"ReadAction","target":["https:\/\/ciiam.org\/en\/ciam-presenta-a-yaiza-araque-moreno-como-letrada-jefa-del-servicio-de-mediacion\/"]}]},{"@type":"ImageObject","inLanguage":"en-US","@id":"https:\/\/ciiam.org\/en\/ciam-presenta-a-yaiza-araque-moreno-como-letrada-jefa-del-servicio-de-mediacion\/#primaryimage","url":"https:\/\/ciiam.org\/wp-content\/uploads\/2021\/12\/1639583110220.jpg","contentUrl":"https:\/\/ciiam.org\/wp-content\/uploads\/2021\/12\/1639583110220.jpg","width":800,"height":552},{"@type":"BreadcrumbList","@id":"https:\/\/ciiam.org\/en\/ciam-presenta-a-yaiza-araque-moreno-como-letrada-jefa-del-servicio-de-mediacion\/#breadcrumb","itemListElement":[{"@type":"ListItem","position":1,"name":"CIAM","item":"https:\/\/ciiam.org\/en\/"},{"@type":"ListItem","position":2,"name":"CIAM presenta a\u00a0Yaiza Araque Moreno\u00a0como letrada jefa del\u00a0Servicio de Mediaci\u00f3n"}]},{"@type":"WebSite","@id":"https:\/\/ciiam.org\/en\/#website","url":"https:\/\/ciiam.org\/en\/","name":"CIIAM","description":"Centro Internacional e Iberoamericano de Arbitraje de Madrid","publisher":{"@id":"https:\/\/ciiam.org\/en\/#organization"},"potentialAction":[{"@type":"SearchAction","target":{"@type":"EntryPoint","urlTemplate":"https:\/\/ciiam.org\/en\/?s={search_term_string}"},"query-input":{"@type":"PropertyValueSpecification","valueRequired":true,"valueName":"search_term_string"}}],"inLanguage":"en-US"},{"@type":"Organization","@id":"https:\/\/ciiam.org\/en\/#organization","name":"Centro Internacional e Iberoamericano de Arbitraje de Madrid","alternateName":"CIIAM","url":"https:\/\/ciiam.org\/en\/","logo":{"@type":"ImageObject","inLanguage":"en-US","@id":"https:\/\/ciiam.org\/en\/#\/schema\/logo\/image\/","url":"https:\/\/ciiam.org\/wp-content\/uploads\/2026\/01\/favicon.png","contentUrl":"https:\/\/ciiam.org\/wp-content\/uploads\/2026\/01\/favicon.png","width":500,"height":500,"caption":"Centro Internacional e Iberoamericano de Arbitraje de Madrid"},"image":{"@id":"https:\/\/ciiam.org\/en\/#\/schema\/logo\/image\/"},"sameAs":["https:\/\/www.linkedin.com\/company\/ciam-centro-internacional-arbitraje-madrid?trk=d_public_post_image","https:\/\/www.youtube.com\/channel\/UCU2OI7SAQFv5uXAZ4qO4ALg"]},{"@type":"Person","@id":"https:\/\/ciiam.org\/en\/#\/schema\/person\/fb1a957c6a1033311cb7f2ed37095712","name":"CIAM Noticias","image":{"@type":"ImageObject","inLanguage":"en-US","@id":"https:\/\/secure.gravatar.com\/avatar\/966852b49cc4ce607aa677110fc17615e164a6f3cdd773ccc9753e7faf3dacc1?s=96&d=mm&r=g","url":"https:\/\/secure.gravatar.com\/avatar\/966852b49cc4ce607aa677110fc17615e164a6f3cdd773ccc9753e7faf3dacc1?s=96&d=mm&r=g","contentUrl":"https:\/\/secure.gravatar.com\/avatar\/966852b49cc4ce607aa677110fc17615e164a6f3cdd773ccc9753e7faf3dacc1?s=96&d=mm&r=g","caption":"CIAM Noticias"},"url":"https:\/\/ciiam.org\/en\/author\/cinewsam21\/"}]}},"_links":{"self":[{"href":"https:\/\/ciiam.org\/en\/wp-json\/wp\/v2\/posts\/11399","targetHints":{"allow":["GET"]}}],"collection":[{"href":"https:\/\/ciiam.org\/en\/wp-json\/wp\/v2\/posts"}],"about":[{"href":"https:\/\/ciiam.org\/en\/wp-json\/wp\/v2\/types\/post"}],"author":[{"embeddable":true,"href":"https:\/\/ciiam.org\/en\/wp-json\/wp\/v2\/users\/10"}],"replies":[{"embeddable":true,"href":"https:\/\/ciiam.org\/en\/wp-json\/wp\/v2\/comments?post=11399"}],"version-history":[{"count":0,"href":"https:\/\/ciiam.org\/en\/wp-json\/wp\/v2\/posts\/11399\/revisions"}],"wp:featuredmedia":[{"embeddable":true,"href":"https:\/\/ciiam.org\/en\/wp-json\/wp\/v2\/media\/11400"}],"wp:attachment":[{"href":"https:\/\/ciiam.org\/en\/wp-json\/wp\/v2\/media?parent=11399"}],"wp:term":[{"taxonomy":"category","embeddable":true,"href":"https:\/\/ciiam.org\/en\/wp-json\/wp\/v2\/categories?post=11399"},{"taxonomy":"post_tag","embeddable":true,"href":"https:\/\/ciiam.org\/en\/wp-json\/wp\/v2\/tags?post=11399"}],"curies":[{"name":"wp","href":"https:\/\/api.w.org\/{rel}","templated":true}]}}