{"id":12486,"date":"2022-02-24T11:38:41","date_gmt":"2022-02-24T11:38:41","guid":{"rendered":"https:\/\/ciiam.org\/?p=12486"},"modified":"2022-02-28T15:35:17","modified_gmt":"2022-02-28T15:35:17","slug":"el-arbitraje-es-un-factor-de-competitividad-para-las-empresas-colombianas","status":"publish","type":"post","link":"https:\/\/ciiam.org\/en\/el-arbitraje-es-un-factor-de-competitividad-para-las-empresas-colombianas\/","title":{"rendered":"\u00ab\u00a0El arbitraje es un factor de competitividad para las empresas colombianas\u00a0\u00bb"},"content":{"rendered":"<p>\ud83d\udea9 \u201cEl\u00a0<a href=\"https:\/\/www.linkedin.com\/feed\/hashtag\/?keywords=arbitraje&amp;highlightedUpdateUrns=urn%3Ali%3Aactivity%3A6902281700387246080\" data-attribute-index=\"0\">#arbitraje<\/a>\u00a0es un factor de competitividad para las empresas colombianas\u201d<\/p>\n<p><a href=\"https:\/\/www.linkedin.com\/company\/ciam-centro-internacional-arbitraje-madrid\/\" data-attribute-index=\"1\" data-entity-hovercard-id=\"urn:li:fs_miniCompany:37226932\" data-entity-type=\"MINI_COMPANY\">CIAM (Centro Internacional de Arbitraje de Madrid)\u00a0<\/a>asiste al acto organizado por la\u00a0<a href=\"https:\/\/www.linkedin.com\/company\/camara-comercio-espana\/\" data-attribute-index=\"3\" data-entity-hovercard-id=\"urn:li:fs_miniCompany:1282610\" data-entity-type=\"MINI_COMPANY\">C\u00e1mara de Comercio de Espa\u00f1a<\/a>\u00a0y la\u00a0<a href=\"https:\/\/www.linkedin.com\/company\/camara-oficial-de-comercio-de-espana-en-colombia\/\" data-attribute-index=\"5\" data-entity-hovercard-id=\"urn:li:fs_miniCompany:10139807\" data-entity-type=\"MINI_COMPANY\">C\u00e1mara Oficial de Comercio de Espa\u00f1a en Colombia<\/a>, en colaboraci\u00f3n con la Oficina Comercial de la\u00a0<a href=\"https:\/\/www.linkedin.com\/company\/embajada-de-espa%C3%B1a-en-colombia\/\" data-attribute-index=\"7\" data-entity-hovercard-id=\"urn:li:fs_miniCompany:11310416\" data-entity-type=\"MINI_COMPANY\">Embajada de Espa\u00f1a en Colombia<\/a>.<\/p>\n<p>En la jornada,\u00a0<a href=\"https:\/\/www.linkedin.com\/in\/ACoAADCZSlIBegV6FuVIATyBwPh3d_hK2hv2p-Q\" data-attribute-index=\"9\" data-entity-hovercard-id=\"urn:li:fs_miniProfile:ACoAADCZSlIBegV6FuVIATyBwPh3d_hK2hv2p-Q\" data-entity-type=\"MINI_PROFILE\">Jos\u00e9 Antonio Ca\u00ednzos Fern\u00e1ndez<\/a>, presidente de CIAM, ha remarcado la importancia de la labor de la instituci\u00f3n, que \u201ccompite con otras sedes internacionales de primer nivel\u201d. Asimismo, Adolfo D\u00edaz-Ambrona, secretario general de la C\u00e1mara de Comercio de Espa\u00f1a y miembro del Pleno del CIAM, ha subrayado que el Centro Internacional de Arbitraje de Madrid aporta confianza a los potenciales usuarios de este instrumento en Iberoam\u00e9rica. Por su parte, el ministro de Justicia y Derecho de Colombia, Wilson Rodr\u00edguez, ha se\u00f1alado la importancia de arbitraje como \u201cuna de las piedras angulares del desarrollo econ\u00f3mico\u201d.<\/p>\n<p>&#8220;Leer el art\u00edculo en <a href=\"https:\/\/cincodias.elpais.com\/cincodias\/2022\/02\/23\/legal\/1645634078_143192.html\">Cinco D\u00edas<\/a>&#8221;<\/p>\n<p>&#8220;Leer el art\u00edculo en <a href=\"https:\/\/www.europapress.es\/economia\/noticia-ministro-justicia-colombia-destaca-arbitraje-factor-competitividad-empresas-20220223144857.html\">Europapress<\/a>&#8221;<\/p>\n<p>&#8220;Leer el art\u00edculo en <a href=\"https:\/\/www.elconfidencialdigital.com\/articulo\/ultima-hora\/ministro-justicia-colombia-destaca-arbitraje-como-factor-competitividad-empresas\/20220223145247354483.html\">El Confidencial Digital<\/a>&#8220;<\/p>\n","protected":false},"excerpt":{"rendered":"<p>\ud83d\udea9 \u201cEl\u00a0#arbitraje\u00a0es un factor de competitividad para las empresas colombianas\u201d CIAM (Centro Internacional de Arbitraje de Madrid)\u00a0asiste al acto organizado por la\u00a0C\u00e1mara de Comercio de Espa\u00f1a\u00a0y la\u00a0C\u00e1mara Oficial de Comercio de Espa\u00f1a en Colombia, en colaboraci\u00f3n con la Oficina Comercial de la\u00a0Embajada de Espa\u00f1a en Colombia. En la jornada,\u00a0Jos\u00e9 Antonio Ca\u00ednzos Fern\u00e1ndez, presidente de CIAM, [&hellip;]<\/p>\n","protected":false},"author":11,"featured_media":12487,"comment_status":"closed","ping_status":"open","sticky":false,"template":"","format":"standard","meta":{"footnotes":""},"categories":[17],"tags":[23,246,22,211,271,270,154],"class_list":["post-12486","post","type-post","status-publish","format-standard","has-post-thumbnail","hentry","category-actualidad","tag-arbitraje","tag-arbitraje-comercial","tag-ciam","tag-colombia","tag-competitividad","tag-embajada-de-espana","tag-espana"],"yoast_head":"<!-- This site is optimized with the Yoast SEO plugin v27.3 - https:\/\/yoast.com\/product\/yoast-seo-wordpress\/ -->\n<title>\u00ab\u00a0El arbitraje es un factor de competitividad para las empresas colombianas\u00a0\u00bb - CIIAM<\/title>\n<meta name=\"description\" content=\"\u00ab\u00a0El arbitraje es un factor de competitividad para las empresas colombianas\u00a0\u00bb\" \/>\n<meta name=\"robots\" content=\"index, follow, max-snippet:-1, max-image-preview:large, max-video-preview:-1\" \/>\n<link rel=\"canonical\" href=\"https:\/\/ciiam.org\/en\/el-arbitraje-es-un-factor-de-competitividad-para-las-empresas-colombianas\/\" \/>\n<meta property=\"og:locale\" content=\"en_US\" \/>\n<meta property=\"og:type\" content=\"article\" \/>\n<meta property=\"og:title\" content=\"\u00ab\u00a0El arbitraje es un factor de competitividad para las empresas colombianas\u00a0\u00bb - CIIAM\" \/>\n<meta property=\"og:description\" content=\"\u00ab\u00a0El arbitraje es un factor de competitividad para las empresas colombianas\u00a0\u00bb\" \/>\n<meta property=\"og:url\" content=\"https:\/\/ciiam.org\/en\/el-arbitraje-es-un-factor-de-competitividad-para-las-empresas-colombianas\/\" \/>\n<meta property=\"og:site_name\" content=\"CIIAM\" \/>\n<meta property=\"article:published_time\" content=\"2022-02-24T11:38:41+00:00\" \/>\n<meta property=\"article:modified_time\" content=\"2022-02-28T15:35:17+00:00\" \/>\n<meta property=\"og:image\" content=\"https:\/\/ciiam.org\/wp-content\/uploads\/2022\/02\/acto_colombia_foto_familia.jpg\" \/>\n\t<meta property=\"og:image:width\" content=\"1200\" \/>\n\t<meta property=\"og:image:height\" content=\"641\" \/>\n\t<meta property=\"og:image:type\" content=\"image\/jpeg\" \/>\n<meta name=\"author\" content=\"InT14\" \/>\n<meta name=\"twitter:card\" content=\"summary_large_image\" \/>\n<meta name=\"twitter:label1\" content=\"Written by\" \/>\n\t<meta name=\"twitter:data1\" content=\"InT14\" \/>\n\t<meta name=\"twitter:label2\" content=\"Est. reading time\" \/>\n\t<meta name=\"twitter:data2\" content=\"1 minute\" \/>\n<script type=\"application\/ld+json\" class=\"yoast-schema-graph\">{\"@context\":\"https:\\\/\\\/schema.org\",\"@graph\":[{\"@type\":\"Article\",\"@id\":\"https:\\\/\\\/ciiam.org\\\/en\\\/el-arbitraje-es-un-factor-de-competitividad-para-las-empresas-colombianas\\\/#article\",\"isPartOf\":{\"@id\":\"https:\\\/\\\/ciiam.org\\\/en\\\/el-arbitraje-es-un-factor-de-competitividad-para-las-empresas-colombianas\\\/\"},\"author\":{\"name\":\"InT14\",\"@id\":\"https:\\\/\\\/ciiam.org\\\/en\\\/#\\\/schema\\\/person\\\/14817b46751305a4fa5962cf899af84b\"},\"headline\":\"\u00ab\u00a0El arbitraje es un factor de competitividad para las empresas colombianas\u00a0\u00bb\",\"datePublished\":\"2022-02-24T11:38:41+00:00\",\"dateModified\":\"2022-02-28T15:35:17+00:00\",\"mainEntityOfPage\":{\"@id\":\"https:\\\/\\\/ciiam.org\\\/en\\\/el-arbitraje-es-un-factor-de-competitividad-para-las-empresas-colombianas\\\/\"},\"wordCount\":197,\"publisher\":{\"@id\":\"https:\\\/\\\/ciiam.org\\\/en\\\/#organization\"},\"image\":{\"@id\":\"https:\\\/\\\/ciiam.org\\\/en\\\/el-arbitraje-es-un-factor-de-competitividad-para-las-empresas-colombianas\\\/#primaryimage\"},\"thumbnailUrl\":\"https:\\\/\\\/ciiam.org\\\/wp-content\\\/uploads\\\/2022\\\/02\\\/acto_colombia_foto_familia.jpg\",\"keywords\":[\"Arbitraje\",\"ARBITRAJE COMERCIAL\",\"Ciam\",\"COLOMBIA\",\"competitividad\",\"Embajada de Espa\u00f1a\",\"ESPA\u00d1A\"],\"articleSection\":[\"Actualidad\"],\"inLanguage\":\"en-US\"},{\"@type\":\"WebPage\",\"@id\":\"https:\\\/\\\/ciiam.org\\\/en\\\/el-arbitraje-es-un-factor-de-competitividad-para-las-empresas-colombianas\\\/\",\"url\":\"https:\\\/\\\/ciiam.org\\\/en\\\/el-arbitraje-es-un-factor-de-competitividad-para-las-empresas-colombianas\\\/\",\"name\":\"\u00ab\u00a0El arbitraje es un factor de competitividad para las empresas colombianas\u00a0\u00bb - CIIAM\",\"isPartOf\":{\"@id\":\"https:\\\/\\\/ciiam.org\\\/en\\\/#website\"},\"primaryImageOfPage\":{\"@id\":\"https:\\\/\\\/ciiam.org\\\/en\\\/el-arbitraje-es-un-factor-de-competitividad-para-las-empresas-colombianas\\\/#primaryimage\"},\"image\":{\"@id\":\"https:\\\/\\\/ciiam.org\\\/en\\\/el-arbitraje-es-un-factor-de-competitividad-para-las-empresas-colombianas\\\/#primaryimage\"},\"thumbnailUrl\":\"https:\\\/\\\/ciiam.org\\\/wp-content\\\/uploads\\\/2022\\\/02\\\/acto_colombia_foto_familia.jpg\",\"datePublished\":\"2022-02-24T11:38:41+00:00\",\"dateModified\":\"2022-02-28T15:35:17+00:00\",\"description\":\"\u00ab\u00a0El arbitraje es un factor de competitividad para las empresas colombianas\u00a0\u00bb\",\"breadcrumb\":{\"@id\":\"https:\\\/\\\/ciiam.org\\\/en\\\/el-arbitraje-es-un-factor-de-competitividad-para-las-empresas-colombianas\\\/#breadcrumb\"},\"inLanguage\":\"en-US\",\"potentialAction\":[{\"@type\":\"ReadAction\",\"target\":[\"https:\\\/\\\/ciiam.org\\\/en\\\/el-arbitraje-es-un-factor-de-competitividad-para-las-empresas-colombianas\\\/\"]}]},{\"@type\":\"ImageObject\",\"inLanguage\":\"en-US\",\"@id\":\"https:\\\/\\\/ciiam.org\\\/en\\\/el-arbitraje-es-un-factor-de-competitividad-para-las-empresas-colombianas\\\/#primaryimage\",\"url\":\"https:\\\/\\\/ciiam.org\\\/wp-content\\\/uploads\\\/2022\\\/02\\\/acto_colombia_foto_familia.jpg\",\"contentUrl\":\"https:\\\/\\\/ciiam.org\\\/wp-content\\\/uploads\\\/2022\\\/02\\\/acto_colombia_foto_familia.jpg\",\"width\":1200,\"height\":641},{\"@type\":\"BreadcrumbList\",\"@id\":\"https:\\\/\\\/ciiam.org\\\/en\\\/el-arbitraje-es-un-factor-de-competitividad-para-las-empresas-colombianas\\\/#breadcrumb\",\"itemListElement\":[{\"@type\":\"ListItem\",\"position\":1,\"name\":\"CIAM\",\"item\":\"https:\\\/\\\/ciiam.org\\\/en\\\/\"},{\"@type\":\"ListItem\",\"position\":2,\"name\":\"\u00ab\u00a0El arbitraje es un factor de competitividad para las empresas colombianas\u00a0\u00bb\"}]},{\"@type\":\"WebSite\",\"@id\":\"https:\\\/\\\/ciiam.org\\\/en\\\/#website\",\"url\":\"https:\\\/\\\/ciiam.org\\\/en\\\/\",\"name\":\"CIIAM\",\"description\":\"Centro Internacional e Iberoamericano de Arbitraje de Madrid\",\"publisher\":{\"@id\":\"https:\\\/\\\/ciiam.org\\\/en\\\/#organization\"},\"potentialAction\":[{\"@type\":\"SearchAction\",\"target\":{\"@type\":\"EntryPoint\",\"urlTemplate\":\"https:\\\/\\\/ciiam.org\\\/en\\\/?s={search_term_string}\"},\"query-input\":{\"@type\":\"PropertyValueSpecification\",\"valueRequired\":true,\"valueName\":\"search_term_string\"}}],\"inLanguage\":\"en-US\"},{\"@type\":\"Organization\",\"@id\":\"https:\\\/\\\/ciiam.org\\\/en\\\/#organization\",\"name\":\"Centro Internacional e Iberoamericano de Arbitraje de Madrid\",\"alternateName\":\"CIIAM\",\"url\":\"https:\\\/\\\/ciiam.org\\\/en\\\/\",\"logo\":{\"@type\":\"ImageObject\",\"inLanguage\":\"en-US\",\"@id\":\"https:\\\/\\\/ciiam.org\\\/en\\\/#\\\/schema\\\/logo\\\/image\\\/\",\"url\":\"https:\\\/\\\/ciiam.org\\\/wp-content\\\/uploads\\\/2026\\\/01\\\/favicon.png\",\"contentUrl\":\"https:\\\/\\\/ciiam.org\\\/wp-content\\\/uploads\\\/2026\\\/01\\\/favicon.png\",\"width\":500,\"height\":500,\"caption\":\"Centro Internacional e Iberoamericano de Arbitraje de Madrid\"},\"image\":{\"@id\":\"https:\\\/\\\/ciiam.org\\\/en\\\/#\\\/schema\\\/logo\\\/image\\\/\"},\"sameAs\":[\"https:\\\/\\\/www.linkedin.com\\\/company\\\/ciam-centro-internacional-arbitraje-madrid?trk=d_public_post_image\",\"https:\\\/\\\/www.youtube.com\\\/channel\\\/UCU2OI7SAQFv5uXAZ4qO4ALg\"]},{\"@type\":\"Person\",\"@id\":\"https:\\\/\\\/ciiam.org\\\/en\\\/#\\\/schema\\\/person\\\/14817b46751305a4fa5962cf899af84b\",\"name\":\"InT14\",\"image\":{\"@type\":\"ImageObject\",\"inLanguage\":\"en-US\",\"@id\":\"https:\\\/\\\/secure.gravatar.com\\\/avatar\\\/a93675488aa469cbd1df43a10f7f83486d14b99e406b3c041ce80bfb1abe23bb?s=96&d=mm&r=g\",\"url\":\"https:\\\/\\\/secure.gravatar.com\\\/avatar\\\/a93675488aa469cbd1df43a10f7f83486d14b99e406b3c041ce80bfb1abe23bb?s=96&d=mm&r=g\",\"contentUrl\":\"https:\\\/\\\/secure.gravatar.com\\\/avatar\\\/a93675488aa469cbd1df43a10f7f83486d14b99e406b3c041ce80bfb1abe23bb?s=96&d=mm&r=g\",\"caption\":\"InT14\"},\"url\":\"https:\\\/\\\/ciiam.org\\\/en\\\/author\\\/14inter-cmma\\\/\"}]}<\/script>\n<!-- \/ Yoast SEO plugin. -->","yoast_head_json":{"title":"\u00ab\u00a0El arbitraje es un factor de competitividad para las empresas colombianas\u00a0\u00bb - CIIAM","description":"\u00ab\u00a0El arbitraje es un factor de competitividad para las empresas colombianas\u00a0\u00bb","robots":{"index":"index","follow":"follow","max-snippet":"max-snippet:-1","max-image-preview":"max-image-preview:large","max-video-preview":"max-video-preview:-1"},"canonical":"https:\/\/ciiam.org\/en\/el-arbitraje-es-un-factor-de-competitividad-para-las-empresas-colombianas\/","og_locale":"en_US","og_type":"article","og_title":"\u00ab\u00a0El arbitraje es un factor de competitividad para las empresas colombianas\u00a0\u00bb - CIIAM","og_description":"\u00ab\u00a0El arbitraje es un factor de competitividad para las empresas colombianas\u00a0\u00bb","og_url":"https:\/\/ciiam.org\/en\/el-arbitraje-es-un-factor-de-competitividad-para-las-empresas-colombianas\/","og_site_name":"CIIAM","article_published_time":"2022-02-24T11:38:41+00:00","article_modified_time":"2022-02-28T15:35:17+00:00","og_image":[{"width":1200,"height":641,"url":"https:\/\/ciiam.org\/wp-content\/uploads\/2022\/02\/acto_colombia_foto_familia.jpg","type":"image\/jpeg"}],"author":"InT14","twitter_card":"summary_large_image","twitter_misc":{"Written by":"InT14","Est. reading time":"1 minute"},"schema":{"@context":"https:\/\/schema.org","@graph":[{"@type":"Article","@id":"https:\/\/ciiam.org\/en\/el-arbitraje-es-un-factor-de-competitividad-para-las-empresas-colombianas\/#article","isPartOf":{"@id":"https:\/\/ciiam.org\/en\/el-arbitraje-es-un-factor-de-competitividad-para-las-empresas-colombianas\/"},"author":{"name":"InT14","@id":"https:\/\/ciiam.org\/en\/#\/schema\/person\/14817b46751305a4fa5962cf899af84b"},"headline":"\u00ab\u00a0El arbitraje es un factor de competitividad para las empresas colombianas\u00a0\u00bb","datePublished":"2022-02-24T11:38:41+00:00","dateModified":"2022-02-28T15:35:17+00:00","mainEntityOfPage":{"@id":"https:\/\/ciiam.org\/en\/el-arbitraje-es-un-factor-de-competitividad-para-las-empresas-colombianas\/"},"wordCount":197,"publisher":{"@id":"https:\/\/ciiam.org\/en\/#organization"},"image":{"@id":"https:\/\/ciiam.org\/en\/el-arbitraje-es-un-factor-de-competitividad-para-las-empresas-colombianas\/#primaryimage"},"thumbnailUrl":"https:\/\/ciiam.org\/wp-content\/uploads\/2022\/02\/acto_colombia_foto_familia.jpg","keywords":["Arbitraje","ARBITRAJE COMERCIAL","Ciam","COLOMBIA","competitividad","Embajada de Espa\u00f1a","ESPA\u00d1A"],"articleSection":["Actualidad"],"inLanguage":"en-US"},{"@type":"WebPage","@id":"https:\/\/ciiam.org\/en\/el-arbitraje-es-un-factor-de-competitividad-para-las-empresas-colombianas\/","url":"https:\/\/ciiam.org\/en\/el-arbitraje-es-un-factor-de-competitividad-para-las-empresas-colombianas\/","name":"\u00ab\u00a0El arbitraje es un factor de competitividad para las empresas colombianas\u00a0\u00bb - CIIAM","isPartOf":{"@id":"https:\/\/ciiam.org\/en\/#website"},"primaryImageOfPage":{"@id":"https:\/\/ciiam.org\/en\/el-arbitraje-es-un-factor-de-competitividad-para-las-empresas-colombianas\/#primaryimage"},"image":{"@id":"https:\/\/ciiam.org\/en\/el-arbitraje-es-un-factor-de-competitividad-para-las-empresas-colombianas\/#primaryimage"},"thumbnailUrl":"https:\/\/ciiam.org\/wp-content\/uploads\/2022\/02\/acto_colombia_foto_familia.jpg","datePublished":"2022-02-24T11:38:41+00:00","dateModified":"2022-02-28T15:35:17+00:00","description":"\u00ab\u00a0El arbitraje es un factor de competitividad para las empresas colombianas\u00a0\u00bb","breadcrumb":{"@id":"https:\/\/ciiam.org\/en\/el-arbitraje-es-un-factor-de-competitividad-para-las-empresas-colombianas\/#breadcrumb"},"inLanguage":"en-US","potentialAction":[{"@type":"ReadAction","target":["https:\/\/ciiam.org\/en\/el-arbitraje-es-un-factor-de-competitividad-para-las-empresas-colombianas\/"]}]},{"@type":"ImageObject","inLanguage":"en-US","@id":"https:\/\/ciiam.org\/en\/el-arbitraje-es-un-factor-de-competitividad-para-las-empresas-colombianas\/#primaryimage","url":"https:\/\/ciiam.org\/wp-content\/uploads\/2022\/02\/acto_colombia_foto_familia.jpg","contentUrl":"https:\/\/ciiam.org\/wp-content\/uploads\/2022\/02\/acto_colombia_foto_familia.jpg","width":1200,"height":641},{"@type":"BreadcrumbList","@id":"https:\/\/ciiam.org\/en\/el-arbitraje-es-un-factor-de-competitividad-para-las-empresas-colombianas\/#breadcrumb","itemListElement":[{"@type":"ListItem","position":1,"name":"CIAM","item":"https:\/\/ciiam.org\/en\/"},{"@type":"ListItem","position":2,"name":"\u00ab\u00a0El arbitraje es un factor de competitividad para las empresas colombianas\u00a0\u00bb"}]},{"@type":"WebSite","@id":"https:\/\/ciiam.org\/en\/#website","url":"https:\/\/ciiam.org\/en\/","name":"CIIAM","description":"Centro Internacional e Iberoamericano de Arbitraje de Madrid","publisher":{"@id":"https:\/\/ciiam.org\/en\/#organization"},"potentialAction":[{"@type":"SearchAction","target":{"@type":"EntryPoint","urlTemplate":"https:\/\/ciiam.org\/en\/?s={search_term_string}"},"query-input":{"@type":"PropertyValueSpecification","valueRequired":true,"valueName":"search_term_string"}}],"inLanguage":"en-US"},{"@type":"Organization","@id":"https:\/\/ciiam.org\/en\/#organization","name":"Centro Internacional e Iberoamericano de Arbitraje de Madrid","alternateName":"CIIAM","url":"https:\/\/ciiam.org\/en\/","logo":{"@type":"ImageObject","inLanguage":"en-US","@id":"https:\/\/ciiam.org\/en\/#\/schema\/logo\/image\/","url":"https:\/\/ciiam.org\/wp-content\/uploads\/2026\/01\/favicon.png","contentUrl":"https:\/\/ciiam.org\/wp-content\/uploads\/2026\/01\/favicon.png","width":500,"height":500,"caption":"Centro Internacional e Iberoamericano de Arbitraje de Madrid"},"image":{"@id":"https:\/\/ciiam.org\/en\/#\/schema\/logo\/image\/"},"sameAs":["https:\/\/www.linkedin.com\/company\/ciam-centro-internacional-arbitraje-madrid?trk=d_public_post_image","https:\/\/www.youtube.com\/channel\/UCU2OI7SAQFv5uXAZ4qO4ALg"]},{"@type":"Person","@id":"https:\/\/ciiam.org\/en\/#\/schema\/person\/14817b46751305a4fa5962cf899af84b","name":"InT14","image":{"@type":"ImageObject","inLanguage":"en-US","@id":"https:\/\/secure.gravatar.com\/avatar\/a93675488aa469cbd1df43a10f7f83486d14b99e406b3c041ce80bfb1abe23bb?s=96&d=mm&r=g","url":"https:\/\/secure.gravatar.com\/avatar\/a93675488aa469cbd1df43a10f7f83486d14b99e406b3c041ce80bfb1abe23bb?s=96&d=mm&r=g","contentUrl":"https:\/\/secure.gravatar.com\/avatar\/a93675488aa469cbd1df43a10f7f83486d14b99e406b3c041ce80bfb1abe23bb?s=96&d=mm&r=g","caption":"InT14"},"url":"https:\/\/ciiam.org\/en\/author\/14inter-cmma\/"}]}},"_links":{"self":[{"href":"https:\/\/ciiam.org\/en\/wp-json\/wp\/v2\/posts\/12486","targetHints":{"allow":["GET"]}}],"collection":[{"href":"https:\/\/ciiam.org\/en\/wp-json\/wp\/v2\/posts"}],"about":[{"href":"https:\/\/ciiam.org\/en\/wp-json\/wp\/v2\/types\/post"}],"author":[{"embeddable":true,"href":"https:\/\/ciiam.org\/en\/wp-json\/wp\/v2\/users\/11"}],"replies":[{"embeddable":true,"href":"https:\/\/ciiam.org\/en\/wp-json\/wp\/v2\/comments?post=12486"}],"version-history":[{"count":0,"href":"https:\/\/ciiam.org\/en\/wp-json\/wp\/v2\/posts\/12486\/revisions"}],"wp:featuredmedia":[{"embeddable":true,"href":"https:\/\/ciiam.org\/en\/wp-json\/wp\/v2\/media\/12487"}],"wp:attachment":[{"href":"https:\/\/ciiam.org\/en\/wp-json\/wp\/v2\/media?parent=12486"}],"wp:term":[{"taxonomy":"category","embeddable":true,"href":"https:\/\/ciiam.org\/en\/wp-json\/wp\/v2\/categories?post=12486"},{"taxonomy":"post_tag","embeddable":true,"href":"https:\/\/ciiam.org\/en\/wp-json\/wp\/v2\/tags?post=12486"}],"curies":[{"name":"wp","href":"https:\/\/api.w.org\/{rel}","templated":true}]}}