{"id":12511,"date":"2022-02-01T15:38:32","date_gmt":"2022-02-01T15:38:32","guid":{"rendered":"https:\/\/ciiam.org\/?p=12511"},"modified":"2022-03-14T10:18:40","modified_gmt":"2022-03-14T10:18:40","slug":"whos-who-legal-ha-incluido-a-melanie-riofrio-piche-en-la-categoria-most-highly-regarded-non-partners-emea","status":"publish","type":"post","link":"https:\/\/ciiam.org\/en\/whos-who-legal-ha-incluido-a-melanie-riofrio-piche-en-la-categoria-most-highly-regarded-non-partners-emea\/","title":{"rendered":"&#8220;Who&#8217;s Who Legal ha incluido a M\u00e9lanie Riofrio Pich\u00e9 en la categor\u00eda most highly regarded non-partners EMEA&#8221;"},"content":{"rendered":"<p>\ud83c\udfc6 <a href=\"https:\/\/www.linkedin.com\/company\/who%27s-who-legal?trk=public_post_share-update_update-text\" rel=\"nofollow\" data-tracking-control-name=\"public_post_share-update_update-text\" data-tracking-will-navigate=\"\">Who&#8217;s Who Legal<\/a> ha incluido a <a href=\"https:\/\/es.linkedin.com\/in\/melanieriofriopiche?trk=public_post_share-update_update-text\" rel=\"nofollow\" data-tracking-control-name=\"public_post_share-update_update-text\" data-tracking-will-navigate=\"\">M\u00e9lanie Riofrio Pich\u00e9<\/a>, secretaria general de <a href=\"https:\/\/www.linkedin.com\/company\/ciam-centro-internacional-arbitraje-madrid?trk=public_post_share-update_update-text\" rel=\"nofollow\" data-tracking-control-name=\"public_post_share-update_update-text\" data-tracking-will-navigate=\"\">CIAM (Centro Internacional de Arbitraje de Madrid) <\/a>, en la categor\u00eda most highly regarded non-partners EMEA. \u00a0 Este a\u00f1o se han querido destacar 410 partners y 321 non-partners por su gran contribuci\u00f3n en el arbitraje y asesoramiento en procedimientos internacionales.<\/p>\n<p>\ud83d\udc4f Desde CIAM queremos felicitar a nuestra secretaria general por este nombramiento y por su labor en la promoci\u00f3n del <a href=\"https:\/\/www.linkedin.com\/signup\/cold-join?session_redirect=https%3A%2F%2Fwww%2Elinkedin%2Ecom%2Ffeed%2Fhashtag%2Farbitrajeinternacional&amp;trk=public_post_share-update_update-text\" rel=\"nofollow\" data-tracking-control-name=\"public_post_share-update_update-text\" data-tracking-will-navigate=\"\">#ArbitrajeInternacional<\/a>, adem\u00e1s de a los otros integrantes en la lista: <a href=\"https:\/\/fr.linkedin.com\/in\/athina-fouchard-papaefstratiou-ba492333?trk=public_post_share-update_update-text\" rel=\"nofollow\" data-tracking-control-name=\"public_post_share-update_update-text\" data-tracking-will-navigate=\"\">Athina Fouchard Papaefstratiou<\/a>, <a href=\"https:\/\/uk.linkedin.com\/in\/camillagambarini?trk=public_post_share-update_update-text\" rel=\"nofollow\" data-tracking-control-name=\"public_post_share-update_update-text\" data-tracking-will-navigate=\"\">Camilla Gambarini<\/a>, <a href=\"https:\/\/ch.linkedin.com\/in\/benjamin-gottlieb-63a6b0?trk=public_post_share-update_update-text\" rel=\"nofollow\" data-tracking-control-name=\"public_post_share-update_update-text\" data-tracking-will-navigate=\"\">Benjamin Gottlieb<\/a>, <a href=\"https:\/\/fr.linkedin.com\/in\/thomas-granier-44950b8?trk=public_post_share-update_update-text\" rel=\"nofollow\" data-tracking-control-name=\"public_post_share-update_update-text\" data-tracking-will-navigate=\"\">Thomas Granier<\/a>, <a href=\"https:\/\/fr.linkedin.com\/in\/maria-hauser-morel-957876146?trk=public_post_share-update_update-text\" rel=\"nofollow\" data-tracking-control-name=\"public_post_share-update_update-text\" data-tracking-will-navigate=\"\">Maria Hauser-Morel<\/a>, <a href=\"https:\/\/uk.linkedin.com\/in\/michaelkotrly?trk=public_post_share-update_update-text\" rel=\"nofollow\" data-tracking-control-name=\"public_post_share-update_update-text\" data-tracking-will-navigate=\"\">Michael Kotrly<\/a>, <a href=\"https:\/\/ch.linkedin.com\/in\/svenlange?trk=public_post_share-update_update-text\" rel=\"nofollow\" data-tracking-control-name=\"public_post_share-update_update-text\" data-tracking-will-navigate=\"\">Sven Lange<\/a>; <a href=\"https:\/\/uk.linkedin.com\/in\/jonathan-lim-9949a94a?trk=public_post_share-update_update-text\" rel=\"nofollow\" data-tracking-control-name=\"public_post_share-update_update-text\" data-tracking-will-navigate=\"\">Jonathan Lim<\/a>, <a href=\"https:\/\/ch.linkedin.com\/in\/annabelle-m%C3%B6ckesch-8b293614?trk=public_post_share-update_update-text\" rel=\"nofollow\" data-tracking-control-name=\"public_post_share-update_update-text\" data-tracking-will-navigate=\"\">Annabelle M\u00f6ckesch<\/a>, <a href=\"https:\/\/ch.linkedin.com\/in\/sebastiano-nessi-fciarb-173656a?trk=public_post_share-update_update-text\" rel=\"nofollow\" data-tracking-control-name=\"public_post_share-update_update-text\" data-tracking-will-navigate=\"\">Sebastiano Nessi FCIArb<\/a>, Ana Serra e Moura y <a href=\"https:\/\/ch.linkedin.com\/in\/nhu-hoang-tran-thang-2663224?trk=public_post_share-update_update-text\" rel=\"nofollow\" data-tracking-control-name=\"public_post_share-update_update-text\" data-tracking-will-navigate=\"\">Nhu-Hoang Tran Thang.<\/a><\/p>\n","protected":false},"excerpt":{"rendered":"<p>\ud83c\udfc6 Who&#8217;s Who Legal ha incluido a M\u00e9lanie Riofrio Pich\u00e9, secretaria general de CIAM (Centro Internacional de Arbitraje de Madrid) , en la categor\u00eda most highly regarded non-partners EMEA. \u00a0 Este a\u00f1o se han querido destacar 410 partners y 321 non-partners por su gran contribuci\u00f3n en el arbitraje y asesoramiento en procedimientos internacionales. \ud83d\udc4f Desde [&hellip;]<\/p>\n","protected":false},"author":11,"featured_media":12513,"comment_status":"closed","ping_status":"open","sticky":false,"template":"","format":"standard","meta":{"footnotes":""},"categories":[17],"tags":[118,22,83,274],"class_list":["post-12511","post","type-post","status-publish","format-standard","has-post-thumbnail","hentry","category-actualidad","tag-arbitraje-internacional","tag-ciam","tag-madrid","tag-rankings"],"yoast_head":"<!-- This site is optimized with the Yoast SEO plugin v27.3 - https:\/\/yoast.com\/product\/yoast-seo-wordpress\/ -->\n<title>&quot;Who&#039;s Who Legal ha incluido a M\u00e9lanie Riofrio Pich\u00e9 en la categor\u00eda most highly regarded non-partners EMEA&quot; - CIIAM<\/title>\n<meta name=\"description\" content=\"&quot; Who&#039;s Who Legal ha incluido a M\u00e9lanie Riofrio Pich\u00e9 en la categor\u00eda most highly regarded non-partners EMEA&quot;\" \/>\n<meta name=\"robots\" content=\"index, follow, max-snippet:-1, max-image-preview:large, max-video-preview:-1\" \/>\n<link rel=\"canonical\" href=\"https:\/\/ciiam.org\/en\/whos-who-legal-ha-incluido-a-melanie-riofrio-piche-en-la-categoria-most-highly-regarded-non-partners-emea\/\" \/>\n<meta property=\"og:locale\" content=\"en_US\" \/>\n<meta property=\"og:type\" content=\"article\" \/>\n<meta property=\"og:title\" content=\"&quot;Who&#039;s Who Legal ha incluido a M\u00e9lanie Riofrio Pich\u00e9 en la categor\u00eda most highly regarded non-partners EMEA&quot; - CIIAM\" \/>\n<meta property=\"og:description\" content=\"&quot; Who&#039;s Who Legal ha incluido a M\u00e9lanie Riofrio Pich\u00e9 en la categor\u00eda most highly regarded non-partners EMEA&quot;\" \/>\n<meta property=\"og:url\" content=\"https:\/\/ciiam.org\/en\/whos-who-legal-ha-incluido-a-melanie-riofrio-piche-en-la-categoria-most-highly-regarded-non-partners-emea\/\" \/>\n<meta property=\"og:site_name\" content=\"CIIAM\" \/>\n<meta property=\"article:published_time\" content=\"2022-02-01T15:38:32+00:00\" \/>\n<meta property=\"article:modified_time\" content=\"2022-03-14T10:18:40+00:00\" \/>\n<meta property=\"og:image\" content=\"https:\/\/ciiam.org\/wp-content\/uploads\/2022\/02\/Capture-decran-2022-02-28-a-16.41.44.png\" \/>\n\t<meta property=\"og:image:width\" content=\"620\" \/>\n\t<meta property=\"og:image:height\" content=\"406\" \/>\n\t<meta property=\"og:image:type\" content=\"image\/png\" \/>\n<meta name=\"author\" content=\"InT14\" \/>\n<meta name=\"twitter:card\" content=\"summary_large_image\" \/>\n<meta name=\"twitter:label1\" content=\"Written by\" \/>\n\t<meta name=\"twitter:data1\" content=\"InT14\" \/>\n\t<meta name=\"twitter:label2\" content=\"Est. reading time\" \/>\n\t<meta name=\"twitter:data2\" content=\"1 minute\" \/>\n<script type=\"application\/ld+json\" class=\"yoast-schema-graph\">{\"@context\":\"https:\\\/\\\/schema.org\",\"@graph\":[{\"@type\":\"Article\",\"@id\":\"https:\\\/\\\/ciiam.org\\\/en\\\/whos-who-legal-ha-incluido-a-melanie-riofrio-piche-en-la-categoria-most-highly-regarded-non-partners-emea\\\/#article\",\"isPartOf\":{\"@id\":\"https:\\\/\\\/ciiam.org\\\/en\\\/whos-who-legal-ha-incluido-a-melanie-riofrio-piche-en-la-categoria-most-highly-regarded-non-partners-emea\\\/\"},\"author\":{\"name\":\"InT14\",\"@id\":\"https:\\\/\\\/ciiam.org\\\/en\\\/#\\\/schema\\\/person\\\/14817b46751305a4fa5962cf899af84b\"},\"headline\":\"&#8220;Who&#8217;s Who Legal ha incluido a M\u00e9lanie Riofrio Pich\u00e9 en la categor\u00eda most highly regarded non-partners EMEA&#8221;\",\"datePublished\":\"2022-02-01T15:38:32+00:00\",\"dateModified\":\"2022-03-14T10:18:40+00:00\",\"mainEntityOfPage\":{\"@id\":\"https:\\\/\\\/ciiam.org\\\/en\\\/whos-who-legal-ha-incluido-a-melanie-riofrio-piche-en-la-categoria-most-highly-regarded-non-partners-emea\\\/\"},\"wordCount\":135,\"publisher\":{\"@id\":\"https:\\\/\\\/ciiam.org\\\/en\\\/#organization\"},\"image\":{\"@id\":\"https:\\\/\\\/ciiam.org\\\/en\\\/whos-who-legal-ha-incluido-a-melanie-riofrio-piche-en-la-categoria-most-highly-regarded-non-partners-emea\\\/#primaryimage\"},\"thumbnailUrl\":\"https:\\\/\\\/ciiam.org\\\/wp-content\\\/uploads\\\/2022\\\/02\\\/Capture-decran-2022-02-28-a-16.41.44.png\",\"keywords\":[\"ARBITRAJE INTERNACIONAL\",\"Ciam\",\"MADRID\",\"rankings\"],\"articleSection\":[\"Actualidad\"],\"inLanguage\":\"en-US\"},{\"@type\":\"WebPage\",\"@id\":\"https:\\\/\\\/ciiam.org\\\/en\\\/whos-who-legal-ha-incluido-a-melanie-riofrio-piche-en-la-categoria-most-highly-regarded-non-partners-emea\\\/\",\"url\":\"https:\\\/\\\/ciiam.org\\\/en\\\/whos-who-legal-ha-incluido-a-melanie-riofrio-piche-en-la-categoria-most-highly-regarded-non-partners-emea\\\/\",\"name\":\"\\\"Who's Who Legal ha incluido a M\u00e9lanie Riofrio Pich\u00e9 en la categor\u00eda most highly regarded non-partners EMEA\\\" - CIIAM\",\"isPartOf\":{\"@id\":\"https:\\\/\\\/ciiam.org\\\/en\\\/#website\"},\"primaryImageOfPage\":{\"@id\":\"https:\\\/\\\/ciiam.org\\\/en\\\/whos-who-legal-ha-incluido-a-melanie-riofrio-piche-en-la-categoria-most-highly-regarded-non-partners-emea\\\/#primaryimage\"},\"image\":{\"@id\":\"https:\\\/\\\/ciiam.org\\\/en\\\/whos-who-legal-ha-incluido-a-melanie-riofrio-piche-en-la-categoria-most-highly-regarded-non-partners-emea\\\/#primaryimage\"},\"thumbnailUrl\":\"https:\\\/\\\/ciiam.org\\\/wp-content\\\/uploads\\\/2022\\\/02\\\/Capture-decran-2022-02-28-a-16.41.44.png\",\"datePublished\":\"2022-02-01T15:38:32+00:00\",\"dateModified\":\"2022-03-14T10:18:40+00:00\",\"description\":\"\\\" Who's Who Legal ha incluido a M\u00e9lanie Riofrio Pich\u00e9 en la categor\u00eda most highly regarded non-partners EMEA\\\"\",\"breadcrumb\":{\"@id\":\"https:\\\/\\\/ciiam.org\\\/en\\\/whos-who-legal-ha-incluido-a-melanie-riofrio-piche-en-la-categoria-most-highly-regarded-non-partners-emea\\\/#breadcrumb\"},\"inLanguage\":\"en-US\",\"potentialAction\":[{\"@type\":\"ReadAction\",\"target\":[\"https:\\\/\\\/ciiam.org\\\/en\\\/whos-who-legal-ha-incluido-a-melanie-riofrio-piche-en-la-categoria-most-highly-regarded-non-partners-emea\\\/\"]}]},{\"@type\":\"ImageObject\",\"inLanguage\":\"en-US\",\"@id\":\"https:\\\/\\\/ciiam.org\\\/en\\\/whos-who-legal-ha-incluido-a-melanie-riofrio-piche-en-la-categoria-most-highly-regarded-non-partners-emea\\\/#primaryimage\",\"url\":\"https:\\\/\\\/ciiam.org\\\/wp-content\\\/uploads\\\/2022\\\/02\\\/Capture-decran-2022-02-28-a-16.41.44.png\",\"contentUrl\":\"https:\\\/\\\/ciiam.org\\\/wp-content\\\/uploads\\\/2022\\\/02\\\/Capture-decran-2022-02-28-a-16.41.44.png\",\"width\":620,\"height\":406},{\"@type\":\"BreadcrumbList\",\"@id\":\"https:\\\/\\\/ciiam.org\\\/en\\\/whos-who-legal-ha-incluido-a-melanie-riofrio-piche-en-la-categoria-most-highly-regarded-non-partners-emea\\\/#breadcrumb\",\"itemListElement\":[{\"@type\":\"ListItem\",\"position\":1,\"name\":\"CIAM\",\"item\":\"https:\\\/\\\/ciiam.org\\\/en\\\/\"},{\"@type\":\"ListItem\",\"position\":2,\"name\":\"\u00abWho&#8217;s Who Legal ha incluido a M\u00e9lanie Riofrio Pich\u00e9 en la categor\u00eda most highly regarded non-partners EMEA\u00bb\"}]},{\"@type\":\"WebSite\",\"@id\":\"https:\\\/\\\/ciiam.org\\\/en\\\/#website\",\"url\":\"https:\\\/\\\/ciiam.org\\\/en\\\/\",\"name\":\"CIIAM\",\"description\":\"Centro Internacional e Iberoamericano de Arbitraje de Madrid\",\"publisher\":{\"@id\":\"https:\\\/\\\/ciiam.org\\\/en\\\/#organization\"},\"potentialAction\":[{\"@type\":\"SearchAction\",\"target\":{\"@type\":\"EntryPoint\",\"urlTemplate\":\"https:\\\/\\\/ciiam.org\\\/en\\\/?s={search_term_string}\"},\"query-input\":{\"@type\":\"PropertyValueSpecification\",\"valueRequired\":true,\"valueName\":\"search_term_string\"}}],\"inLanguage\":\"en-US\"},{\"@type\":\"Organization\",\"@id\":\"https:\\\/\\\/ciiam.org\\\/en\\\/#organization\",\"name\":\"Centro Internacional e Iberoamericano de Arbitraje de Madrid\",\"alternateName\":\"CIIAM\",\"url\":\"https:\\\/\\\/ciiam.org\\\/en\\\/\",\"logo\":{\"@type\":\"ImageObject\",\"inLanguage\":\"en-US\",\"@id\":\"https:\\\/\\\/ciiam.org\\\/en\\\/#\\\/schema\\\/logo\\\/image\\\/\",\"url\":\"https:\\\/\\\/ciiam.org\\\/wp-content\\\/uploads\\\/2026\\\/01\\\/favicon.png\",\"contentUrl\":\"https:\\\/\\\/ciiam.org\\\/wp-content\\\/uploads\\\/2026\\\/01\\\/favicon.png\",\"width\":500,\"height\":500,\"caption\":\"Centro Internacional e Iberoamericano de Arbitraje de Madrid\"},\"image\":{\"@id\":\"https:\\\/\\\/ciiam.org\\\/en\\\/#\\\/schema\\\/logo\\\/image\\\/\"},\"sameAs\":[\"https:\\\/\\\/www.linkedin.com\\\/company\\\/ciam-centro-internacional-arbitraje-madrid?trk=d_public_post_image\",\"https:\\\/\\\/www.youtube.com\\\/channel\\\/UCU2OI7SAQFv5uXAZ4qO4ALg\"]},{\"@type\":\"Person\",\"@id\":\"https:\\\/\\\/ciiam.org\\\/en\\\/#\\\/schema\\\/person\\\/14817b46751305a4fa5962cf899af84b\",\"name\":\"InT14\",\"image\":{\"@type\":\"ImageObject\",\"inLanguage\":\"en-US\",\"@id\":\"https:\\\/\\\/secure.gravatar.com\\\/avatar\\\/a93675488aa469cbd1df43a10f7f83486d14b99e406b3c041ce80bfb1abe23bb?s=96&d=mm&r=g\",\"url\":\"https:\\\/\\\/secure.gravatar.com\\\/avatar\\\/a93675488aa469cbd1df43a10f7f83486d14b99e406b3c041ce80bfb1abe23bb?s=96&d=mm&r=g\",\"contentUrl\":\"https:\\\/\\\/secure.gravatar.com\\\/avatar\\\/a93675488aa469cbd1df43a10f7f83486d14b99e406b3c041ce80bfb1abe23bb?s=96&d=mm&r=g\",\"caption\":\"InT14\"},\"url\":\"https:\\\/\\\/ciiam.org\\\/en\\\/author\\\/14inter-cmma\\\/\"}]}<\/script>\n<!-- \/ Yoast SEO plugin. -->","yoast_head_json":{"title":"\"Who's Who Legal ha incluido a M\u00e9lanie Riofrio Pich\u00e9 en la categor\u00eda most highly regarded non-partners EMEA\" - CIIAM","description":"\" Who's Who Legal ha incluido a M\u00e9lanie Riofrio Pich\u00e9 en la categor\u00eda most highly regarded non-partners EMEA\"","robots":{"index":"index","follow":"follow","max-snippet":"max-snippet:-1","max-image-preview":"max-image-preview:large","max-video-preview":"max-video-preview:-1"},"canonical":"https:\/\/ciiam.org\/en\/whos-who-legal-ha-incluido-a-melanie-riofrio-piche-en-la-categoria-most-highly-regarded-non-partners-emea\/","og_locale":"en_US","og_type":"article","og_title":"\"Who's Who Legal ha incluido a M\u00e9lanie Riofrio Pich\u00e9 en la categor\u00eda most highly regarded non-partners EMEA\" - CIIAM","og_description":"\" Who's Who Legal ha incluido a M\u00e9lanie Riofrio Pich\u00e9 en la categor\u00eda most highly regarded non-partners EMEA\"","og_url":"https:\/\/ciiam.org\/en\/whos-who-legal-ha-incluido-a-melanie-riofrio-piche-en-la-categoria-most-highly-regarded-non-partners-emea\/","og_site_name":"CIIAM","article_published_time":"2022-02-01T15:38:32+00:00","article_modified_time":"2022-03-14T10:18:40+00:00","og_image":[{"width":620,"height":406,"url":"https:\/\/ciiam.org\/wp-content\/uploads\/2022\/02\/Capture-decran-2022-02-28-a-16.41.44.png","type":"image\/png"}],"author":"InT14","twitter_card":"summary_large_image","twitter_misc":{"Written by":"InT14","Est. reading time":"1 minute"},"schema":{"@context":"https:\/\/schema.org","@graph":[{"@type":"Article","@id":"https:\/\/ciiam.org\/en\/whos-who-legal-ha-incluido-a-melanie-riofrio-piche-en-la-categoria-most-highly-regarded-non-partners-emea\/#article","isPartOf":{"@id":"https:\/\/ciiam.org\/en\/whos-who-legal-ha-incluido-a-melanie-riofrio-piche-en-la-categoria-most-highly-regarded-non-partners-emea\/"},"author":{"name":"InT14","@id":"https:\/\/ciiam.org\/en\/#\/schema\/person\/14817b46751305a4fa5962cf899af84b"},"headline":"&#8220;Who&#8217;s Who Legal ha incluido a M\u00e9lanie Riofrio Pich\u00e9 en la categor\u00eda most highly regarded non-partners EMEA&#8221;","datePublished":"2022-02-01T15:38:32+00:00","dateModified":"2022-03-14T10:18:40+00:00","mainEntityOfPage":{"@id":"https:\/\/ciiam.org\/en\/whos-who-legal-ha-incluido-a-melanie-riofrio-piche-en-la-categoria-most-highly-regarded-non-partners-emea\/"},"wordCount":135,"publisher":{"@id":"https:\/\/ciiam.org\/en\/#organization"},"image":{"@id":"https:\/\/ciiam.org\/en\/whos-who-legal-ha-incluido-a-melanie-riofrio-piche-en-la-categoria-most-highly-regarded-non-partners-emea\/#primaryimage"},"thumbnailUrl":"https:\/\/ciiam.org\/wp-content\/uploads\/2022\/02\/Capture-decran-2022-02-28-a-16.41.44.png","keywords":["ARBITRAJE INTERNACIONAL","Ciam","MADRID","rankings"],"articleSection":["Actualidad"],"inLanguage":"en-US"},{"@type":"WebPage","@id":"https:\/\/ciiam.org\/en\/whos-who-legal-ha-incluido-a-melanie-riofrio-piche-en-la-categoria-most-highly-regarded-non-partners-emea\/","url":"https:\/\/ciiam.org\/en\/whos-who-legal-ha-incluido-a-melanie-riofrio-piche-en-la-categoria-most-highly-regarded-non-partners-emea\/","name":"\"Who's Who Legal ha incluido a M\u00e9lanie Riofrio Pich\u00e9 en la categor\u00eda most highly regarded non-partners EMEA\" - CIIAM","isPartOf":{"@id":"https:\/\/ciiam.org\/en\/#website"},"primaryImageOfPage":{"@id":"https:\/\/ciiam.org\/en\/whos-who-legal-ha-incluido-a-melanie-riofrio-piche-en-la-categoria-most-highly-regarded-non-partners-emea\/#primaryimage"},"image":{"@id":"https:\/\/ciiam.org\/en\/whos-who-legal-ha-incluido-a-melanie-riofrio-piche-en-la-categoria-most-highly-regarded-non-partners-emea\/#primaryimage"},"thumbnailUrl":"https:\/\/ciiam.org\/wp-content\/uploads\/2022\/02\/Capture-decran-2022-02-28-a-16.41.44.png","datePublished":"2022-02-01T15:38:32+00:00","dateModified":"2022-03-14T10:18:40+00:00","description":"\" Who's Who Legal ha incluido a M\u00e9lanie Riofrio Pich\u00e9 en la categor\u00eda most highly regarded non-partners EMEA\"","breadcrumb":{"@id":"https:\/\/ciiam.org\/en\/whos-who-legal-ha-incluido-a-melanie-riofrio-piche-en-la-categoria-most-highly-regarded-non-partners-emea\/#breadcrumb"},"inLanguage":"en-US","potentialAction":[{"@type":"ReadAction","target":["https:\/\/ciiam.org\/en\/whos-who-legal-ha-incluido-a-melanie-riofrio-piche-en-la-categoria-most-highly-regarded-non-partners-emea\/"]}]},{"@type":"ImageObject","inLanguage":"en-US","@id":"https:\/\/ciiam.org\/en\/whos-who-legal-ha-incluido-a-melanie-riofrio-piche-en-la-categoria-most-highly-regarded-non-partners-emea\/#primaryimage","url":"https:\/\/ciiam.org\/wp-content\/uploads\/2022\/02\/Capture-decran-2022-02-28-a-16.41.44.png","contentUrl":"https:\/\/ciiam.org\/wp-content\/uploads\/2022\/02\/Capture-decran-2022-02-28-a-16.41.44.png","width":620,"height":406},{"@type":"BreadcrumbList","@id":"https:\/\/ciiam.org\/en\/whos-who-legal-ha-incluido-a-melanie-riofrio-piche-en-la-categoria-most-highly-regarded-non-partners-emea\/#breadcrumb","itemListElement":[{"@type":"ListItem","position":1,"name":"CIAM","item":"https:\/\/ciiam.org\/en\/"},{"@type":"ListItem","position":2,"name":"\u00abWho&#8217;s Who Legal ha incluido a M\u00e9lanie Riofrio Pich\u00e9 en la categor\u00eda most highly regarded non-partners EMEA\u00bb"}]},{"@type":"WebSite","@id":"https:\/\/ciiam.org\/en\/#website","url":"https:\/\/ciiam.org\/en\/","name":"CIIAM","description":"Centro Internacional e Iberoamericano de Arbitraje de Madrid","publisher":{"@id":"https:\/\/ciiam.org\/en\/#organization"},"potentialAction":[{"@type":"SearchAction","target":{"@type":"EntryPoint","urlTemplate":"https:\/\/ciiam.org\/en\/?s={search_term_string}"},"query-input":{"@type":"PropertyValueSpecification","valueRequired":true,"valueName":"search_term_string"}}],"inLanguage":"en-US"},{"@type":"Organization","@id":"https:\/\/ciiam.org\/en\/#organization","name":"Centro Internacional e Iberoamericano de Arbitraje de Madrid","alternateName":"CIIAM","url":"https:\/\/ciiam.org\/en\/","logo":{"@type":"ImageObject","inLanguage":"en-US","@id":"https:\/\/ciiam.org\/en\/#\/schema\/logo\/image\/","url":"https:\/\/ciiam.org\/wp-content\/uploads\/2026\/01\/favicon.png","contentUrl":"https:\/\/ciiam.org\/wp-content\/uploads\/2026\/01\/favicon.png","width":500,"height":500,"caption":"Centro Internacional e Iberoamericano de Arbitraje de Madrid"},"image":{"@id":"https:\/\/ciiam.org\/en\/#\/schema\/logo\/image\/"},"sameAs":["https:\/\/www.linkedin.com\/company\/ciam-centro-internacional-arbitraje-madrid?trk=d_public_post_image","https:\/\/www.youtube.com\/channel\/UCU2OI7SAQFv5uXAZ4qO4ALg"]},{"@type":"Person","@id":"https:\/\/ciiam.org\/en\/#\/schema\/person\/14817b46751305a4fa5962cf899af84b","name":"InT14","image":{"@type":"ImageObject","inLanguage":"en-US","@id":"https:\/\/secure.gravatar.com\/avatar\/a93675488aa469cbd1df43a10f7f83486d14b99e406b3c041ce80bfb1abe23bb?s=96&d=mm&r=g","url":"https:\/\/secure.gravatar.com\/avatar\/a93675488aa469cbd1df43a10f7f83486d14b99e406b3c041ce80bfb1abe23bb?s=96&d=mm&r=g","contentUrl":"https:\/\/secure.gravatar.com\/avatar\/a93675488aa469cbd1df43a10f7f83486d14b99e406b3c041ce80bfb1abe23bb?s=96&d=mm&r=g","caption":"InT14"},"url":"https:\/\/ciiam.org\/en\/author\/14inter-cmma\/"}]}},"_links":{"self":[{"href":"https:\/\/ciiam.org\/en\/wp-json\/wp\/v2\/posts\/12511","targetHints":{"allow":["GET"]}}],"collection":[{"href":"https:\/\/ciiam.org\/en\/wp-json\/wp\/v2\/posts"}],"about":[{"href":"https:\/\/ciiam.org\/en\/wp-json\/wp\/v2\/types\/post"}],"author":[{"embeddable":true,"href":"https:\/\/ciiam.org\/en\/wp-json\/wp\/v2\/users\/11"}],"replies":[{"embeddable":true,"href":"https:\/\/ciiam.org\/en\/wp-json\/wp\/v2\/comments?post=12511"}],"version-history":[{"count":0,"href":"https:\/\/ciiam.org\/en\/wp-json\/wp\/v2\/posts\/12511\/revisions"}],"wp:featuredmedia":[{"embeddable":true,"href":"https:\/\/ciiam.org\/en\/wp-json\/wp\/v2\/media\/12513"}],"wp:attachment":[{"href":"https:\/\/ciiam.org\/en\/wp-json\/wp\/v2\/media?parent=12511"}],"wp:term":[{"taxonomy":"category","embeddable":true,"href":"https:\/\/ciiam.org\/en\/wp-json\/wp\/v2\/categories?post=12511"},{"taxonomy":"post_tag","embeddable":true,"href":"https:\/\/ciiam.org\/en\/wp-json\/wp\/v2\/tags?post=12511"}],"curies":[{"name":"wp","href":"https:\/\/api.w.org\/{rel}","templated":true}]}}