{"id":12886,"date":"2022-04-08T13:03:10","date_gmt":"2022-04-08T13:03:10","guid":{"rendered":"https:\/\/ciiam.org\/?p=12886"},"modified":"2022-04-08T13:03:10","modified_gmt":"2022-04-08T13:03:10","slug":"un-proyecto-de-estado-para-espana-como-centro-de-resolucion-de-disputas-internacionales","status":"publish","type":"post","link":"https:\/\/ciiam.org\/en\/un-proyecto-de-estado-para-espana-como-centro-de-resolucion-de-disputas-internacionales\/","title":{"rendered":"&#8220;Un proyecto de estado para Espa\u00f1a como centro de resoluci\u00f3n de disputas internacionales&#8221;"},"content":{"rendered":"<p>\ud83d\udcf0\u00a0<a tabindex=\"-1\" href=\"https:\/\/www.linkedin.com\/in\/ACoAADCZSlIBegV6FuVIATyBwPh3d_hK2hv2p-Q\" data-attribute-index=\"0\" data-entity-hovercard-id=\"urn:li:fs_miniProfile:ACoAADCZSlIBegV6FuVIATyBwPh3d_hK2hv2p-Q\" data-entity-type=\"MINI_PROFILE\" aria-expanded=\"false\" aria-controls=\"undefined\">Jos\u00e9 Antonio Ca\u00ednzos Fern\u00e1ndez<\/a>, presidente de\u00a0<a href=\"https:\/\/www.linkedin.com\/company\/ciam-centro-internacional-arbitraje-madrid\/\" data-attribute-index=\"2\" data-entity-hovercard-id=\"urn:li:fs_miniCompany:37226932\" data-entity-type=\"MINI_COMPANY\">CIAM (Centro Internacional de Arbitraje de Madrid)\u00a0<\/a>, publica en\u00a0<a href=\"https:\/\/www.linkedin.com\/company\/expansioncom\/\" data-attribute-index=\"4\" data-entity-hovercard-id=\"urn:li:fs_miniCompany:1076318\" data-entity-type=\"MINI_COMPANY\">Expansi\u00f3n<\/a>\u00a0una tribuna sobre Espa\u00f1a como centro de resoluci\u00f3n de disputas internacionales.<\/p>\n<p>\u201cEspa\u00f1a es desde hace unos a\u00f1os uno de los centros del mundo arbitral m\u00e1s reconocidos, un campo que genera enorme prestigio para un pa\u00eds, que atrae talento de todos los continentes y que produce riqueza, adem\u00e1s de contribuir a una tarea tan importante y digna como es la soluci\u00f3n pac\u00edfica de los conflictos\u201d, asegura Ca\u00ednzos.<\/p>\n<p>\u27a1\ufe0f <a href=\"https:\/\/www.expansion.com\/juridico\/opinion\/2022\/04\/08\/6250078ce5fdeadb028b4975.html\">La tribuna completa<\/a><\/p>\n","protected":false},"excerpt":{"rendered":"<p>\ud83d\udcf0\u00a0Jos\u00e9 Antonio Ca\u00ednzos Fern\u00e1ndez, presidente de\u00a0CIAM (Centro Internacional de Arbitraje de Madrid)\u00a0, publica en\u00a0Expansi\u00f3n\u00a0una tribuna sobre Espa\u00f1a como centro de resoluci\u00f3n de disputas internacionales. \u201cEspa\u00f1a es desde hace unos a\u00f1os uno de los centros del mundo arbitral m\u00e1s reconocidos, un campo que genera enorme prestigio para un pa\u00eds, que atrae talento de todos los continentes [&hellip;]<\/p>\n","protected":false},"author":11,"featured_media":12887,"comment_status":"closed","ping_status":"open","sticky":false,"template":"","format":"standard","meta":{"footnotes":""},"categories":[17],"tags":[23,246,22,296,154,298,116,297],"class_list":["post-12886","post","type-post","status-publish","format-standard","has-post-thumbnail","hentry","category-actualidad","tag-arbitraje","tag-arbitraje-comercial","tag-ciam","tag-disputas","tag-espana","tag-estado","tag-internacional","tag-proyecto"],"yoast_head":"<!-- This site is optimized with the Yoast SEO plugin v27.3 - https:\/\/yoast.com\/product\/yoast-seo-wordpress\/ -->\n<title>&quot;Un proyecto de estado para Espa\u00f1a como centro de resoluci\u00f3n de disputas internacionales&quot; - CIIAM<\/title>\n<meta name=\"description\" content=\"&quot;Un proyecto de estado para Espa\u00f1a como centro de resoluci\u00f3n de disputas internacionales&quot;\" \/>\n<meta name=\"robots\" content=\"index, follow, max-snippet:-1, max-image-preview:large, max-video-preview:-1\" \/>\n<link rel=\"canonical\" href=\"https:\/\/ciiam.org\/en\/un-proyecto-de-estado-para-espana-como-centro-de-resolucion-de-disputas-internacionales\/\" \/>\n<meta property=\"og:locale\" content=\"en_US\" \/>\n<meta property=\"og:type\" content=\"article\" \/>\n<meta property=\"og:title\" content=\"&quot;Un proyecto de estado para Espa\u00f1a como centro de resoluci\u00f3n de disputas internacionales&quot; - CIIAM\" \/>\n<meta property=\"og:description\" content=\"&quot;Un proyecto de estado para Espa\u00f1a como centro de resoluci\u00f3n de disputas internacionales&quot;\" \/>\n<meta property=\"og:url\" content=\"https:\/\/ciiam.org\/en\/un-proyecto-de-estado-para-espana-como-centro-de-resolucion-de-disputas-internacionales\/\" \/>\n<meta property=\"og:site_name\" content=\"CIIAM\" \/>\n<meta property=\"article:published_time\" content=\"2022-04-08T13:03:10+00:00\" \/>\n<meta property=\"og:image\" content=\"https:\/\/ciiam.org\/wp-content\/uploads\/2022\/04\/1649412123798.jpg\" \/>\n\t<meta property=\"og:image:width\" content=\"800\" \/>\n\t<meta property=\"og:image:height\" content=\"533\" \/>\n\t<meta property=\"og:image:type\" content=\"image\/jpeg\" \/>\n<meta name=\"author\" content=\"InT14\" \/>\n<meta name=\"twitter:card\" content=\"summary_large_image\" \/>\n<meta name=\"twitter:label1\" content=\"Written by\" \/>\n\t<meta name=\"twitter:data1\" content=\"InT14\" \/>\n<script type=\"application\/ld+json\" class=\"yoast-schema-graph\">{\"@context\":\"https:\\\/\\\/schema.org\",\"@graph\":[{\"@type\":\"Article\",\"@id\":\"https:\\\/\\\/ciiam.org\\\/en\\\/un-proyecto-de-estado-para-espana-como-centro-de-resolucion-de-disputas-internacionales\\\/#article\",\"isPartOf\":{\"@id\":\"https:\\\/\\\/ciiam.org\\\/en\\\/un-proyecto-de-estado-para-espana-como-centro-de-resolucion-de-disputas-internacionales\\\/\"},\"author\":{\"name\":\"InT14\",\"@id\":\"https:\\\/\\\/ciiam.org\\\/en\\\/#\\\/schema\\\/person\\\/14817b46751305a4fa5962cf899af84b\"},\"headline\":\"&#8220;Un proyecto de estado para Espa\u00f1a como centro de resoluci\u00f3n de disputas internacionales&#8221;\",\"datePublished\":\"2022-04-08T13:03:10+00:00\",\"mainEntityOfPage\":{\"@id\":\"https:\\\/\\\/ciiam.org\\\/en\\\/un-proyecto-de-estado-para-espana-como-centro-de-resolucion-de-disputas-internacionales\\\/\"},\"wordCount\":113,\"publisher\":{\"@id\":\"https:\\\/\\\/ciiam.org\\\/en\\\/#organization\"},\"image\":{\"@id\":\"https:\\\/\\\/ciiam.org\\\/en\\\/un-proyecto-de-estado-para-espana-como-centro-de-resolucion-de-disputas-internacionales\\\/#primaryimage\"},\"thumbnailUrl\":\"https:\\\/\\\/ciiam.org\\\/wp-content\\\/uploads\\\/2022\\\/04\\\/1649412123798.jpg\",\"keywords\":[\"Arbitraje\",\"ARBITRAJE COMERCIAL\",\"Ciam\",\"disputas\",\"ESPA\u00d1A\",\"estado\",\"INTERNACIONAL\",\"Proyecto\"],\"articleSection\":[\"Actualidad\"],\"inLanguage\":\"en-US\"},{\"@type\":\"WebPage\",\"@id\":\"https:\\\/\\\/ciiam.org\\\/en\\\/un-proyecto-de-estado-para-espana-como-centro-de-resolucion-de-disputas-internacionales\\\/\",\"url\":\"https:\\\/\\\/ciiam.org\\\/en\\\/un-proyecto-de-estado-para-espana-como-centro-de-resolucion-de-disputas-internacionales\\\/\",\"name\":\"\\\"Un proyecto de estado para Espa\u00f1a como centro de resoluci\u00f3n de disputas internacionales\\\" - CIIAM\",\"isPartOf\":{\"@id\":\"https:\\\/\\\/ciiam.org\\\/en\\\/#website\"},\"primaryImageOfPage\":{\"@id\":\"https:\\\/\\\/ciiam.org\\\/en\\\/un-proyecto-de-estado-para-espana-como-centro-de-resolucion-de-disputas-internacionales\\\/#primaryimage\"},\"image\":{\"@id\":\"https:\\\/\\\/ciiam.org\\\/en\\\/un-proyecto-de-estado-para-espana-como-centro-de-resolucion-de-disputas-internacionales\\\/#primaryimage\"},\"thumbnailUrl\":\"https:\\\/\\\/ciiam.org\\\/wp-content\\\/uploads\\\/2022\\\/04\\\/1649412123798.jpg\",\"datePublished\":\"2022-04-08T13:03:10+00:00\",\"description\":\"\\\"Un proyecto de estado para Espa\u00f1a como centro de resoluci\u00f3n de disputas internacionales\\\"\",\"breadcrumb\":{\"@id\":\"https:\\\/\\\/ciiam.org\\\/en\\\/un-proyecto-de-estado-para-espana-como-centro-de-resolucion-de-disputas-internacionales\\\/#breadcrumb\"},\"inLanguage\":\"en-US\",\"potentialAction\":[{\"@type\":\"ReadAction\",\"target\":[\"https:\\\/\\\/ciiam.org\\\/en\\\/un-proyecto-de-estado-para-espana-como-centro-de-resolucion-de-disputas-internacionales\\\/\"]}]},{\"@type\":\"ImageObject\",\"inLanguage\":\"en-US\",\"@id\":\"https:\\\/\\\/ciiam.org\\\/en\\\/un-proyecto-de-estado-para-espana-como-centro-de-resolucion-de-disputas-internacionales\\\/#primaryimage\",\"url\":\"https:\\\/\\\/ciiam.org\\\/wp-content\\\/uploads\\\/2022\\\/04\\\/1649412123798.jpg\",\"contentUrl\":\"https:\\\/\\\/ciiam.org\\\/wp-content\\\/uploads\\\/2022\\\/04\\\/1649412123798.jpg\",\"width\":800,\"height\":533},{\"@type\":\"BreadcrumbList\",\"@id\":\"https:\\\/\\\/ciiam.org\\\/en\\\/un-proyecto-de-estado-para-espana-como-centro-de-resolucion-de-disputas-internacionales\\\/#breadcrumb\",\"itemListElement\":[{\"@type\":\"ListItem\",\"position\":1,\"name\":\"CIAM\",\"item\":\"https:\\\/\\\/ciiam.org\\\/en\\\/\"},{\"@type\":\"ListItem\",\"position\":2,\"name\":\"\u00abUn proyecto de estado para Espa\u00f1a como centro de resoluci\u00f3n de disputas internacionales\u00bb\"}]},{\"@type\":\"WebSite\",\"@id\":\"https:\\\/\\\/ciiam.org\\\/en\\\/#website\",\"url\":\"https:\\\/\\\/ciiam.org\\\/en\\\/\",\"name\":\"CIIAM\",\"description\":\"Centro Internacional e Iberoamericano de Arbitraje de Madrid\",\"publisher\":{\"@id\":\"https:\\\/\\\/ciiam.org\\\/en\\\/#organization\"},\"potentialAction\":[{\"@type\":\"SearchAction\",\"target\":{\"@type\":\"EntryPoint\",\"urlTemplate\":\"https:\\\/\\\/ciiam.org\\\/en\\\/?s={search_term_string}\"},\"query-input\":{\"@type\":\"PropertyValueSpecification\",\"valueRequired\":true,\"valueName\":\"search_term_string\"}}],\"inLanguage\":\"en-US\"},{\"@type\":\"Organization\",\"@id\":\"https:\\\/\\\/ciiam.org\\\/en\\\/#organization\",\"name\":\"Centro Internacional e Iberoamericano de Arbitraje de Madrid\",\"alternateName\":\"CIIAM\",\"url\":\"https:\\\/\\\/ciiam.org\\\/en\\\/\",\"logo\":{\"@type\":\"ImageObject\",\"inLanguage\":\"en-US\",\"@id\":\"https:\\\/\\\/ciiam.org\\\/en\\\/#\\\/schema\\\/logo\\\/image\\\/\",\"url\":\"https:\\\/\\\/ciiam.org\\\/wp-content\\\/uploads\\\/2026\\\/01\\\/favicon.png\",\"contentUrl\":\"https:\\\/\\\/ciiam.org\\\/wp-content\\\/uploads\\\/2026\\\/01\\\/favicon.png\",\"width\":500,\"height\":500,\"caption\":\"Centro Internacional e Iberoamericano de Arbitraje de Madrid\"},\"image\":{\"@id\":\"https:\\\/\\\/ciiam.org\\\/en\\\/#\\\/schema\\\/logo\\\/image\\\/\"},\"sameAs\":[\"https:\\\/\\\/www.linkedin.com\\\/company\\\/ciam-centro-internacional-arbitraje-madrid?trk=d_public_post_image\",\"https:\\\/\\\/www.youtube.com\\\/channel\\\/UCU2OI7SAQFv5uXAZ4qO4ALg\"]},{\"@type\":\"Person\",\"@id\":\"https:\\\/\\\/ciiam.org\\\/en\\\/#\\\/schema\\\/person\\\/14817b46751305a4fa5962cf899af84b\",\"name\":\"InT14\",\"image\":{\"@type\":\"ImageObject\",\"inLanguage\":\"en-US\",\"@id\":\"https:\\\/\\\/secure.gravatar.com\\\/avatar\\\/a93675488aa469cbd1df43a10f7f83486d14b99e406b3c041ce80bfb1abe23bb?s=96&d=mm&r=g\",\"url\":\"https:\\\/\\\/secure.gravatar.com\\\/avatar\\\/a93675488aa469cbd1df43a10f7f83486d14b99e406b3c041ce80bfb1abe23bb?s=96&d=mm&r=g\",\"contentUrl\":\"https:\\\/\\\/secure.gravatar.com\\\/avatar\\\/a93675488aa469cbd1df43a10f7f83486d14b99e406b3c041ce80bfb1abe23bb?s=96&d=mm&r=g\",\"caption\":\"InT14\"},\"url\":\"https:\\\/\\\/ciiam.org\\\/en\\\/author\\\/14inter-cmma\\\/\"}]}<\/script>\n<!-- \/ Yoast SEO plugin. -->","yoast_head_json":{"title":"\"Un proyecto de estado para Espa\u00f1a como centro de resoluci\u00f3n de disputas internacionales\" - CIIAM","description":"\"Un proyecto de estado para Espa\u00f1a como centro de resoluci\u00f3n de disputas internacionales\"","robots":{"index":"index","follow":"follow","max-snippet":"max-snippet:-1","max-image-preview":"max-image-preview:large","max-video-preview":"max-video-preview:-1"},"canonical":"https:\/\/ciiam.org\/en\/un-proyecto-de-estado-para-espana-como-centro-de-resolucion-de-disputas-internacionales\/","og_locale":"en_US","og_type":"article","og_title":"\"Un proyecto de estado para Espa\u00f1a como centro de resoluci\u00f3n de disputas internacionales\" - CIIAM","og_description":"\"Un proyecto de estado para Espa\u00f1a como centro de resoluci\u00f3n de disputas internacionales\"","og_url":"https:\/\/ciiam.org\/en\/un-proyecto-de-estado-para-espana-como-centro-de-resolucion-de-disputas-internacionales\/","og_site_name":"CIIAM","article_published_time":"2022-04-08T13:03:10+00:00","og_image":[{"width":800,"height":533,"url":"https:\/\/ciiam.org\/wp-content\/uploads\/2022\/04\/1649412123798.jpg","type":"image\/jpeg"}],"author":"InT14","twitter_card":"summary_large_image","twitter_misc":{"Written by":"InT14"},"schema":{"@context":"https:\/\/schema.org","@graph":[{"@type":"Article","@id":"https:\/\/ciiam.org\/en\/un-proyecto-de-estado-para-espana-como-centro-de-resolucion-de-disputas-internacionales\/#article","isPartOf":{"@id":"https:\/\/ciiam.org\/en\/un-proyecto-de-estado-para-espana-como-centro-de-resolucion-de-disputas-internacionales\/"},"author":{"name":"InT14","@id":"https:\/\/ciiam.org\/en\/#\/schema\/person\/14817b46751305a4fa5962cf899af84b"},"headline":"&#8220;Un proyecto de estado para Espa\u00f1a como centro de resoluci\u00f3n de disputas internacionales&#8221;","datePublished":"2022-04-08T13:03:10+00:00","mainEntityOfPage":{"@id":"https:\/\/ciiam.org\/en\/un-proyecto-de-estado-para-espana-como-centro-de-resolucion-de-disputas-internacionales\/"},"wordCount":113,"publisher":{"@id":"https:\/\/ciiam.org\/en\/#organization"},"image":{"@id":"https:\/\/ciiam.org\/en\/un-proyecto-de-estado-para-espana-como-centro-de-resolucion-de-disputas-internacionales\/#primaryimage"},"thumbnailUrl":"https:\/\/ciiam.org\/wp-content\/uploads\/2022\/04\/1649412123798.jpg","keywords":["Arbitraje","ARBITRAJE COMERCIAL","Ciam","disputas","ESPA\u00d1A","estado","INTERNACIONAL","Proyecto"],"articleSection":["Actualidad"],"inLanguage":"en-US"},{"@type":"WebPage","@id":"https:\/\/ciiam.org\/en\/un-proyecto-de-estado-para-espana-como-centro-de-resolucion-de-disputas-internacionales\/","url":"https:\/\/ciiam.org\/en\/un-proyecto-de-estado-para-espana-como-centro-de-resolucion-de-disputas-internacionales\/","name":"\"Un proyecto de estado para Espa\u00f1a como centro de resoluci\u00f3n de disputas internacionales\" - CIIAM","isPartOf":{"@id":"https:\/\/ciiam.org\/en\/#website"},"primaryImageOfPage":{"@id":"https:\/\/ciiam.org\/en\/un-proyecto-de-estado-para-espana-como-centro-de-resolucion-de-disputas-internacionales\/#primaryimage"},"image":{"@id":"https:\/\/ciiam.org\/en\/un-proyecto-de-estado-para-espana-como-centro-de-resolucion-de-disputas-internacionales\/#primaryimage"},"thumbnailUrl":"https:\/\/ciiam.org\/wp-content\/uploads\/2022\/04\/1649412123798.jpg","datePublished":"2022-04-08T13:03:10+00:00","description":"\"Un proyecto de estado para Espa\u00f1a como centro de resoluci\u00f3n de disputas internacionales\"","breadcrumb":{"@id":"https:\/\/ciiam.org\/en\/un-proyecto-de-estado-para-espana-como-centro-de-resolucion-de-disputas-internacionales\/#breadcrumb"},"inLanguage":"en-US","potentialAction":[{"@type":"ReadAction","target":["https:\/\/ciiam.org\/en\/un-proyecto-de-estado-para-espana-como-centro-de-resolucion-de-disputas-internacionales\/"]}]},{"@type":"ImageObject","inLanguage":"en-US","@id":"https:\/\/ciiam.org\/en\/un-proyecto-de-estado-para-espana-como-centro-de-resolucion-de-disputas-internacionales\/#primaryimage","url":"https:\/\/ciiam.org\/wp-content\/uploads\/2022\/04\/1649412123798.jpg","contentUrl":"https:\/\/ciiam.org\/wp-content\/uploads\/2022\/04\/1649412123798.jpg","width":800,"height":533},{"@type":"BreadcrumbList","@id":"https:\/\/ciiam.org\/en\/un-proyecto-de-estado-para-espana-como-centro-de-resolucion-de-disputas-internacionales\/#breadcrumb","itemListElement":[{"@type":"ListItem","position":1,"name":"CIAM","item":"https:\/\/ciiam.org\/en\/"},{"@type":"ListItem","position":2,"name":"\u00abUn proyecto de estado para Espa\u00f1a como centro de resoluci\u00f3n de disputas internacionales\u00bb"}]},{"@type":"WebSite","@id":"https:\/\/ciiam.org\/en\/#website","url":"https:\/\/ciiam.org\/en\/","name":"CIIAM","description":"Centro Internacional e Iberoamericano de Arbitraje de Madrid","publisher":{"@id":"https:\/\/ciiam.org\/en\/#organization"},"potentialAction":[{"@type":"SearchAction","target":{"@type":"EntryPoint","urlTemplate":"https:\/\/ciiam.org\/en\/?s={search_term_string}"},"query-input":{"@type":"PropertyValueSpecification","valueRequired":true,"valueName":"search_term_string"}}],"inLanguage":"en-US"},{"@type":"Organization","@id":"https:\/\/ciiam.org\/en\/#organization","name":"Centro Internacional e Iberoamericano de Arbitraje de Madrid","alternateName":"CIIAM","url":"https:\/\/ciiam.org\/en\/","logo":{"@type":"ImageObject","inLanguage":"en-US","@id":"https:\/\/ciiam.org\/en\/#\/schema\/logo\/image\/","url":"https:\/\/ciiam.org\/wp-content\/uploads\/2026\/01\/favicon.png","contentUrl":"https:\/\/ciiam.org\/wp-content\/uploads\/2026\/01\/favicon.png","width":500,"height":500,"caption":"Centro Internacional e Iberoamericano de Arbitraje de Madrid"},"image":{"@id":"https:\/\/ciiam.org\/en\/#\/schema\/logo\/image\/"},"sameAs":["https:\/\/www.linkedin.com\/company\/ciam-centro-internacional-arbitraje-madrid?trk=d_public_post_image","https:\/\/www.youtube.com\/channel\/UCU2OI7SAQFv5uXAZ4qO4ALg"]},{"@type":"Person","@id":"https:\/\/ciiam.org\/en\/#\/schema\/person\/14817b46751305a4fa5962cf899af84b","name":"InT14","image":{"@type":"ImageObject","inLanguage":"en-US","@id":"https:\/\/secure.gravatar.com\/avatar\/a93675488aa469cbd1df43a10f7f83486d14b99e406b3c041ce80bfb1abe23bb?s=96&d=mm&r=g","url":"https:\/\/secure.gravatar.com\/avatar\/a93675488aa469cbd1df43a10f7f83486d14b99e406b3c041ce80bfb1abe23bb?s=96&d=mm&r=g","contentUrl":"https:\/\/secure.gravatar.com\/avatar\/a93675488aa469cbd1df43a10f7f83486d14b99e406b3c041ce80bfb1abe23bb?s=96&d=mm&r=g","caption":"InT14"},"url":"https:\/\/ciiam.org\/en\/author\/14inter-cmma\/"}]}},"_links":{"self":[{"href":"https:\/\/ciiam.org\/en\/wp-json\/wp\/v2\/posts\/12886","targetHints":{"allow":["GET"]}}],"collection":[{"href":"https:\/\/ciiam.org\/en\/wp-json\/wp\/v2\/posts"}],"about":[{"href":"https:\/\/ciiam.org\/en\/wp-json\/wp\/v2\/types\/post"}],"author":[{"embeddable":true,"href":"https:\/\/ciiam.org\/en\/wp-json\/wp\/v2\/users\/11"}],"replies":[{"embeddable":true,"href":"https:\/\/ciiam.org\/en\/wp-json\/wp\/v2\/comments?post=12886"}],"version-history":[{"count":0,"href":"https:\/\/ciiam.org\/en\/wp-json\/wp\/v2\/posts\/12886\/revisions"}],"wp:featuredmedia":[{"embeddable":true,"href":"https:\/\/ciiam.org\/en\/wp-json\/wp\/v2\/media\/12887"}],"wp:attachment":[{"href":"https:\/\/ciiam.org\/en\/wp-json\/wp\/v2\/media?parent=12886"}],"wp:term":[{"taxonomy":"category","embeddable":true,"href":"https:\/\/ciiam.org\/en\/wp-json\/wp\/v2\/categories?post=12886"},{"taxonomy":"post_tag","embeddable":true,"href":"https:\/\/ciiam.org\/en\/wp-json\/wp\/v2\/tags?post=12886"}],"curies":[{"name":"wp","href":"https:\/\/api.w.org\/{rel}","templated":true}]}}