{"id":13481,"date":"2022-04-25T12:33:59","date_gmt":"2022-04-25T12:33:59","guid":{"rendered":"https:\/\/ciiam.org\/?p=13481"},"modified":"2022-04-25T12:33:59","modified_gmt":"2022-04-25T12:33:59","slug":"melanie-riofrio-piche-participo-como-presidenta-del-tribunal-a-la-final-del-moot-madrid-uc3m-cnudmi","status":"publish","type":"post","link":"https:\/\/ciiam.org\/en\/melanie-riofrio-piche-participo-como-presidenta-del-tribunal-a-la-final-del-moot-madrid-uc3m-cnudmi\/","title":{"rendered":"&#8220;M\u00e9lanie Riofrio Pich\u00e9 particip\u00f3 como presidenta del tribunal a la final del Moot Madrid UC3M\/ CNUDMI&#8221;"},"content":{"rendered":"<p>\ud83d\udccc\u00a0<a href=\"https:\/\/www.linkedin.com\/in\/ACoAABPwzBwBgLA2zpchwv65xbhDxTqsQlkEeRo\" data-attribute-index=\"0\" data-entity-hovercard-id=\"urn:li:fs_miniProfile:ACoAABPwzBwBgLA2zpchwv65xbhDxTqsQlkEeRo\" data-entity-type=\"MINI_PROFILE\">M\u00e9lanie Riofrio Pich\u00e9<\/a>, secretaria general de\u00a0<a href=\"https:\/\/www.linkedin.com\/company\/ciam-centro-internacional-arbitraje-madrid\/\" data-attribute-index=\"2\" data-entity-hovercard-id=\"urn:li:fs_miniCompany:37226932\" data-entity-type=\"MINI_COMPANY\" aria-expanded=\"true\" aria-controls=\"ember606\">CIAM (Centro Internacional de Arbitraje de Madrid)\u00a0<\/a>, particip\u00f3 como presidenta del tribunal en la final del\u00a0<a href=\"https:\/\/www.linkedin.com\/in\/ACoAAB_zxHIBb5wUHnlArPsW0DMrd7UfW1mIOeE\" data-attribute-index=\"4\" data-entity-hovercard-id=\"urn:li:fs_miniProfile:ACoAAB_zxHIBb5wUHnlArPsW0DMrd7UfW1mIOeE\" data-entity-type=\"MINI_PROFILE\">Moot Madrid UC3M \/ CNUDMI<\/a>\u00a0el pasado viernes, celebrada en CIAM. Junto a ella, tambi\u00e9n formaron parte del tribunal\u00a0<a href=\"https:\/\/www.linkedin.com\/in\/ACoAAAISABUB7lfqnJjIlgq3No_G-xLJN1-F4_c\" data-attribute-index=\"6\" data-entity-hovercard-id=\"urn:li:fs_miniProfile:ACoAAAISABUB7lfqnJjIlgq3No_G-xLJN1-F4_c\" data-entity-type=\"MINI_PROFILE\">Stefano Zunarelli<\/a>, socio fundador de\u00a0<a tabindex=\"-1\" href=\"https:\/\/www.linkedin.com\/company\/zunarelli-b&amp;t-international-law-firm\/\" data-attribute-index=\"8\" data-entity-hovercard-id=\"urn:li:fs_miniCompany:1813836\" data-entity-type=\"MINI_COMPANY\" aria-expanded=\"false\" aria-controls=\"undefined\">Zunarelli &#8211; Studio Legale Associato<\/a>; y\u00a0<a href=\"https:\/\/www.linkedin.com\/in\/ACoAAAz4lbsBmZXi12gBb1Ja6z2HkQSgphnhqjU\" data-attribute-index=\"10\" data-entity-hovercard-id=\"urn:li:fs_miniProfile:ACoAAAz4lbsBmZXi12gBb1Ja6z2HkQSgphnhqjU\" data-entity-type=\"MINI_PROFILE\">Eduardo Albors<\/a>, socio de\u00a0<a href=\"https:\/\/www.linkedin.com\/company\/albors-galiano-portales\/\" data-attribute-index=\"12\" data-entity-hovercard-id=\"urn:li:fs_miniCompany:10299018\" data-entity-type=\"MINI_COMPANY\">Albors Galiano Portales<\/a>, presidente de la\u00a0<a href=\"https:\/\/www.linkedin.com\/in\/ACoAABRY3FkBcKTQR51CylituqWzwTPKo4tUd1I\" data-attribute-index=\"14\" data-entity-hovercard-id=\"urn:li:fs_miniProfile:ACoAABRY3FkBcKTQR51CylituqWzwTPKo4tUd1I\" data-entity-type=\"MINI_PROFILE\">AEDM ASOCIACI\u00d3N ESPA\u00d1OLA DE DERECHO MAR\u00cdTIMO<\/a>\u00a0y miembro del Comit\u00e9 Ejecutivo del\u00a0<a href=\"https:\/\/www.linkedin.com\/company\/cluster-mar-timo-espa-ol\/\" data-attribute-index=\"16\" data-entity-hovercard-id=\"urn:li:fs_miniCompany:2824457\" data-entity-type=\"MINI_COMPANY\">Cluster Mar\u00edtimo Espa\u00f1ol<\/a>. Disputaron la ronda final la\u00a0<a href=\"https:\/\/www.linkedin.com\/company\/universidad-de-c-diz\/\" data-attribute-index=\"18\" data-entity-hovercard-id=\"urn:li:fs_miniCompany:2493510\" data-entity-type=\"MINI_COMPANY\">Universidad de C\u00e1diz<\/a>\u00a0y la\u00a0<a href=\"https:\/\/www.linkedin.com\/company\/universidad-peruana-de-ciencias-aplicadas\/\" data-attribute-index=\"20\" data-entity-hovercard-id=\"urn:li:fs_miniCompany:398719\" data-entity-type=\"MINI_COMPANY\">Universidad Peruana de Ciencias Aplicadas<\/a>, que se sald\u00f3 con la victoria de la UCA: desde aqu\u00ed nuestra enhorabuena.<\/p>\n<p>\ud83d\udd0a Vuelve a ver la final en este enlace:\u00a0<a href=\"https:\/\/lnkd.in\/e_xTubuh\" data-attribute-index=\"34\">https:\/\/lnkd.in\/e_xTubuh<\/a><\/p>\n<p>&#8212;<\/p>\n<p>Asimismo, queremos agradecer la organizaci\u00f3n del evento a la\u00a0<a href=\"https:\/\/www.linkedin.com\/company\/universidad-carlos-iii-de-madrid\/\" data-attribute-index=\"22\" data-entity-hovercard-id=\"urn:li:fs_miniCompany:13120\" data-entity-type=\"MINI_COMPANY\">Universidad Carlos III de Madrid<\/a>\u00a0y la\u00a0<a href=\"https:\/\/www.linkedin.com\/company\/uncitral\/\" data-attribute-index=\"24\" data-entity-hovercard-id=\"urn:li:fs_miniCompany:10195336\" data-entity-type=\"MINI_COMPANY\">UNCITRAL: United Nations Commission on International Trade Law<\/a>, as\u00ed como los asistentes a la entrega de premios:\u00a0<a href=\"https:\/\/www.linkedin.com\/in\/ACoAAAcrTyMBUMdG_eZhn3GtDEimJzDY8iqKuIM\" data-attribute-index=\"26\" data-entity-hovercard-id=\"urn:li:fs_miniProfile:ACoAAAcrTyMBUMdG_eZhn3GtDEimJzDY8iqKuIM\" data-entity-type=\"MINI_PROFILE\">Victor Bonnin<\/a>, secretario general del Club Espa\u00f1ol del Arbitraje;\u00a0<a href=\"https:\/\/www.linkedin.com\/in\/ACoAAAAnzNQBnEVOAb65_RNQ1trGt0GPdt2OeP0\" data-attribute-index=\"28\" data-entity-hovercard-id=\"urn:li:fs_miniProfile:ACoAAAAnzNQBnEVOAb65_RNQ1trGt0GPdt2OeP0\" data-entity-type=\"MINI_PROFILE\">Urquiola De Palacio<\/a>, presidenta de la Corte de Arbitraje de Madrid;\u00a0<a href=\"https:\/\/www.linkedin.com\/in\/ACoAAAZyIzQBrgKKiEMSjwLrf5WY1yhjPgNDc-Q\" data-attribute-index=\"30\" data-entity-hovercard-id=\"urn:li:fs_miniProfile:ACoAAAZyIzQBrgKKiEMSjwLrf5WY1yhjPgNDc-Q\" data-entity-type=\"MINI_PROFILE\">Pilar Perales Viscasillas<\/a>, directora del Moot Madrid; Stefano Zunarelli, profesor de la Universit\u00e0 di Bologna; Eduardo Albors, presidente de la Asociaci\u00f3n Espa\u00f1ola de Derecho Mar\u00edtimo;\u00a0<a href=\"https:\/\/www.linkedin.com\/in\/ACoAAAcHTaoBgutZi4kBM7EPLVDBj9TuA4CxagY\" data-attribute-index=\"32\" data-entity-hovercard-id=\"urn:li:fs_miniProfile:ACoAAAcHTaoBgutZi4kBM7EPLVDBj9TuA4CxagY\" data-entity-type=\"MINI_PROFILE\">Carmen Alonso Ledesma<\/a>, catedr\u00e1tica em\u00e9rita de Derecho Mercantil y Consejera en el Banco de Espa\u00f1a; y Rafael Illescas Ortiz; presidente de honor del Moot Madrid y presidente de la SEAIDA; y a todos los espectadores que siguieron el moot.<\/p>\n<p>\ud83d\udd0a Vuelve a ver la entrega de premios en este enlace:\u00a0<a href=\"https:\/\/lnkd.in\/enV83CjT\" data-attribute-index=\"35\">https:\/\/lnkd.in\/enV83CjT<\/a><\/p>\n","protected":false},"excerpt":{"rendered":"<p>\ud83d\udccc\u00a0M\u00e9lanie Riofrio Pich\u00e9, secretaria general de\u00a0CIAM (Centro Internacional de Arbitraje de Madrid)\u00a0, particip\u00f3 como presidenta del tribunal en la final del\u00a0Moot Madrid UC3M \/ CNUDMI\u00a0el pasado viernes, celebrada en CIAM. Junto a ella, tambi\u00e9n formaron parte del tribunal\u00a0Stefano Zunarelli, socio fundador de\u00a0Zunarelli &#8211; Studio Legale Associato; y\u00a0Eduardo Albors, socio de\u00a0Albors Galiano Portales, presidente de la\u00a0AEDM [&hellip;]<\/p>\n","protected":false},"author":11,"featured_media":13482,"comment_status":"closed","ping_status":"open","sticky":false,"template":"","format":"standard","meta":{"footnotes":""},"categories":[17],"tags":[23,22,83,304],"class_list":["post-13481","post","type-post","status-publish","format-standard","has-post-thumbnail","hentry","category-actualidad","tag-arbitraje","tag-ciam","tag-madrid","tag-moot-madrid"],"yoast_head":"<!-- This site is optimized with the Yoast SEO plugin v27.3 - https:\/\/yoast.com\/product\/yoast-seo-wordpress\/ -->\n<title>&quot;M\u00e9lanie Riofrio Pich\u00e9 particip\u00f3 como presidenta del tribunal a la final del Moot Madrid UC3M\/ CNUDMI&quot; - CIIAM<\/title>\n<meta name=\"description\" content=\"&quot;M\u00e9lanie Riofrio Pich\u00e9 particip\u00f3 como presidenta del tribunal a la final del Moot Madrid UC3M\/ CNUDMI&quot;\" \/>\n<meta name=\"robots\" content=\"index, follow, max-snippet:-1, max-image-preview:large, max-video-preview:-1\" \/>\n<link rel=\"canonical\" href=\"https:\/\/ciiam.org\/en\/melanie-riofrio-piche-participo-como-presidenta-del-tribunal-a-la-final-del-moot-madrid-uc3m-cnudmi\/\" \/>\n<meta property=\"og:locale\" content=\"en_US\" \/>\n<meta property=\"og:type\" content=\"article\" \/>\n<meta property=\"og:title\" content=\"&quot;M\u00e9lanie Riofrio Pich\u00e9 particip\u00f3 como presidenta del tribunal a la final del Moot Madrid UC3M\/ CNUDMI&quot; - CIIAM\" \/>\n<meta property=\"og:description\" content=\"&quot;M\u00e9lanie Riofrio Pich\u00e9 particip\u00f3 como presidenta del tribunal a la final del Moot Madrid UC3M\/ CNUDMI&quot;\" \/>\n<meta property=\"og:url\" content=\"https:\/\/ciiam.org\/en\/melanie-riofrio-piche-participo-como-presidenta-del-tribunal-a-la-final-del-moot-madrid-uc3m-cnudmi\/\" \/>\n<meta property=\"og:site_name\" content=\"CIIAM\" \/>\n<meta property=\"article:published_time\" content=\"2022-04-25T12:33:59+00:00\" \/>\n<meta property=\"og:image\" content=\"https:\/\/ciiam.org\/wp-content\/uploads\/2022\/04\/1650885489265.jpg\" \/>\n\t<meta property=\"og:image:width\" content=\"800\" \/>\n\t<meta property=\"og:image:height\" content=\"411\" \/>\n\t<meta property=\"og:image:type\" content=\"image\/jpeg\" \/>\n<meta name=\"author\" content=\"InT14\" \/>\n<meta name=\"twitter:card\" content=\"summary_large_image\" \/>\n<meta name=\"twitter:label1\" content=\"Written by\" \/>\n\t<meta name=\"twitter:data1\" content=\"InT14\" \/>\n\t<meta name=\"twitter:label2\" content=\"Est. reading time\" \/>\n\t<meta name=\"twitter:data2\" content=\"2 minutes\" \/>\n<script type=\"application\/ld+json\" class=\"yoast-schema-graph\">{\"@context\":\"https:\\\/\\\/schema.org\",\"@graph\":[{\"@type\":\"Article\",\"@id\":\"https:\\\/\\\/ciiam.org\\\/en\\\/melanie-riofrio-piche-participo-como-presidenta-del-tribunal-a-la-final-del-moot-madrid-uc3m-cnudmi\\\/#article\",\"isPartOf\":{\"@id\":\"https:\\\/\\\/ciiam.org\\\/en\\\/melanie-riofrio-piche-participo-como-presidenta-del-tribunal-a-la-final-del-moot-madrid-uc3m-cnudmi\\\/\"},\"author\":{\"name\":\"InT14\",\"@id\":\"https:\\\/\\\/ciiam.org\\\/en\\\/#\\\/schema\\\/person\\\/14817b46751305a4fa5962cf899af84b\"},\"headline\":\"&#8220;M\u00e9lanie Riofrio Pich\u00e9 particip\u00f3 como presidenta del tribunal a la final del Moot Madrid UC3M\\\/ CNUDMI&#8221;\",\"datePublished\":\"2022-04-25T12:33:59+00:00\",\"mainEntityOfPage\":{\"@id\":\"https:\\\/\\\/ciiam.org\\\/en\\\/melanie-riofrio-piche-participo-como-presidenta-del-tribunal-a-la-final-del-moot-madrid-uc3m-cnudmi\\\/\"},\"wordCount\":285,\"publisher\":{\"@id\":\"https:\\\/\\\/ciiam.org\\\/en\\\/#organization\"},\"image\":{\"@id\":\"https:\\\/\\\/ciiam.org\\\/en\\\/melanie-riofrio-piche-participo-como-presidenta-del-tribunal-a-la-final-del-moot-madrid-uc3m-cnudmi\\\/#primaryimage\"},\"thumbnailUrl\":\"https:\\\/\\\/ciiam.org\\\/wp-content\\\/uploads\\\/2022\\\/04\\\/1650885489265.jpg\",\"keywords\":[\"Arbitraje\",\"Ciam\",\"MADRID\",\"MOOT Madrid\"],\"articleSection\":[\"Actualidad\"],\"inLanguage\":\"en-US\"},{\"@type\":\"WebPage\",\"@id\":\"https:\\\/\\\/ciiam.org\\\/en\\\/melanie-riofrio-piche-participo-como-presidenta-del-tribunal-a-la-final-del-moot-madrid-uc3m-cnudmi\\\/\",\"url\":\"https:\\\/\\\/ciiam.org\\\/en\\\/melanie-riofrio-piche-participo-como-presidenta-del-tribunal-a-la-final-del-moot-madrid-uc3m-cnudmi\\\/\",\"name\":\"\\\"M\u00e9lanie Riofrio Pich\u00e9 particip\u00f3 como presidenta del tribunal a la final del Moot Madrid UC3M\\\/ CNUDMI\\\" - CIIAM\",\"isPartOf\":{\"@id\":\"https:\\\/\\\/ciiam.org\\\/en\\\/#website\"},\"primaryImageOfPage\":{\"@id\":\"https:\\\/\\\/ciiam.org\\\/en\\\/melanie-riofrio-piche-participo-como-presidenta-del-tribunal-a-la-final-del-moot-madrid-uc3m-cnudmi\\\/#primaryimage\"},\"image\":{\"@id\":\"https:\\\/\\\/ciiam.org\\\/en\\\/melanie-riofrio-piche-participo-como-presidenta-del-tribunal-a-la-final-del-moot-madrid-uc3m-cnudmi\\\/#primaryimage\"},\"thumbnailUrl\":\"https:\\\/\\\/ciiam.org\\\/wp-content\\\/uploads\\\/2022\\\/04\\\/1650885489265.jpg\",\"datePublished\":\"2022-04-25T12:33:59+00:00\",\"description\":\"\\\"M\u00e9lanie Riofrio Pich\u00e9 particip\u00f3 como presidenta del tribunal a la final del Moot Madrid UC3M\\\/ CNUDMI\\\"\",\"breadcrumb\":{\"@id\":\"https:\\\/\\\/ciiam.org\\\/en\\\/melanie-riofrio-piche-participo-como-presidenta-del-tribunal-a-la-final-del-moot-madrid-uc3m-cnudmi\\\/#breadcrumb\"},\"inLanguage\":\"en-US\",\"potentialAction\":[{\"@type\":\"ReadAction\",\"target\":[\"https:\\\/\\\/ciiam.org\\\/en\\\/melanie-riofrio-piche-participo-como-presidenta-del-tribunal-a-la-final-del-moot-madrid-uc3m-cnudmi\\\/\"]}]},{\"@type\":\"ImageObject\",\"inLanguage\":\"en-US\",\"@id\":\"https:\\\/\\\/ciiam.org\\\/en\\\/melanie-riofrio-piche-participo-como-presidenta-del-tribunal-a-la-final-del-moot-madrid-uc3m-cnudmi\\\/#primaryimage\",\"url\":\"https:\\\/\\\/ciiam.org\\\/wp-content\\\/uploads\\\/2022\\\/04\\\/1650885489265.jpg\",\"contentUrl\":\"https:\\\/\\\/ciiam.org\\\/wp-content\\\/uploads\\\/2022\\\/04\\\/1650885489265.jpg\",\"width\":800,\"height\":411},{\"@type\":\"BreadcrumbList\",\"@id\":\"https:\\\/\\\/ciiam.org\\\/en\\\/melanie-riofrio-piche-participo-como-presidenta-del-tribunal-a-la-final-del-moot-madrid-uc3m-cnudmi\\\/#breadcrumb\",\"itemListElement\":[{\"@type\":\"ListItem\",\"position\":1,\"name\":\"CIAM\",\"item\":\"https:\\\/\\\/ciiam.org\\\/en\\\/\"},{\"@type\":\"ListItem\",\"position\":2,\"name\":\"\u00abM\u00e9lanie Riofrio Pich\u00e9 particip\u00f3 como presidenta del tribunal a la final del Moot Madrid UC3M\\\/ CNUDMI\u00bb\"}]},{\"@type\":\"WebSite\",\"@id\":\"https:\\\/\\\/ciiam.org\\\/en\\\/#website\",\"url\":\"https:\\\/\\\/ciiam.org\\\/en\\\/\",\"name\":\"CIIAM\",\"description\":\"Centro Internacional e Iberoamericano de Arbitraje de Madrid\",\"publisher\":{\"@id\":\"https:\\\/\\\/ciiam.org\\\/en\\\/#organization\"},\"potentialAction\":[{\"@type\":\"SearchAction\",\"target\":{\"@type\":\"EntryPoint\",\"urlTemplate\":\"https:\\\/\\\/ciiam.org\\\/en\\\/?s={search_term_string}\"},\"query-input\":{\"@type\":\"PropertyValueSpecification\",\"valueRequired\":true,\"valueName\":\"search_term_string\"}}],\"inLanguage\":\"en-US\"},{\"@type\":\"Organization\",\"@id\":\"https:\\\/\\\/ciiam.org\\\/en\\\/#organization\",\"name\":\"Centro Internacional e Iberoamericano de Arbitraje de Madrid\",\"alternateName\":\"CIIAM\",\"url\":\"https:\\\/\\\/ciiam.org\\\/en\\\/\",\"logo\":{\"@type\":\"ImageObject\",\"inLanguage\":\"en-US\",\"@id\":\"https:\\\/\\\/ciiam.org\\\/en\\\/#\\\/schema\\\/logo\\\/image\\\/\",\"url\":\"https:\\\/\\\/ciiam.org\\\/wp-content\\\/uploads\\\/2026\\\/01\\\/favicon.png\",\"contentUrl\":\"https:\\\/\\\/ciiam.org\\\/wp-content\\\/uploads\\\/2026\\\/01\\\/favicon.png\",\"width\":500,\"height\":500,\"caption\":\"Centro Internacional e Iberoamericano de Arbitraje de Madrid\"},\"image\":{\"@id\":\"https:\\\/\\\/ciiam.org\\\/en\\\/#\\\/schema\\\/logo\\\/image\\\/\"},\"sameAs\":[\"https:\\\/\\\/www.linkedin.com\\\/company\\\/ciam-centro-internacional-arbitraje-madrid?trk=d_public_post_image\",\"https:\\\/\\\/www.youtube.com\\\/channel\\\/UCU2OI7SAQFv5uXAZ4qO4ALg\"]},{\"@type\":\"Person\",\"@id\":\"https:\\\/\\\/ciiam.org\\\/en\\\/#\\\/schema\\\/person\\\/14817b46751305a4fa5962cf899af84b\",\"name\":\"InT14\",\"image\":{\"@type\":\"ImageObject\",\"inLanguage\":\"en-US\",\"@id\":\"https:\\\/\\\/secure.gravatar.com\\\/avatar\\\/a93675488aa469cbd1df43a10f7f83486d14b99e406b3c041ce80bfb1abe23bb?s=96&d=mm&r=g\",\"url\":\"https:\\\/\\\/secure.gravatar.com\\\/avatar\\\/a93675488aa469cbd1df43a10f7f83486d14b99e406b3c041ce80bfb1abe23bb?s=96&d=mm&r=g\",\"contentUrl\":\"https:\\\/\\\/secure.gravatar.com\\\/avatar\\\/a93675488aa469cbd1df43a10f7f83486d14b99e406b3c041ce80bfb1abe23bb?s=96&d=mm&r=g\",\"caption\":\"InT14\"},\"url\":\"https:\\\/\\\/ciiam.org\\\/en\\\/author\\\/14inter-cmma\\\/\"}]}<\/script>\n<!-- \/ Yoast SEO plugin. -->","yoast_head_json":{"title":"\"M\u00e9lanie Riofrio Pich\u00e9 particip\u00f3 como presidenta del tribunal a la final del Moot Madrid UC3M\/ CNUDMI\" - CIIAM","description":"\"M\u00e9lanie Riofrio Pich\u00e9 particip\u00f3 como presidenta del tribunal a la final del Moot Madrid UC3M\/ CNUDMI\"","robots":{"index":"index","follow":"follow","max-snippet":"max-snippet:-1","max-image-preview":"max-image-preview:large","max-video-preview":"max-video-preview:-1"},"canonical":"https:\/\/ciiam.org\/en\/melanie-riofrio-piche-participo-como-presidenta-del-tribunal-a-la-final-del-moot-madrid-uc3m-cnudmi\/","og_locale":"en_US","og_type":"article","og_title":"\"M\u00e9lanie Riofrio Pich\u00e9 particip\u00f3 como presidenta del tribunal a la final del Moot Madrid UC3M\/ CNUDMI\" - CIIAM","og_description":"\"M\u00e9lanie Riofrio Pich\u00e9 particip\u00f3 como presidenta del tribunal a la final del Moot Madrid UC3M\/ CNUDMI\"","og_url":"https:\/\/ciiam.org\/en\/melanie-riofrio-piche-participo-como-presidenta-del-tribunal-a-la-final-del-moot-madrid-uc3m-cnudmi\/","og_site_name":"CIIAM","article_published_time":"2022-04-25T12:33:59+00:00","og_image":[{"width":800,"height":411,"url":"https:\/\/ciiam.org\/wp-content\/uploads\/2022\/04\/1650885489265.jpg","type":"image\/jpeg"}],"author":"InT14","twitter_card":"summary_large_image","twitter_misc":{"Written by":"InT14","Est. reading time":"2 minutes"},"schema":{"@context":"https:\/\/schema.org","@graph":[{"@type":"Article","@id":"https:\/\/ciiam.org\/en\/melanie-riofrio-piche-participo-como-presidenta-del-tribunal-a-la-final-del-moot-madrid-uc3m-cnudmi\/#article","isPartOf":{"@id":"https:\/\/ciiam.org\/en\/melanie-riofrio-piche-participo-como-presidenta-del-tribunal-a-la-final-del-moot-madrid-uc3m-cnudmi\/"},"author":{"name":"InT14","@id":"https:\/\/ciiam.org\/en\/#\/schema\/person\/14817b46751305a4fa5962cf899af84b"},"headline":"&#8220;M\u00e9lanie Riofrio Pich\u00e9 particip\u00f3 como presidenta del tribunal a la final del Moot Madrid UC3M\/ CNUDMI&#8221;","datePublished":"2022-04-25T12:33:59+00:00","mainEntityOfPage":{"@id":"https:\/\/ciiam.org\/en\/melanie-riofrio-piche-participo-como-presidenta-del-tribunal-a-la-final-del-moot-madrid-uc3m-cnudmi\/"},"wordCount":285,"publisher":{"@id":"https:\/\/ciiam.org\/en\/#organization"},"image":{"@id":"https:\/\/ciiam.org\/en\/melanie-riofrio-piche-participo-como-presidenta-del-tribunal-a-la-final-del-moot-madrid-uc3m-cnudmi\/#primaryimage"},"thumbnailUrl":"https:\/\/ciiam.org\/wp-content\/uploads\/2022\/04\/1650885489265.jpg","keywords":["Arbitraje","Ciam","MADRID","MOOT Madrid"],"articleSection":["Actualidad"],"inLanguage":"en-US"},{"@type":"WebPage","@id":"https:\/\/ciiam.org\/en\/melanie-riofrio-piche-participo-como-presidenta-del-tribunal-a-la-final-del-moot-madrid-uc3m-cnudmi\/","url":"https:\/\/ciiam.org\/en\/melanie-riofrio-piche-participo-como-presidenta-del-tribunal-a-la-final-del-moot-madrid-uc3m-cnudmi\/","name":"\"M\u00e9lanie Riofrio Pich\u00e9 particip\u00f3 como presidenta del tribunal a la final del Moot Madrid UC3M\/ CNUDMI\" - CIIAM","isPartOf":{"@id":"https:\/\/ciiam.org\/en\/#website"},"primaryImageOfPage":{"@id":"https:\/\/ciiam.org\/en\/melanie-riofrio-piche-participo-como-presidenta-del-tribunal-a-la-final-del-moot-madrid-uc3m-cnudmi\/#primaryimage"},"image":{"@id":"https:\/\/ciiam.org\/en\/melanie-riofrio-piche-participo-como-presidenta-del-tribunal-a-la-final-del-moot-madrid-uc3m-cnudmi\/#primaryimage"},"thumbnailUrl":"https:\/\/ciiam.org\/wp-content\/uploads\/2022\/04\/1650885489265.jpg","datePublished":"2022-04-25T12:33:59+00:00","description":"\"M\u00e9lanie Riofrio Pich\u00e9 particip\u00f3 como presidenta del tribunal a la final del Moot Madrid UC3M\/ CNUDMI\"","breadcrumb":{"@id":"https:\/\/ciiam.org\/en\/melanie-riofrio-piche-participo-como-presidenta-del-tribunal-a-la-final-del-moot-madrid-uc3m-cnudmi\/#breadcrumb"},"inLanguage":"en-US","potentialAction":[{"@type":"ReadAction","target":["https:\/\/ciiam.org\/en\/melanie-riofrio-piche-participo-como-presidenta-del-tribunal-a-la-final-del-moot-madrid-uc3m-cnudmi\/"]}]},{"@type":"ImageObject","inLanguage":"en-US","@id":"https:\/\/ciiam.org\/en\/melanie-riofrio-piche-participo-como-presidenta-del-tribunal-a-la-final-del-moot-madrid-uc3m-cnudmi\/#primaryimage","url":"https:\/\/ciiam.org\/wp-content\/uploads\/2022\/04\/1650885489265.jpg","contentUrl":"https:\/\/ciiam.org\/wp-content\/uploads\/2022\/04\/1650885489265.jpg","width":800,"height":411},{"@type":"BreadcrumbList","@id":"https:\/\/ciiam.org\/en\/melanie-riofrio-piche-participo-como-presidenta-del-tribunal-a-la-final-del-moot-madrid-uc3m-cnudmi\/#breadcrumb","itemListElement":[{"@type":"ListItem","position":1,"name":"CIAM","item":"https:\/\/ciiam.org\/en\/"},{"@type":"ListItem","position":2,"name":"\u00abM\u00e9lanie Riofrio Pich\u00e9 particip\u00f3 como presidenta del tribunal a la final del Moot Madrid UC3M\/ CNUDMI\u00bb"}]},{"@type":"WebSite","@id":"https:\/\/ciiam.org\/en\/#website","url":"https:\/\/ciiam.org\/en\/","name":"CIIAM","description":"Centro Internacional e Iberoamericano de Arbitraje de Madrid","publisher":{"@id":"https:\/\/ciiam.org\/en\/#organization"},"potentialAction":[{"@type":"SearchAction","target":{"@type":"EntryPoint","urlTemplate":"https:\/\/ciiam.org\/en\/?s={search_term_string}"},"query-input":{"@type":"PropertyValueSpecification","valueRequired":true,"valueName":"search_term_string"}}],"inLanguage":"en-US"},{"@type":"Organization","@id":"https:\/\/ciiam.org\/en\/#organization","name":"Centro Internacional e Iberoamericano de Arbitraje de Madrid","alternateName":"CIIAM","url":"https:\/\/ciiam.org\/en\/","logo":{"@type":"ImageObject","inLanguage":"en-US","@id":"https:\/\/ciiam.org\/en\/#\/schema\/logo\/image\/","url":"https:\/\/ciiam.org\/wp-content\/uploads\/2026\/01\/favicon.png","contentUrl":"https:\/\/ciiam.org\/wp-content\/uploads\/2026\/01\/favicon.png","width":500,"height":500,"caption":"Centro Internacional e Iberoamericano de Arbitraje de Madrid"},"image":{"@id":"https:\/\/ciiam.org\/en\/#\/schema\/logo\/image\/"},"sameAs":["https:\/\/www.linkedin.com\/company\/ciam-centro-internacional-arbitraje-madrid?trk=d_public_post_image","https:\/\/www.youtube.com\/channel\/UCU2OI7SAQFv5uXAZ4qO4ALg"]},{"@type":"Person","@id":"https:\/\/ciiam.org\/en\/#\/schema\/person\/14817b46751305a4fa5962cf899af84b","name":"InT14","image":{"@type":"ImageObject","inLanguage":"en-US","@id":"https:\/\/secure.gravatar.com\/avatar\/a93675488aa469cbd1df43a10f7f83486d14b99e406b3c041ce80bfb1abe23bb?s=96&d=mm&r=g","url":"https:\/\/secure.gravatar.com\/avatar\/a93675488aa469cbd1df43a10f7f83486d14b99e406b3c041ce80bfb1abe23bb?s=96&d=mm&r=g","contentUrl":"https:\/\/secure.gravatar.com\/avatar\/a93675488aa469cbd1df43a10f7f83486d14b99e406b3c041ce80bfb1abe23bb?s=96&d=mm&r=g","caption":"InT14"},"url":"https:\/\/ciiam.org\/en\/author\/14inter-cmma\/"}]}},"_links":{"self":[{"href":"https:\/\/ciiam.org\/en\/wp-json\/wp\/v2\/posts\/13481","targetHints":{"allow":["GET"]}}],"collection":[{"href":"https:\/\/ciiam.org\/en\/wp-json\/wp\/v2\/posts"}],"about":[{"href":"https:\/\/ciiam.org\/en\/wp-json\/wp\/v2\/types\/post"}],"author":[{"embeddable":true,"href":"https:\/\/ciiam.org\/en\/wp-json\/wp\/v2\/users\/11"}],"replies":[{"embeddable":true,"href":"https:\/\/ciiam.org\/en\/wp-json\/wp\/v2\/comments?post=13481"}],"version-history":[{"count":0,"href":"https:\/\/ciiam.org\/en\/wp-json\/wp\/v2\/posts\/13481\/revisions"}],"wp:featuredmedia":[{"embeddable":true,"href":"https:\/\/ciiam.org\/en\/wp-json\/wp\/v2\/media\/13482"}],"wp:attachment":[{"href":"https:\/\/ciiam.org\/en\/wp-json\/wp\/v2\/media?parent=13481"}],"wp:term":[{"taxonomy":"category","embeddable":true,"href":"https:\/\/ciiam.org\/en\/wp-json\/wp\/v2\/categories?post=13481"},{"taxonomy":"post_tag","embeddable":true,"href":"https:\/\/ciiam.org\/en\/wp-json\/wp\/v2\/tags?post=13481"}],"curies":[{"name":"wp","href":"https:\/\/api.w.org\/{rel}","templated":true}]}}