{"id":13499,"date":"2022-04-25T14:36:51","date_gmt":"2022-04-25T14:36:51","guid":{"rendered":"https:\/\/ciiam.org\/?p=13499"},"modified":"2022-04-25T14:36:51","modified_gmt":"2022-04-25T14:36:51","slug":"jose-antonio-cainzos-fernandez-recibio-el-premio-ciamen-de-arbitraje-por-su-trayectoria-en-el-sector","status":"publish","type":"post","link":"https:\/\/ciiam.org\/en\/jose-antonio-cainzos-fernandez-recibio-el-premio-ciamen-de-arbitraje-por-su-trayectoria-en-el-sector\/","title":{"rendered":"&#8220;Jos\u00e9 Antonio Ca\u00ednzos Fern\u00e1ndez recibi\u00f3 el Premio CIAMEN de Arbitraje por su trayectoria en el sector&#8221;"},"content":{"rendered":"<p>\ud83d\udcf0\u00a0<a href=\"https:\/\/www.linkedin.com\/in\/ACoAADCZSlIBegV6FuVIATyBwPh3d_hK2hv2p-Q\" data-attribute-index=\"0\" data-entity-hovercard-id=\"urn:li:fs_miniProfile:ACoAADCZSlIBegV6FuVIATyBwPh3d_hK2hv2p-Q\" data-entity-type=\"MINI_PROFILE\">Jos\u00e9 Antonio Ca\u00ednzos Fern\u00e1ndez<\/a>, presidente de\u00a0<a href=\"https:\/\/www.linkedin.com\/company\/ciam-centro-internacional-arbitraje-madrid\/\" data-attribute-index=\"2\" data-entity-hovercard-id=\"urn:li:fs_miniCompany:37226932\" data-entity-type=\"MINI_COMPANY\">CIAM (Centro Internacional de Arbitraje de Madrid)\u00a0<\/a>, Premio CIAMEN de Arbitraje por su trayectoria en el sector.<\/p>\n<p><a href=\"https:\/\/www.linkedin.com\/company\/ciar-global\/\" data-attribute-index=\"4\" data-entity-hovercard-id=\"urn:li:fs_miniCompany:10556152\" data-entity-type=\"MINI_COMPANY\">CIAR Global<\/a>\u00a0entrevista al presidente de CIAM sobre la\u00a0actualidad y tendencias del arbitraje internacional.<\/p>\n<p>\u27a1\ufe0f Lee la <a href=\"https:\/\/ciarglobal.com\/jose-a-cainzos-premio-ciamen-de-arbitraje-por-su-trayectoria-profesional-y-personal\/\">entrevista completa<\/a>.<\/p>\n","protected":false},"excerpt":{"rendered":"<p>\ud83d\udcf0\u00a0Jos\u00e9 Antonio Ca\u00ednzos Fern\u00e1ndez, presidente de\u00a0CIAM (Centro Internacional de Arbitraje de Madrid)\u00a0, Premio CIAMEN de Arbitraje por su trayectoria en el sector. CIAR Global\u00a0entrevista al presidente de CIAM sobre la\u00a0actualidad y tendencias del arbitraje internacional. \u27a1\ufe0f Lee la entrevista completa.<\/p>\n","protected":false},"author":11,"featured_media":13500,"comment_status":"closed","ping_status":"open","sticky":false,"template":"","format":"standard","meta":{"footnotes":""},"categories":[17],"tags":[23,246,118,22,154,83],"class_list":["post-13499","post","type-post","status-publish","format-standard","has-post-thumbnail","hentry","category-actualidad","tag-arbitraje","tag-arbitraje-comercial","tag-arbitraje-internacional","tag-ciam","tag-espana","tag-madrid"],"yoast_head":"<!-- This site is optimized with the Yoast SEO plugin v27.3 - https:\/\/yoast.com\/product\/yoast-seo-wordpress\/ -->\n<title>&quot;Jos\u00e9 Antonio Ca\u00ednzos Fern\u00e1ndez recibi\u00f3 el Premio CIAMEN de Arbitraje por su trayectoria en el sector&quot; - CIIAM<\/title>\n<meta name=\"description\" content=\"&quot;Jos\u00e9 Antonio Ca\u00ednzos Fern\u00e1ndez recibi\u00f3 el Premio CIAMEN de Arbitraje por su trayectoria en el sector&quot;\" \/>\n<meta name=\"robots\" content=\"index, follow, max-snippet:-1, max-image-preview:large, max-video-preview:-1\" \/>\n<link rel=\"canonical\" href=\"https:\/\/ciiam.org\/en\/jose-antonio-cainzos-fernandez-recibio-el-premio-ciamen-de-arbitraje-por-su-trayectoria-en-el-sector\/\" \/>\n<meta property=\"og:locale\" content=\"en_US\" \/>\n<meta property=\"og:type\" content=\"article\" \/>\n<meta property=\"og:title\" content=\"&quot;Jos\u00e9 Antonio Ca\u00ednzos Fern\u00e1ndez recibi\u00f3 el Premio CIAMEN de Arbitraje por su trayectoria en el sector&quot; - CIIAM\" \/>\n<meta property=\"og:description\" content=\"&quot;Jos\u00e9 Antonio Ca\u00ednzos Fern\u00e1ndez recibi\u00f3 el Premio CIAMEN de Arbitraje por su trayectoria en el sector&quot;\" \/>\n<meta property=\"og:url\" content=\"https:\/\/ciiam.org\/en\/jose-antonio-cainzos-fernandez-recibio-el-premio-ciamen-de-arbitraje-por-su-trayectoria-en-el-sector\/\" \/>\n<meta property=\"og:site_name\" content=\"CIIAM\" \/>\n<meta property=\"article:published_time\" content=\"2022-04-25T14:36:51+00:00\" \/>\n<meta property=\"og:image\" content=\"https:\/\/ciiam.org\/wp-content\/uploads\/2022\/04\/1650895901629.jpg\" \/>\n\t<meta property=\"og:image:width\" content=\"800\" \/>\n\t<meta property=\"og:image:height\" content=\"401\" \/>\n\t<meta property=\"og:image:type\" content=\"image\/jpeg\" \/>\n<meta name=\"author\" content=\"InT14\" \/>\n<meta name=\"twitter:card\" content=\"summary_large_image\" \/>\n<meta name=\"twitter:label1\" content=\"Written by\" \/>\n\t<meta name=\"twitter:data1\" content=\"InT14\" \/>\n\t<meta name=\"twitter:label2\" content=\"Est. reading time\" \/>\n\t<meta name=\"twitter:data2\" content=\"1 minute\" \/>\n<script type=\"application\/ld+json\" class=\"yoast-schema-graph\">{\"@context\":\"https:\\\/\\\/schema.org\",\"@graph\":[{\"@type\":\"Article\",\"@id\":\"https:\\\/\\\/ciiam.org\\\/en\\\/jose-antonio-cainzos-fernandez-recibio-el-premio-ciamen-de-arbitraje-por-su-trayectoria-en-el-sector\\\/#article\",\"isPartOf\":{\"@id\":\"https:\\\/\\\/ciiam.org\\\/en\\\/jose-antonio-cainzos-fernandez-recibio-el-premio-ciamen-de-arbitraje-por-su-trayectoria-en-el-sector\\\/\"},\"author\":{\"name\":\"InT14\",\"@id\":\"https:\\\/\\\/ciiam.org\\\/en\\\/#\\\/schema\\\/person\\\/14817b46751305a4fa5962cf899af84b\"},\"headline\":\"&#8220;Jos\u00e9 Antonio Ca\u00ednzos Fern\u00e1ndez recibi\u00f3 el Premio CIAMEN de Arbitraje por su trayectoria en el sector&#8221;\",\"datePublished\":\"2022-04-25T14:36:51+00:00\",\"mainEntityOfPage\":{\"@id\":\"https:\\\/\\\/ciiam.org\\\/en\\\/jose-antonio-cainzos-fernandez-recibio-el-premio-ciamen-de-arbitraje-por-su-trayectoria-en-el-sector\\\/\"},\"wordCount\":62,\"publisher\":{\"@id\":\"https:\\\/\\\/ciiam.org\\\/en\\\/#organization\"},\"image\":{\"@id\":\"https:\\\/\\\/ciiam.org\\\/en\\\/jose-antonio-cainzos-fernandez-recibio-el-premio-ciamen-de-arbitraje-por-su-trayectoria-en-el-sector\\\/#primaryimage\"},\"thumbnailUrl\":\"https:\\\/\\\/ciiam.org\\\/wp-content\\\/uploads\\\/2022\\\/04\\\/1650895901629.jpg\",\"keywords\":[\"Arbitraje\",\"ARBITRAJE COMERCIAL\",\"ARBITRAJE INTERNACIONAL\",\"Ciam\",\"ESPA\u00d1A\",\"MADRID\"],\"articleSection\":[\"Actualidad\"],\"inLanguage\":\"en-US\"},{\"@type\":\"WebPage\",\"@id\":\"https:\\\/\\\/ciiam.org\\\/en\\\/jose-antonio-cainzos-fernandez-recibio-el-premio-ciamen-de-arbitraje-por-su-trayectoria-en-el-sector\\\/\",\"url\":\"https:\\\/\\\/ciiam.org\\\/en\\\/jose-antonio-cainzos-fernandez-recibio-el-premio-ciamen-de-arbitraje-por-su-trayectoria-en-el-sector\\\/\",\"name\":\"\\\"Jos\u00e9 Antonio Ca\u00ednzos Fern\u00e1ndez recibi\u00f3 el Premio CIAMEN de Arbitraje por su trayectoria en el sector\\\" - CIIAM\",\"isPartOf\":{\"@id\":\"https:\\\/\\\/ciiam.org\\\/en\\\/#website\"},\"primaryImageOfPage\":{\"@id\":\"https:\\\/\\\/ciiam.org\\\/en\\\/jose-antonio-cainzos-fernandez-recibio-el-premio-ciamen-de-arbitraje-por-su-trayectoria-en-el-sector\\\/#primaryimage\"},\"image\":{\"@id\":\"https:\\\/\\\/ciiam.org\\\/en\\\/jose-antonio-cainzos-fernandez-recibio-el-premio-ciamen-de-arbitraje-por-su-trayectoria-en-el-sector\\\/#primaryimage\"},\"thumbnailUrl\":\"https:\\\/\\\/ciiam.org\\\/wp-content\\\/uploads\\\/2022\\\/04\\\/1650895901629.jpg\",\"datePublished\":\"2022-04-25T14:36:51+00:00\",\"description\":\"\\\"Jos\u00e9 Antonio Ca\u00ednzos Fern\u00e1ndez recibi\u00f3 el Premio CIAMEN de Arbitraje por su trayectoria en el sector\\\"\",\"breadcrumb\":{\"@id\":\"https:\\\/\\\/ciiam.org\\\/en\\\/jose-antonio-cainzos-fernandez-recibio-el-premio-ciamen-de-arbitraje-por-su-trayectoria-en-el-sector\\\/#breadcrumb\"},\"inLanguage\":\"en-US\",\"potentialAction\":[{\"@type\":\"ReadAction\",\"target\":[\"https:\\\/\\\/ciiam.org\\\/en\\\/jose-antonio-cainzos-fernandez-recibio-el-premio-ciamen-de-arbitraje-por-su-trayectoria-en-el-sector\\\/\"]}]},{\"@type\":\"ImageObject\",\"inLanguage\":\"en-US\",\"@id\":\"https:\\\/\\\/ciiam.org\\\/en\\\/jose-antonio-cainzos-fernandez-recibio-el-premio-ciamen-de-arbitraje-por-su-trayectoria-en-el-sector\\\/#primaryimage\",\"url\":\"https:\\\/\\\/ciiam.org\\\/wp-content\\\/uploads\\\/2022\\\/04\\\/1650895901629.jpg\",\"contentUrl\":\"https:\\\/\\\/ciiam.org\\\/wp-content\\\/uploads\\\/2022\\\/04\\\/1650895901629.jpg\",\"width\":800,\"height\":401},{\"@type\":\"BreadcrumbList\",\"@id\":\"https:\\\/\\\/ciiam.org\\\/en\\\/jose-antonio-cainzos-fernandez-recibio-el-premio-ciamen-de-arbitraje-por-su-trayectoria-en-el-sector\\\/#breadcrumb\",\"itemListElement\":[{\"@type\":\"ListItem\",\"position\":1,\"name\":\"CIAM\",\"item\":\"https:\\\/\\\/ciiam.org\\\/en\\\/\"},{\"@type\":\"ListItem\",\"position\":2,\"name\":\"\u00abJos\u00e9 Antonio Ca\u00ednzos Fern\u00e1ndez recibi\u00f3 el Premio CIAMEN de Arbitraje por su trayectoria en el sector\u00bb\"}]},{\"@type\":\"WebSite\",\"@id\":\"https:\\\/\\\/ciiam.org\\\/en\\\/#website\",\"url\":\"https:\\\/\\\/ciiam.org\\\/en\\\/\",\"name\":\"CIIAM\",\"description\":\"Centro Internacional e Iberoamericano de Arbitraje de Madrid\",\"publisher\":{\"@id\":\"https:\\\/\\\/ciiam.org\\\/en\\\/#organization\"},\"potentialAction\":[{\"@type\":\"SearchAction\",\"target\":{\"@type\":\"EntryPoint\",\"urlTemplate\":\"https:\\\/\\\/ciiam.org\\\/en\\\/?s={search_term_string}\"},\"query-input\":{\"@type\":\"PropertyValueSpecification\",\"valueRequired\":true,\"valueName\":\"search_term_string\"}}],\"inLanguage\":\"en-US\"},{\"@type\":\"Organization\",\"@id\":\"https:\\\/\\\/ciiam.org\\\/en\\\/#organization\",\"name\":\"Centro Internacional e Iberoamericano de Arbitraje de Madrid\",\"alternateName\":\"CIIAM\",\"url\":\"https:\\\/\\\/ciiam.org\\\/en\\\/\",\"logo\":{\"@type\":\"ImageObject\",\"inLanguage\":\"en-US\",\"@id\":\"https:\\\/\\\/ciiam.org\\\/en\\\/#\\\/schema\\\/logo\\\/image\\\/\",\"url\":\"https:\\\/\\\/ciiam.org\\\/wp-content\\\/uploads\\\/2026\\\/01\\\/favicon.png\",\"contentUrl\":\"https:\\\/\\\/ciiam.org\\\/wp-content\\\/uploads\\\/2026\\\/01\\\/favicon.png\",\"width\":500,\"height\":500,\"caption\":\"Centro Internacional e Iberoamericano de Arbitraje de Madrid\"},\"image\":{\"@id\":\"https:\\\/\\\/ciiam.org\\\/en\\\/#\\\/schema\\\/logo\\\/image\\\/\"},\"sameAs\":[\"https:\\\/\\\/www.linkedin.com\\\/company\\\/ciam-centro-internacional-arbitraje-madrid?trk=d_public_post_image\",\"https:\\\/\\\/www.youtube.com\\\/channel\\\/UCU2OI7SAQFv5uXAZ4qO4ALg\"]},{\"@type\":\"Person\",\"@id\":\"https:\\\/\\\/ciiam.org\\\/en\\\/#\\\/schema\\\/person\\\/14817b46751305a4fa5962cf899af84b\",\"name\":\"InT14\",\"image\":{\"@type\":\"ImageObject\",\"inLanguage\":\"en-US\",\"@id\":\"https:\\\/\\\/secure.gravatar.com\\\/avatar\\\/a93675488aa469cbd1df43a10f7f83486d14b99e406b3c041ce80bfb1abe23bb?s=96&d=mm&r=g\",\"url\":\"https:\\\/\\\/secure.gravatar.com\\\/avatar\\\/a93675488aa469cbd1df43a10f7f83486d14b99e406b3c041ce80bfb1abe23bb?s=96&d=mm&r=g\",\"contentUrl\":\"https:\\\/\\\/secure.gravatar.com\\\/avatar\\\/a93675488aa469cbd1df43a10f7f83486d14b99e406b3c041ce80bfb1abe23bb?s=96&d=mm&r=g\",\"caption\":\"InT14\"},\"url\":\"https:\\\/\\\/ciiam.org\\\/en\\\/author\\\/14inter-cmma\\\/\"}]}<\/script>\n<!-- \/ Yoast SEO plugin. -->","yoast_head_json":{"title":"\"Jos\u00e9 Antonio Ca\u00ednzos Fern\u00e1ndez recibi\u00f3 el Premio CIAMEN de Arbitraje por su trayectoria en el sector\" - CIIAM","description":"\"Jos\u00e9 Antonio Ca\u00ednzos Fern\u00e1ndez recibi\u00f3 el Premio CIAMEN de Arbitraje por su trayectoria en el sector\"","robots":{"index":"index","follow":"follow","max-snippet":"max-snippet:-1","max-image-preview":"max-image-preview:large","max-video-preview":"max-video-preview:-1"},"canonical":"https:\/\/ciiam.org\/en\/jose-antonio-cainzos-fernandez-recibio-el-premio-ciamen-de-arbitraje-por-su-trayectoria-en-el-sector\/","og_locale":"en_US","og_type":"article","og_title":"\"Jos\u00e9 Antonio Ca\u00ednzos Fern\u00e1ndez recibi\u00f3 el Premio CIAMEN de Arbitraje por su trayectoria en el sector\" - CIIAM","og_description":"\"Jos\u00e9 Antonio Ca\u00ednzos Fern\u00e1ndez recibi\u00f3 el Premio CIAMEN de Arbitraje por su trayectoria en el sector\"","og_url":"https:\/\/ciiam.org\/en\/jose-antonio-cainzos-fernandez-recibio-el-premio-ciamen-de-arbitraje-por-su-trayectoria-en-el-sector\/","og_site_name":"CIIAM","article_published_time":"2022-04-25T14:36:51+00:00","og_image":[{"width":800,"height":401,"url":"https:\/\/ciiam.org\/wp-content\/uploads\/2022\/04\/1650895901629.jpg","type":"image\/jpeg"}],"author":"InT14","twitter_card":"summary_large_image","twitter_misc":{"Written by":"InT14","Est. reading time":"1 minute"},"schema":{"@context":"https:\/\/schema.org","@graph":[{"@type":"Article","@id":"https:\/\/ciiam.org\/en\/jose-antonio-cainzos-fernandez-recibio-el-premio-ciamen-de-arbitraje-por-su-trayectoria-en-el-sector\/#article","isPartOf":{"@id":"https:\/\/ciiam.org\/en\/jose-antonio-cainzos-fernandez-recibio-el-premio-ciamen-de-arbitraje-por-su-trayectoria-en-el-sector\/"},"author":{"name":"InT14","@id":"https:\/\/ciiam.org\/en\/#\/schema\/person\/14817b46751305a4fa5962cf899af84b"},"headline":"&#8220;Jos\u00e9 Antonio Ca\u00ednzos Fern\u00e1ndez recibi\u00f3 el Premio CIAMEN de Arbitraje por su trayectoria en el sector&#8221;","datePublished":"2022-04-25T14:36:51+00:00","mainEntityOfPage":{"@id":"https:\/\/ciiam.org\/en\/jose-antonio-cainzos-fernandez-recibio-el-premio-ciamen-de-arbitraje-por-su-trayectoria-en-el-sector\/"},"wordCount":62,"publisher":{"@id":"https:\/\/ciiam.org\/en\/#organization"},"image":{"@id":"https:\/\/ciiam.org\/en\/jose-antonio-cainzos-fernandez-recibio-el-premio-ciamen-de-arbitraje-por-su-trayectoria-en-el-sector\/#primaryimage"},"thumbnailUrl":"https:\/\/ciiam.org\/wp-content\/uploads\/2022\/04\/1650895901629.jpg","keywords":["Arbitraje","ARBITRAJE COMERCIAL","ARBITRAJE INTERNACIONAL","Ciam","ESPA\u00d1A","MADRID"],"articleSection":["Actualidad"],"inLanguage":"en-US"},{"@type":"WebPage","@id":"https:\/\/ciiam.org\/en\/jose-antonio-cainzos-fernandez-recibio-el-premio-ciamen-de-arbitraje-por-su-trayectoria-en-el-sector\/","url":"https:\/\/ciiam.org\/en\/jose-antonio-cainzos-fernandez-recibio-el-premio-ciamen-de-arbitraje-por-su-trayectoria-en-el-sector\/","name":"\"Jos\u00e9 Antonio Ca\u00ednzos Fern\u00e1ndez recibi\u00f3 el Premio CIAMEN de Arbitraje por su trayectoria en el sector\" - CIIAM","isPartOf":{"@id":"https:\/\/ciiam.org\/en\/#website"},"primaryImageOfPage":{"@id":"https:\/\/ciiam.org\/en\/jose-antonio-cainzos-fernandez-recibio-el-premio-ciamen-de-arbitraje-por-su-trayectoria-en-el-sector\/#primaryimage"},"image":{"@id":"https:\/\/ciiam.org\/en\/jose-antonio-cainzos-fernandez-recibio-el-premio-ciamen-de-arbitraje-por-su-trayectoria-en-el-sector\/#primaryimage"},"thumbnailUrl":"https:\/\/ciiam.org\/wp-content\/uploads\/2022\/04\/1650895901629.jpg","datePublished":"2022-04-25T14:36:51+00:00","description":"\"Jos\u00e9 Antonio Ca\u00ednzos Fern\u00e1ndez recibi\u00f3 el Premio CIAMEN de Arbitraje por su trayectoria en el sector\"","breadcrumb":{"@id":"https:\/\/ciiam.org\/en\/jose-antonio-cainzos-fernandez-recibio-el-premio-ciamen-de-arbitraje-por-su-trayectoria-en-el-sector\/#breadcrumb"},"inLanguage":"en-US","potentialAction":[{"@type":"ReadAction","target":["https:\/\/ciiam.org\/en\/jose-antonio-cainzos-fernandez-recibio-el-premio-ciamen-de-arbitraje-por-su-trayectoria-en-el-sector\/"]}]},{"@type":"ImageObject","inLanguage":"en-US","@id":"https:\/\/ciiam.org\/en\/jose-antonio-cainzos-fernandez-recibio-el-premio-ciamen-de-arbitraje-por-su-trayectoria-en-el-sector\/#primaryimage","url":"https:\/\/ciiam.org\/wp-content\/uploads\/2022\/04\/1650895901629.jpg","contentUrl":"https:\/\/ciiam.org\/wp-content\/uploads\/2022\/04\/1650895901629.jpg","width":800,"height":401},{"@type":"BreadcrumbList","@id":"https:\/\/ciiam.org\/en\/jose-antonio-cainzos-fernandez-recibio-el-premio-ciamen-de-arbitraje-por-su-trayectoria-en-el-sector\/#breadcrumb","itemListElement":[{"@type":"ListItem","position":1,"name":"CIAM","item":"https:\/\/ciiam.org\/en\/"},{"@type":"ListItem","position":2,"name":"\u00abJos\u00e9 Antonio Ca\u00ednzos Fern\u00e1ndez recibi\u00f3 el Premio CIAMEN de Arbitraje por su trayectoria en el sector\u00bb"}]},{"@type":"WebSite","@id":"https:\/\/ciiam.org\/en\/#website","url":"https:\/\/ciiam.org\/en\/","name":"CIIAM","description":"Centro Internacional e Iberoamericano de Arbitraje de Madrid","publisher":{"@id":"https:\/\/ciiam.org\/en\/#organization"},"potentialAction":[{"@type":"SearchAction","target":{"@type":"EntryPoint","urlTemplate":"https:\/\/ciiam.org\/en\/?s={search_term_string}"},"query-input":{"@type":"PropertyValueSpecification","valueRequired":true,"valueName":"search_term_string"}}],"inLanguage":"en-US"},{"@type":"Organization","@id":"https:\/\/ciiam.org\/en\/#organization","name":"Centro Internacional e Iberoamericano de Arbitraje de Madrid","alternateName":"CIIAM","url":"https:\/\/ciiam.org\/en\/","logo":{"@type":"ImageObject","inLanguage":"en-US","@id":"https:\/\/ciiam.org\/en\/#\/schema\/logo\/image\/","url":"https:\/\/ciiam.org\/wp-content\/uploads\/2026\/01\/favicon.png","contentUrl":"https:\/\/ciiam.org\/wp-content\/uploads\/2026\/01\/favicon.png","width":500,"height":500,"caption":"Centro Internacional e Iberoamericano de Arbitraje de Madrid"},"image":{"@id":"https:\/\/ciiam.org\/en\/#\/schema\/logo\/image\/"},"sameAs":["https:\/\/www.linkedin.com\/company\/ciam-centro-internacional-arbitraje-madrid?trk=d_public_post_image","https:\/\/www.youtube.com\/channel\/UCU2OI7SAQFv5uXAZ4qO4ALg"]},{"@type":"Person","@id":"https:\/\/ciiam.org\/en\/#\/schema\/person\/14817b46751305a4fa5962cf899af84b","name":"InT14","image":{"@type":"ImageObject","inLanguage":"en-US","@id":"https:\/\/secure.gravatar.com\/avatar\/a93675488aa469cbd1df43a10f7f83486d14b99e406b3c041ce80bfb1abe23bb?s=96&d=mm&r=g","url":"https:\/\/secure.gravatar.com\/avatar\/a93675488aa469cbd1df43a10f7f83486d14b99e406b3c041ce80bfb1abe23bb?s=96&d=mm&r=g","contentUrl":"https:\/\/secure.gravatar.com\/avatar\/a93675488aa469cbd1df43a10f7f83486d14b99e406b3c041ce80bfb1abe23bb?s=96&d=mm&r=g","caption":"InT14"},"url":"https:\/\/ciiam.org\/en\/author\/14inter-cmma\/"}]}},"_links":{"self":[{"href":"https:\/\/ciiam.org\/en\/wp-json\/wp\/v2\/posts\/13499","targetHints":{"allow":["GET"]}}],"collection":[{"href":"https:\/\/ciiam.org\/en\/wp-json\/wp\/v2\/posts"}],"about":[{"href":"https:\/\/ciiam.org\/en\/wp-json\/wp\/v2\/types\/post"}],"author":[{"embeddable":true,"href":"https:\/\/ciiam.org\/en\/wp-json\/wp\/v2\/users\/11"}],"replies":[{"embeddable":true,"href":"https:\/\/ciiam.org\/en\/wp-json\/wp\/v2\/comments?post=13499"}],"version-history":[{"count":0,"href":"https:\/\/ciiam.org\/en\/wp-json\/wp\/v2\/posts\/13499\/revisions"}],"wp:featuredmedia":[{"embeddable":true,"href":"https:\/\/ciiam.org\/en\/wp-json\/wp\/v2\/media\/13500"}],"wp:attachment":[{"href":"https:\/\/ciiam.org\/en\/wp-json\/wp\/v2\/media?parent=13499"}],"wp:term":[{"taxonomy":"category","embeddable":true,"href":"https:\/\/ciiam.org\/en\/wp-json\/wp\/v2\/categories?post=13499"},{"taxonomy":"post_tag","embeddable":true,"href":"https:\/\/ciiam.org\/en\/wp-json\/wp\/v2\/tags?post=13499"}],"curies":[{"name":"wp","href":"https:\/\/api.w.org\/{rel}","templated":true}]}}