{"id":14735,"date":"2022-06-07T09:14:47","date_gmt":"2022-06-07T09:14:47","guid":{"rendered":"https:\/\/ciiam.org\/?p=14735"},"modified":"2022-06-07T09:14:47","modified_gmt":"2022-06-07T09:14:47","slug":"melanie-riofrio-piche-formara-parte-del-claustro-de-la-nova-school-of-law-este-verano","status":"publish","type":"post","link":"https:\/\/ciiam.org\/en\/melanie-riofrio-piche-formara-parte-del-claustro-de-la-nova-school-of-law-este-verano\/","title":{"rendered":"&#8220;M\u00e9lanie Riofrio Pich\u00e9 formar\u00e1 parte del claustro de la NOVA School of Law este verano&#8221;"},"content":{"rendered":"<p>\u270f\ufe0f\ud83d\udcda\u00a0\u201cNOVA Summer School on International Arbitration\u201d<\/p>\n<p><a href=\"https:\/\/www.linkedin.com\/in\/ACoAABPwzBwBgLA2zpchwv65xbhDxTqsQlkEeRo\" data-attribute-index=\"0\" data-entity-hovercard-id=\"urn:li:fs_miniProfile:ACoAABPwzBwBgLA2zpchwv65xbhDxTqsQlkEeRo\" data-entity-type=\"MINI_PROFILE\">M\u00e9lanie Riofrio Pich\u00e9<\/a>, secretaria general de\u00a0<a tabindex=\"-1\" href=\"https:\/\/www.linkedin.com\/company\/ciam-centro-internacional-arbitraje-madrid\/\" data-attribute-index=\"2\" data-entity-hovercard-id=\"urn:li:fs_miniCompany:37226932\" data-entity-type=\"MINI_COMPANY\" aria-expanded=\"false\" aria-controls=\"undefined\">CIAM (Centro Internacional de Arbitraje de Madrid)\u00a0<\/a>, formar\u00e1 parte del claustro de la\u00a0<a href=\"https:\/\/www.linkedin.com\/company\/novalaw\/\" data-attribute-index=\"4\" data-entity-hovercard-id=\"urn:li:fs_miniCompany:11155774\" data-entity-type=\"MINI_COMPANY\">NOVA School of Law<\/a>\u00a0este verano. En concreto, expondr\u00e1 sobre el tema \u201cLaudo arbitral: Redacci\u00f3n, impugnaci\u00f3n y ejecuci\u00f3n\u201d, junto con\u00a0<a href=\"https:\/\/www.linkedin.com\/in\/ACoAAAAaJjEB48AwDOGw_6CRoo3kltiolSEmBpA\" data-attribute-index=\"6\" data-entity-hovercard-id=\"urn:li:fs_miniProfile:ACoAAAAaJjEB48AwDOGw_6CRoo3kltiolSEmBpA\" data-entity-type=\"MINI_PROFILE\">Jos\u00e9-Miguel J\u00fadice<\/a>, \u00e1rbitro independiente; y\u00a0<a href=\"https:\/\/www.linkedin.com\/in\/ACoAAAQsyHMBBMFzAkd9d1MKw7Khwio0buyFTbk\" data-attribute-index=\"8\" data-entity-hovercard-id=\"urn:li:fs_miniProfile:ACoAAAQsyHMBBMFzAkd9d1MKw7Khwio0buyFTbk\" data-entity-type=\"MINI_PROFILE\">Joana Galv\u00e3o Teles<\/a>, asociada a direcci\u00f3n de\u00a0<a tabindex=\"-1\" href=\"https:\/\/www.linkedin.com\/company\/morais-leitao-galvao-teles-soares-da-silva-&amp;-associados\/?lipi=urn%3Ali%3Apage%3Ad_flagship3_detail_base%3BFoNcvrAeSMGlEeJoPUvDAQ%3D%3D\" data-attribute-index=\"10\" data-entity-hovercard-id=\"urn:li:fs_miniCompany:83367\" data-entity-type=\"MINI_COMPANY\" aria-expanded=\"false\" aria-controls=\"undefined\" data-artdeco-is-focused=\"true\" data-ntt-old-href=\"https:\/\/www.linkedin.com\/company\/morais-leitao-galvao-teles-soares-da-silva-&amp;-associados\/\">Morais Leit\u00e3o, Galv\u00e3o Teles, Soares da Silva &amp; Associados | Morais Leit\u00e3o<\/a>.<\/p>\n<p>Con otros profesores y profesionales del sector, desglosar\u00e1n las bases del arbitraje internacional en la primera edici\u00f3n de la escuela de verano NOVA Summer School on International Arbitration. Entre otros,\u00a0<a href=\"https:\/\/www.linkedin.com\/in\/ACoAAA8tj-IB0wq7UooJFw9EYjj6ImzyP41s9lE\" data-attribute-index=\"12\" data-entity-hovercard-id=\"urn:li:fs_miniProfile:ACoAAA8tj-IB0wq7UooJFw9EYjj6ImzyP41s9lE\" data-entity-type=\"MINI_PROFILE\">Gary Born<\/a>, socio de\u00a0<a href=\"https:\/\/www.linkedin.com\/company\/wilmerhale\/\" data-attribute-index=\"14\" data-entity-hovercard-id=\"urn:li:fs_miniCompany:5999\" data-entity-type=\"MINI_COMPANY\">WilmerHale<\/a>;\u00a0<a href=\"https:\/\/www.linkedin.com\/in\/ACoAAAkJSrMB3Sg4MJmcdDXdjGB6WAOFlEf1TxY\" data-attribute-index=\"16\" data-entity-hovercard-id=\"urn:li:fs_miniProfile:ACoAAAkJSrMB3Sg4MJmcdDXdjGB6WAOFlEf1TxY\" data-entity-type=\"MINI_PROFILE\">Ina Popova<\/a>, socia de\u00a0<a href=\"https:\/\/www.linkedin.com\/company\/debevoise\/\" data-attribute-index=\"18\" data-entity-hovercard-id=\"urn:li:fs_miniCompany:8354\" data-entity-type=\"MINI_COMPANY\">Debevoise &amp; Plimpton<\/a>;\u00a0<a href=\"https:\/\/www.linkedin.com\/in\/ACoAAAaLv3oBXeF1orBp74GG48CHtitGWByO7aM\" data-attribute-index=\"20\" data-entity-hovercard-id=\"urn:li:fs_miniProfile:ACoAAAaLv3oBXeF1orBp74GG48CHtitGWByO7aM\" data-entity-type=\"MINI_PROFILE\">Franco Ferrari<\/a>, profesor de Derecho de la\u00a0<a href=\"https:\/\/www.linkedin.com\/company\/new-york-university-school-of-law\/\" data-attribute-index=\"22\" data-entity-hovercard-id=\"urn:li:fs_miniCompany:15099654\" data-entity-type=\"MINI_COMPANY\">New York University School of Law<\/a>;\u00a0<a href=\"https:\/\/www.linkedin.com\/in\/ACoAAAur6qUBRJqifNWQTE4v6x0VKnNW_2pBmLo\" data-attribute-index=\"24\" data-entity-hovercard-id=\"urn:li:fs_miniProfile:ACoAAAur6qUBRJqifNWQTE4v6x0VKnNW_2pBmLo\" data-entity-type=\"MINI_PROFILE\">Elena Guti\u00e9rrez Garc\u00eda de Cort\u00e1zar<\/a>, socia fundadora de\u00a0<a href=\"https:\/\/www.linkedin.com\/company\/mgc-arbitration\/\" data-attribute-index=\"26\" data-entity-hovercard-id=\"urn:li:fs_miniCompany:76603319\" data-entity-type=\"MINI_COMPANY\">MGC Arbitration<\/a>;\u00a0<a href=\"https:\/\/www.linkedin.com\/in\/ACoAAAMi2jUBt2V2m0t7UlbvsWUfYXluJjU4D1Q\" data-attribute-index=\"28\" data-entity-hovercard-id=\"urn:li:fs_miniProfile:ACoAAAMi2jUBt2V2m0t7UlbvsWUfYXluJjU4D1Q\" data-entity-type=\"MINI_PROFILE\">Georgios Petrochilos QC<\/a>, socio de\u00a0<a href=\"https:\/\/www.linkedin.com\/company\/three-crowns-llp\/\" data-attribute-index=\"30\" data-entity-hovercard-id=\"urn:li:fs_miniCompany:7258422\" data-entity-type=\"MINI_COMPANY\">Three Crowns LLP<\/a>;\u00a0<a href=\"https:\/\/www.linkedin.com\/in\/ACoAAADV44kB4Wn_LJR8uvGj88dsLXjE7dW_GDo\" data-attribute-index=\"32\" data-entity-hovercard-id=\"urn:li:fs_miniProfile:ACoAAADV44kB4Wn_LJR8uvGj88dsLXjE7dW_GDo\" data-entity-type=\"MINI_PROFILE\">Patricia Saiz<\/a>, profesora de Arbitraje Internacional y directora de Relaciones Internacionales en\u00a0<a href=\"https:\/\/www.linkedin.com\/company\/esade\/\" data-attribute-index=\"34\" data-entity-hovercard-id=\"urn:li:fs_miniCompany:163678\" data-entity-type=\"MINI_COMPANY\">Esade<\/a>;\u00a0y\u00a0<a href=\"https:\/\/www.linkedin.com\/in\/ACoAABbcO5EBC1Lw5Ke0RLlppwnkdeFj6FphE_Q\" data-attribute-index=\"36\" data-entity-hovercard-id=\"urn:li:fs_miniProfile:ACoAABbcO5EBC1Lw5Ke0RLlppwnkdeFj6FphE_Q\" data-entity-type=\"MINI_PROFILE\">Mariana Fran\u00e7a Gouveia<\/a>, socia de\u00a0<a href=\"https:\/\/www.linkedin.com\/company\/plmj\/\" data-attribute-index=\"38\" data-entity-hovercard-id=\"urn:li:fs_miniCompany:25043\" data-entity-type=\"MINI_COMPANY\">PLMJ<\/a>, tambi\u00e9n formar\u00e1n parte del profesorado.<\/p>\n<p>\u27a1\ufe0f\u00a0<a href=\"https:\/\/novalaw.unl.pt\/en\/nova-summer-school-international-arbitration\/\">Inscr\u00edbete<\/a><br \/>\n\ud83d\udcc6\u00a0Del 11 al 16 de julio de 2022<br \/>\n\ud83d\udccd\u00a0Lisboa, Portugal<\/p>\n","protected":false},"excerpt":{"rendered":"<p>\u270f\ufe0f\ud83d\udcda\u00a0\u201cNOVA Summer School on International Arbitration\u201d M\u00e9lanie Riofrio Pich\u00e9, secretaria general de\u00a0CIAM (Centro Internacional de Arbitraje de Madrid)\u00a0, formar\u00e1 parte del claustro de la\u00a0NOVA School of Law\u00a0este verano. En concreto, expondr\u00e1 sobre el tema \u201cLaudo arbitral: Redacci\u00f3n, impugnaci\u00f3n y ejecuci\u00f3n\u201d, junto con\u00a0Jos\u00e9-Miguel J\u00fadice, \u00e1rbitro independiente; y\u00a0Joana Galv\u00e3o Teles, asociada a direcci\u00f3n de\u00a0Morais Leit\u00e3o, Galv\u00e3o Teles, [&hellip;]<\/p>\n","protected":false},"author":11,"featured_media":14736,"comment_status":"closed","ping_status":"open","sticky":false,"template":"","format":"standard","meta":{"footnotes":""},"categories":[17],"tags":[23,22,315],"class_list":["post-14735","post","type-post","status-publish","format-standard","has-post-thumbnail","hentry","category-actualidad","tag-arbitraje","tag-ciam","tag-nova"],"yoast_head":"<!-- This site is optimized with the Yoast SEO plugin v27.3 - https:\/\/yoast.com\/product\/yoast-seo-wordpress\/ -->\n<title>&quot;M\u00e9lanie Riofrio Pich\u00e9 formar\u00e1 parte del claustro de la NOVA School of Law este verano&quot; - CIIAM<\/title>\n<meta name=\"description\" content=\"&quot;M\u00e9lanie Riofrio Pich\u00e9 formar\u00e1 parte del claustro de la NOVA School of Law este verano&quot;\" \/>\n<meta name=\"robots\" content=\"index, follow, max-snippet:-1, max-image-preview:large, max-video-preview:-1\" \/>\n<link rel=\"canonical\" href=\"https:\/\/ciiam.org\/en\/melanie-riofrio-piche-formara-parte-del-claustro-de-la-nova-school-of-law-este-verano\/\" \/>\n<meta property=\"og:locale\" content=\"en_US\" \/>\n<meta property=\"og:type\" content=\"article\" \/>\n<meta property=\"og:title\" content=\"&quot;M\u00e9lanie Riofrio Pich\u00e9 formar\u00e1 parte del claustro de la NOVA School of Law este verano&quot; - CIIAM\" \/>\n<meta property=\"og:description\" content=\"&quot;M\u00e9lanie Riofrio Pich\u00e9 formar\u00e1 parte del claustro de la NOVA School of Law este verano&quot;\" \/>\n<meta property=\"og:url\" content=\"https:\/\/ciiam.org\/en\/melanie-riofrio-piche-formara-parte-del-claustro-de-la-nova-school-of-law-este-verano\/\" \/>\n<meta property=\"og:site_name\" content=\"CIIAM\" \/>\n<meta property=\"article:published_time\" content=\"2022-06-07T09:14:47+00:00\" \/>\n<meta property=\"og:image\" content=\"https:\/\/ciiam.org\/wp-content\/uploads\/2022\/06\/1654590828570.jpg\" \/>\n\t<meta property=\"og:image:width\" content=\"320\" \/>\n\t<meta property=\"og:image:height\" content=\"200\" \/>\n\t<meta property=\"og:image:type\" content=\"image\/jpeg\" \/>\n<meta name=\"author\" content=\"InT14\" \/>\n<meta name=\"twitter:card\" content=\"summary_large_image\" \/>\n<meta name=\"twitter:label1\" content=\"Written by\" \/>\n\t<meta name=\"twitter:data1\" content=\"InT14\" \/>\n\t<meta name=\"twitter:label2\" content=\"Est. reading time\" \/>\n\t<meta name=\"twitter:data2\" content=\"1 minute\" \/>\n<script type=\"application\/ld+json\" class=\"yoast-schema-graph\">{\"@context\":\"https:\\\/\\\/schema.org\",\"@graph\":[{\"@type\":\"Article\",\"@id\":\"https:\\\/\\\/ciiam.org\\\/en\\\/melanie-riofrio-piche-formara-parte-del-claustro-de-la-nova-school-of-law-este-verano\\\/#article\",\"isPartOf\":{\"@id\":\"https:\\\/\\\/ciiam.org\\\/en\\\/melanie-riofrio-piche-formara-parte-del-claustro-de-la-nova-school-of-law-este-verano\\\/\"},\"author\":{\"name\":\"InT14\",\"@id\":\"https:\\\/\\\/ciiam.org\\\/en\\\/#\\\/schema\\\/person\\\/14817b46751305a4fa5962cf899af84b\"},\"headline\":\"&#8220;M\u00e9lanie Riofrio Pich\u00e9 formar\u00e1 parte del claustro de la NOVA School of Law este verano&#8221;\",\"datePublished\":\"2022-06-07T09:14:47+00:00\",\"mainEntityOfPage\":{\"@id\":\"https:\\\/\\\/ciiam.org\\\/en\\\/melanie-riofrio-piche-formara-parte-del-claustro-de-la-nova-school-of-law-este-verano\\\/\"},\"wordCount\":210,\"publisher\":{\"@id\":\"https:\\\/\\\/ciiam.org\\\/en\\\/#organization\"},\"image\":{\"@id\":\"https:\\\/\\\/ciiam.org\\\/en\\\/melanie-riofrio-piche-formara-parte-del-claustro-de-la-nova-school-of-law-este-verano\\\/#primaryimage\"},\"thumbnailUrl\":\"https:\\\/\\\/ciiam.org\\\/wp-content\\\/uploads\\\/2022\\\/06\\\/1654590828570.jpg\",\"keywords\":[\"Arbitraje\",\"Ciam\",\"Nova\"],\"articleSection\":[\"Actualidad\"],\"inLanguage\":\"en-US\"},{\"@type\":\"WebPage\",\"@id\":\"https:\\\/\\\/ciiam.org\\\/en\\\/melanie-riofrio-piche-formara-parte-del-claustro-de-la-nova-school-of-law-este-verano\\\/\",\"url\":\"https:\\\/\\\/ciiam.org\\\/en\\\/melanie-riofrio-piche-formara-parte-del-claustro-de-la-nova-school-of-law-este-verano\\\/\",\"name\":\"\\\"M\u00e9lanie Riofrio Pich\u00e9 formar\u00e1 parte del claustro de la NOVA School of Law este verano\\\" - CIIAM\",\"isPartOf\":{\"@id\":\"https:\\\/\\\/ciiam.org\\\/en\\\/#website\"},\"primaryImageOfPage\":{\"@id\":\"https:\\\/\\\/ciiam.org\\\/en\\\/melanie-riofrio-piche-formara-parte-del-claustro-de-la-nova-school-of-law-este-verano\\\/#primaryimage\"},\"image\":{\"@id\":\"https:\\\/\\\/ciiam.org\\\/en\\\/melanie-riofrio-piche-formara-parte-del-claustro-de-la-nova-school-of-law-este-verano\\\/#primaryimage\"},\"thumbnailUrl\":\"https:\\\/\\\/ciiam.org\\\/wp-content\\\/uploads\\\/2022\\\/06\\\/1654590828570.jpg\",\"datePublished\":\"2022-06-07T09:14:47+00:00\",\"description\":\"\\\"M\u00e9lanie Riofrio Pich\u00e9 formar\u00e1 parte del claustro de la NOVA School of Law este verano\\\"\",\"breadcrumb\":{\"@id\":\"https:\\\/\\\/ciiam.org\\\/en\\\/melanie-riofrio-piche-formara-parte-del-claustro-de-la-nova-school-of-law-este-verano\\\/#breadcrumb\"},\"inLanguage\":\"en-US\",\"potentialAction\":[{\"@type\":\"ReadAction\",\"target\":[\"https:\\\/\\\/ciiam.org\\\/en\\\/melanie-riofrio-piche-formara-parte-del-claustro-de-la-nova-school-of-law-este-verano\\\/\"]}]},{\"@type\":\"ImageObject\",\"inLanguage\":\"en-US\",\"@id\":\"https:\\\/\\\/ciiam.org\\\/en\\\/melanie-riofrio-piche-formara-parte-del-claustro-de-la-nova-school-of-law-este-verano\\\/#primaryimage\",\"url\":\"https:\\\/\\\/ciiam.org\\\/wp-content\\\/uploads\\\/2022\\\/06\\\/1654590828570.jpg\",\"contentUrl\":\"https:\\\/\\\/ciiam.org\\\/wp-content\\\/uploads\\\/2022\\\/06\\\/1654590828570.jpg\",\"width\":320,\"height\":200},{\"@type\":\"BreadcrumbList\",\"@id\":\"https:\\\/\\\/ciiam.org\\\/en\\\/melanie-riofrio-piche-formara-parte-del-claustro-de-la-nova-school-of-law-este-verano\\\/#breadcrumb\",\"itemListElement\":[{\"@type\":\"ListItem\",\"position\":1,\"name\":\"CIAM\",\"item\":\"https:\\\/\\\/ciiam.org\\\/en\\\/\"},{\"@type\":\"ListItem\",\"position\":2,\"name\":\"\u00abM\u00e9lanie Riofrio Pich\u00e9 formar\u00e1 parte del claustro de la NOVA School of Law este verano\u00bb\"}]},{\"@type\":\"WebSite\",\"@id\":\"https:\\\/\\\/ciiam.org\\\/en\\\/#website\",\"url\":\"https:\\\/\\\/ciiam.org\\\/en\\\/\",\"name\":\"CIIAM\",\"description\":\"Centro Internacional e Iberoamericano de Arbitraje de Madrid\",\"publisher\":{\"@id\":\"https:\\\/\\\/ciiam.org\\\/en\\\/#organization\"},\"potentialAction\":[{\"@type\":\"SearchAction\",\"target\":{\"@type\":\"EntryPoint\",\"urlTemplate\":\"https:\\\/\\\/ciiam.org\\\/en\\\/?s={search_term_string}\"},\"query-input\":{\"@type\":\"PropertyValueSpecification\",\"valueRequired\":true,\"valueName\":\"search_term_string\"}}],\"inLanguage\":\"en-US\"},{\"@type\":\"Organization\",\"@id\":\"https:\\\/\\\/ciiam.org\\\/en\\\/#organization\",\"name\":\"Centro Internacional e Iberoamericano de Arbitraje de Madrid\",\"alternateName\":\"CIIAM\",\"url\":\"https:\\\/\\\/ciiam.org\\\/en\\\/\",\"logo\":{\"@type\":\"ImageObject\",\"inLanguage\":\"en-US\",\"@id\":\"https:\\\/\\\/ciiam.org\\\/en\\\/#\\\/schema\\\/logo\\\/image\\\/\",\"url\":\"https:\\\/\\\/ciiam.org\\\/wp-content\\\/uploads\\\/2026\\\/01\\\/favicon.png\",\"contentUrl\":\"https:\\\/\\\/ciiam.org\\\/wp-content\\\/uploads\\\/2026\\\/01\\\/favicon.png\",\"width\":500,\"height\":500,\"caption\":\"Centro Internacional e Iberoamericano de Arbitraje de Madrid\"},\"image\":{\"@id\":\"https:\\\/\\\/ciiam.org\\\/en\\\/#\\\/schema\\\/logo\\\/image\\\/\"},\"sameAs\":[\"https:\\\/\\\/www.linkedin.com\\\/company\\\/ciam-centro-internacional-arbitraje-madrid?trk=d_public_post_image\",\"https:\\\/\\\/www.youtube.com\\\/channel\\\/UCU2OI7SAQFv5uXAZ4qO4ALg\"]},{\"@type\":\"Person\",\"@id\":\"https:\\\/\\\/ciiam.org\\\/en\\\/#\\\/schema\\\/person\\\/14817b46751305a4fa5962cf899af84b\",\"name\":\"InT14\",\"image\":{\"@type\":\"ImageObject\",\"inLanguage\":\"en-US\",\"@id\":\"https:\\\/\\\/secure.gravatar.com\\\/avatar\\\/a93675488aa469cbd1df43a10f7f83486d14b99e406b3c041ce80bfb1abe23bb?s=96&d=mm&r=g\",\"url\":\"https:\\\/\\\/secure.gravatar.com\\\/avatar\\\/a93675488aa469cbd1df43a10f7f83486d14b99e406b3c041ce80bfb1abe23bb?s=96&d=mm&r=g\",\"contentUrl\":\"https:\\\/\\\/secure.gravatar.com\\\/avatar\\\/a93675488aa469cbd1df43a10f7f83486d14b99e406b3c041ce80bfb1abe23bb?s=96&d=mm&r=g\",\"caption\":\"InT14\"},\"url\":\"https:\\\/\\\/ciiam.org\\\/en\\\/author\\\/14inter-cmma\\\/\"}]}<\/script>\n<!-- \/ Yoast SEO plugin. -->","yoast_head_json":{"title":"\"M\u00e9lanie Riofrio Pich\u00e9 formar\u00e1 parte del claustro de la NOVA School of Law este verano\" - CIIAM","description":"\"M\u00e9lanie Riofrio Pich\u00e9 formar\u00e1 parte del claustro de la NOVA School of Law este verano\"","robots":{"index":"index","follow":"follow","max-snippet":"max-snippet:-1","max-image-preview":"max-image-preview:large","max-video-preview":"max-video-preview:-1"},"canonical":"https:\/\/ciiam.org\/en\/melanie-riofrio-piche-formara-parte-del-claustro-de-la-nova-school-of-law-este-verano\/","og_locale":"en_US","og_type":"article","og_title":"\"M\u00e9lanie Riofrio Pich\u00e9 formar\u00e1 parte del claustro de la NOVA School of Law este verano\" - CIIAM","og_description":"\"M\u00e9lanie Riofrio Pich\u00e9 formar\u00e1 parte del claustro de la NOVA School of Law este verano\"","og_url":"https:\/\/ciiam.org\/en\/melanie-riofrio-piche-formara-parte-del-claustro-de-la-nova-school-of-law-este-verano\/","og_site_name":"CIIAM","article_published_time":"2022-06-07T09:14:47+00:00","og_image":[{"width":320,"height":200,"url":"https:\/\/ciiam.org\/wp-content\/uploads\/2022\/06\/1654590828570.jpg","type":"image\/jpeg"}],"author":"InT14","twitter_card":"summary_large_image","twitter_misc":{"Written by":"InT14","Est. reading time":"1 minute"},"schema":{"@context":"https:\/\/schema.org","@graph":[{"@type":"Article","@id":"https:\/\/ciiam.org\/en\/melanie-riofrio-piche-formara-parte-del-claustro-de-la-nova-school-of-law-este-verano\/#article","isPartOf":{"@id":"https:\/\/ciiam.org\/en\/melanie-riofrio-piche-formara-parte-del-claustro-de-la-nova-school-of-law-este-verano\/"},"author":{"name":"InT14","@id":"https:\/\/ciiam.org\/en\/#\/schema\/person\/14817b46751305a4fa5962cf899af84b"},"headline":"&#8220;M\u00e9lanie Riofrio Pich\u00e9 formar\u00e1 parte del claustro de la NOVA School of Law este verano&#8221;","datePublished":"2022-06-07T09:14:47+00:00","mainEntityOfPage":{"@id":"https:\/\/ciiam.org\/en\/melanie-riofrio-piche-formara-parte-del-claustro-de-la-nova-school-of-law-este-verano\/"},"wordCount":210,"publisher":{"@id":"https:\/\/ciiam.org\/en\/#organization"},"image":{"@id":"https:\/\/ciiam.org\/en\/melanie-riofrio-piche-formara-parte-del-claustro-de-la-nova-school-of-law-este-verano\/#primaryimage"},"thumbnailUrl":"https:\/\/ciiam.org\/wp-content\/uploads\/2022\/06\/1654590828570.jpg","keywords":["Arbitraje","Ciam","Nova"],"articleSection":["Actualidad"],"inLanguage":"en-US"},{"@type":"WebPage","@id":"https:\/\/ciiam.org\/en\/melanie-riofrio-piche-formara-parte-del-claustro-de-la-nova-school-of-law-este-verano\/","url":"https:\/\/ciiam.org\/en\/melanie-riofrio-piche-formara-parte-del-claustro-de-la-nova-school-of-law-este-verano\/","name":"\"M\u00e9lanie Riofrio Pich\u00e9 formar\u00e1 parte del claustro de la NOVA School of Law este verano\" - CIIAM","isPartOf":{"@id":"https:\/\/ciiam.org\/en\/#website"},"primaryImageOfPage":{"@id":"https:\/\/ciiam.org\/en\/melanie-riofrio-piche-formara-parte-del-claustro-de-la-nova-school-of-law-este-verano\/#primaryimage"},"image":{"@id":"https:\/\/ciiam.org\/en\/melanie-riofrio-piche-formara-parte-del-claustro-de-la-nova-school-of-law-este-verano\/#primaryimage"},"thumbnailUrl":"https:\/\/ciiam.org\/wp-content\/uploads\/2022\/06\/1654590828570.jpg","datePublished":"2022-06-07T09:14:47+00:00","description":"\"M\u00e9lanie Riofrio Pich\u00e9 formar\u00e1 parte del claustro de la NOVA School of Law este verano\"","breadcrumb":{"@id":"https:\/\/ciiam.org\/en\/melanie-riofrio-piche-formara-parte-del-claustro-de-la-nova-school-of-law-este-verano\/#breadcrumb"},"inLanguage":"en-US","potentialAction":[{"@type":"ReadAction","target":["https:\/\/ciiam.org\/en\/melanie-riofrio-piche-formara-parte-del-claustro-de-la-nova-school-of-law-este-verano\/"]}]},{"@type":"ImageObject","inLanguage":"en-US","@id":"https:\/\/ciiam.org\/en\/melanie-riofrio-piche-formara-parte-del-claustro-de-la-nova-school-of-law-este-verano\/#primaryimage","url":"https:\/\/ciiam.org\/wp-content\/uploads\/2022\/06\/1654590828570.jpg","contentUrl":"https:\/\/ciiam.org\/wp-content\/uploads\/2022\/06\/1654590828570.jpg","width":320,"height":200},{"@type":"BreadcrumbList","@id":"https:\/\/ciiam.org\/en\/melanie-riofrio-piche-formara-parte-del-claustro-de-la-nova-school-of-law-este-verano\/#breadcrumb","itemListElement":[{"@type":"ListItem","position":1,"name":"CIAM","item":"https:\/\/ciiam.org\/en\/"},{"@type":"ListItem","position":2,"name":"\u00abM\u00e9lanie Riofrio Pich\u00e9 formar\u00e1 parte del claustro de la NOVA School of Law este verano\u00bb"}]},{"@type":"WebSite","@id":"https:\/\/ciiam.org\/en\/#website","url":"https:\/\/ciiam.org\/en\/","name":"CIIAM","description":"Centro Internacional e Iberoamericano de Arbitraje de Madrid","publisher":{"@id":"https:\/\/ciiam.org\/en\/#organization"},"potentialAction":[{"@type":"SearchAction","target":{"@type":"EntryPoint","urlTemplate":"https:\/\/ciiam.org\/en\/?s={search_term_string}"},"query-input":{"@type":"PropertyValueSpecification","valueRequired":true,"valueName":"search_term_string"}}],"inLanguage":"en-US"},{"@type":"Organization","@id":"https:\/\/ciiam.org\/en\/#organization","name":"Centro Internacional e Iberoamericano de Arbitraje de Madrid","alternateName":"CIIAM","url":"https:\/\/ciiam.org\/en\/","logo":{"@type":"ImageObject","inLanguage":"en-US","@id":"https:\/\/ciiam.org\/en\/#\/schema\/logo\/image\/","url":"https:\/\/ciiam.org\/wp-content\/uploads\/2026\/01\/favicon.png","contentUrl":"https:\/\/ciiam.org\/wp-content\/uploads\/2026\/01\/favicon.png","width":500,"height":500,"caption":"Centro Internacional e Iberoamericano de Arbitraje de Madrid"},"image":{"@id":"https:\/\/ciiam.org\/en\/#\/schema\/logo\/image\/"},"sameAs":["https:\/\/www.linkedin.com\/company\/ciam-centro-internacional-arbitraje-madrid?trk=d_public_post_image","https:\/\/www.youtube.com\/channel\/UCU2OI7SAQFv5uXAZ4qO4ALg"]},{"@type":"Person","@id":"https:\/\/ciiam.org\/en\/#\/schema\/person\/14817b46751305a4fa5962cf899af84b","name":"InT14","image":{"@type":"ImageObject","inLanguage":"en-US","@id":"https:\/\/secure.gravatar.com\/avatar\/a93675488aa469cbd1df43a10f7f83486d14b99e406b3c041ce80bfb1abe23bb?s=96&d=mm&r=g","url":"https:\/\/secure.gravatar.com\/avatar\/a93675488aa469cbd1df43a10f7f83486d14b99e406b3c041ce80bfb1abe23bb?s=96&d=mm&r=g","contentUrl":"https:\/\/secure.gravatar.com\/avatar\/a93675488aa469cbd1df43a10f7f83486d14b99e406b3c041ce80bfb1abe23bb?s=96&d=mm&r=g","caption":"InT14"},"url":"https:\/\/ciiam.org\/en\/author\/14inter-cmma\/"}]}},"_links":{"self":[{"href":"https:\/\/ciiam.org\/en\/wp-json\/wp\/v2\/posts\/14735","targetHints":{"allow":["GET"]}}],"collection":[{"href":"https:\/\/ciiam.org\/en\/wp-json\/wp\/v2\/posts"}],"about":[{"href":"https:\/\/ciiam.org\/en\/wp-json\/wp\/v2\/types\/post"}],"author":[{"embeddable":true,"href":"https:\/\/ciiam.org\/en\/wp-json\/wp\/v2\/users\/11"}],"replies":[{"embeddable":true,"href":"https:\/\/ciiam.org\/en\/wp-json\/wp\/v2\/comments?post=14735"}],"version-history":[{"count":0,"href":"https:\/\/ciiam.org\/en\/wp-json\/wp\/v2\/posts\/14735\/revisions"}],"wp:featuredmedia":[{"embeddable":true,"href":"https:\/\/ciiam.org\/en\/wp-json\/wp\/v2\/media\/14736"}],"wp:attachment":[{"href":"https:\/\/ciiam.org\/en\/wp-json\/wp\/v2\/media?parent=14735"}],"wp:term":[{"taxonomy":"category","embeddable":true,"href":"https:\/\/ciiam.org\/en\/wp-json\/wp\/v2\/categories?post=14735"},{"taxonomy":"post_tag","embeddable":true,"href":"https:\/\/ciiam.org\/en\/wp-json\/wp\/v2\/tags?post=14735"}],"curies":[{"name":"wp","href":"https:\/\/api.w.org\/{rel}","templated":true}]}}