{"id":14948,"date":"2022-06-23T15:37:19","date_gmt":"2022-06-23T15:37:19","guid":{"rendered":"https:\/\/ciiam.org\/?p=14948"},"modified":"2022-09-16T12:19:58","modified_gmt":"2022-09-16T12:19:58","slug":"ciam-hizo-entrega-de-un-recuerdo-a-los-miembros-de-comision-internacional-del-centro-en-el-marco-del-xvi-congreso-internacional-del-club-espanol-del-arbitraje","status":"publish","type":"post","link":"https:\/\/ciiam.org\/en\/ciam-hizo-entrega-de-un-recuerdo-a-los-miembros-de-comision-internacional-del-centro-en-el-marco-del-xvi-congreso-internacional-del-club-espanol-del-arbitraje\/","title":{"rendered":"&#8220;CIAM hizo entrega de un recuerdo a los miembros de Comisi\u00f3n Internacional del Centro en el marco del XVI Congreso Internacional del\u00a0Club Espa\u00f1ol del Arbitraje&#8221;"},"content":{"rendered":"<p>\ud83d\udccc\u00a0<a href=\"https:\/\/www.linkedin.com\/company\/ciam-centro-internacional-arbitraje-madrid\/\" data-attribute-index=\"0\" data-entity-hovercard-id=\"urn:li:fs_miniCompany:37226932\" data-entity-type=\"MINI_COMPANY\">CIAM (Centro Internacional de Arbitraje de Madrid)\u00a0<\/a>hace entrega de un recuerdo a los miembros de la Comisi\u00f3n Internacional del Centro en el marco del XVI Congreso Internacional del\u00a0<a href=\"https:\/\/www.linkedin.com\/company\/cea-arbitraje\/\" data-attribute-index=\"2\" data-entity-hovercard-id=\"urn:li:fs_miniCompany:28620688\" data-entity-type=\"MINI_COMPANY\">Club Espa\u00f1ol del Arbitraje<\/a>.<\/p>\n<p>En la foto,\u00a0<a href=\"https:\/\/www.linkedin.com\/in\/ACoAADCZSlIBegV6FuVIATyBwPh3d_hK2hv2p-Q\" data-attribute-index=\"4\" data-entity-hovercard-id=\"urn:li:fs_miniProfile:ACoAADCZSlIBegV6FuVIATyBwPh3d_hK2hv2p-Q\" data-entity-type=\"MINI_PROFILE\">Jos\u00e9 Antonio Ca\u00ednzos Fern\u00e1ndez<\/a>, presidente de CIAM, y Gabrielle Kaufmann-Kohler, presidenta de la Comisi\u00f3n\u00a0Internacional. Desde CIAM agradecemos a todos los miembros de esta Comisi\u00f3n Internacional por su importante contribuci\u00f3n.<\/p>\n<p>La Comisi\u00f3n\u00a0Internacional\u00a0tiene como funci\u00f3n elaborar una nota en la que se fijan los criterios que determinan la\u00a0internacionalidad de un caso y, por ende, qu\u00e9 casos puede administrar\u00a0CIAM, que pronto ser\u00e1 publicada.<\/p>\n<p>Si quieres conocer al resto de miembros que conforma la Comisi\u00f3n Internacional, los encontrar\u00e1s en:\u00a0<a href=\"https:\/\/lnkd.in\/e9tcAxf\" data-attribute-index=\"6\">https:\/\/lnkd.in\/e9tcAxf<\/a><\/p>\n","protected":false},"excerpt":{"rendered":"<p>\ud83d\udccc\u00a0CIAM (Centro Internacional de Arbitraje de Madrid)\u00a0hace entrega de un recuerdo a los miembros de la Comisi\u00f3n Internacional del Centro en el marco del XVI Congreso Internacional del\u00a0Club Espa\u00f1ol del Arbitraje. En la foto,\u00a0Jos\u00e9 Antonio Ca\u00ednzos Fern\u00e1ndez, presidente de CIAM, y Gabrielle Kaufmann-Kohler, presidenta de la Comisi\u00f3n\u00a0Internacional. Desde CIAM agradecemos a todos los miembros de [&hellip;]<\/p>\n","protected":false},"author":11,"featured_media":14949,"comment_status":"closed","ping_status":"open","sticky":false,"template":"","format":"standard","meta":{"footnotes":""},"categories":[17],"tags":[23,118,125,22,83],"class_list":["post-14948","post","type-post","status-publish","format-standard","has-post-thumbnail","hentry","category-actualidad","tag-arbitraje","tag-arbitraje-internacional","tag-cea","tag-ciam","tag-madrid"],"yoast_head":"<!-- This site is optimized with the Yoast SEO plugin v27.3 - https:\/\/yoast.com\/product\/yoast-seo-wordpress\/ -->\n<title>&quot;CIAM hizo entrega de un recuerdo a los miembros de Comisi\u00f3n Internacional del Centro en el marco del XVI Congreso Internacional del\u00a0Club Espa\u00f1ol del Arbitraje&quot; - CIIAM<\/title>\n<meta name=\"description\" content=\"\ud83d\udccc CIAM (Centro Internacional de Arbitraje de Madrid) hace entrega de un recuerdo a los miembros de la Comisi\u00f3n Internacional del Centro en el marco del XVI Congreso Internacional del Club Espa\u00f1ol del Arbitraje. En la foto, Jos\u00e9 Antonio Ca\u00ednzos Fern\u00e1ndez, presidente de CIAM, y Gabrielle Kaufmann-Kohler, presidenta de la Comisi\u00f3n Internacional. Desde CIAM agradecemos a todos los miembros de esta Comisi\u00f3n Internacional por su importante contribuci\u00f3n. La Comisi\u00f3n Internacional tiene como funci\u00f3n elaborar una nota en la que se fijan los criterios que determinan la internacionalidad de un caso y, por ende, qu\u00e9 casos puede administrar CIAM, que pronto ser\u00e1 publicada.Si quieres conocer al resto de miembros que conforma la Comisi\u00f3n Internacional, los encontrar\u00e1s en: https:\/\/lnkd.in\/e9tcAxf\" \/>\n<meta name=\"robots\" content=\"index, follow, max-snippet:-1, max-image-preview:large, max-video-preview:-1\" \/>\n<link rel=\"canonical\" href=\"https:\/\/ciiam.org\/en\/ciam-hizo-entrega-de-un-recuerdo-a-los-miembros-de-comision-internacional-del-centro-en-el-marco-del-xvi-congreso-internacional-del-club-espanol-del-arbitraje\/\" \/>\n<meta property=\"og:locale\" content=\"en_US\" \/>\n<meta property=\"og:type\" content=\"article\" \/>\n<meta property=\"og:title\" content=\"&quot;CIAM hizo entrega de un recuerdo a los miembros de Comisi\u00f3n Internacional del Centro en el marco del XVI Congreso Internacional del\u00a0Club Espa\u00f1ol del Arbitraje&quot; - CIIAM\" \/>\n<meta property=\"og:description\" content=\"\ud83d\udccc CIAM (Centro Internacional de Arbitraje de Madrid) hace entrega de un recuerdo a los miembros de la Comisi\u00f3n Internacional del Centro en el marco del XVI Congreso Internacional del Club Espa\u00f1ol del Arbitraje. En la foto, Jos\u00e9 Antonio Ca\u00ednzos Fern\u00e1ndez, presidente de CIAM, y Gabrielle Kaufmann-Kohler, presidenta de la Comisi\u00f3n Internacional. Desde CIAM agradecemos a todos los miembros de esta Comisi\u00f3n Internacional por su importante contribuci\u00f3n. La Comisi\u00f3n Internacional tiene como funci\u00f3n elaborar una nota en la que se fijan los criterios que determinan la internacionalidad de un caso y, por ende, qu\u00e9 casos puede administrar CIAM, que pronto ser\u00e1 publicada.Si quieres conocer al resto de miembros que conforma la Comisi\u00f3n Internacional, los encontrar\u00e1s en: https:\/\/lnkd.in\/e9tcAxf\" \/>\n<meta property=\"og:url\" content=\"https:\/\/ciiam.org\/en\/ciam-hizo-entrega-de-un-recuerdo-a-los-miembros-de-comision-internacional-del-centro-en-el-marco-del-xvi-congreso-internacional-del-club-espanol-del-arbitraje\/\" \/>\n<meta property=\"og:site_name\" content=\"CIIAM\" \/>\n<meta property=\"article:published_time\" content=\"2022-06-23T15:37:19+00:00\" \/>\n<meta property=\"article:modified_time\" content=\"2022-09-16T12:19:58+00:00\" \/>\n<meta property=\"og:image\" content=\"https:\/\/ciiam.org\/wp-content\/uploads\/2022\/06\/1655984898132.jpg\" \/>\n\t<meta property=\"og:image:width\" content=\"800\" \/>\n\t<meta property=\"og:image:height\" content=\"1066\" \/>\n\t<meta property=\"og:image:type\" content=\"image\/jpeg\" \/>\n<meta name=\"author\" content=\"InT14\" \/>\n<meta name=\"twitter:card\" content=\"summary_large_image\" \/>\n<meta name=\"twitter:label1\" content=\"Written by\" \/>\n\t<meta name=\"twitter:data1\" content=\"InT14\" \/>\n\t<meta name=\"twitter:label2\" content=\"Est. reading time\" \/>\n\t<meta name=\"twitter:data2\" content=\"1 minute\" \/>\n<script type=\"application\/ld+json\" class=\"yoast-schema-graph\">{\"@context\":\"https:\\\/\\\/schema.org\",\"@graph\":[{\"@type\":\"Article\",\"@id\":\"https:\\\/\\\/ciiam.org\\\/en\\\/ciam-hizo-entrega-de-un-recuerdo-a-los-miembros-de-comision-internacional-del-centro-en-el-marco-del-xvi-congreso-internacional-del-club-espanol-del-arbitraje\\\/#article\",\"isPartOf\":{\"@id\":\"https:\\\/\\\/ciiam.org\\\/en\\\/ciam-hizo-entrega-de-un-recuerdo-a-los-miembros-de-comision-internacional-del-centro-en-el-marco-del-xvi-congreso-internacional-del-club-espanol-del-arbitraje\\\/\"},\"author\":{\"name\":\"InT14\",\"@id\":\"https:\\\/\\\/ciiam.org\\\/en\\\/#\\\/schema\\\/person\\\/14817b46751305a4fa5962cf899af84b\"},\"headline\":\"&#8220;CIAM hizo entrega de un recuerdo a los miembros de Comisi\u00f3n Internacional del Centro en el marco del XVI Congreso Internacional del\u00a0Club Espa\u00f1ol del Arbitraje&#8221;\",\"datePublished\":\"2022-06-23T15:37:19+00:00\",\"dateModified\":\"2022-09-16T12:19:58+00:00\",\"mainEntityOfPage\":{\"@id\":\"https:\\\/\\\/ciiam.org\\\/en\\\/ciam-hizo-entrega-de-un-recuerdo-a-los-miembros-de-comision-internacional-del-centro-en-el-marco-del-xvi-congreso-internacional-del-club-espanol-del-arbitraje\\\/\"},\"wordCount\":160,\"publisher\":{\"@id\":\"https:\\\/\\\/ciiam.org\\\/en\\\/#organization\"},\"image\":{\"@id\":\"https:\\\/\\\/ciiam.org\\\/en\\\/ciam-hizo-entrega-de-un-recuerdo-a-los-miembros-de-comision-internacional-del-centro-en-el-marco-del-xvi-congreso-internacional-del-club-espanol-del-arbitraje\\\/#primaryimage\"},\"thumbnailUrl\":\"https:\\\/\\\/ciiam.org\\\/wp-content\\\/uploads\\\/2022\\\/06\\\/1655984898132.jpg\",\"keywords\":[\"Arbitraje\",\"ARBITRAJE INTERNACIONAL\",\"CEA\",\"Ciam\",\"MADRID\"],\"articleSection\":[\"Actualidad\"],\"inLanguage\":\"en-US\"},{\"@type\":\"WebPage\",\"@id\":\"https:\\\/\\\/ciiam.org\\\/en\\\/ciam-hizo-entrega-de-un-recuerdo-a-los-miembros-de-comision-internacional-del-centro-en-el-marco-del-xvi-congreso-internacional-del-club-espanol-del-arbitraje\\\/\",\"url\":\"https:\\\/\\\/ciiam.org\\\/en\\\/ciam-hizo-entrega-de-un-recuerdo-a-los-miembros-de-comision-internacional-del-centro-en-el-marco-del-xvi-congreso-internacional-del-club-espanol-del-arbitraje\\\/\",\"name\":\"\\\"CIAM hizo entrega de un recuerdo a los miembros de Comisi\u00f3n Internacional del Centro en el marco del XVI Congreso Internacional del\u00a0Club Espa\u00f1ol del Arbitraje\\\" - CIIAM\",\"isPartOf\":{\"@id\":\"https:\\\/\\\/ciiam.org\\\/en\\\/#website\"},\"primaryImageOfPage\":{\"@id\":\"https:\\\/\\\/ciiam.org\\\/en\\\/ciam-hizo-entrega-de-un-recuerdo-a-los-miembros-de-comision-internacional-del-centro-en-el-marco-del-xvi-congreso-internacional-del-club-espanol-del-arbitraje\\\/#primaryimage\"},\"image\":{\"@id\":\"https:\\\/\\\/ciiam.org\\\/en\\\/ciam-hizo-entrega-de-un-recuerdo-a-los-miembros-de-comision-internacional-del-centro-en-el-marco-del-xvi-congreso-internacional-del-club-espanol-del-arbitraje\\\/#primaryimage\"},\"thumbnailUrl\":\"https:\\\/\\\/ciiam.org\\\/wp-content\\\/uploads\\\/2022\\\/06\\\/1655984898132.jpg\",\"datePublished\":\"2022-06-23T15:37:19+00:00\",\"dateModified\":\"2022-09-16T12:19:58+00:00\",\"description\":\"\ud83d\udccc CIAM (Centro Internacional de Arbitraje de Madrid) hace entrega de un recuerdo a los miembros de la Comisi\u00f3n Internacional del Centro en el marco del XVI Congreso Internacional del Club Espa\u00f1ol del Arbitraje. En la foto, Jos\u00e9 Antonio Ca\u00ednzos Fern\u00e1ndez, presidente de CIAM, y Gabrielle Kaufmann-Kohler, presidenta de la Comisi\u00f3n Internacional. Desde CIAM agradecemos a todos los miembros de esta Comisi\u00f3n Internacional por su importante contribuci\u00f3n. La Comisi\u00f3n Internacional tiene como funci\u00f3n elaborar una nota en la que se fijan los criterios que determinan la internacionalidad de un caso y, por ende, qu\u00e9 casos puede administrar CIAM, que pronto ser\u00e1 publicada.Si quieres conocer al resto de miembros que conforma la Comisi\u00f3n Internacional, los encontrar\u00e1s en: https:\\\/\\\/lnkd.in\\\/e9tcAxf\",\"breadcrumb\":{\"@id\":\"https:\\\/\\\/ciiam.org\\\/en\\\/ciam-hizo-entrega-de-un-recuerdo-a-los-miembros-de-comision-internacional-del-centro-en-el-marco-del-xvi-congreso-internacional-del-club-espanol-del-arbitraje\\\/#breadcrumb\"},\"inLanguage\":\"en-US\",\"potentialAction\":[{\"@type\":\"ReadAction\",\"target\":[\"https:\\\/\\\/ciiam.org\\\/en\\\/ciam-hizo-entrega-de-un-recuerdo-a-los-miembros-de-comision-internacional-del-centro-en-el-marco-del-xvi-congreso-internacional-del-club-espanol-del-arbitraje\\\/\"]}]},{\"@type\":\"ImageObject\",\"inLanguage\":\"en-US\",\"@id\":\"https:\\\/\\\/ciiam.org\\\/en\\\/ciam-hizo-entrega-de-un-recuerdo-a-los-miembros-de-comision-internacional-del-centro-en-el-marco-del-xvi-congreso-internacional-del-club-espanol-del-arbitraje\\\/#primaryimage\",\"url\":\"https:\\\/\\\/ciiam.org\\\/wp-content\\\/uploads\\\/2022\\\/06\\\/1655984898132.jpg\",\"contentUrl\":\"https:\\\/\\\/ciiam.org\\\/wp-content\\\/uploads\\\/2022\\\/06\\\/1655984898132.jpg\",\"width\":800,\"height\":1066},{\"@type\":\"BreadcrumbList\",\"@id\":\"https:\\\/\\\/ciiam.org\\\/en\\\/ciam-hizo-entrega-de-un-recuerdo-a-los-miembros-de-comision-internacional-del-centro-en-el-marco-del-xvi-congreso-internacional-del-club-espanol-del-arbitraje\\\/#breadcrumb\",\"itemListElement\":[{\"@type\":\"ListItem\",\"position\":1,\"name\":\"CIAM\",\"item\":\"https:\\\/\\\/ciiam.org\\\/en\\\/\"},{\"@type\":\"ListItem\",\"position\":2,\"name\":\"\u00abCIAM hizo entrega de un recuerdo a los miembros de Comisi\u00f3n Internacional del Centro en el marco del XVI Congreso Internacional del\u00a0Club Espa\u00f1ol del Arbitraje\u00bb\"}]},{\"@type\":\"WebSite\",\"@id\":\"https:\\\/\\\/ciiam.org\\\/en\\\/#website\",\"url\":\"https:\\\/\\\/ciiam.org\\\/en\\\/\",\"name\":\"CIIAM\",\"description\":\"Centro Internacional e Iberoamericano de Arbitraje de Madrid\",\"publisher\":{\"@id\":\"https:\\\/\\\/ciiam.org\\\/en\\\/#organization\"},\"potentialAction\":[{\"@type\":\"SearchAction\",\"target\":{\"@type\":\"EntryPoint\",\"urlTemplate\":\"https:\\\/\\\/ciiam.org\\\/en\\\/?s={search_term_string}\"},\"query-input\":{\"@type\":\"PropertyValueSpecification\",\"valueRequired\":true,\"valueName\":\"search_term_string\"}}],\"inLanguage\":\"en-US\"},{\"@type\":\"Organization\",\"@id\":\"https:\\\/\\\/ciiam.org\\\/en\\\/#organization\",\"name\":\"Centro Internacional e Iberoamericano de Arbitraje de Madrid\",\"alternateName\":\"CIIAM\",\"url\":\"https:\\\/\\\/ciiam.org\\\/en\\\/\",\"logo\":{\"@type\":\"ImageObject\",\"inLanguage\":\"en-US\",\"@id\":\"https:\\\/\\\/ciiam.org\\\/en\\\/#\\\/schema\\\/logo\\\/image\\\/\",\"url\":\"https:\\\/\\\/ciiam.org\\\/wp-content\\\/uploads\\\/2026\\\/01\\\/favicon.png\",\"contentUrl\":\"https:\\\/\\\/ciiam.org\\\/wp-content\\\/uploads\\\/2026\\\/01\\\/favicon.png\",\"width\":500,\"height\":500,\"caption\":\"Centro Internacional e Iberoamericano de Arbitraje de Madrid\"},\"image\":{\"@id\":\"https:\\\/\\\/ciiam.org\\\/en\\\/#\\\/schema\\\/logo\\\/image\\\/\"},\"sameAs\":[\"https:\\\/\\\/www.linkedin.com\\\/company\\\/ciam-centro-internacional-arbitraje-madrid?trk=d_public_post_image\",\"https:\\\/\\\/www.youtube.com\\\/channel\\\/UCU2OI7SAQFv5uXAZ4qO4ALg\"]},{\"@type\":\"Person\",\"@id\":\"https:\\\/\\\/ciiam.org\\\/en\\\/#\\\/schema\\\/person\\\/14817b46751305a4fa5962cf899af84b\",\"name\":\"InT14\",\"image\":{\"@type\":\"ImageObject\",\"inLanguage\":\"en-US\",\"@id\":\"https:\\\/\\\/secure.gravatar.com\\\/avatar\\\/a93675488aa469cbd1df43a10f7f83486d14b99e406b3c041ce80bfb1abe23bb?s=96&d=mm&r=g\",\"url\":\"https:\\\/\\\/secure.gravatar.com\\\/avatar\\\/a93675488aa469cbd1df43a10f7f83486d14b99e406b3c041ce80bfb1abe23bb?s=96&d=mm&r=g\",\"contentUrl\":\"https:\\\/\\\/secure.gravatar.com\\\/avatar\\\/a93675488aa469cbd1df43a10f7f83486d14b99e406b3c041ce80bfb1abe23bb?s=96&d=mm&r=g\",\"caption\":\"InT14\"},\"url\":\"https:\\\/\\\/ciiam.org\\\/en\\\/author\\\/14inter-cmma\\\/\"}]}<\/script>\n<!-- \/ Yoast SEO plugin. -->","yoast_head_json":{"title":"\"CIAM hizo entrega de un recuerdo a los miembros de Comisi\u00f3n Internacional del Centro en el marco del XVI Congreso Internacional del\u00a0Club Espa\u00f1ol del Arbitraje\" - CIIAM","description":"\ud83d\udccc CIAM (Centro Internacional de Arbitraje de Madrid) hace entrega de un recuerdo a los miembros de la Comisi\u00f3n Internacional del Centro en el marco del XVI Congreso Internacional del Club Espa\u00f1ol del Arbitraje. En la foto, Jos\u00e9 Antonio Ca\u00ednzos Fern\u00e1ndez, presidente de CIAM, y Gabrielle Kaufmann-Kohler, presidenta de la Comisi\u00f3n Internacional. Desde CIAM agradecemos a todos los miembros de esta Comisi\u00f3n Internacional por su importante contribuci\u00f3n. La Comisi\u00f3n Internacional tiene como funci\u00f3n elaborar una nota en la que se fijan los criterios que determinan la internacionalidad de un caso y, por ende, qu\u00e9 casos puede administrar CIAM, que pronto ser\u00e1 publicada.Si quieres conocer al resto de miembros que conforma la Comisi\u00f3n Internacional, los encontrar\u00e1s en: https:\/\/lnkd.in\/e9tcAxf","robots":{"index":"index","follow":"follow","max-snippet":"max-snippet:-1","max-image-preview":"max-image-preview:large","max-video-preview":"max-video-preview:-1"},"canonical":"https:\/\/ciiam.org\/en\/ciam-hizo-entrega-de-un-recuerdo-a-los-miembros-de-comision-internacional-del-centro-en-el-marco-del-xvi-congreso-internacional-del-club-espanol-del-arbitraje\/","og_locale":"en_US","og_type":"article","og_title":"\"CIAM hizo entrega de un recuerdo a los miembros de Comisi\u00f3n Internacional del Centro en el marco del XVI Congreso Internacional del\u00a0Club Espa\u00f1ol del Arbitraje\" - CIIAM","og_description":"\ud83d\udccc CIAM (Centro Internacional de Arbitraje de Madrid) hace entrega de un recuerdo a los miembros de la Comisi\u00f3n Internacional del Centro en el marco del XVI Congreso Internacional del Club Espa\u00f1ol del Arbitraje. En la foto, Jos\u00e9 Antonio Ca\u00ednzos Fern\u00e1ndez, presidente de CIAM, y Gabrielle Kaufmann-Kohler, presidenta de la Comisi\u00f3n Internacional. Desde CIAM agradecemos a todos los miembros de esta Comisi\u00f3n Internacional por su importante contribuci\u00f3n. La Comisi\u00f3n Internacional tiene como funci\u00f3n elaborar una nota en la que se fijan los criterios que determinan la internacionalidad de un caso y, por ende, qu\u00e9 casos puede administrar CIAM, que pronto ser\u00e1 publicada.Si quieres conocer al resto de miembros que conforma la Comisi\u00f3n Internacional, los encontrar\u00e1s en: https:\/\/lnkd.in\/e9tcAxf","og_url":"https:\/\/ciiam.org\/en\/ciam-hizo-entrega-de-un-recuerdo-a-los-miembros-de-comision-internacional-del-centro-en-el-marco-del-xvi-congreso-internacional-del-club-espanol-del-arbitraje\/","og_site_name":"CIIAM","article_published_time":"2022-06-23T15:37:19+00:00","article_modified_time":"2022-09-16T12:19:58+00:00","og_image":[{"width":800,"height":1066,"url":"https:\/\/ciiam.org\/wp-content\/uploads\/2022\/06\/1655984898132.jpg","type":"image\/jpeg"}],"author":"InT14","twitter_card":"summary_large_image","twitter_misc":{"Written by":"InT14","Est. reading time":"1 minute"},"schema":{"@context":"https:\/\/schema.org","@graph":[{"@type":"Article","@id":"https:\/\/ciiam.org\/en\/ciam-hizo-entrega-de-un-recuerdo-a-los-miembros-de-comision-internacional-del-centro-en-el-marco-del-xvi-congreso-internacional-del-club-espanol-del-arbitraje\/#article","isPartOf":{"@id":"https:\/\/ciiam.org\/en\/ciam-hizo-entrega-de-un-recuerdo-a-los-miembros-de-comision-internacional-del-centro-en-el-marco-del-xvi-congreso-internacional-del-club-espanol-del-arbitraje\/"},"author":{"name":"InT14","@id":"https:\/\/ciiam.org\/en\/#\/schema\/person\/14817b46751305a4fa5962cf899af84b"},"headline":"&#8220;CIAM hizo entrega de un recuerdo a los miembros de Comisi\u00f3n Internacional del Centro en el marco del XVI Congreso Internacional del\u00a0Club Espa\u00f1ol del Arbitraje&#8221;","datePublished":"2022-06-23T15:37:19+00:00","dateModified":"2022-09-16T12:19:58+00:00","mainEntityOfPage":{"@id":"https:\/\/ciiam.org\/en\/ciam-hizo-entrega-de-un-recuerdo-a-los-miembros-de-comision-internacional-del-centro-en-el-marco-del-xvi-congreso-internacional-del-club-espanol-del-arbitraje\/"},"wordCount":160,"publisher":{"@id":"https:\/\/ciiam.org\/en\/#organization"},"image":{"@id":"https:\/\/ciiam.org\/en\/ciam-hizo-entrega-de-un-recuerdo-a-los-miembros-de-comision-internacional-del-centro-en-el-marco-del-xvi-congreso-internacional-del-club-espanol-del-arbitraje\/#primaryimage"},"thumbnailUrl":"https:\/\/ciiam.org\/wp-content\/uploads\/2022\/06\/1655984898132.jpg","keywords":["Arbitraje","ARBITRAJE INTERNACIONAL","CEA","Ciam","MADRID"],"articleSection":["Actualidad"],"inLanguage":"en-US"},{"@type":"WebPage","@id":"https:\/\/ciiam.org\/en\/ciam-hizo-entrega-de-un-recuerdo-a-los-miembros-de-comision-internacional-del-centro-en-el-marco-del-xvi-congreso-internacional-del-club-espanol-del-arbitraje\/","url":"https:\/\/ciiam.org\/en\/ciam-hizo-entrega-de-un-recuerdo-a-los-miembros-de-comision-internacional-del-centro-en-el-marco-del-xvi-congreso-internacional-del-club-espanol-del-arbitraje\/","name":"\"CIAM hizo entrega de un recuerdo a los miembros de Comisi\u00f3n Internacional del Centro en el marco del XVI Congreso Internacional del\u00a0Club Espa\u00f1ol del Arbitraje\" - CIIAM","isPartOf":{"@id":"https:\/\/ciiam.org\/en\/#website"},"primaryImageOfPage":{"@id":"https:\/\/ciiam.org\/en\/ciam-hizo-entrega-de-un-recuerdo-a-los-miembros-de-comision-internacional-del-centro-en-el-marco-del-xvi-congreso-internacional-del-club-espanol-del-arbitraje\/#primaryimage"},"image":{"@id":"https:\/\/ciiam.org\/en\/ciam-hizo-entrega-de-un-recuerdo-a-los-miembros-de-comision-internacional-del-centro-en-el-marco-del-xvi-congreso-internacional-del-club-espanol-del-arbitraje\/#primaryimage"},"thumbnailUrl":"https:\/\/ciiam.org\/wp-content\/uploads\/2022\/06\/1655984898132.jpg","datePublished":"2022-06-23T15:37:19+00:00","dateModified":"2022-09-16T12:19:58+00:00","description":"\ud83d\udccc CIAM (Centro Internacional de Arbitraje de Madrid) hace entrega de un recuerdo a los miembros de la Comisi\u00f3n Internacional del Centro en el marco del XVI Congreso Internacional del Club Espa\u00f1ol del Arbitraje. En la foto, Jos\u00e9 Antonio Ca\u00ednzos Fern\u00e1ndez, presidente de CIAM, y Gabrielle Kaufmann-Kohler, presidenta de la Comisi\u00f3n Internacional. Desde CIAM agradecemos a todos los miembros de esta Comisi\u00f3n Internacional por su importante contribuci\u00f3n. La Comisi\u00f3n Internacional tiene como funci\u00f3n elaborar una nota en la que se fijan los criterios que determinan la internacionalidad de un caso y, por ende, qu\u00e9 casos puede administrar CIAM, que pronto ser\u00e1 publicada.Si quieres conocer al resto de miembros que conforma la Comisi\u00f3n Internacional, los encontrar\u00e1s en: https:\/\/lnkd.in\/e9tcAxf","breadcrumb":{"@id":"https:\/\/ciiam.org\/en\/ciam-hizo-entrega-de-un-recuerdo-a-los-miembros-de-comision-internacional-del-centro-en-el-marco-del-xvi-congreso-internacional-del-club-espanol-del-arbitraje\/#breadcrumb"},"inLanguage":"en-US","potentialAction":[{"@type":"ReadAction","target":["https:\/\/ciiam.org\/en\/ciam-hizo-entrega-de-un-recuerdo-a-los-miembros-de-comision-internacional-del-centro-en-el-marco-del-xvi-congreso-internacional-del-club-espanol-del-arbitraje\/"]}]},{"@type":"ImageObject","inLanguage":"en-US","@id":"https:\/\/ciiam.org\/en\/ciam-hizo-entrega-de-un-recuerdo-a-los-miembros-de-comision-internacional-del-centro-en-el-marco-del-xvi-congreso-internacional-del-club-espanol-del-arbitraje\/#primaryimage","url":"https:\/\/ciiam.org\/wp-content\/uploads\/2022\/06\/1655984898132.jpg","contentUrl":"https:\/\/ciiam.org\/wp-content\/uploads\/2022\/06\/1655984898132.jpg","width":800,"height":1066},{"@type":"BreadcrumbList","@id":"https:\/\/ciiam.org\/en\/ciam-hizo-entrega-de-un-recuerdo-a-los-miembros-de-comision-internacional-del-centro-en-el-marco-del-xvi-congreso-internacional-del-club-espanol-del-arbitraje\/#breadcrumb","itemListElement":[{"@type":"ListItem","position":1,"name":"CIAM","item":"https:\/\/ciiam.org\/en\/"},{"@type":"ListItem","position":2,"name":"\u00abCIAM hizo entrega de un recuerdo a los miembros de Comisi\u00f3n Internacional del Centro en el marco del XVI Congreso Internacional del\u00a0Club Espa\u00f1ol del Arbitraje\u00bb"}]},{"@type":"WebSite","@id":"https:\/\/ciiam.org\/en\/#website","url":"https:\/\/ciiam.org\/en\/","name":"CIIAM","description":"Centro Internacional e Iberoamericano de Arbitraje de Madrid","publisher":{"@id":"https:\/\/ciiam.org\/en\/#organization"},"potentialAction":[{"@type":"SearchAction","target":{"@type":"EntryPoint","urlTemplate":"https:\/\/ciiam.org\/en\/?s={search_term_string}"},"query-input":{"@type":"PropertyValueSpecification","valueRequired":true,"valueName":"search_term_string"}}],"inLanguage":"en-US"},{"@type":"Organization","@id":"https:\/\/ciiam.org\/en\/#organization","name":"Centro Internacional e Iberoamericano de Arbitraje de Madrid","alternateName":"CIIAM","url":"https:\/\/ciiam.org\/en\/","logo":{"@type":"ImageObject","inLanguage":"en-US","@id":"https:\/\/ciiam.org\/en\/#\/schema\/logo\/image\/","url":"https:\/\/ciiam.org\/wp-content\/uploads\/2026\/01\/favicon.png","contentUrl":"https:\/\/ciiam.org\/wp-content\/uploads\/2026\/01\/favicon.png","width":500,"height":500,"caption":"Centro Internacional e Iberoamericano de Arbitraje de Madrid"},"image":{"@id":"https:\/\/ciiam.org\/en\/#\/schema\/logo\/image\/"},"sameAs":["https:\/\/www.linkedin.com\/company\/ciam-centro-internacional-arbitraje-madrid?trk=d_public_post_image","https:\/\/www.youtube.com\/channel\/UCU2OI7SAQFv5uXAZ4qO4ALg"]},{"@type":"Person","@id":"https:\/\/ciiam.org\/en\/#\/schema\/person\/14817b46751305a4fa5962cf899af84b","name":"InT14","image":{"@type":"ImageObject","inLanguage":"en-US","@id":"https:\/\/secure.gravatar.com\/avatar\/a93675488aa469cbd1df43a10f7f83486d14b99e406b3c041ce80bfb1abe23bb?s=96&d=mm&r=g","url":"https:\/\/secure.gravatar.com\/avatar\/a93675488aa469cbd1df43a10f7f83486d14b99e406b3c041ce80bfb1abe23bb?s=96&d=mm&r=g","contentUrl":"https:\/\/secure.gravatar.com\/avatar\/a93675488aa469cbd1df43a10f7f83486d14b99e406b3c041ce80bfb1abe23bb?s=96&d=mm&r=g","caption":"InT14"},"url":"https:\/\/ciiam.org\/en\/author\/14inter-cmma\/"}]}},"_links":{"self":[{"href":"https:\/\/ciiam.org\/en\/wp-json\/wp\/v2\/posts\/14948","targetHints":{"allow":["GET"]}}],"collection":[{"href":"https:\/\/ciiam.org\/en\/wp-json\/wp\/v2\/posts"}],"about":[{"href":"https:\/\/ciiam.org\/en\/wp-json\/wp\/v2\/types\/post"}],"author":[{"embeddable":true,"href":"https:\/\/ciiam.org\/en\/wp-json\/wp\/v2\/users\/11"}],"replies":[{"embeddable":true,"href":"https:\/\/ciiam.org\/en\/wp-json\/wp\/v2\/comments?post=14948"}],"version-history":[{"count":0,"href":"https:\/\/ciiam.org\/en\/wp-json\/wp\/v2\/posts\/14948\/revisions"}],"wp:featuredmedia":[{"embeddable":true,"href":"https:\/\/ciiam.org\/en\/wp-json\/wp\/v2\/media\/14949"}],"wp:attachment":[{"href":"https:\/\/ciiam.org\/en\/wp-json\/wp\/v2\/media?parent=14948"}],"wp:term":[{"taxonomy":"category","embeddable":true,"href":"https:\/\/ciiam.org\/en\/wp-json\/wp\/v2\/categories?post=14948"},{"taxonomy":"post_tag","embeddable":true,"href":"https:\/\/ciiam.org\/en\/wp-json\/wp\/v2\/tags?post=14948"}],"curies":[{"name":"wp","href":"https:\/\/api.w.org\/{rel}","templated":true}]}}