{"id":15151,"date":"2022-08-19T11:13:24","date_gmt":"2022-08-19T11:13:24","guid":{"rendered":"https:\/\/ciiam.org\/?p=15151"},"modified":"2022-09-16T10:28:30","modified_gmt":"2022-09-16T10:28:30","slug":"amigos-de-ciam-colombia","status":"publish","type":"post","link":"https:\/\/ciiam.org\/en\/amigos-de-ciam-colombia\/","title":{"rendered":"Amigos de CIAM &#8211; Colombia"},"content":{"rendered":"<p><a href=\"https:\/\/www.linkedin.com\/company\/ciam-centro-internacional-arbitraje-madrid\/\" data-attribute-index=\"0\" data-entity-hovercard-id=\"urn:li:fs_miniCompany:37226932\" data-entity-type=\"MINI_COMPANY\">CIAM (Centro Internacional de Arbitraje de Madrid)\u00a0<\/a>ha puesto en marcha la Comisi\u00f3n\u00a0<a href=\"https:\/\/www.linkedin.com\/feed\/hashtag\/?keywords=amigosdeciam&amp;highlightedUpdateUrns=urn%3Ali%3Aactivity%3A6965945790645084160\" data-attribute-index=\"2\">#AmigosdeCIAM<\/a>\u00a0con el objetivo principal de promover el\u00a0<a href=\"https:\/\/www.linkedin.com\/feed\/hashtag\/?keywords=arbitrajeinternacional&amp;highlightedUpdateUrns=urn%3Ali%3Aactivity%3A6965945790645084160\" data-attribute-index=\"3\">#arbitrajeinternacional<\/a>\u00a0a trav\u00e9s de una red consolidada de profesionales del sector en el extranjero.<\/p>\n<p>Esta comisi\u00f3n ya est\u00e1 activa en\u00a0<a href=\"https:\/\/www.linkedin.com\/feed\/hashtag\/?keywords=colombia&amp;highlightedUpdateUrns=urn%3Ali%3Aactivity%3A6965945790645084160\" data-attribute-index=\"4\">#Colombia<\/a>\u00a0y los miembros son:<\/p>\n<p>&#8211; Hernando Herrera, presidente de la Corte Arbitral de la\u00a0<a href=\"https:\/\/www.linkedin.com\/company\/camaracomerbog\/\" data-attribute-index=\"5\" data-entity-hovercard-id=\"urn:li:fs_miniCompany:1015339\" data-entity-type=\"MINI_COMPANY\">C\u00e1mara de Comercio de Bogot\u00e1<\/a><br \/>\n&#8211; Carlos Mauricio Gonz\u00e1lez, profesor de la <a class=\"ql-mention\" spellcheck=\"false\" href=\"https:\/\/www.linkedin.com\/company\/37226932\/admin\/#\" data-entity-urn=\"urn:li:fsd_company:533750\" data-guid=\"12\" data-object-urn=\"urn:li:fsd_company:533750\" data-original-text=\"Universidad del Rosario\">Universidad del Rosario<\/a><br \/>\n&#8211;\u00a0<a href=\"https:\/\/www.linkedin.com\/in\/ACoAAAo_hKkBfYxqx8ntSQOdeDbvf0Fwjhuo7Ow\" data-attribute-index=\"9\" data-entity-hovercard-id=\"urn:li:fs_miniProfile:ACoAAAo_hKkBfYxqx8ntSQOdeDbvf0Fwjhuo7Ow\" data-entity-type=\"MINI_PROFILE\">Carolina Olarte-B\u00e1cares<\/a>, decana de la\u00a0<a href=\"https:\/\/www.linkedin.com\/company\/pontificia-universidad-javeriana\/\" data-attribute-index=\"11\" data-entity-hovercard-id=\"urn:li:fs_miniCompany:23315\" data-entity-type=\"MINI_COMPANY\">Pontificia Universidad Javeriana<\/a><br \/>\n&#8211;\u00a0<a href=\"https:\/\/www.linkedin.com\/in\/ACoAAB16o0IB1CaxffVfzA0tzB21mQLE6WURORQ\" data-attribute-index=\"13\" data-entity-hovercard-id=\"urn:li:fs_miniProfile:ACoAAB16o0IB1CaxffVfzA0tzB21mQLE6WURORQ\" data-entity-type=\"MINI_PROFILE\">Hector Hern\u00e1ndez Botero<\/a>, abogado en\u00a0<a href=\"https:\/\/www.linkedin.com\/company\/prietocarrizosa\/\" data-attribute-index=\"15\" data-entity-hovercard-id=\"urn:li:fs_miniCompany:1426675\" data-entity-type=\"MINI_COMPANY\">Philippi Prietocarrizosa Ferrero DU &amp; Uria<\/a><br \/>\n&#8211; <a class=\"ql-mention\" spellcheck=\"false\" href=\"https:\/\/www.linkedin.com\/company\/37226932\/admin\/#\" data-entity-urn=\"urn:li:fsd_profile:ACoAAAm6nWoB9wkrZErrCUAISvcRVvlKZBjUG8M\" data-guid=\"12\" data-object-urn=\"urn:li:member:163224938\" data-original-text=\"Maria Torres\">Maria Torres<\/a>, Chief Legal Counsel en Torres Law &amp; Co<br \/>\n&#8211;\u00a0<a href=\"https:\/\/www.linkedin.com\/in\/ACoAABBetWQBPvJ1iirmUsOpaobsKS_1JsftBUE\" data-attribute-index=\"19\" data-entity-hovercard-id=\"urn:li:fs_miniProfile:ACoAABBetWQBPvJ1iirmUsOpaobsKS_1JsftBUE\" data-entity-type=\"MINI_PROFILE\">Juana Mart\u00ednez Quintero<\/a>, profesora de la\u00a0<a href=\"https:\/\/www.linkedin.com\/company\/universidad-de-los-andes\/\" data-attribute-index=\"21\" data-entity-hovercard-id=\"urn:li:fs_miniCompany:12422\" data-entity-type=\"MINI_COMPANY\">Universidad de los Andes &#8211; Colombia<\/a><br \/>\n&#8211; Francisco Mart\u00ednez Le\u00f3n, jur\u00eddico corporativo de\u00a0<a href=\"https:\/\/www.linkedin.com\/company\/sacyr-colombia\/\" data-attribute-index=\"23\" data-entity-hovercard-id=\"urn:li:fs_miniCompany:10611731\" data-entity-type=\"MINI_COMPANY\">SACYR COLOMBIA<\/a><br \/>\n&#8211;\u00a0<a href=\"https:\/\/www.linkedin.com\/in\/ACoAAAbT2D0BzCuh48Aq_6ZJ71vWnJFDsxPZXsA\" data-attribute-index=\"25\" data-entity-hovercard-id=\"urn:li:fs_miniProfile:ACoAAAbT2D0BzCuh48Aq_6ZJ71vWnJFDsxPZXsA\" data-entity-type=\"MINI_PROFILE\">Estefania Contreras Castro<\/a>, asociada de\u00a0<a href=\"https:\/\/www.linkedin.com\/company\/baker-&amp;-mckenzie\/\" data-attribute-index=\"27\" data-entity-hovercard-id=\"urn:li:fs_miniCompany:3957\" data-entity-type=\"MINI_COMPANY\">Baker McKenzie<\/a><\/p>\n","protected":false},"excerpt":{"rendered":"<p>CIAM (Centro Internacional de Arbitraje de Madrid)\u00a0ha puesto en marcha la Comisi\u00f3n\u00a0#AmigosdeCIAM\u00a0con el objetivo principal de promover el\u00a0#arbitrajeinternacional\u00a0a trav\u00e9s de una red consolidada de profesionales del sector en el extranjero. Esta comisi\u00f3n ya est\u00e1 activa en\u00a0#Colombia\u00a0y los miembros son: &#8211; Hernando Herrera, presidente de la Corte Arbitral de la\u00a0C\u00e1mara de Comercio de Bogot\u00e1 &#8211; Carlos [&hellip;]<\/p>\n","protected":false},"author":12,"featured_media":15152,"comment_status":"closed","ping_status":"open","sticky":false,"template":"","format":"standard","meta":{"footnotes":""},"categories":[17],"tags":[329],"class_list":["post-15151","post","type-post","status-publish","format-standard","has-post-thumbnail","hentry","category-actualidad","tag-amigosdeciam-colombia"],"yoast_head":"<!-- This site is optimized with the Yoast SEO plugin v27.3 - https:\/\/yoast.com\/product\/yoast-seo-wordpress\/ -->\n<title>Amigos de CIAM - Colombia - CIIAM<\/title>\n<meta name=\"description\" content=\"CIAM (Centro Internacional de Arbitraje de Madrid) ha puesto en marcha la Comisi\u00f3n #AmigosdeCIAM con el objetivo principal de promover el #arbitrajeinternacional a trav\u00e9s de una red consolidada de profesionales del sector en el extranjero.Esta comisi\u00f3n ya est\u00e1 activa en #Colombia y los miembros son:- Hernando Herrera, presidente de la Corte Arbitral de la C\u00e1mara de Comercio de Bogot\u00e1- Carlos Mauricio Gonz\u00e1lez, director del Centro de Arbitraje y Conciliaci\u00f3n CCB- Carolina Olarte-B\u00e1cares, decana de la Pontificia Universidad Javeriana- Hector Hern\u00e1ndez Botero, abogado en Philippi Prietocarrizosa Ferrero DU &amp; Uria- Mar\u00eda Torres, asistente jur\u00eddico en Kings County District Attorneys Office- Juana Mart\u00ednez Quintero, profesora de la Universidad de los Andes - Colombia- Francisco Mart\u00ednez Le\u00f3n, jur\u00eddico corporativo de SACYR COLOMBIA- Estefania Contreras Castro, asociada de Baker McKenzie\" \/>\n<meta name=\"robots\" content=\"index, follow, max-snippet:-1, max-image-preview:large, max-video-preview:-1\" \/>\n<link rel=\"canonical\" href=\"https:\/\/ciiam.org\/en\/amigos-de-ciam-colombia\/\" \/>\n<meta property=\"og:locale\" content=\"en_US\" \/>\n<meta property=\"og:type\" content=\"article\" \/>\n<meta property=\"og:title\" content=\"Amigos de CIAM - Colombia - CIIAM\" \/>\n<meta property=\"og:description\" content=\"CIAM (Centro Internacional de Arbitraje de Madrid) ha puesto en marcha la Comisi\u00f3n #AmigosdeCIAM con el objetivo principal de promover el #arbitrajeinternacional a trav\u00e9s de una red consolidada de profesionales del sector en el extranjero.Esta comisi\u00f3n ya est\u00e1 activa en #Colombia y los miembros son:- Hernando Herrera, presidente de la Corte Arbitral de la C\u00e1mara de Comercio de Bogot\u00e1- Carlos Mauricio Gonz\u00e1lez, director del Centro de Arbitraje y Conciliaci\u00f3n CCB- Carolina Olarte-B\u00e1cares, decana de la Pontificia Universidad Javeriana- Hector Hern\u00e1ndez Botero, abogado en Philippi Prietocarrizosa Ferrero DU &amp; Uria- Mar\u00eda Torres, asistente jur\u00eddico en Kings County District Attorneys Office- Juana Mart\u00ednez Quintero, profesora de la Universidad de los Andes - Colombia- Francisco Mart\u00ednez Le\u00f3n, jur\u00eddico corporativo de SACYR COLOMBIA- Estefania Contreras Castro, asociada de Baker McKenzie\" \/>\n<meta property=\"og:url\" content=\"https:\/\/ciiam.org\/en\/amigos-de-ciam-colombia\/\" \/>\n<meta property=\"og:site_name\" content=\"CIIAM\" \/>\n<meta property=\"article:published_time\" content=\"2022-08-19T11:13:24+00:00\" \/>\n<meta property=\"article:modified_time\" content=\"2022-09-16T10:28:30+00:00\" \/>\n<meta property=\"og:image\" content=\"https:\/\/ciiam.org\/wp-content\/uploads\/2022\/08\/CIAM-Colombia.jpg\" \/>\n\t<meta property=\"og:image:width\" content=\"1280\" \/>\n\t<meta property=\"og:image:height\" content=\"720\" \/>\n\t<meta property=\"og:image:type\" content=\"image\/jpeg\" \/>\n<meta name=\"author\" content=\"Tom\u00e1s\" \/>\n<meta name=\"twitter:card\" content=\"summary_large_image\" \/>\n<meta name=\"twitter:label1\" content=\"Written by\" \/>\n\t<meta name=\"twitter:data1\" content=\"Tom\u00e1s\" \/>\n\t<meta name=\"twitter:label2\" content=\"Est. reading time\" \/>\n\t<meta name=\"twitter:data2\" content=\"1 minute\" \/>\n<script type=\"application\/ld+json\" class=\"yoast-schema-graph\">{\"@context\":\"https:\\\/\\\/schema.org\",\"@graph\":[{\"@type\":\"Article\",\"@id\":\"https:\\\/\\\/ciiam.org\\\/en\\\/amigos-de-ciam-colombia\\\/#article\",\"isPartOf\":{\"@id\":\"https:\\\/\\\/ciiam.org\\\/en\\\/amigos-de-ciam-colombia\\\/\"},\"author\":{\"name\":\"Tom\u00e1s\",\"@id\":\"https:\\\/\\\/ciiam.org\\\/en\\\/#\\\/schema\\\/person\\\/e1577bf82c0aae3f6a27da89148d0de8\"},\"headline\":\"Amigos de CIAM &#8211; Colombia\",\"datePublished\":\"2022-08-19T11:13:24+00:00\",\"dateModified\":\"2022-09-16T10:28:30+00:00\",\"mainEntityOfPage\":{\"@id\":\"https:\\\/\\\/ciiam.org\\\/en\\\/amigos-de-ciam-colombia\\\/\"},\"wordCount\":149,\"publisher\":{\"@id\":\"https:\\\/\\\/ciiam.org\\\/en\\\/#organization\"},\"image\":{\"@id\":\"https:\\\/\\\/ciiam.org\\\/en\\\/amigos-de-ciam-colombia\\\/#primaryimage\"},\"thumbnailUrl\":\"https:\\\/\\\/ciiam.org\\\/wp-content\\\/uploads\\\/2022\\\/08\\\/CIAM-Colombia.jpg\",\"keywords\":[\"#AmigosdeCIAM #Colombia\"],\"articleSection\":[\"Actualidad\"],\"inLanguage\":\"en-US\"},{\"@type\":\"WebPage\",\"@id\":\"https:\\\/\\\/ciiam.org\\\/en\\\/amigos-de-ciam-colombia\\\/\",\"url\":\"https:\\\/\\\/ciiam.org\\\/en\\\/amigos-de-ciam-colombia\\\/\",\"name\":\"Amigos de CIAM - Colombia - CIIAM\",\"isPartOf\":{\"@id\":\"https:\\\/\\\/ciiam.org\\\/en\\\/#website\"},\"primaryImageOfPage\":{\"@id\":\"https:\\\/\\\/ciiam.org\\\/en\\\/amigos-de-ciam-colombia\\\/#primaryimage\"},\"image\":{\"@id\":\"https:\\\/\\\/ciiam.org\\\/en\\\/amigos-de-ciam-colombia\\\/#primaryimage\"},\"thumbnailUrl\":\"https:\\\/\\\/ciiam.org\\\/wp-content\\\/uploads\\\/2022\\\/08\\\/CIAM-Colombia.jpg\",\"datePublished\":\"2022-08-19T11:13:24+00:00\",\"dateModified\":\"2022-09-16T10:28:30+00:00\",\"description\":\"CIAM (Centro Internacional de Arbitraje de Madrid) ha puesto en marcha la Comisi\u00f3n #AmigosdeCIAM con el objetivo principal de promover el #arbitrajeinternacional a trav\u00e9s de una red consolidada de profesionales del sector en el extranjero.Esta comisi\u00f3n ya est\u00e1 activa en #Colombia y los miembros son:- Hernando Herrera, presidente de la Corte Arbitral de la C\u00e1mara de Comercio de Bogot\u00e1- Carlos Mauricio Gonz\u00e1lez, director del Centro de Arbitraje y Conciliaci\u00f3n CCB- Carolina Olarte-B\u00e1cares, decana de la Pontificia Universidad Javeriana- Hector Hern\u00e1ndez Botero, abogado en Philippi Prietocarrizosa Ferrero DU & Uria- Mar\u00eda Torres, asistente jur\u00eddico en Kings County District Attorneys Office- Juana Mart\u00ednez Quintero, profesora de la Universidad de los Andes - Colombia- Francisco Mart\u00ednez Le\u00f3n, jur\u00eddico corporativo de SACYR COLOMBIA- Estefania Contreras Castro, asociada de Baker McKenzie\",\"breadcrumb\":{\"@id\":\"https:\\\/\\\/ciiam.org\\\/en\\\/amigos-de-ciam-colombia\\\/#breadcrumb\"},\"inLanguage\":\"en-US\",\"potentialAction\":[{\"@type\":\"ReadAction\",\"target\":[\"https:\\\/\\\/ciiam.org\\\/en\\\/amigos-de-ciam-colombia\\\/\"]}]},{\"@type\":\"ImageObject\",\"inLanguage\":\"en-US\",\"@id\":\"https:\\\/\\\/ciiam.org\\\/en\\\/amigos-de-ciam-colombia\\\/#primaryimage\",\"url\":\"https:\\\/\\\/ciiam.org\\\/wp-content\\\/uploads\\\/2022\\\/08\\\/CIAM-Colombia.jpg\",\"contentUrl\":\"https:\\\/\\\/ciiam.org\\\/wp-content\\\/uploads\\\/2022\\\/08\\\/CIAM-Colombia.jpg\",\"width\":1280,\"height\":720},{\"@type\":\"BreadcrumbList\",\"@id\":\"https:\\\/\\\/ciiam.org\\\/en\\\/amigos-de-ciam-colombia\\\/#breadcrumb\",\"itemListElement\":[{\"@type\":\"ListItem\",\"position\":1,\"name\":\"CIAM\",\"item\":\"https:\\\/\\\/ciiam.org\\\/en\\\/\"},{\"@type\":\"ListItem\",\"position\":2,\"name\":\"Amigos de CIAM &#8211; Colombia\"}]},{\"@type\":\"WebSite\",\"@id\":\"https:\\\/\\\/ciiam.org\\\/en\\\/#website\",\"url\":\"https:\\\/\\\/ciiam.org\\\/en\\\/\",\"name\":\"CIIAM\",\"description\":\"Centro Internacional e Iberoamericano de Arbitraje de Madrid\",\"publisher\":{\"@id\":\"https:\\\/\\\/ciiam.org\\\/en\\\/#organization\"},\"potentialAction\":[{\"@type\":\"SearchAction\",\"target\":{\"@type\":\"EntryPoint\",\"urlTemplate\":\"https:\\\/\\\/ciiam.org\\\/en\\\/?s={search_term_string}\"},\"query-input\":{\"@type\":\"PropertyValueSpecification\",\"valueRequired\":true,\"valueName\":\"search_term_string\"}}],\"inLanguage\":\"en-US\"},{\"@type\":\"Organization\",\"@id\":\"https:\\\/\\\/ciiam.org\\\/en\\\/#organization\",\"name\":\"Centro Internacional e Iberoamericano de Arbitraje de Madrid\",\"alternateName\":\"CIIAM\",\"url\":\"https:\\\/\\\/ciiam.org\\\/en\\\/\",\"logo\":{\"@type\":\"ImageObject\",\"inLanguage\":\"en-US\",\"@id\":\"https:\\\/\\\/ciiam.org\\\/en\\\/#\\\/schema\\\/logo\\\/image\\\/\",\"url\":\"https:\\\/\\\/ciiam.org\\\/wp-content\\\/uploads\\\/2026\\\/01\\\/favicon.png\",\"contentUrl\":\"https:\\\/\\\/ciiam.org\\\/wp-content\\\/uploads\\\/2026\\\/01\\\/favicon.png\",\"width\":500,\"height\":500,\"caption\":\"Centro Internacional e Iberoamericano de Arbitraje de Madrid\"},\"image\":{\"@id\":\"https:\\\/\\\/ciiam.org\\\/en\\\/#\\\/schema\\\/logo\\\/image\\\/\"},\"sameAs\":[\"https:\\\/\\\/www.linkedin.com\\\/company\\\/ciam-centro-internacional-arbitraje-madrid?trk=d_public_post_image\",\"https:\\\/\\\/www.youtube.com\\\/channel\\\/UCU2OI7SAQFv5uXAZ4qO4ALg\"]},{\"@type\":\"Person\",\"@id\":\"https:\\\/\\\/ciiam.org\\\/en\\\/#\\\/schema\\\/person\\\/e1577bf82c0aae3f6a27da89148d0de8\",\"name\":\"Tom\u00e1s\",\"image\":{\"@type\":\"ImageObject\",\"inLanguage\":\"en-US\",\"@id\":\"https:\\\/\\\/secure.gravatar.com\\\/avatar\\\/a0266fb7dcd7a81cb487c7f805903446e4dec0c06a134080d76f15f59be23f89?s=96&d=mm&r=g\",\"url\":\"https:\\\/\\\/secure.gravatar.com\\\/avatar\\\/a0266fb7dcd7a81cb487c7f805903446e4dec0c06a134080d76f15f59be23f89?s=96&d=mm&r=g\",\"contentUrl\":\"https:\\\/\\\/secure.gravatar.com\\\/avatar\\\/a0266fb7dcd7a81cb487c7f805903446e4dec0c06a134080d76f15f59be23f89?s=96&d=mm&r=g\",\"caption\":\"Tom\u00e1s\"},\"url\":\"https:\\\/\\\/ciiam.org\\\/en\\\/author\\\/15inter-cmma\\\/\"}]}<\/script>\n<!-- \/ Yoast SEO plugin. -->","yoast_head_json":{"title":"Amigos de CIAM - Colombia - CIIAM","description":"CIAM (Centro Internacional de Arbitraje de Madrid) ha puesto en marcha la Comisi\u00f3n #AmigosdeCIAM con el objetivo principal de promover el #arbitrajeinternacional a trav\u00e9s de una red consolidada de profesionales del sector en el extranjero.Esta comisi\u00f3n ya est\u00e1 activa en #Colombia y los miembros son:- Hernando Herrera, presidente de la Corte Arbitral de la C\u00e1mara de Comercio de Bogot\u00e1- Carlos Mauricio Gonz\u00e1lez, director del Centro de Arbitraje y Conciliaci\u00f3n CCB- Carolina Olarte-B\u00e1cares, decana de la Pontificia Universidad Javeriana- Hector Hern\u00e1ndez Botero, abogado en Philippi Prietocarrizosa Ferrero DU & Uria- Mar\u00eda Torres, asistente jur\u00eddico en Kings County District Attorneys Office- Juana Mart\u00ednez Quintero, profesora de la Universidad de los Andes - Colombia- Francisco Mart\u00ednez Le\u00f3n, jur\u00eddico corporativo de SACYR COLOMBIA- Estefania Contreras Castro, asociada de Baker McKenzie","robots":{"index":"index","follow":"follow","max-snippet":"max-snippet:-1","max-image-preview":"max-image-preview:large","max-video-preview":"max-video-preview:-1"},"canonical":"https:\/\/ciiam.org\/en\/amigos-de-ciam-colombia\/","og_locale":"en_US","og_type":"article","og_title":"Amigos de CIAM - Colombia - CIIAM","og_description":"CIAM (Centro Internacional de Arbitraje de Madrid) ha puesto en marcha la Comisi\u00f3n #AmigosdeCIAM con el objetivo principal de promover el #arbitrajeinternacional a trav\u00e9s de una red consolidada de profesionales del sector en el extranjero.Esta comisi\u00f3n ya est\u00e1 activa en #Colombia y los miembros son:- Hernando Herrera, presidente de la Corte Arbitral de la C\u00e1mara de Comercio de Bogot\u00e1- Carlos Mauricio Gonz\u00e1lez, director del Centro de Arbitraje y Conciliaci\u00f3n CCB- Carolina Olarte-B\u00e1cares, decana de la Pontificia Universidad Javeriana- Hector Hern\u00e1ndez Botero, abogado en Philippi Prietocarrizosa Ferrero DU & Uria- Mar\u00eda Torres, asistente jur\u00eddico en Kings County District Attorneys Office- Juana Mart\u00ednez Quintero, profesora de la Universidad de los Andes - Colombia- Francisco Mart\u00ednez Le\u00f3n, jur\u00eddico corporativo de SACYR COLOMBIA- Estefania Contreras Castro, asociada de Baker McKenzie","og_url":"https:\/\/ciiam.org\/en\/amigos-de-ciam-colombia\/","og_site_name":"CIIAM","article_published_time":"2022-08-19T11:13:24+00:00","article_modified_time":"2022-09-16T10:28:30+00:00","og_image":[{"width":1280,"height":720,"url":"https:\/\/ciiam.org\/wp-content\/uploads\/2022\/08\/CIAM-Colombia.jpg","type":"image\/jpeg"}],"author":"Tom\u00e1s","twitter_card":"summary_large_image","twitter_misc":{"Written by":"Tom\u00e1s","Est. reading time":"1 minute"},"schema":{"@context":"https:\/\/schema.org","@graph":[{"@type":"Article","@id":"https:\/\/ciiam.org\/en\/amigos-de-ciam-colombia\/#article","isPartOf":{"@id":"https:\/\/ciiam.org\/en\/amigos-de-ciam-colombia\/"},"author":{"name":"Tom\u00e1s","@id":"https:\/\/ciiam.org\/en\/#\/schema\/person\/e1577bf82c0aae3f6a27da89148d0de8"},"headline":"Amigos de CIAM &#8211; Colombia","datePublished":"2022-08-19T11:13:24+00:00","dateModified":"2022-09-16T10:28:30+00:00","mainEntityOfPage":{"@id":"https:\/\/ciiam.org\/en\/amigos-de-ciam-colombia\/"},"wordCount":149,"publisher":{"@id":"https:\/\/ciiam.org\/en\/#organization"},"image":{"@id":"https:\/\/ciiam.org\/en\/amigos-de-ciam-colombia\/#primaryimage"},"thumbnailUrl":"https:\/\/ciiam.org\/wp-content\/uploads\/2022\/08\/CIAM-Colombia.jpg","keywords":["#AmigosdeCIAM #Colombia"],"articleSection":["Actualidad"],"inLanguage":"en-US"},{"@type":"WebPage","@id":"https:\/\/ciiam.org\/en\/amigos-de-ciam-colombia\/","url":"https:\/\/ciiam.org\/en\/amigos-de-ciam-colombia\/","name":"Amigos de CIAM - Colombia - CIIAM","isPartOf":{"@id":"https:\/\/ciiam.org\/en\/#website"},"primaryImageOfPage":{"@id":"https:\/\/ciiam.org\/en\/amigos-de-ciam-colombia\/#primaryimage"},"image":{"@id":"https:\/\/ciiam.org\/en\/amigos-de-ciam-colombia\/#primaryimage"},"thumbnailUrl":"https:\/\/ciiam.org\/wp-content\/uploads\/2022\/08\/CIAM-Colombia.jpg","datePublished":"2022-08-19T11:13:24+00:00","dateModified":"2022-09-16T10:28:30+00:00","description":"CIAM (Centro Internacional de Arbitraje de Madrid) ha puesto en marcha la Comisi\u00f3n #AmigosdeCIAM con el objetivo principal de promover el #arbitrajeinternacional a trav\u00e9s de una red consolidada de profesionales del sector en el extranjero.Esta comisi\u00f3n ya est\u00e1 activa en #Colombia y los miembros son:- Hernando Herrera, presidente de la Corte Arbitral de la C\u00e1mara de Comercio de Bogot\u00e1- Carlos Mauricio Gonz\u00e1lez, director del Centro de Arbitraje y Conciliaci\u00f3n CCB- Carolina Olarte-B\u00e1cares, decana de la Pontificia Universidad Javeriana- Hector Hern\u00e1ndez Botero, abogado en Philippi Prietocarrizosa Ferrero DU & Uria- Mar\u00eda Torres, asistente jur\u00eddico en Kings County District Attorneys Office- Juana Mart\u00ednez Quintero, profesora de la Universidad de los Andes - Colombia- Francisco Mart\u00ednez Le\u00f3n, jur\u00eddico corporativo de SACYR COLOMBIA- Estefania Contreras Castro, asociada de Baker McKenzie","breadcrumb":{"@id":"https:\/\/ciiam.org\/en\/amigos-de-ciam-colombia\/#breadcrumb"},"inLanguage":"en-US","potentialAction":[{"@type":"ReadAction","target":["https:\/\/ciiam.org\/en\/amigos-de-ciam-colombia\/"]}]},{"@type":"ImageObject","inLanguage":"en-US","@id":"https:\/\/ciiam.org\/en\/amigos-de-ciam-colombia\/#primaryimage","url":"https:\/\/ciiam.org\/wp-content\/uploads\/2022\/08\/CIAM-Colombia.jpg","contentUrl":"https:\/\/ciiam.org\/wp-content\/uploads\/2022\/08\/CIAM-Colombia.jpg","width":1280,"height":720},{"@type":"BreadcrumbList","@id":"https:\/\/ciiam.org\/en\/amigos-de-ciam-colombia\/#breadcrumb","itemListElement":[{"@type":"ListItem","position":1,"name":"CIAM","item":"https:\/\/ciiam.org\/en\/"},{"@type":"ListItem","position":2,"name":"Amigos de CIAM &#8211; Colombia"}]},{"@type":"WebSite","@id":"https:\/\/ciiam.org\/en\/#website","url":"https:\/\/ciiam.org\/en\/","name":"CIIAM","description":"Centro Internacional e Iberoamericano de Arbitraje de Madrid","publisher":{"@id":"https:\/\/ciiam.org\/en\/#organization"},"potentialAction":[{"@type":"SearchAction","target":{"@type":"EntryPoint","urlTemplate":"https:\/\/ciiam.org\/en\/?s={search_term_string}"},"query-input":{"@type":"PropertyValueSpecification","valueRequired":true,"valueName":"search_term_string"}}],"inLanguage":"en-US"},{"@type":"Organization","@id":"https:\/\/ciiam.org\/en\/#organization","name":"Centro Internacional e Iberoamericano de Arbitraje de Madrid","alternateName":"CIIAM","url":"https:\/\/ciiam.org\/en\/","logo":{"@type":"ImageObject","inLanguage":"en-US","@id":"https:\/\/ciiam.org\/en\/#\/schema\/logo\/image\/","url":"https:\/\/ciiam.org\/wp-content\/uploads\/2026\/01\/favicon.png","contentUrl":"https:\/\/ciiam.org\/wp-content\/uploads\/2026\/01\/favicon.png","width":500,"height":500,"caption":"Centro Internacional e Iberoamericano de Arbitraje de Madrid"},"image":{"@id":"https:\/\/ciiam.org\/en\/#\/schema\/logo\/image\/"},"sameAs":["https:\/\/www.linkedin.com\/company\/ciam-centro-internacional-arbitraje-madrid?trk=d_public_post_image","https:\/\/www.youtube.com\/channel\/UCU2OI7SAQFv5uXAZ4qO4ALg"]},{"@type":"Person","@id":"https:\/\/ciiam.org\/en\/#\/schema\/person\/e1577bf82c0aae3f6a27da89148d0de8","name":"Tom\u00e1s","image":{"@type":"ImageObject","inLanguage":"en-US","@id":"https:\/\/secure.gravatar.com\/avatar\/a0266fb7dcd7a81cb487c7f805903446e4dec0c06a134080d76f15f59be23f89?s=96&d=mm&r=g","url":"https:\/\/secure.gravatar.com\/avatar\/a0266fb7dcd7a81cb487c7f805903446e4dec0c06a134080d76f15f59be23f89?s=96&d=mm&r=g","contentUrl":"https:\/\/secure.gravatar.com\/avatar\/a0266fb7dcd7a81cb487c7f805903446e4dec0c06a134080d76f15f59be23f89?s=96&d=mm&r=g","caption":"Tom\u00e1s"},"url":"https:\/\/ciiam.org\/en\/author\/15inter-cmma\/"}]}},"_links":{"self":[{"href":"https:\/\/ciiam.org\/en\/wp-json\/wp\/v2\/posts\/15151","targetHints":{"allow":["GET"]}}],"collection":[{"href":"https:\/\/ciiam.org\/en\/wp-json\/wp\/v2\/posts"}],"about":[{"href":"https:\/\/ciiam.org\/en\/wp-json\/wp\/v2\/types\/post"}],"author":[{"embeddable":true,"href":"https:\/\/ciiam.org\/en\/wp-json\/wp\/v2\/users\/12"}],"replies":[{"embeddable":true,"href":"https:\/\/ciiam.org\/en\/wp-json\/wp\/v2\/comments?post=15151"}],"version-history":[{"count":0,"href":"https:\/\/ciiam.org\/en\/wp-json\/wp\/v2\/posts\/15151\/revisions"}],"wp:featuredmedia":[{"embeddable":true,"href":"https:\/\/ciiam.org\/en\/wp-json\/wp\/v2\/media\/15152"}],"wp:attachment":[{"href":"https:\/\/ciiam.org\/en\/wp-json\/wp\/v2\/media?parent=15151"}],"wp:term":[{"taxonomy":"category","embeddable":true,"href":"https:\/\/ciiam.org\/en\/wp-json\/wp\/v2\/categories?post=15151"},{"taxonomy":"post_tag","embeddable":true,"href":"https:\/\/ciiam.org\/en\/wp-json\/wp\/v2\/tags?post=15151"}],"curies":[{"name":"wp","href":"https:\/\/api.w.org\/{rel}","templated":true}]}}