{"id":15193,"date":"2022-09-01T10:14:50","date_gmt":"2022-09-01T10:14:50","guid":{"rendered":"https:\/\/ciiam.org\/?p=15193"},"modified":"2022-09-01T11:38:43","modified_gmt":"2022-09-01T11:38:43","slug":"juan-serrada-asume-la-presidencia-de-ciam-de-manera-provisional-en-sustitucion-de-jose-antonio-cainzos","status":"publish","type":"post","link":"https:\/\/ciiam.org\/en\/juan-serrada-asume-la-presidencia-de-ciam-de-manera-provisional-en-sustitucion-de-jose-antonio-cainzos\/","title":{"rendered":"Juan Serrada asume la presidencia de CIAM, de manera provisional, en sustituci\u00f3n de Jos\u00e9 Antonio Ca\u00ednzos"},"content":{"rendered":"<p>\u00b7 Juan Serrada, actual vicepresidente, asume la presidencia hasta el nombramiento del nuevo responsable<\/p>\n<p>&nbsp;<\/p>\n<p>Madrid, 1 de septiembre de 2022. Juan Serrada asume la presidencia del Centro Internacional de Arbitraje de Madrid (CIAM), de manera provisional, en sustituci\u00f3n de Jos\u00e9 Antonio Cainzos, que comunic\u00f3 ayer su renuncia. Las cortes fundadoras del centro lamentan esta decisi\u00f3n.<\/p>\n<p>Los socios fundadores de CIAM -la Corte de Arbitraje de Madrid, la Corte Civil y Mercantil de Arbitraje, la Corte Espa\u00f1ola de Arbitraje y el Ilustre Colegio de Abogados de Madrid como socio estrat\u00e9gico- reiteran su total compromiso con el Centro y su satisfacci\u00f3n por el trabajo realizado en sus tres primeros a\u00f1os de existencia, as\u00ed como su total apoyo al Pleno de la organizaci\u00f3n.<\/p>\n<p>Juan Serrada, hasta ahora vicepresidente de CIAM y que ocupar\u00e1 la presidencia hasta que se nombre a un nuevo responsable, ha asegurado que el Centro \u201cseguir\u00e1 con su plena actividad y trabajo, soportado como ha sucedido hasta ahora por los equipos de las cortes fundadoras, que continuar\u00e1n brindando todo el apoyo financiero, t\u00e9cnico y humano para que CIAM contin\u00fae desarrollando su actividad con el m\u00e1ximo nivel de excelencia\u201d.<\/p>\n<p>&nbsp;<\/p>\n<p>Sobre el Centro Internacional de Arbitraje de Madrid El Centro Internacional de Arbitraje de Madrid (CIAM) es una instituci\u00f3n que nace con el objetivo de convertirse en un referente en el arbitraje internacional y en la instituci\u00f3n l\u00edder en arbitraje en espa\u00f1ol. Sus principios son la excelencia en los procesos, la vocaci\u00f3n de servicio al cliente y la sostenibilidad.<\/p>\n<p>CIAM es el resultado de la fusi\u00f3n de la actividad internacional de la Corte de Arbitraje de Madrid, la Corte Civil y Mercantil de Arbitraje, la Corte Espa\u00f1ola de Arbitraje y el Ilustre Colegio de Abogados de Madrid como socio estrat\u00e9gico.<\/p>\n<p>&nbsp;<\/p>\n<p>&nbsp;<\/p>\n","protected":false},"excerpt":{"rendered":"<p>\u00b7 Juan Serrada, actual vicepresidente, asume la presidencia hasta el nombramiento del nuevo responsable &nbsp; Madrid, 1 de septiembre de 2022. Juan Serrada asume la presidencia del Centro Internacional de Arbitraje de Madrid (CIAM), de manera provisional, en sustituci\u00f3n de Jos\u00e9 Antonio Cainzos, que comunic\u00f3 ayer su renuncia. Las cortes fundadoras del centro lamentan esta [&hellip;]<\/p>\n","protected":false},"author":7,"featured_media":15200,"comment_status":"closed","ping_status":"open","sticky":false,"template":"","format":"standard","meta":{"footnotes":""},"categories":[17],"tags":[],"class_list":["post-15193","post","type-post","status-publish","format-standard","has-post-thumbnail","hentry","category-actualidad"],"yoast_head":"<!-- This site is optimized with the Yoast SEO plugin v27.3 - https:\/\/yoast.com\/product\/yoast-seo-wordpress\/ -->\n<title>Juan Serrada asume la presidencia de CIAM, de manera provisional, en sustituci\u00f3n de Jos\u00e9 Antonio Ca\u00ednzos - CIIAM<\/title>\n<meta name=\"robots\" content=\"index, follow, max-snippet:-1, max-image-preview:large, max-video-preview:-1\" \/>\n<link rel=\"canonical\" href=\"https:\/\/ciiam.org\/en\/juan-serrada-asume-la-presidencia-de-ciam-de-manera-provisional-en-sustitucion-de-jose-antonio-cainzos\/\" \/>\n<meta property=\"og:locale\" content=\"en_US\" \/>\n<meta property=\"og:type\" content=\"article\" \/>\n<meta property=\"og:title\" content=\"Juan Serrada asume la presidencia de CIAM, de manera provisional, en sustituci\u00f3n de Jos\u00e9 Antonio Ca\u00ednzos - CIIAM\" \/>\n<meta property=\"og:description\" content=\"\u00b7 Juan Serrada, actual vicepresidente, asume la presidencia hasta el nombramiento del nuevo responsable &nbsp; Madrid, 1 de septiembre de 2022. Juan Serrada asume la presidencia del Centro Internacional de Arbitraje de Madrid (CIAM), de manera provisional, en sustituci\u00f3n de Jos\u00e9 Antonio Cainzos, que comunic\u00f3 ayer su renuncia. Las cortes fundadoras del centro lamentan esta [&hellip;]\" \/>\n<meta property=\"og:url\" content=\"https:\/\/ciiam.org\/en\/juan-serrada-asume-la-presidencia-de-ciam-de-manera-provisional-en-sustitucion-de-jose-antonio-cainzos\/\" \/>\n<meta property=\"og:site_name\" content=\"CIIAM\" \/>\n<meta property=\"article:published_time\" content=\"2022-09-01T10:14:50+00:00\" \/>\n<meta property=\"article:modified_time\" content=\"2022-09-01T11:38:43+00:00\" \/>\n<meta property=\"og:image\" content=\"https:\/\/ciiam.org\/wp-content\/uploads\/2022\/09\/1662020701500-2.jpg\" \/>\n\t<meta property=\"og:image:width\" content=\"1280\" \/>\n\t<meta property=\"og:image:height\" content=\"1176\" \/>\n\t<meta property=\"og:image:type\" content=\"image\/jpeg\" \/>\n<meta name=\"author\" content=\"Ignasi\" \/>\n<meta name=\"twitter:card\" content=\"summary_large_image\" \/>\n<meta name=\"twitter:label1\" content=\"Written by\" \/>\n\t<meta name=\"twitter:data1\" content=\"Ignasi\" \/>\n\t<meta name=\"twitter:label2\" content=\"Est. reading time\" \/>\n\t<meta name=\"twitter:data2\" content=\"2 minutes\" \/>\n<script type=\"application\/ld+json\" class=\"yoast-schema-graph\">{\"@context\":\"https:\\\/\\\/schema.org\",\"@graph\":[{\"@type\":\"Article\",\"@id\":\"https:\\\/\\\/ciiam.org\\\/en\\\/juan-serrada-asume-la-presidencia-de-ciam-de-manera-provisional-en-sustitucion-de-jose-antonio-cainzos\\\/#article\",\"isPartOf\":{\"@id\":\"https:\\\/\\\/ciiam.org\\\/en\\\/juan-serrada-asume-la-presidencia-de-ciam-de-manera-provisional-en-sustitucion-de-jose-antonio-cainzos\\\/\"},\"author\":{\"name\":\"Ignasi\",\"@id\":\"https:\\\/\\\/ciiam.org\\\/en\\\/#\\\/schema\\\/person\\\/170309de22b0362ceac8fec57efa33d4\"},\"headline\":\"Juan Serrada asume la presidencia de CIAM, de manera provisional, en sustituci\u00f3n de Jos\u00e9 Antonio Ca\u00ednzos\",\"datePublished\":\"2022-09-01T10:14:50+00:00\",\"dateModified\":\"2022-09-01T11:38:43+00:00\",\"mainEntityOfPage\":{\"@id\":\"https:\\\/\\\/ciiam.org\\\/en\\\/juan-serrada-asume-la-presidencia-de-ciam-de-manera-provisional-en-sustitucion-de-jose-antonio-cainzos\\\/\"},\"wordCount\":326,\"publisher\":{\"@id\":\"https:\\\/\\\/ciiam.org\\\/en\\\/#organization\"},\"image\":{\"@id\":\"https:\\\/\\\/ciiam.org\\\/en\\\/juan-serrada-asume-la-presidencia-de-ciam-de-manera-provisional-en-sustitucion-de-jose-antonio-cainzos\\\/#primaryimage\"},\"thumbnailUrl\":\"https:\\\/\\\/ciiam.org\\\/wp-content\\\/uploads\\\/2022\\\/09\\\/1662020701500-2.jpg\",\"articleSection\":[\"Actualidad\"],\"inLanguage\":\"en-US\"},{\"@type\":\"WebPage\",\"@id\":\"https:\\\/\\\/ciiam.org\\\/en\\\/juan-serrada-asume-la-presidencia-de-ciam-de-manera-provisional-en-sustitucion-de-jose-antonio-cainzos\\\/\",\"url\":\"https:\\\/\\\/ciiam.org\\\/en\\\/juan-serrada-asume-la-presidencia-de-ciam-de-manera-provisional-en-sustitucion-de-jose-antonio-cainzos\\\/\",\"name\":\"Juan Serrada asume la presidencia de CIAM, de manera provisional, en sustituci\u00f3n de Jos\u00e9 Antonio Ca\u00ednzos - CIIAM\",\"isPartOf\":{\"@id\":\"https:\\\/\\\/ciiam.org\\\/en\\\/#website\"},\"primaryImageOfPage\":{\"@id\":\"https:\\\/\\\/ciiam.org\\\/en\\\/juan-serrada-asume-la-presidencia-de-ciam-de-manera-provisional-en-sustitucion-de-jose-antonio-cainzos\\\/#primaryimage\"},\"image\":{\"@id\":\"https:\\\/\\\/ciiam.org\\\/en\\\/juan-serrada-asume-la-presidencia-de-ciam-de-manera-provisional-en-sustitucion-de-jose-antonio-cainzos\\\/#primaryimage\"},\"thumbnailUrl\":\"https:\\\/\\\/ciiam.org\\\/wp-content\\\/uploads\\\/2022\\\/09\\\/1662020701500-2.jpg\",\"datePublished\":\"2022-09-01T10:14:50+00:00\",\"dateModified\":\"2022-09-01T11:38:43+00:00\",\"breadcrumb\":{\"@id\":\"https:\\\/\\\/ciiam.org\\\/en\\\/juan-serrada-asume-la-presidencia-de-ciam-de-manera-provisional-en-sustitucion-de-jose-antonio-cainzos\\\/#breadcrumb\"},\"inLanguage\":\"en-US\",\"potentialAction\":[{\"@type\":\"ReadAction\",\"target\":[\"https:\\\/\\\/ciiam.org\\\/en\\\/juan-serrada-asume-la-presidencia-de-ciam-de-manera-provisional-en-sustitucion-de-jose-antonio-cainzos\\\/\"]}]},{\"@type\":\"ImageObject\",\"inLanguage\":\"en-US\",\"@id\":\"https:\\\/\\\/ciiam.org\\\/en\\\/juan-serrada-asume-la-presidencia-de-ciam-de-manera-provisional-en-sustitucion-de-jose-antonio-cainzos\\\/#primaryimage\",\"url\":\"https:\\\/\\\/ciiam.org\\\/wp-content\\\/uploads\\\/2022\\\/09\\\/1662020701500-2.jpg\",\"contentUrl\":\"https:\\\/\\\/ciiam.org\\\/wp-content\\\/uploads\\\/2022\\\/09\\\/1662020701500-2.jpg\",\"width\":1280,\"height\":1176},{\"@type\":\"BreadcrumbList\",\"@id\":\"https:\\\/\\\/ciiam.org\\\/en\\\/juan-serrada-asume-la-presidencia-de-ciam-de-manera-provisional-en-sustitucion-de-jose-antonio-cainzos\\\/#breadcrumb\",\"itemListElement\":[{\"@type\":\"ListItem\",\"position\":1,\"name\":\"CIAM\",\"item\":\"https:\\\/\\\/ciiam.org\\\/en\\\/\"},{\"@type\":\"ListItem\",\"position\":2,\"name\":\"Juan Serrada asume la presidencia de CIAM, de manera provisional, en sustituci\u00f3n de Jos\u00e9 Antonio Ca\u00ednzos\"}]},{\"@type\":\"WebSite\",\"@id\":\"https:\\\/\\\/ciiam.org\\\/en\\\/#website\",\"url\":\"https:\\\/\\\/ciiam.org\\\/en\\\/\",\"name\":\"CIIAM\",\"description\":\"Centro Internacional e Iberoamericano de Arbitraje de Madrid\",\"publisher\":{\"@id\":\"https:\\\/\\\/ciiam.org\\\/en\\\/#organization\"},\"potentialAction\":[{\"@type\":\"SearchAction\",\"target\":{\"@type\":\"EntryPoint\",\"urlTemplate\":\"https:\\\/\\\/ciiam.org\\\/en\\\/?s={search_term_string}\"},\"query-input\":{\"@type\":\"PropertyValueSpecification\",\"valueRequired\":true,\"valueName\":\"search_term_string\"}}],\"inLanguage\":\"en-US\"},{\"@type\":\"Organization\",\"@id\":\"https:\\\/\\\/ciiam.org\\\/en\\\/#organization\",\"name\":\"Centro Internacional e Iberoamericano de Arbitraje de Madrid\",\"alternateName\":\"CIIAM\",\"url\":\"https:\\\/\\\/ciiam.org\\\/en\\\/\",\"logo\":{\"@type\":\"ImageObject\",\"inLanguage\":\"en-US\",\"@id\":\"https:\\\/\\\/ciiam.org\\\/en\\\/#\\\/schema\\\/logo\\\/image\\\/\",\"url\":\"https:\\\/\\\/ciiam.org\\\/wp-content\\\/uploads\\\/2026\\\/01\\\/favicon.png\",\"contentUrl\":\"https:\\\/\\\/ciiam.org\\\/wp-content\\\/uploads\\\/2026\\\/01\\\/favicon.png\",\"width\":500,\"height\":500,\"caption\":\"Centro Internacional e Iberoamericano de Arbitraje de Madrid\"},\"image\":{\"@id\":\"https:\\\/\\\/ciiam.org\\\/en\\\/#\\\/schema\\\/logo\\\/image\\\/\"},\"sameAs\":[\"https:\\\/\\\/www.linkedin.com\\\/company\\\/ciam-centro-internacional-arbitraje-madrid?trk=d_public_post_image\",\"https:\\\/\\\/www.youtube.com\\\/channel\\\/UCU2OI7SAQFv5uXAZ4qO4ALg\"]},{\"@type\":\"Person\",\"@id\":\"https:\\\/\\\/ciiam.org\\\/en\\\/#\\\/schema\\\/person\\\/170309de22b0362ceac8fec57efa33d4\",\"name\":\"Ignasi\",\"image\":{\"@type\":\"ImageObject\",\"inLanguage\":\"en-US\",\"@id\":\"https:\\\/\\\/secure.gravatar.com\\\/avatar\\\/7bb88cd75d3644075e4770c73be8bb2f416e51a12aed0949bc658be7801c0218?s=96&d=mm&r=g\",\"url\":\"https:\\\/\\\/secure.gravatar.com\\\/avatar\\\/7bb88cd75d3644075e4770c73be8bb2f416e51a12aed0949bc658be7801c0218?s=96&d=mm&r=g\",\"contentUrl\":\"https:\\\/\\\/secure.gravatar.com\\\/avatar\\\/7bb88cd75d3644075e4770c73be8bb2f416e51a12aed0949bc658be7801c0218?s=96&d=mm&r=g\",\"caption\":\"Ignasi\"},\"url\":\"https:\\\/\\\/ciiam.org\\\/en\\\/author\\\/igdri-62\\\/\"}]}<\/script>\n<!-- \/ Yoast SEO plugin. -->","yoast_head_json":{"title":"Juan Serrada asume la presidencia de CIAM, de manera provisional, en sustituci\u00f3n de Jos\u00e9 Antonio Ca\u00ednzos - CIIAM","robots":{"index":"index","follow":"follow","max-snippet":"max-snippet:-1","max-image-preview":"max-image-preview:large","max-video-preview":"max-video-preview:-1"},"canonical":"https:\/\/ciiam.org\/en\/juan-serrada-asume-la-presidencia-de-ciam-de-manera-provisional-en-sustitucion-de-jose-antonio-cainzos\/","og_locale":"en_US","og_type":"article","og_title":"Juan Serrada asume la presidencia de CIAM, de manera provisional, en sustituci\u00f3n de Jos\u00e9 Antonio Ca\u00ednzos - CIIAM","og_description":"\u00b7 Juan Serrada, actual vicepresidente, asume la presidencia hasta el nombramiento del nuevo responsable &nbsp; Madrid, 1 de septiembre de 2022. Juan Serrada asume la presidencia del Centro Internacional de Arbitraje de Madrid (CIAM), de manera provisional, en sustituci\u00f3n de Jos\u00e9 Antonio Cainzos, que comunic\u00f3 ayer su renuncia. Las cortes fundadoras del centro lamentan esta [&hellip;]","og_url":"https:\/\/ciiam.org\/en\/juan-serrada-asume-la-presidencia-de-ciam-de-manera-provisional-en-sustitucion-de-jose-antonio-cainzos\/","og_site_name":"CIIAM","article_published_time":"2022-09-01T10:14:50+00:00","article_modified_time":"2022-09-01T11:38:43+00:00","og_image":[{"width":1280,"height":1176,"url":"https:\/\/ciiam.org\/wp-content\/uploads\/2022\/09\/1662020701500-2.jpg","type":"image\/jpeg"}],"author":"Ignasi","twitter_card":"summary_large_image","twitter_misc":{"Written by":"Ignasi","Est. reading time":"2 minutes"},"schema":{"@context":"https:\/\/schema.org","@graph":[{"@type":"Article","@id":"https:\/\/ciiam.org\/en\/juan-serrada-asume-la-presidencia-de-ciam-de-manera-provisional-en-sustitucion-de-jose-antonio-cainzos\/#article","isPartOf":{"@id":"https:\/\/ciiam.org\/en\/juan-serrada-asume-la-presidencia-de-ciam-de-manera-provisional-en-sustitucion-de-jose-antonio-cainzos\/"},"author":{"name":"Ignasi","@id":"https:\/\/ciiam.org\/en\/#\/schema\/person\/170309de22b0362ceac8fec57efa33d4"},"headline":"Juan Serrada asume la presidencia de CIAM, de manera provisional, en sustituci\u00f3n de Jos\u00e9 Antonio Ca\u00ednzos","datePublished":"2022-09-01T10:14:50+00:00","dateModified":"2022-09-01T11:38:43+00:00","mainEntityOfPage":{"@id":"https:\/\/ciiam.org\/en\/juan-serrada-asume-la-presidencia-de-ciam-de-manera-provisional-en-sustitucion-de-jose-antonio-cainzos\/"},"wordCount":326,"publisher":{"@id":"https:\/\/ciiam.org\/en\/#organization"},"image":{"@id":"https:\/\/ciiam.org\/en\/juan-serrada-asume-la-presidencia-de-ciam-de-manera-provisional-en-sustitucion-de-jose-antonio-cainzos\/#primaryimage"},"thumbnailUrl":"https:\/\/ciiam.org\/wp-content\/uploads\/2022\/09\/1662020701500-2.jpg","articleSection":["Actualidad"],"inLanguage":"en-US"},{"@type":"WebPage","@id":"https:\/\/ciiam.org\/en\/juan-serrada-asume-la-presidencia-de-ciam-de-manera-provisional-en-sustitucion-de-jose-antonio-cainzos\/","url":"https:\/\/ciiam.org\/en\/juan-serrada-asume-la-presidencia-de-ciam-de-manera-provisional-en-sustitucion-de-jose-antonio-cainzos\/","name":"Juan Serrada asume la presidencia de CIAM, de manera provisional, en sustituci\u00f3n de Jos\u00e9 Antonio Ca\u00ednzos - CIIAM","isPartOf":{"@id":"https:\/\/ciiam.org\/en\/#website"},"primaryImageOfPage":{"@id":"https:\/\/ciiam.org\/en\/juan-serrada-asume-la-presidencia-de-ciam-de-manera-provisional-en-sustitucion-de-jose-antonio-cainzos\/#primaryimage"},"image":{"@id":"https:\/\/ciiam.org\/en\/juan-serrada-asume-la-presidencia-de-ciam-de-manera-provisional-en-sustitucion-de-jose-antonio-cainzos\/#primaryimage"},"thumbnailUrl":"https:\/\/ciiam.org\/wp-content\/uploads\/2022\/09\/1662020701500-2.jpg","datePublished":"2022-09-01T10:14:50+00:00","dateModified":"2022-09-01T11:38:43+00:00","breadcrumb":{"@id":"https:\/\/ciiam.org\/en\/juan-serrada-asume-la-presidencia-de-ciam-de-manera-provisional-en-sustitucion-de-jose-antonio-cainzos\/#breadcrumb"},"inLanguage":"en-US","potentialAction":[{"@type":"ReadAction","target":["https:\/\/ciiam.org\/en\/juan-serrada-asume-la-presidencia-de-ciam-de-manera-provisional-en-sustitucion-de-jose-antonio-cainzos\/"]}]},{"@type":"ImageObject","inLanguage":"en-US","@id":"https:\/\/ciiam.org\/en\/juan-serrada-asume-la-presidencia-de-ciam-de-manera-provisional-en-sustitucion-de-jose-antonio-cainzos\/#primaryimage","url":"https:\/\/ciiam.org\/wp-content\/uploads\/2022\/09\/1662020701500-2.jpg","contentUrl":"https:\/\/ciiam.org\/wp-content\/uploads\/2022\/09\/1662020701500-2.jpg","width":1280,"height":1176},{"@type":"BreadcrumbList","@id":"https:\/\/ciiam.org\/en\/juan-serrada-asume-la-presidencia-de-ciam-de-manera-provisional-en-sustitucion-de-jose-antonio-cainzos\/#breadcrumb","itemListElement":[{"@type":"ListItem","position":1,"name":"CIAM","item":"https:\/\/ciiam.org\/en\/"},{"@type":"ListItem","position":2,"name":"Juan Serrada asume la presidencia de CIAM, de manera provisional, en sustituci\u00f3n de Jos\u00e9 Antonio Ca\u00ednzos"}]},{"@type":"WebSite","@id":"https:\/\/ciiam.org\/en\/#website","url":"https:\/\/ciiam.org\/en\/","name":"CIIAM","description":"Centro Internacional e Iberoamericano de Arbitraje de Madrid","publisher":{"@id":"https:\/\/ciiam.org\/en\/#organization"},"potentialAction":[{"@type":"SearchAction","target":{"@type":"EntryPoint","urlTemplate":"https:\/\/ciiam.org\/en\/?s={search_term_string}"},"query-input":{"@type":"PropertyValueSpecification","valueRequired":true,"valueName":"search_term_string"}}],"inLanguage":"en-US"},{"@type":"Organization","@id":"https:\/\/ciiam.org\/en\/#organization","name":"Centro Internacional e Iberoamericano de Arbitraje de Madrid","alternateName":"CIIAM","url":"https:\/\/ciiam.org\/en\/","logo":{"@type":"ImageObject","inLanguage":"en-US","@id":"https:\/\/ciiam.org\/en\/#\/schema\/logo\/image\/","url":"https:\/\/ciiam.org\/wp-content\/uploads\/2026\/01\/favicon.png","contentUrl":"https:\/\/ciiam.org\/wp-content\/uploads\/2026\/01\/favicon.png","width":500,"height":500,"caption":"Centro Internacional e Iberoamericano de Arbitraje de Madrid"},"image":{"@id":"https:\/\/ciiam.org\/en\/#\/schema\/logo\/image\/"},"sameAs":["https:\/\/www.linkedin.com\/company\/ciam-centro-internacional-arbitraje-madrid?trk=d_public_post_image","https:\/\/www.youtube.com\/channel\/UCU2OI7SAQFv5uXAZ4qO4ALg"]},{"@type":"Person","@id":"https:\/\/ciiam.org\/en\/#\/schema\/person\/170309de22b0362ceac8fec57efa33d4","name":"Ignasi","image":{"@type":"ImageObject","inLanguage":"en-US","@id":"https:\/\/secure.gravatar.com\/avatar\/7bb88cd75d3644075e4770c73be8bb2f416e51a12aed0949bc658be7801c0218?s=96&d=mm&r=g","url":"https:\/\/secure.gravatar.com\/avatar\/7bb88cd75d3644075e4770c73be8bb2f416e51a12aed0949bc658be7801c0218?s=96&d=mm&r=g","contentUrl":"https:\/\/secure.gravatar.com\/avatar\/7bb88cd75d3644075e4770c73be8bb2f416e51a12aed0949bc658be7801c0218?s=96&d=mm&r=g","caption":"Ignasi"},"url":"https:\/\/ciiam.org\/en\/author\/igdri-62\/"}]}},"_links":{"self":[{"href":"https:\/\/ciiam.org\/en\/wp-json\/wp\/v2\/posts\/15193","targetHints":{"allow":["GET"]}}],"collection":[{"href":"https:\/\/ciiam.org\/en\/wp-json\/wp\/v2\/posts"}],"about":[{"href":"https:\/\/ciiam.org\/en\/wp-json\/wp\/v2\/types\/post"}],"author":[{"embeddable":true,"href":"https:\/\/ciiam.org\/en\/wp-json\/wp\/v2\/users\/7"}],"replies":[{"embeddable":true,"href":"https:\/\/ciiam.org\/en\/wp-json\/wp\/v2\/comments?post=15193"}],"version-history":[{"count":0,"href":"https:\/\/ciiam.org\/en\/wp-json\/wp\/v2\/posts\/15193\/revisions"}],"wp:featuredmedia":[{"embeddable":true,"href":"https:\/\/ciiam.org\/en\/wp-json\/wp\/v2\/media\/15200"}],"wp:attachment":[{"href":"https:\/\/ciiam.org\/en\/wp-json\/wp\/v2\/media?parent=15193"}],"wp:term":[{"taxonomy":"category","embeddable":true,"href":"https:\/\/ciiam.org\/en\/wp-json\/wp\/v2\/categories?post=15193"},{"taxonomy":"post_tag","embeddable":true,"href":"https:\/\/ciiam.org\/en\/wp-json\/wp\/v2\/tags?post=15193"}],"curies":[{"name":"wp","href":"https:\/\/api.w.org\/{rel}","templated":true}]}}