{"id":15340,"date":"2022-09-16T10:16:13","date_gmt":"2022-09-16T10:16:13","guid":{"rendered":"https:\/\/ciiam.org\/?p=15340"},"modified":"2022-09-16T10:17:38","modified_gmt":"2022-09-16T10:17:38","slug":"nombramiento-de-juan-serrada-como-presidente-de-ciam-en-el-pleno-celebrado-el-14-de-septiembre","status":"publish","type":"post","link":"https:\/\/ciiam.org\/en\/nombramiento-de-juan-serrada-como-presidente-de-ciam-en-el-pleno-celebrado-el-14-de-septiembre\/","title":{"rendered":"Nombramiento de Juan Serrada como Presidente de CIAM en el Pleno celebrado el 14 de septiembre"},"content":{"rendered":"<p class=\"x_MsoNormal\"><span lang=\"ES\">En su sesi\u00f3n del 14 de septiembre de 2022, el Pleno del CIAM acord\u00f3 por unanimidad nombrar a Juan Serrada como presidente. Tambi\u00e9n se reiter\u00f3 el compromiso de los miembros del Pleno y de los cuatro socios fundadores\u00a0<\/span><span lang=\"ES\">de CIAM (la Corte de Arbitraje de Madrid, la Corte Civil y Mercantil de Arbitraje, la Corte Espa\u00f1ola de Arbitraje y el Ilustre Colegio de Abogados de Madrid como socio estrat\u00e9gico)\u00a0<\/span><span lang=\"ES\">en mantener el irrenunciable apoyo al proyecto de arbitraje internacional que CIAM representa.\u00a0\u00a0\u00a0<\/span><span lang=\"ES\">\u00a0<\/span><\/p>\n<p class=\"x_MsoNormal\"><span lang=\"ES\">\u00a0<\/span><\/p>\n<p class=\"x_MsoNormal\"><span lang=\"ES\">En unas primeras declaraciones, D. Juan Serrada ha reiterado que el Centro \u201cseguir\u00e1 con su plena actividad y trabajo, soportado como ha sucedido hasta ahora por los equipos de las cortes fundadoras, que continuar\u00e1n brindando todo el apoyo financiero, t\u00e9cnico y humano para que CIAM contin\u00fae desarrollando su actividad con el m\u00e1ximo nivel de excelencia\u201d.<\/span><span lang=\"ES\">\u00a0<\/span><\/p>\n","protected":false},"excerpt":{"rendered":"<p>En su sesi\u00f3n del 14 de septiembre de 2022, el Pleno del CIAM acord\u00f3 por unanimidad nombrar a Juan Serrada como presidente. Tambi\u00e9n se reiter\u00f3 el compromiso de los miembros del Pleno y de los cuatro socios fundadores\u00a0de CIAM (la Corte de Arbitraje de Madrid, la Corte Civil y Mercantil de Arbitraje, la Corte Espa\u00f1ola [&hellip;]<\/p>\n","protected":false},"author":7,"featured_media":15204,"comment_status":"closed","ping_status":"open","sticky":false,"template":"","format":"standard","meta":{"footnotes":""},"categories":[17],"tags":[],"class_list":["post-15340","post","type-post","status-publish","format-standard","has-post-thumbnail","hentry","category-actualidad"],"yoast_head":"<!-- This site is optimized with the Yoast SEO plugin v27.3 - https:\/\/yoast.com\/product\/yoast-seo-wordpress\/ -->\n<title>Nombramiento de Juan Serrada como Presidente de CIAM en el Pleno celebrado el 14 de septiembre - CIIAM<\/title>\n<meta name=\"robots\" content=\"index, follow, max-snippet:-1, max-image-preview:large, max-video-preview:-1\" \/>\n<link rel=\"canonical\" href=\"https:\/\/ciiam.org\/en\/nombramiento-de-juan-serrada-como-presidente-de-ciam-en-el-pleno-celebrado-el-14-de-septiembre\/\" \/>\n<meta property=\"og:locale\" content=\"en_US\" \/>\n<meta property=\"og:type\" content=\"article\" \/>\n<meta property=\"og:title\" content=\"Nombramiento de Juan Serrada como Presidente de CIAM en el Pleno celebrado el 14 de septiembre - CIIAM\" \/>\n<meta property=\"og:description\" content=\"En su sesi\u00f3n del 14 de septiembre de 2022, el Pleno del CIAM acord\u00f3 por unanimidad nombrar a Juan Serrada como presidente. Tambi\u00e9n se reiter\u00f3 el compromiso de los miembros del Pleno y de los cuatro socios fundadores\u00a0de CIAM (la Corte de Arbitraje de Madrid, la Corte Civil y Mercantil de Arbitraje, la Corte Espa\u00f1ola [&hellip;]\" \/>\n<meta property=\"og:url\" content=\"https:\/\/ciiam.org\/en\/nombramiento-de-juan-serrada-como-presidente-de-ciam-en-el-pleno-celebrado-el-14-de-septiembre\/\" \/>\n<meta property=\"og:site_name\" content=\"CIIAM\" \/>\n<meta property=\"article:published_time\" content=\"2022-09-16T10:16:13+00:00\" \/>\n<meta property=\"article:modified_time\" content=\"2022-09-16T10:17:38+00:00\" \/>\n<meta property=\"og:image\" content=\"https:\/\/ciiam.org\/wp-content\/uploads\/2022\/09\/1662020701500-1.jpg\" \/>\n\t<meta property=\"og:image:width\" content=\"1270\" \/>\n\t<meta property=\"og:image:height\" content=\"1533\" \/>\n\t<meta property=\"og:image:type\" content=\"image\/jpeg\" \/>\n<meta name=\"author\" content=\"Ignasi\" \/>\n<meta name=\"twitter:card\" content=\"summary_large_image\" \/>\n<meta name=\"twitter:label1\" content=\"Written by\" \/>\n\t<meta name=\"twitter:data1\" content=\"Ignasi\" \/>\n\t<meta name=\"twitter:label2\" content=\"Est. reading time\" \/>\n\t<meta name=\"twitter:data2\" content=\"1 minute\" \/>\n<script type=\"application\/ld+json\" class=\"yoast-schema-graph\">{\"@context\":\"https:\\\/\\\/schema.org\",\"@graph\":[{\"@type\":\"Article\",\"@id\":\"https:\\\/\\\/ciiam.org\\\/en\\\/nombramiento-de-juan-serrada-como-presidente-de-ciam-en-el-pleno-celebrado-el-14-de-septiembre\\\/#article\",\"isPartOf\":{\"@id\":\"https:\\\/\\\/ciiam.org\\\/en\\\/nombramiento-de-juan-serrada-como-presidente-de-ciam-en-el-pleno-celebrado-el-14-de-septiembre\\\/\"},\"author\":{\"name\":\"Ignasi\",\"@id\":\"https:\\\/\\\/ciiam.org\\\/en\\\/#\\\/schema\\\/person\\\/170309de22b0362ceac8fec57efa33d4\"},\"headline\":\"Nombramiento de Juan Serrada como Presidente de CIAM en el Pleno celebrado el 14 de septiembre\",\"datePublished\":\"2022-09-16T10:16:13+00:00\",\"dateModified\":\"2022-09-16T10:17:38+00:00\",\"mainEntityOfPage\":{\"@id\":\"https:\\\/\\\/ciiam.org\\\/en\\\/nombramiento-de-juan-serrada-como-presidente-de-ciam-en-el-pleno-celebrado-el-14-de-septiembre\\\/\"},\"wordCount\":158,\"publisher\":{\"@id\":\"https:\\\/\\\/ciiam.org\\\/en\\\/#organization\"},\"image\":{\"@id\":\"https:\\\/\\\/ciiam.org\\\/en\\\/nombramiento-de-juan-serrada-como-presidente-de-ciam-en-el-pleno-celebrado-el-14-de-septiembre\\\/#primaryimage\"},\"thumbnailUrl\":\"https:\\\/\\\/ciiam.org\\\/wp-content\\\/uploads\\\/2022\\\/09\\\/1662020701500-1.jpg\",\"articleSection\":[\"Actualidad\"],\"inLanguage\":\"en-US\"},{\"@type\":\"WebPage\",\"@id\":\"https:\\\/\\\/ciiam.org\\\/en\\\/nombramiento-de-juan-serrada-como-presidente-de-ciam-en-el-pleno-celebrado-el-14-de-septiembre\\\/\",\"url\":\"https:\\\/\\\/ciiam.org\\\/en\\\/nombramiento-de-juan-serrada-como-presidente-de-ciam-en-el-pleno-celebrado-el-14-de-septiembre\\\/\",\"name\":\"Nombramiento de Juan Serrada como Presidente de CIAM en el Pleno celebrado el 14 de septiembre - CIIAM\",\"isPartOf\":{\"@id\":\"https:\\\/\\\/ciiam.org\\\/en\\\/#website\"},\"primaryImageOfPage\":{\"@id\":\"https:\\\/\\\/ciiam.org\\\/en\\\/nombramiento-de-juan-serrada-como-presidente-de-ciam-en-el-pleno-celebrado-el-14-de-septiembre\\\/#primaryimage\"},\"image\":{\"@id\":\"https:\\\/\\\/ciiam.org\\\/en\\\/nombramiento-de-juan-serrada-como-presidente-de-ciam-en-el-pleno-celebrado-el-14-de-septiembre\\\/#primaryimage\"},\"thumbnailUrl\":\"https:\\\/\\\/ciiam.org\\\/wp-content\\\/uploads\\\/2022\\\/09\\\/1662020701500-1.jpg\",\"datePublished\":\"2022-09-16T10:16:13+00:00\",\"dateModified\":\"2022-09-16T10:17:38+00:00\",\"breadcrumb\":{\"@id\":\"https:\\\/\\\/ciiam.org\\\/en\\\/nombramiento-de-juan-serrada-como-presidente-de-ciam-en-el-pleno-celebrado-el-14-de-septiembre\\\/#breadcrumb\"},\"inLanguage\":\"en-US\",\"potentialAction\":[{\"@type\":\"ReadAction\",\"target\":[\"https:\\\/\\\/ciiam.org\\\/en\\\/nombramiento-de-juan-serrada-como-presidente-de-ciam-en-el-pleno-celebrado-el-14-de-septiembre\\\/\"]}]},{\"@type\":\"ImageObject\",\"inLanguage\":\"en-US\",\"@id\":\"https:\\\/\\\/ciiam.org\\\/en\\\/nombramiento-de-juan-serrada-como-presidente-de-ciam-en-el-pleno-celebrado-el-14-de-septiembre\\\/#primaryimage\",\"url\":\"https:\\\/\\\/ciiam.org\\\/wp-content\\\/uploads\\\/2022\\\/09\\\/1662020701500-1.jpg\",\"contentUrl\":\"https:\\\/\\\/ciiam.org\\\/wp-content\\\/uploads\\\/2022\\\/09\\\/1662020701500-1.jpg\",\"width\":1270,\"height\":1533},{\"@type\":\"BreadcrumbList\",\"@id\":\"https:\\\/\\\/ciiam.org\\\/en\\\/nombramiento-de-juan-serrada-como-presidente-de-ciam-en-el-pleno-celebrado-el-14-de-septiembre\\\/#breadcrumb\",\"itemListElement\":[{\"@type\":\"ListItem\",\"position\":1,\"name\":\"CIAM\",\"item\":\"https:\\\/\\\/ciiam.org\\\/en\\\/\"},{\"@type\":\"ListItem\",\"position\":2,\"name\":\"Nombramiento de Juan Serrada como Presidente de CIAM en el Pleno celebrado el 14 de septiembre\"}]},{\"@type\":\"WebSite\",\"@id\":\"https:\\\/\\\/ciiam.org\\\/en\\\/#website\",\"url\":\"https:\\\/\\\/ciiam.org\\\/en\\\/\",\"name\":\"CIIAM\",\"description\":\"Centro Internacional e Iberoamericano de Arbitraje de Madrid\",\"publisher\":{\"@id\":\"https:\\\/\\\/ciiam.org\\\/en\\\/#organization\"},\"potentialAction\":[{\"@type\":\"SearchAction\",\"target\":{\"@type\":\"EntryPoint\",\"urlTemplate\":\"https:\\\/\\\/ciiam.org\\\/en\\\/?s={search_term_string}\"},\"query-input\":{\"@type\":\"PropertyValueSpecification\",\"valueRequired\":true,\"valueName\":\"search_term_string\"}}],\"inLanguage\":\"en-US\"},{\"@type\":\"Organization\",\"@id\":\"https:\\\/\\\/ciiam.org\\\/en\\\/#organization\",\"name\":\"Centro Internacional e Iberoamericano de Arbitraje de Madrid\",\"alternateName\":\"CIIAM\",\"url\":\"https:\\\/\\\/ciiam.org\\\/en\\\/\",\"logo\":{\"@type\":\"ImageObject\",\"inLanguage\":\"en-US\",\"@id\":\"https:\\\/\\\/ciiam.org\\\/en\\\/#\\\/schema\\\/logo\\\/image\\\/\",\"url\":\"https:\\\/\\\/ciiam.org\\\/wp-content\\\/uploads\\\/2026\\\/01\\\/favicon.png\",\"contentUrl\":\"https:\\\/\\\/ciiam.org\\\/wp-content\\\/uploads\\\/2026\\\/01\\\/favicon.png\",\"width\":500,\"height\":500,\"caption\":\"Centro Internacional e Iberoamericano de Arbitraje de Madrid\"},\"image\":{\"@id\":\"https:\\\/\\\/ciiam.org\\\/en\\\/#\\\/schema\\\/logo\\\/image\\\/\"},\"sameAs\":[\"https:\\\/\\\/www.linkedin.com\\\/company\\\/ciam-centro-internacional-arbitraje-madrid?trk=d_public_post_image\",\"https:\\\/\\\/www.youtube.com\\\/channel\\\/UCU2OI7SAQFv5uXAZ4qO4ALg\"]},{\"@type\":\"Person\",\"@id\":\"https:\\\/\\\/ciiam.org\\\/en\\\/#\\\/schema\\\/person\\\/170309de22b0362ceac8fec57efa33d4\",\"name\":\"Ignasi\",\"image\":{\"@type\":\"ImageObject\",\"inLanguage\":\"en-US\",\"@id\":\"https:\\\/\\\/secure.gravatar.com\\\/avatar\\\/7bb88cd75d3644075e4770c73be8bb2f416e51a12aed0949bc658be7801c0218?s=96&d=mm&r=g\",\"url\":\"https:\\\/\\\/secure.gravatar.com\\\/avatar\\\/7bb88cd75d3644075e4770c73be8bb2f416e51a12aed0949bc658be7801c0218?s=96&d=mm&r=g\",\"contentUrl\":\"https:\\\/\\\/secure.gravatar.com\\\/avatar\\\/7bb88cd75d3644075e4770c73be8bb2f416e51a12aed0949bc658be7801c0218?s=96&d=mm&r=g\",\"caption\":\"Ignasi\"},\"url\":\"https:\\\/\\\/ciiam.org\\\/en\\\/author\\\/igdri-62\\\/\"}]}<\/script>\n<!-- \/ Yoast SEO plugin. -->","yoast_head_json":{"title":"Nombramiento de Juan Serrada como Presidente de CIAM en el Pleno celebrado el 14 de septiembre - CIIAM","robots":{"index":"index","follow":"follow","max-snippet":"max-snippet:-1","max-image-preview":"max-image-preview:large","max-video-preview":"max-video-preview:-1"},"canonical":"https:\/\/ciiam.org\/en\/nombramiento-de-juan-serrada-como-presidente-de-ciam-en-el-pleno-celebrado-el-14-de-septiembre\/","og_locale":"en_US","og_type":"article","og_title":"Nombramiento de Juan Serrada como Presidente de CIAM en el Pleno celebrado el 14 de septiembre - CIIAM","og_description":"En su sesi\u00f3n del 14 de septiembre de 2022, el Pleno del CIAM acord\u00f3 por unanimidad nombrar a Juan Serrada como presidente. Tambi\u00e9n se reiter\u00f3 el compromiso de los miembros del Pleno y de los cuatro socios fundadores\u00a0de CIAM (la Corte de Arbitraje de Madrid, la Corte Civil y Mercantil de Arbitraje, la Corte Espa\u00f1ola [&hellip;]","og_url":"https:\/\/ciiam.org\/en\/nombramiento-de-juan-serrada-como-presidente-de-ciam-en-el-pleno-celebrado-el-14-de-septiembre\/","og_site_name":"CIIAM","article_published_time":"2022-09-16T10:16:13+00:00","article_modified_time":"2022-09-16T10:17:38+00:00","og_image":[{"width":1270,"height":1533,"url":"https:\/\/ciiam.org\/wp-content\/uploads\/2022\/09\/1662020701500-1.jpg","type":"image\/jpeg"}],"author":"Ignasi","twitter_card":"summary_large_image","twitter_misc":{"Written by":"Ignasi","Est. reading time":"1 minute"},"schema":{"@context":"https:\/\/schema.org","@graph":[{"@type":"Article","@id":"https:\/\/ciiam.org\/en\/nombramiento-de-juan-serrada-como-presidente-de-ciam-en-el-pleno-celebrado-el-14-de-septiembre\/#article","isPartOf":{"@id":"https:\/\/ciiam.org\/en\/nombramiento-de-juan-serrada-como-presidente-de-ciam-en-el-pleno-celebrado-el-14-de-septiembre\/"},"author":{"name":"Ignasi","@id":"https:\/\/ciiam.org\/en\/#\/schema\/person\/170309de22b0362ceac8fec57efa33d4"},"headline":"Nombramiento de Juan Serrada como Presidente de CIAM en el Pleno celebrado el 14 de septiembre","datePublished":"2022-09-16T10:16:13+00:00","dateModified":"2022-09-16T10:17:38+00:00","mainEntityOfPage":{"@id":"https:\/\/ciiam.org\/en\/nombramiento-de-juan-serrada-como-presidente-de-ciam-en-el-pleno-celebrado-el-14-de-septiembre\/"},"wordCount":158,"publisher":{"@id":"https:\/\/ciiam.org\/en\/#organization"},"image":{"@id":"https:\/\/ciiam.org\/en\/nombramiento-de-juan-serrada-como-presidente-de-ciam-en-el-pleno-celebrado-el-14-de-septiembre\/#primaryimage"},"thumbnailUrl":"https:\/\/ciiam.org\/wp-content\/uploads\/2022\/09\/1662020701500-1.jpg","articleSection":["Actualidad"],"inLanguage":"en-US"},{"@type":"WebPage","@id":"https:\/\/ciiam.org\/en\/nombramiento-de-juan-serrada-como-presidente-de-ciam-en-el-pleno-celebrado-el-14-de-septiembre\/","url":"https:\/\/ciiam.org\/en\/nombramiento-de-juan-serrada-como-presidente-de-ciam-en-el-pleno-celebrado-el-14-de-septiembre\/","name":"Nombramiento de Juan Serrada como Presidente de CIAM en el Pleno celebrado el 14 de septiembre - CIIAM","isPartOf":{"@id":"https:\/\/ciiam.org\/en\/#website"},"primaryImageOfPage":{"@id":"https:\/\/ciiam.org\/en\/nombramiento-de-juan-serrada-como-presidente-de-ciam-en-el-pleno-celebrado-el-14-de-septiembre\/#primaryimage"},"image":{"@id":"https:\/\/ciiam.org\/en\/nombramiento-de-juan-serrada-como-presidente-de-ciam-en-el-pleno-celebrado-el-14-de-septiembre\/#primaryimage"},"thumbnailUrl":"https:\/\/ciiam.org\/wp-content\/uploads\/2022\/09\/1662020701500-1.jpg","datePublished":"2022-09-16T10:16:13+00:00","dateModified":"2022-09-16T10:17:38+00:00","breadcrumb":{"@id":"https:\/\/ciiam.org\/en\/nombramiento-de-juan-serrada-como-presidente-de-ciam-en-el-pleno-celebrado-el-14-de-septiembre\/#breadcrumb"},"inLanguage":"en-US","potentialAction":[{"@type":"ReadAction","target":["https:\/\/ciiam.org\/en\/nombramiento-de-juan-serrada-como-presidente-de-ciam-en-el-pleno-celebrado-el-14-de-septiembre\/"]}]},{"@type":"ImageObject","inLanguage":"en-US","@id":"https:\/\/ciiam.org\/en\/nombramiento-de-juan-serrada-como-presidente-de-ciam-en-el-pleno-celebrado-el-14-de-septiembre\/#primaryimage","url":"https:\/\/ciiam.org\/wp-content\/uploads\/2022\/09\/1662020701500-1.jpg","contentUrl":"https:\/\/ciiam.org\/wp-content\/uploads\/2022\/09\/1662020701500-1.jpg","width":1270,"height":1533},{"@type":"BreadcrumbList","@id":"https:\/\/ciiam.org\/en\/nombramiento-de-juan-serrada-como-presidente-de-ciam-en-el-pleno-celebrado-el-14-de-septiembre\/#breadcrumb","itemListElement":[{"@type":"ListItem","position":1,"name":"CIAM","item":"https:\/\/ciiam.org\/en\/"},{"@type":"ListItem","position":2,"name":"Nombramiento de Juan Serrada como Presidente de CIAM en el Pleno celebrado el 14 de septiembre"}]},{"@type":"WebSite","@id":"https:\/\/ciiam.org\/en\/#website","url":"https:\/\/ciiam.org\/en\/","name":"CIIAM","description":"Centro Internacional e Iberoamericano de Arbitraje de Madrid","publisher":{"@id":"https:\/\/ciiam.org\/en\/#organization"},"potentialAction":[{"@type":"SearchAction","target":{"@type":"EntryPoint","urlTemplate":"https:\/\/ciiam.org\/en\/?s={search_term_string}"},"query-input":{"@type":"PropertyValueSpecification","valueRequired":true,"valueName":"search_term_string"}}],"inLanguage":"en-US"},{"@type":"Organization","@id":"https:\/\/ciiam.org\/en\/#organization","name":"Centro Internacional e Iberoamericano de Arbitraje de Madrid","alternateName":"CIIAM","url":"https:\/\/ciiam.org\/en\/","logo":{"@type":"ImageObject","inLanguage":"en-US","@id":"https:\/\/ciiam.org\/en\/#\/schema\/logo\/image\/","url":"https:\/\/ciiam.org\/wp-content\/uploads\/2026\/01\/favicon.png","contentUrl":"https:\/\/ciiam.org\/wp-content\/uploads\/2026\/01\/favicon.png","width":500,"height":500,"caption":"Centro Internacional e Iberoamericano de Arbitraje de Madrid"},"image":{"@id":"https:\/\/ciiam.org\/en\/#\/schema\/logo\/image\/"},"sameAs":["https:\/\/www.linkedin.com\/company\/ciam-centro-internacional-arbitraje-madrid?trk=d_public_post_image","https:\/\/www.youtube.com\/channel\/UCU2OI7SAQFv5uXAZ4qO4ALg"]},{"@type":"Person","@id":"https:\/\/ciiam.org\/en\/#\/schema\/person\/170309de22b0362ceac8fec57efa33d4","name":"Ignasi","image":{"@type":"ImageObject","inLanguage":"en-US","@id":"https:\/\/secure.gravatar.com\/avatar\/7bb88cd75d3644075e4770c73be8bb2f416e51a12aed0949bc658be7801c0218?s=96&d=mm&r=g","url":"https:\/\/secure.gravatar.com\/avatar\/7bb88cd75d3644075e4770c73be8bb2f416e51a12aed0949bc658be7801c0218?s=96&d=mm&r=g","contentUrl":"https:\/\/secure.gravatar.com\/avatar\/7bb88cd75d3644075e4770c73be8bb2f416e51a12aed0949bc658be7801c0218?s=96&d=mm&r=g","caption":"Ignasi"},"url":"https:\/\/ciiam.org\/en\/author\/igdri-62\/"}]}},"_links":{"self":[{"href":"https:\/\/ciiam.org\/en\/wp-json\/wp\/v2\/posts\/15340","targetHints":{"allow":["GET"]}}],"collection":[{"href":"https:\/\/ciiam.org\/en\/wp-json\/wp\/v2\/posts"}],"about":[{"href":"https:\/\/ciiam.org\/en\/wp-json\/wp\/v2\/types\/post"}],"author":[{"embeddable":true,"href":"https:\/\/ciiam.org\/en\/wp-json\/wp\/v2\/users\/7"}],"replies":[{"embeddable":true,"href":"https:\/\/ciiam.org\/en\/wp-json\/wp\/v2\/comments?post=15340"}],"version-history":[{"count":0,"href":"https:\/\/ciiam.org\/en\/wp-json\/wp\/v2\/posts\/15340\/revisions"}],"wp:featuredmedia":[{"embeddable":true,"href":"https:\/\/ciiam.org\/en\/wp-json\/wp\/v2\/media\/15204"}],"wp:attachment":[{"href":"https:\/\/ciiam.org\/en\/wp-json\/wp\/v2\/media?parent=15340"}],"wp:term":[{"taxonomy":"category","embeddable":true,"href":"https:\/\/ciiam.org\/en\/wp-json\/wp\/v2\/categories?post=15340"},{"taxonomy":"post_tag","embeddable":true,"href":"https:\/\/ciiam.org\/en\/wp-json\/wp\/v2\/tags?post=15340"}],"curies":[{"name":"wp","href":"https:\/\/api.w.org\/{rel}","templated":true}]}}