{"id":15467,"date":"2022-10-19T08:49:04","date_gmt":"2022-10-19T08:49:04","guid":{"rendered":"https:\/\/ciiam.org\/?p=15467"},"modified":"2022-10-19T08:49:04","modified_gmt":"2022-10-19T08:49:04","slug":"jose-maria-alonso-futuro-presidente-de-ciam","status":"publish","type":"post","link":"https:\/\/ciiam.org\/en\/jose-maria-alonso-futuro-presidente-de-ciam\/","title":{"rendered":"\u00a0Jos\u00e9 Mar\u00eda Alonso, futuro presidente de\u00a0CIAM"},"content":{"rendered":"<p>\ud83d\udccc\u00a0<a href=\"https:\/\/www.linkedin.com\/in\/ACoAABD0i74BKH9IUE3gmzIsAttG2rT5lrlQcGc\" data-attribute-index=\"0\" data-entity-hovercard-id=\"urn:li:fs_miniProfile:ACoAABD0i74BKH9IUE3gmzIsAttG2rT5lrlQcGc\" data-entity-type=\"MINI_PROFILE\">Jos\u00e9 Mar\u00eda Alonso<\/a>, futuro presidente de\u00a0<a href=\"https:\/\/www.linkedin.com\/company\/ciam-centro-internacional-arbitraje-madrid\/\" data-attribute-index=\"2\" data-entity-hovercard-id=\"urn:li:fs_miniCompany:37226932\" data-entity-type=\"MINI_COMPANY\">CIAM (Centro Internacional de Arbitraje de Madrid)<\/a><\/p>\n<p>El pleno de\u00a0<a href=\"https:\/\/www.linkedin.com\/company\/ciam-centro-internacional-arbitraje-madrid\/\" data-attribute-index=\"4\" data-entity-hovercard-id=\"urn:li:fs_miniCompany:37226932\" data-entity-type=\"MINI_COMPANY\">CIAM (Centro Internacional de Arbitraje de Madrid)\u00a0<\/a>en su sesi\u00f3n de ayer ha elegido a\u00a0<a href=\"https:\/\/www.linkedin.com\/in\/ACoAABD0i74BKH9IUE3gmzIsAttG2rT5lrlQcGc\" data-attribute-index=\"6\" data-entity-hovercard-id=\"urn:li:fs_miniProfile:ACoAABD0i74BKH9IUE3gmzIsAttG2rT5lrlQcGc\" data-entity-type=\"MINI_PROFILE\">Jos\u00e9 Mar\u00eda Alonso<\/a>\u00a0como presidente del Centro a partir del 1 de enero de 2023 en sustituci\u00f3n de Juan Serrada, actual presidente.<\/p>\n<p>Los socios fundadores de CIAM, la\u00a0<a href=\"https:\/\/www.linkedin.com\/company\/corte-de-arbitraje-de-madrid\/\" data-attribute-index=\"8\" data-entity-hovercard-id=\"urn:li:fs_miniCompany:27194308\" data-entity-type=\"MINI_COMPANY\">Corte de Arbitraje de Madrid\u00a0<\/a>\u00a0,\u00a0<a href=\"https:\/\/www.linkedin.com\/in\/ACoAAAQWY9gBaF2UuWk96EAwkwKz71aWrWTtvus\" data-attribute-index=\"10\" data-entity-hovercard-id=\"urn:li:fs_miniProfile:ACoAAAQWY9gBaF2UuWk96EAwkwKz71aWrWTtvus\" data-entity-type=\"MINI_PROFILE\">CORTE CIVIL Y MERCANTIL DE ARBITRAJE (CIMA)<\/a>\u00a0,\u00a0<a href=\"https:\/\/www.linkedin.com\/company\/corte-espa%C3%B1ola-de-arbitraje-cea\/\" data-attribute-index=\"12\" data-entity-hovercard-id=\"urn:li:fs_miniCompany:68813836\" data-entity-type=\"MINI_COMPANY\">Corte Espa\u00f1ola de Arbitraje (CEA)<\/a>\u00a0y\u00a0<a href=\"https:\/\/www.linkedin.com\/company\/colegio-de-la-abogacia-de-madrid\/\" data-attribute-index=\"14\" data-entity-hovercard-id=\"urn:li:fs_miniCompany:9473159\" data-entity-type=\"MINI_COMPANY\">Ilustre Colegio de la Abogac\u00eda de Madrid<\/a>, reiteran su compromiso con el Centro y consideran que con el liderazgo de Jos\u00e9 Mar\u00eda Alonso la instituci\u00f3n afrontara con \u00e9xito futuros retos.<\/p>\n<p>&#8212;<\/p>\n<p>\ud83d\udccc\u00a0<a href=\"https:\/\/www.linkedin.com\/in\/ACoAABD0i74BKH9IUE3gmzIsAttG2rT5lrlQcGc\" data-attribute-index=\"16\" data-entity-hovercard-id=\"urn:li:fs_miniProfile:ACoAABD0i74BKH9IUE3gmzIsAttG2rT5lrlQcGc\" data-entity-type=\"MINI_PROFILE\">Jos\u00e9 Mar\u00eda Alonso<\/a>, future president of\u00a0<a href=\"https:\/\/www.linkedin.com\/company\/ciam-centro-internacional-arbitraje-madrid\/\" data-attribute-index=\"18\" data-entity-hovercard-id=\"urn:li:fs_miniCompany:37226932\" data-entity-type=\"MINI_COMPANY\">CIAM (Centro Internacional de Arbitraje de Madrid)<\/a><\/p>\n<p>The plenary of\u00a0<a href=\"https:\/\/www.linkedin.com\/company\/ciam-centro-internacional-arbitraje-madrid\/\" data-attribute-index=\"20\" data-entity-hovercard-id=\"urn:li:fs_miniCompany:37226932\" data-entity-type=\"MINI_COMPANY\">CIAM (Centro Internacional de Arbitraje de Madrid)\u00a0<\/a>in its session yesterday has chosen\u00a0<a href=\"https:\/\/www.linkedin.com\/in\/ACoAABD0i74BKH9IUE3gmzIsAttG2rT5lrlQcGc\" data-attribute-index=\"22\" data-entity-hovercard-id=\"urn:li:fs_miniProfile:ACoAABD0i74BKH9IUE3gmzIsAttG2rT5lrlQcGc\" data-entity-type=\"MINI_PROFILE\">Jos\u00e9 Mar\u00eda Alonso<\/a>\u00a0as president of the Centre as of 1 January 2023 replacing Juan Serrada, current president.<\/p>\n<p>The founding partners of CIAM,\u00a0<a href=\"https:\/\/www.linkedin.com\/company\/corte-de-arbitraje-de-madrid\/\" data-attribute-index=\"24\" data-entity-hovercard-id=\"urn:li:fs_miniCompany:27194308\" data-entity-type=\"MINI_COMPANY\">Corte de Arbitraje de Madrid\u00a0<\/a>,\u00a0<a href=\"https:\/\/www.linkedin.com\/in\/ACoAAAQWY9gBaF2UuWk96EAwkwKz71aWrWTtvus\" data-attribute-index=\"26\" data-entity-hovercard-id=\"urn:li:fs_miniProfile:ACoAAAQWY9gBaF2UuWk96EAwkwKz71aWrWTtvus\" data-entity-type=\"MINI_PROFILE\">CORTE CIVIL Y MERCANTIL DE ARBITRAJE (CIMA)<\/a>,\u00a0<a href=\"https:\/\/www.linkedin.com\/company\/corte-espa%C3%B1ola-de-arbitraje-cea\/\" data-attribute-index=\"28\" data-entity-hovercard-id=\"urn:li:fs_miniCompany:68813836\" data-entity-type=\"MINI_COMPANY\">Corte Espa\u00f1ola de Arbitraje (CEA)<\/a>\u00a0and\u00a0<a href=\"https:\/\/www.linkedin.com\/company\/colegio-de-la-abogacia-de-madrid\/\" data-attribute-index=\"30\" data-entity-hovercard-id=\"urn:li:fs_miniCompany:9473159\" data-entity-type=\"MINI_COMPANY\">Ilustre Colegio de la Abogac\u00eda de Madrid<\/a>, reiterate their commitment to the Centre and consider that with the leadership of Jos\u00e9 Mar\u00eda Alonso the institution will successfully face future challenges.<\/p>\n","protected":false},"excerpt":{"rendered":"<p>\ud83d\udccc\u00a0Jos\u00e9 Mar\u00eda Alonso, futuro presidente de\u00a0CIAM (Centro Internacional de Arbitraje de Madrid) El pleno de\u00a0CIAM (Centro Internacional de Arbitraje de Madrid)\u00a0en su sesi\u00f3n de ayer ha elegido a\u00a0Jos\u00e9 Mar\u00eda Alonso\u00a0como presidente del Centro a partir del 1 de enero de 2023 en sustituci\u00f3n de Juan Serrada, actual presidente. Los socios fundadores de CIAM, la\u00a0Corte de [&hellip;]<\/p>\n","protected":false},"author":7,"featured_media":15468,"comment_status":"closed","ping_status":"open","sticky":false,"template":"","format":"standard","meta":{"footnotes":""},"categories":[17],"tags":[],"class_list":["post-15467","post","type-post","status-publish","format-standard","has-post-thumbnail","hentry","category-actualidad"],"yoast_head":"<!-- This site is optimized with the Yoast SEO plugin v27.3 - https:\/\/yoast.com\/product\/yoast-seo-wordpress\/ -->\n<title>\u00a0Jos\u00e9 Mar\u00eda Alonso, futuro presidente de\u00a0CIAM - CIIAM<\/title>\n<meta name=\"robots\" content=\"index, follow, max-snippet:-1, max-image-preview:large, max-video-preview:-1\" \/>\n<link rel=\"canonical\" href=\"https:\/\/ciiam.org\/en\/jose-maria-alonso-futuro-presidente-de-ciam\/\" \/>\n<meta property=\"og:locale\" content=\"en_US\" \/>\n<meta property=\"og:type\" content=\"article\" \/>\n<meta property=\"og:title\" content=\"\u00a0Jos\u00e9 Mar\u00eda Alonso, futuro presidente de\u00a0CIAM - CIIAM\" \/>\n<meta property=\"og:description\" content=\"\ud83d\udccc\u00a0Jos\u00e9 Mar\u00eda Alonso, futuro presidente de\u00a0CIAM (Centro Internacional de Arbitraje de Madrid) El pleno de\u00a0CIAM (Centro Internacional de Arbitraje de Madrid)\u00a0en su sesi\u00f3n de ayer ha elegido a\u00a0Jos\u00e9 Mar\u00eda Alonso\u00a0como presidente del Centro a partir del 1 de enero de 2023 en sustituci\u00f3n de Juan Serrada, actual presidente. Los socios fundadores de CIAM, la\u00a0Corte de [&hellip;]\" \/>\n<meta property=\"og:url\" content=\"https:\/\/ciiam.org\/en\/jose-maria-alonso-futuro-presidente-de-ciam\/\" \/>\n<meta property=\"og:site_name\" content=\"CIIAM\" \/>\n<meta property=\"article:published_time\" content=\"2022-10-19T08:49:04+00:00\" \/>\n<meta property=\"og:image\" content=\"https:\/\/ciiam.org\/wp-content\/uploads\/2022\/10\/1665741276138.jpg\" \/>\n\t<meta property=\"og:image:width\" content=\"800\" \/>\n\t<meta property=\"og:image:height\" content=\"533\" \/>\n\t<meta property=\"og:image:type\" content=\"image\/jpeg\" \/>\n<meta name=\"author\" content=\"Ignasi\" \/>\n<meta name=\"twitter:card\" content=\"summary_large_image\" \/>\n<meta name=\"twitter:label1\" content=\"Written by\" \/>\n\t<meta name=\"twitter:data1\" content=\"Ignasi\" \/>\n\t<meta name=\"twitter:label2\" content=\"Est. reading time\" \/>\n\t<meta name=\"twitter:data2\" content=\"1 minute\" \/>\n<script type=\"application\/ld+json\" class=\"yoast-schema-graph\">{\"@context\":\"https:\\\/\\\/schema.org\",\"@graph\":[{\"@type\":\"Article\",\"@id\":\"https:\\\/\\\/ciiam.org\\\/en\\\/jose-maria-alonso-futuro-presidente-de-ciam\\\/#article\",\"isPartOf\":{\"@id\":\"https:\\\/\\\/ciiam.org\\\/en\\\/jose-maria-alonso-futuro-presidente-de-ciam\\\/\"},\"author\":{\"name\":\"Ignasi\",\"@id\":\"https:\\\/\\\/ciiam.org\\\/en\\\/#\\\/schema\\\/person\\\/170309de22b0362ceac8fec57efa33d4\"},\"headline\":\"\u00a0Jos\u00e9 Mar\u00eda Alonso, futuro presidente de\u00a0CIAM\",\"datePublished\":\"2022-10-19T08:49:04+00:00\",\"mainEntityOfPage\":{\"@id\":\"https:\\\/\\\/ciiam.org\\\/en\\\/jose-maria-alonso-futuro-presidente-de-ciam\\\/\"},\"wordCount\":225,\"publisher\":{\"@id\":\"https:\\\/\\\/ciiam.org\\\/en\\\/#organization\"},\"image\":{\"@id\":\"https:\\\/\\\/ciiam.org\\\/en\\\/jose-maria-alonso-futuro-presidente-de-ciam\\\/#primaryimage\"},\"thumbnailUrl\":\"https:\\\/\\\/ciiam.org\\\/wp-content\\\/uploads\\\/2022\\\/10\\\/1665741276138.jpg\",\"articleSection\":[\"Actualidad\"],\"inLanguage\":\"en-US\"},{\"@type\":\"WebPage\",\"@id\":\"https:\\\/\\\/ciiam.org\\\/en\\\/jose-maria-alonso-futuro-presidente-de-ciam\\\/\",\"url\":\"https:\\\/\\\/ciiam.org\\\/en\\\/jose-maria-alonso-futuro-presidente-de-ciam\\\/\",\"name\":\"\u00a0Jos\u00e9 Mar\u00eda Alonso, futuro presidente de\u00a0CIAM - CIIAM\",\"isPartOf\":{\"@id\":\"https:\\\/\\\/ciiam.org\\\/en\\\/#website\"},\"primaryImageOfPage\":{\"@id\":\"https:\\\/\\\/ciiam.org\\\/en\\\/jose-maria-alonso-futuro-presidente-de-ciam\\\/#primaryimage\"},\"image\":{\"@id\":\"https:\\\/\\\/ciiam.org\\\/en\\\/jose-maria-alonso-futuro-presidente-de-ciam\\\/#primaryimage\"},\"thumbnailUrl\":\"https:\\\/\\\/ciiam.org\\\/wp-content\\\/uploads\\\/2022\\\/10\\\/1665741276138.jpg\",\"datePublished\":\"2022-10-19T08:49:04+00:00\",\"breadcrumb\":{\"@id\":\"https:\\\/\\\/ciiam.org\\\/en\\\/jose-maria-alonso-futuro-presidente-de-ciam\\\/#breadcrumb\"},\"inLanguage\":\"en-US\",\"potentialAction\":[{\"@type\":\"ReadAction\",\"target\":[\"https:\\\/\\\/ciiam.org\\\/en\\\/jose-maria-alonso-futuro-presidente-de-ciam\\\/\"]}]},{\"@type\":\"ImageObject\",\"inLanguage\":\"en-US\",\"@id\":\"https:\\\/\\\/ciiam.org\\\/en\\\/jose-maria-alonso-futuro-presidente-de-ciam\\\/#primaryimage\",\"url\":\"https:\\\/\\\/ciiam.org\\\/wp-content\\\/uploads\\\/2022\\\/10\\\/1665741276138.jpg\",\"contentUrl\":\"https:\\\/\\\/ciiam.org\\\/wp-content\\\/uploads\\\/2022\\\/10\\\/1665741276138.jpg\",\"width\":800,\"height\":533},{\"@type\":\"BreadcrumbList\",\"@id\":\"https:\\\/\\\/ciiam.org\\\/en\\\/jose-maria-alonso-futuro-presidente-de-ciam\\\/#breadcrumb\",\"itemListElement\":[{\"@type\":\"ListItem\",\"position\":1,\"name\":\"CIAM\",\"item\":\"https:\\\/\\\/ciiam.org\\\/en\\\/\"},{\"@type\":\"ListItem\",\"position\":2,\"name\":\"\u00a0Jos\u00e9 Mar\u00eda Alonso, futuro presidente de\u00a0CIAM\"}]},{\"@type\":\"WebSite\",\"@id\":\"https:\\\/\\\/ciiam.org\\\/en\\\/#website\",\"url\":\"https:\\\/\\\/ciiam.org\\\/en\\\/\",\"name\":\"CIIAM\",\"description\":\"Centro Internacional e Iberoamericano de Arbitraje de Madrid\",\"publisher\":{\"@id\":\"https:\\\/\\\/ciiam.org\\\/en\\\/#organization\"},\"potentialAction\":[{\"@type\":\"SearchAction\",\"target\":{\"@type\":\"EntryPoint\",\"urlTemplate\":\"https:\\\/\\\/ciiam.org\\\/en\\\/?s={search_term_string}\"},\"query-input\":{\"@type\":\"PropertyValueSpecification\",\"valueRequired\":true,\"valueName\":\"search_term_string\"}}],\"inLanguage\":\"en-US\"},{\"@type\":\"Organization\",\"@id\":\"https:\\\/\\\/ciiam.org\\\/en\\\/#organization\",\"name\":\"Centro Internacional e Iberoamericano de Arbitraje de Madrid\",\"alternateName\":\"CIIAM\",\"url\":\"https:\\\/\\\/ciiam.org\\\/en\\\/\",\"logo\":{\"@type\":\"ImageObject\",\"inLanguage\":\"en-US\",\"@id\":\"https:\\\/\\\/ciiam.org\\\/en\\\/#\\\/schema\\\/logo\\\/image\\\/\",\"url\":\"https:\\\/\\\/ciiam.org\\\/wp-content\\\/uploads\\\/2026\\\/01\\\/favicon.png\",\"contentUrl\":\"https:\\\/\\\/ciiam.org\\\/wp-content\\\/uploads\\\/2026\\\/01\\\/favicon.png\",\"width\":500,\"height\":500,\"caption\":\"Centro Internacional e Iberoamericano de Arbitraje de Madrid\"},\"image\":{\"@id\":\"https:\\\/\\\/ciiam.org\\\/en\\\/#\\\/schema\\\/logo\\\/image\\\/\"},\"sameAs\":[\"https:\\\/\\\/www.linkedin.com\\\/company\\\/ciam-centro-internacional-arbitraje-madrid?trk=d_public_post_image\",\"https:\\\/\\\/www.youtube.com\\\/channel\\\/UCU2OI7SAQFv5uXAZ4qO4ALg\"]},{\"@type\":\"Person\",\"@id\":\"https:\\\/\\\/ciiam.org\\\/en\\\/#\\\/schema\\\/person\\\/170309de22b0362ceac8fec57efa33d4\",\"name\":\"Ignasi\",\"image\":{\"@type\":\"ImageObject\",\"inLanguage\":\"en-US\",\"@id\":\"https:\\\/\\\/secure.gravatar.com\\\/avatar\\\/7bb88cd75d3644075e4770c73be8bb2f416e51a12aed0949bc658be7801c0218?s=96&d=mm&r=g\",\"url\":\"https:\\\/\\\/secure.gravatar.com\\\/avatar\\\/7bb88cd75d3644075e4770c73be8bb2f416e51a12aed0949bc658be7801c0218?s=96&d=mm&r=g\",\"contentUrl\":\"https:\\\/\\\/secure.gravatar.com\\\/avatar\\\/7bb88cd75d3644075e4770c73be8bb2f416e51a12aed0949bc658be7801c0218?s=96&d=mm&r=g\",\"caption\":\"Ignasi\"},\"url\":\"https:\\\/\\\/ciiam.org\\\/en\\\/author\\\/igdri-62\\\/\"}]}<\/script>\n<!-- \/ Yoast SEO plugin. -->","yoast_head_json":{"title":"\u00a0Jos\u00e9 Mar\u00eda Alonso, futuro presidente de\u00a0CIAM - CIIAM","robots":{"index":"index","follow":"follow","max-snippet":"max-snippet:-1","max-image-preview":"max-image-preview:large","max-video-preview":"max-video-preview:-1"},"canonical":"https:\/\/ciiam.org\/en\/jose-maria-alonso-futuro-presidente-de-ciam\/","og_locale":"en_US","og_type":"article","og_title":"\u00a0Jos\u00e9 Mar\u00eda Alonso, futuro presidente de\u00a0CIAM - CIIAM","og_description":"\ud83d\udccc\u00a0Jos\u00e9 Mar\u00eda Alonso, futuro presidente de\u00a0CIAM (Centro Internacional de Arbitraje de Madrid) El pleno de\u00a0CIAM (Centro Internacional de Arbitraje de Madrid)\u00a0en su sesi\u00f3n de ayer ha elegido a\u00a0Jos\u00e9 Mar\u00eda Alonso\u00a0como presidente del Centro a partir del 1 de enero de 2023 en sustituci\u00f3n de Juan Serrada, actual presidente. Los socios fundadores de CIAM, la\u00a0Corte de [&hellip;]","og_url":"https:\/\/ciiam.org\/en\/jose-maria-alonso-futuro-presidente-de-ciam\/","og_site_name":"CIIAM","article_published_time":"2022-10-19T08:49:04+00:00","og_image":[{"width":800,"height":533,"url":"https:\/\/ciiam.org\/wp-content\/uploads\/2022\/10\/1665741276138.jpg","type":"image\/jpeg"}],"author":"Ignasi","twitter_card":"summary_large_image","twitter_misc":{"Written by":"Ignasi","Est. reading time":"1 minute"},"schema":{"@context":"https:\/\/schema.org","@graph":[{"@type":"Article","@id":"https:\/\/ciiam.org\/en\/jose-maria-alonso-futuro-presidente-de-ciam\/#article","isPartOf":{"@id":"https:\/\/ciiam.org\/en\/jose-maria-alonso-futuro-presidente-de-ciam\/"},"author":{"name":"Ignasi","@id":"https:\/\/ciiam.org\/en\/#\/schema\/person\/170309de22b0362ceac8fec57efa33d4"},"headline":"\u00a0Jos\u00e9 Mar\u00eda Alonso, futuro presidente de\u00a0CIAM","datePublished":"2022-10-19T08:49:04+00:00","mainEntityOfPage":{"@id":"https:\/\/ciiam.org\/en\/jose-maria-alonso-futuro-presidente-de-ciam\/"},"wordCount":225,"publisher":{"@id":"https:\/\/ciiam.org\/en\/#organization"},"image":{"@id":"https:\/\/ciiam.org\/en\/jose-maria-alonso-futuro-presidente-de-ciam\/#primaryimage"},"thumbnailUrl":"https:\/\/ciiam.org\/wp-content\/uploads\/2022\/10\/1665741276138.jpg","articleSection":["Actualidad"],"inLanguage":"en-US"},{"@type":"WebPage","@id":"https:\/\/ciiam.org\/en\/jose-maria-alonso-futuro-presidente-de-ciam\/","url":"https:\/\/ciiam.org\/en\/jose-maria-alonso-futuro-presidente-de-ciam\/","name":"\u00a0Jos\u00e9 Mar\u00eda Alonso, futuro presidente de\u00a0CIAM - CIIAM","isPartOf":{"@id":"https:\/\/ciiam.org\/en\/#website"},"primaryImageOfPage":{"@id":"https:\/\/ciiam.org\/en\/jose-maria-alonso-futuro-presidente-de-ciam\/#primaryimage"},"image":{"@id":"https:\/\/ciiam.org\/en\/jose-maria-alonso-futuro-presidente-de-ciam\/#primaryimage"},"thumbnailUrl":"https:\/\/ciiam.org\/wp-content\/uploads\/2022\/10\/1665741276138.jpg","datePublished":"2022-10-19T08:49:04+00:00","breadcrumb":{"@id":"https:\/\/ciiam.org\/en\/jose-maria-alonso-futuro-presidente-de-ciam\/#breadcrumb"},"inLanguage":"en-US","potentialAction":[{"@type":"ReadAction","target":["https:\/\/ciiam.org\/en\/jose-maria-alonso-futuro-presidente-de-ciam\/"]}]},{"@type":"ImageObject","inLanguage":"en-US","@id":"https:\/\/ciiam.org\/en\/jose-maria-alonso-futuro-presidente-de-ciam\/#primaryimage","url":"https:\/\/ciiam.org\/wp-content\/uploads\/2022\/10\/1665741276138.jpg","contentUrl":"https:\/\/ciiam.org\/wp-content\/uploads\/2022\/10\/1665741276138.jpg","width":800,"height":533},{"@type":"BreadcrumbList","@id":"https:\/\/ciiam.org\/en\/jose-maria-alonso-futuro-presidente-de-ciam\/#breadcrumb","itemListElement":[{"@type":"ListItem","position":1,"name":"CIAM","item":"https:\/\/ciiam.org\/en\/"},{"@type":"ListItem","position":2,"name":"\u00a0Jos\u00e9 Mar\u00eda Alonso, futuro presidente de\u00a0CIAM"}]},{"@type":"WebSite","@id":"https:\/\/ciiam.org\/en\/#website","url":"https:\/\/ciiam.org\/en\/","name":"CIIAM","description":"Centro Internacional e Iberoamericano de Arbitraje de Madrid","publisher":{"@id":"https:\/\/ciiam.org\/en\/#organization"},"potentialAction":[{"@type":"SearchAction","target":{"@type":"EntryPoint","urlTemplate":"https:\/\/ciiam.org\/en\/?s={search_term_string}"},"query-input":{"@type":"PropertyValueSpecification","valueRequired":true,"valueName":"search_term_string"}}],"inLanguage":"en-US"},{"@type":"Organization","@id":"https:\/\/ciiam.org\/en\/#organization","name":"Centro Internacional e Iberoamericano de Arbitraje de Madrid","alternateName":"CIIAM","url":"https:\/\/ciiam.org\/en\/","logo":{"@type":"ImageObject","inLanguage":"en-US","@id":"https:\/\/ciiam.org\/en\/#\/schema\/logo\/image\/","url":"https:\/\/ciiam.org\/wp-content\/uploads\/2026\/01\/favicon.png","contentUrl":"https:\/\/ciiam.org\/wp-content\/uploads\/2026\/01\/favicon.png","width":500,"height":500,"caption":"Centro Internacional e Iberoamericano de Arbitraje de Madrid"},"image":{"@id":"https:\/\/ciiam.org\/en\/#\/schema\/logo\/image\/"},"sameAs":["https:\/\/www.linkedin.com\/company\/ciam-centro-internacional-arbitraje-madrid?trk=d_public_post_image","https:\/\/www.youtube.com\/channel\/UCU2OI7SAQFv5uXAZ4qO4ALg"]},{"@type":"Person","@id":"https:\/\/ciiam.org\/en\/#\/schema\/person\/170309de22b0362ceac8fec57efa33d4","name":"Ignasi","image":{"@type":"ImageObject","inLanguage":"en-US","@id":"https:\/\/secure.gravatar.com\/avatar\/7bb88cd75d3644075e4770c73be8bb2f416e51a12aed0949bc658be7801c0218?s=96&d=mm&r=g","url":"https:\/\/secure.gravatar.com\/avatar\/7bb88cd75d3644075e4770c73be8bb2f416e51a12aed0949bc658be7801c0218?s=96&d=mm&r=g","contentUrl":"https:\/\/secure.gravatar.com\/avatar\/7bb88cd75d3644075e4770c73be8bb2f416e51a12aed0949bc658be7801c0218?s=96&d=mm&r=g","caption":"Ignasi"},"url":"https:\/\/ciiam.org\/en\/author\/igdri-62\/"}]}},"_links":{"self":[{"href":"https:\/\/ciiam.org\/en\/wp-json\/wp\/v2\/posts\/15467","targetHints":{"allow":["GET"]}}],"collection":[{"href":"https:\/\/ciiam.org\/en\/wp-json\/wp\/v2\/posts"}],"about":[{"href":"https:\/\/ciiam.org\/en\/wp-json\/wp\/v2\/types\/post"}],"author":[{"embeddable":true,"href":"https:\/\/ciiam.org\/en\/wp-json\/wp\/v2\/users\/7"}],"replies":[{"embeddable":true,"href":"https:\/\/ciiam.org\/en\/wp-json\/wp\/v2\/comments?post=15467"}],"version-history":[{"count":0,"href":"https:\/\/ciiam.org\/en\/wp-json\/wp\/v2\/posts\/15467\/revisions"}],"wp:featuredmedia":[{"embeddable":true,"href":"https:\/\/ciiam.org\/en\/wp-json\/wp\/v2\/media\/15468"}],"wp:attachment":[{"href":"https:\/\/ciiam.org\/en\/wp-json\/wp\/v2\/media?parent=15467"}],"wp:term":[{"taxonomy":"category","embeddable":true,"href":"https:\/\/ciiam.org\/en\/wp-json\/wp\/v2\/categories?post=15467"},{"taxonomy":"post_tag","embeddable":true,"href":"https:\/\/ciiam.org\/en\/wp-json\/wp\/v2\/tags?post=15467"}],"curies":[{"name":"wp","href":"https:\/\/api.w.org\/{rel}","templated":true}]}}