{"id":15474,"date":"2022-10-19T08:52:13","date_gmt":"2022-10-19T08:52:13","guid":{"rendered":"https:\/\/ciiam.org\/?p=15474"},"modified":"2022-10-19T08:52:13","modified_gmt":"2022-10-19T08:52:13","slug":"76o-periodo-de-sesiones-del-grupo-de-trabajo-ii-de-uncitral","status":"publish","type":"post","link":"https:\/\/ciiam.org\/en\/76o-periodo-de-sesiones-del-grupo-de-trabajo-ii-de-uncitral\/","title":{"rendered":"\u00a076\u00ba per\u00edodo de sesiones del Grupo de Trabajo II de\u00a0UNCITRAL"},"content":{"rendered":"<p>\ud83d\udccc\u00a076\u00ba per\u00edodo de sesiones del Grupo de Trabajo II de\u00a0<a href=\"https:\/\/www.linkedin.com\/company\/uncitral\/\" data-attribute-index=\"0\" data-entity-hovercard-id=\"urn:li:fs_miniCompany:10195336\" data-entity-type=\"MINI_COMPANY\">UNCITRAL: United Nations Commission on International Trade Law<\/a>\u00a0sobre Soluci\u00f3n de Controversias<\/p>\n<p><a href=\"https:\/\/www.linkedin.com\/in\/ACoAABPwzBwBgLA2zpchwv65xbhDxTqsQlkEeRo\" data-attribute-index=\"2\" data-entity-hovercard-id=\"urn:li:fs_miniProfile:ACoAABPwzBwBgLA2zpchwv65xbhDxTqsQlkEeRo\" data-entity-type=\"MINI_PROFILE\">M\u00e9lanie Riofrio Pich\u00e9<\/a>, secretaria general de CIAM (Centro Internacional de Arbitraje de Madrid),\u00a0<a href=\"https:\/\/www.linkedin.com\/in\/ACoAAAAnzNQBnEVOAb65_RNQ1trGt0GPdt2OeP0\" data-attribute-index=\"4\" data-entity-hovercard-id=\"urn:li:fs_miniProfile:ACoAAAAnzNQBnEVOAb65_RNQ1trGt0GPdt2OeP0\" data-entity-type=\"MINI_PROFILE\">Urquiola De Palacio<\/a>, vicepresidenta del\u00a0Centro, y\u00a0<a href=\"https:\/\/www.linkedin.com\/in\/ACoAABj4qk8BmTZL4A_v_KEu2oCOGcFTb_jFASo\" data-attribute-index=\"6\" data-entity-hovercard-id=\"urn:li:fs_miniProfile:ACoAABj4qk8BmTZL4A_v_KEu2oCOGcFTb_jFASo\" data-entity-type=\"MINI_PROFILE\">Marta Lalaguna Holzwarth<\/a>, vicesecretaria del Centro, acudieron a la jornada que tuvo lugar del 10 al 14 de octubre en el Viena International Centre, sede de UNCITRAL. En las sesiones se trataron temas como desestimaci\u00f3n temprana de la demanda y la tecnolog\u00eda en la resoluci\u00f3n de disputas.<\/p>\n<p>&#8212;<\/p>\n<p>\ud83d\udccc\u00a076th Session of\u00a0<a href=\"https:\/\/www.linkedin.com\/company\/uncitral\/\" data-attribute-index=\"8\" data-entity-hovercard-id=\"urn:li:fs_miniCompany:10195336\" data-entity-type=\"MINI_COMPANY\">UNCITRAL: United Nations Commission on International Trade Law<\/a>\u00a0Working Group II on Dispute Settlement<\/p>\n<p><a href=\"https:\/\/www.linkedin.com\/in\/ACoAABPwzBwBgLA2zpchwv65xbhDxTqsQlkEeRo\" data-attribute-index=\"10\" data-entity-hovercard-id=\"urn:li:fs_miniProfile:ACoAABPwzBwBgLA2zpchwv65xbhDxTqsQlkEeRo\" data-entity-type=\"MINI_PROFILE\">M\u00e9lanie Riofrio Pich\u00e9<\/a>, Secretary General of\u00a0<a href=\"https:\/\/www.linkedin.com\/company\/ciam-centro-internacional-arbitraje-madrid\/\" data-attribute-index=\"12\" data-entity-hovercard-id=\"urn:li:fs_miniCompany:37226932\" data-entity-type=\"MINI_COMPANY\">CIAM (Centro Internacional de Arbitraje de Madrid)\u00a0<\/a>,\u00a0<a href=\"https:\/\/www.linkedin.com\/in\/ACoAAAAnzNQBnEVOAb65_RNQ1trGt0GPdt2OeP0\" data-attribute-index=\"14\" data-entity-hovercard-id=\"urn:li:fs_miniProfile:ACoAAAAnzNQBnEVOAb65_RNQ1trGt0GPdt2OeP0\" data-entity-type=\"MINI_PROFILE\">Urquiola De Palacio<\/a>, Vice-President of\u00a0the Centre,\u00a0and\u00a0<a href=\"https:\/\/www.linkedin.com\/in\/ACoAABj4qk8BmTZL4A_v_KEu2oCOGcFTb_jFASo\" data-attribute-index=\"16\" data-entity-hovercard-id=\"urn:li:fs_miniProfile:ACoAABj4qk8BmTZL4A_v_KEu2oCOGcFTb_jFASo\" data-entity-type=\"MINI_PROFILE\">Marta Lalaguna Holzwarth<\/a>, Vice-Secretary of\u00a0the Centre,\u00a0observed the session which took place from the 10th\u00a0\u00a0to 14th\u00a0of October at the Vienna International Centre, UNCITRAL headquarters. The sessions covered topics such as early dismissal and technology in dispute resolution.<\/p>\n","protected":false},"excerpt":{"rendered":"<p>\ud83d\udccc\u00a076\u00ba per\u00edodo de sesiones del Grupo de Trabajo II de\u00a0UNCITRAL: United Nations Commission on International Trade Law\u00a0sobre Soluci\u00f3n de Controversias M\u00e9lanie Riofrio Pich\u00e9, secretaria general de CIAM (Centro Internacional de Arbitraje de Madrid),\u00a0Urquiola De Palacio, vicepresidenta del\u00a0Centro, y\u00a0Marta Lalaguna Holzwarth, vicesecretaria del Centro, acudieron a la jornada que tuvo lugar del 10 al 14 de [&hellip;]<\/p>\n","protected":false},"author":7,"featured_media":15475,"comment_status":"closed","ping_status":"open","sticky":false,"template":"","format":"standard","meta":{"footnotes":""},"categories":[17],"tags":[],"class_list":["post-15474","post","type-post","status-publish","format-standard","has-post-thumbnail","hentry","category-actualidad"],"yoast_head":"<!-- This site is optimized with the Yoast SEO plugin v27.3 - https:\/\/yoast.com\/product\/yoast-seo-wordpress\/ -->\n<title>\u00a076\u00ba per\u00edodo de sesiones del Grupo de Trabajo II de\u00a0UNCITRAL - CIIAM<\/title>\n<meta name=\"robots\" content=\"index, follow, max-snippet:-1, max-image-preview:large, max-video-preview:-1\" \/>\n<link rel=\"canonical\" href=\"https:\/\/ciiam.org\/en\/76o-periodo-de-sesiones-del-grupo-de-trabajo-ii-de-uncitral\/\" \/>\n<meta property=\"og:locale\" content=\"en_US\" \/>\n<meta property=\"og:type\" content=\"article\" \/>\n<meta property=\"og:title\" content=\"\u00a076\u00ba per\u00edodo de sesiones del Grupo de Trabajo II de\u00a0UNCITRAL - CIIAM\" \/>\n<meta property=\"og:description\" content=\"\ud83d\udccc\u00a076\u00ba per\u00edodo de sesiones del Grupo de Trabajo II de\u00a0UNCITRAL: United Nations Commission on International Trade Law\u00a0sobre Soluci\u00f3n de Controversias M\u00e9lanie Riofrio Pich\u00e9, secretaria general de CIAM (Centro Internacional de Arbitraje de Madrid),\u00a0Urquiola De Palacio, vicepresidenta del\u00a0Centro, y\u00a0Marta Lalaguna Holzwarth, vicesecretaria del Centro, acudieron a la jornada que tuvo lugar del 10 al 14 de [&hellip;]\" \/>\n<meta property=\"og:url\" content=\"https:\/\/ciiam.org\/en\/76o-periodo-de-sesiones-del-grupo-de-trabajo-ii-de-uncitral\/\" \/>\n<meta property=\"og:site_name\" content=\"CIIAM\" \/>\n<meta property=\"article:published_time\" content=\"2022-10-19T08:52:13+00:00\" \/>\n<meta property=\"og:image\" content=\"https:\/\/ciiam.org\/wp-content\/uploads\/2022\/10\/1665994513683.jpg\" \/>\n\t<meta property=\"og:image:width\" content=\"800\" \/>\n\t<meta property=\"og:image:height\" content=\"662\" \/>\n\t<meta property=\"og:image:type\" content=\"image\/jpeg\" \/>\n<meta name=\"author\" content=\"Ignasi\" \/>\n<meta name=\"twitter:card\" content=\"summary_large_image\" \/>\n<meta name=\"twitter:label1\" content=\"Written by\" \/>\n\t<meta name=\"twitter:data1\" content=\"Ignasi\" \/>\n\t<meta name=\"twitter:label2\" content=\"Est. reading time\" \/>\n\t<meta name=\"twitter:data2\" content=\"1 minute\" \/>\n<script type=\"application\/ld+json\" class=\"yoast-schema-graph\">{\"@context\":\"https:\\\/\\\/schema.org\",\"@graph\":[{\"@type\":\"Article\",\"@id\":\"https:\\\/\\\/ciiam.org\\\/en\\\/76o-periodo-de-sesiones-del-grupo-de-trabajo-ii-de-uncitral\\\/#article\",\"isPartOf\":{\"@id\":\"https:\\\/\\\/ciiam.org\\\/en\\\/76o-periodo-de-sesiones-del-grupo-de-trabajo-ii-de-uncitral\\\/\"},\"author\":{\"name\":\"Ignasi\",\"@id\":\"https:\\\/\\\/ciiam.org\\\/en\\\/#\\\/schema\\\/person\\\/170309de22b0362ceac8fec57efa33d4\"},\"headline\":\"\u00a076\u00ba per\u00edodo de sesiones del Grupo de Trabajo II de\u00a0UNCITRAL\",\"datePublished\":\"2022-10-19T08:52:13+00:00\",\"mainEntityOfPage\":{\"@id\":\"https:\\\/\\\/ciiam.org\\\/en\\\/76o-periodo-de-sesiones-del-grupo-de-trabajo-ii-de-uncitral\\\/\"},\"wordCount\":183,\"publisher\":{\"@id\":\"https:\\\/\\\/ciiam.org\\\/en\\\/#organization\"},\"image\":{\"@id\":\"https:\\\/\\\/ciiam.org\\\/en\\\/76o-periodo-de-sesiones-del-grupo-de-trabajo-ii-de-uncitral\\\/#primaryimage\"},\"thumbnailUrl\":\"https:\\\/\\\/ciiam.org\\\/wp-content\\\/uploads\\\/2022\\\/10\\\/1665994513683.jpg\",\"articleSection\":[\"Actualidad\"],\"inLanguage\":\"en-US\"},{\"@type\":\"WebPage\",\"@id\":\"https:\\\/\\\/ciiam.org\\\/en\\\/76o-periodo-de-sesiones-del-grupo-de-trabajo-ii-de-uncitral\\\/\",\"url\":\"https:\\\/\\\/ciiam.org\\\/en\\\/76o-periodo-de-sesiones-del-grupo-de-trabajo-ii-de-uncitral\\\/\",\"name\":\"\u00a076\u00ba per\u00edodo de sesiones del Grupo de Trabajo II de\u00a0UNCITRAL - CIIAM\",\"isPartOf\":{\"@id\":\"https:\\\/\\\/ciiam.org\\\/en\\\/#website\"},\"primaryImageOfPage\":{\"@id\":\"https:\\\/\\\/ciiam.org\\\/en\\\/76o-periodo-de-sesiones-del-grupo-de-trabajo-ii-de-uncitral\\\/#primaryimage\"},\"image\":{\"@id\":\"https:\\\/\\\/ciiam.org\\\/en\\\/76o-periodo-de-sesiones-del-grupo-de-trabajo-ii-de-uncitral\\\/#primaryimage\"},\"thumbnailUrl\":\"https:\\\/\\\/ciiam.org\\\/wp-content\\\/uploads\\\/2022\\\/10\\\/1665994513683.jpg\",\"datePublished\":\"2022-10-19T08:52:13+00:00\",\"breadcrumb\":{\"@id\":\"https:\\\/\\\/ciiam.org\\\/en\\\/76o-periodo-de-sesiones-del-grupo-de-trabajo-ii-de-uncitral\\\/#breadcrumb\"},\"inLanguage\":\"en-US\",\"potentialAction\":[{\"@type\":\"ReadAction\",\"target\":[\"https:\\\/\\\/ciiam.org\\\/en\\\/76o-periodo-de-sesiones-del-grupo-de-trabajo-ii-de-uncitral\\\/\"]}]},{\"@type\":\"ImageObject\",\"inLanguage\":\"en-US\",\"@id\":\"https:\\\/\\\/ciiam.org\\\/en\\\/76o-periodo-de-sesiones-del-grupo-de-trabajo-ii-de-uncitral\\\/#primaryimage\",\"url\":\"https:\\\/\\\/ciiam.org\\\/wp-content\\\/uploads\\\/2022\\\/10\\\/1665994513683.jpg\",\"contentUrl\":\"https:\\\/\\\/ciiam.org\\\/wp-content\\\/uploads\\\/2022\\\/10\\\/1665994513683.jpg\",\"width\":800,\"height\":662},{\"@type\":\"BreadcrumbList\",\"@id\":\"https:\\\/\\\/ciiam.org\\\/en\\\/76o-periodo-de-sesiones-del-grupo-de-trabajo-ii-de-uncitral\\\/#breadcrumb\",\"itemListElement\":[{\"@type\":\"ListItem\",\"position\":1,\"name\":\"CIAM\",\"item\":\"https:\\\/\\\/ciiam.org\\\/en\\\/\"},{\"@type\":\"ListItem\",\"position\":2,\"name\":\"\u00a076\u00ba per\u00edodo de sesiones del Grupo de Trabajo II de\u00a0UNCITRAL\"}]},{\"@type\":\"WebSite\",\"@id\":\"https:\\\/\\\/ciiam.org\\\/en\\\/#website\",\"url\":\"https:\\\/\\\/ciiam.org\\\/en\\\/\",\"name\":\"CIIAM\",\"description\":\"Centro Internacional e Iberoamericano de Arbitraje de Madrid\",\"publisher\":{\"@id\":\"https:\\\/\\\/ciiam.org\\\/en\\\/#organization\"},\"potentialAction\":[{\"@type\":\"SearchAction\",\"target\":{\"@type\":\"EntryPoint\",\"urlTemplate\":\"https:\\\/\\\/ciiam.org\\\/en\\\/?s={search_term_string}\"},\"query-input\":{\"@type\":\"PropertyValueSpecification\",\"valueRequired\":true,\"valueName\":\"search_term_string\"}}],\"inLanguage\":\"en-US\"},{\"@type\":\"Organization\",\"@id\":\"https:\\\/\\\/ciiam.org\\\/en\\\/#organization\",\"name\":\"Centro Internacional e Iberoamericano de Arbitraje de Madrid\",\"alternateName\":\"CIIAM\",\"url\":\"https:\\\/\\\/ciiam.org\\\/en\\\/\",\"logo\":{\"@type\":\"ImageObject\",\"inLanguage\":\"en-US\",\"@id\":\"https:\\\/\\\/ciiam.org\\\/en\\\/#\\\/schema\\\/logo\\\/image\\\/\",\"url\":\"https:\\\/\\\/ciiam.org\\\/wp-content\\\/uploads\\\/2026\\\/01\\\/favicon.png\",\"contentUrl\":\"https:\\\/\\\/ciiam.org\\\/wp-content\\\/uploads\\\/2026\\\/01\\\/favicon.png\",\"width\":500,\"height\":500,\"caption\":\"Centro Internacional e Iberoamericano de Arbitraje de Madrid\"},\"image\":{\"@id\":\"https:\\\/\\\/ciiam.org\\\/en\\\/#\\\/schema\\\/logo\\\/image\\\/\"},\"sameAs\":[\"https:\\\/\\\/www.linkedin.com\\\/company\\\/ciam-centro-internacional-arbitraje-madrid?trk=d_public_post_image\",\"https:\\\/\\\/www.youtube.com\\\/channel\\\/UCU2OI7SAQFv5uXAZ4qO4ALg\"]},{\"@type\":\"Person\",\"@id\":\"https:\\\/\\\/ciiam.org\\\/en\\\/#\\\/schema\\\/person\\\/170309de22b0362ceac8fec57efa33d4\",\"name\":\"Ignasi\",\"image\":{\"@type\":\"ImageObject\",\"inLanguage\":\"en-US\",\"@id\":\"https:\\\/\\\/secure.gravatar.com\\\/avatar\\\/7bb88cd75d3644075e4770c73be8bb2f416e51a12aed0949bc658be7801c0218?s=96&d=mm&r=g\",\"url\":\"https:\\\/\\\/secure.gravatar.com\\\/avatar\\\/7bb88cd75d3644075e4770c73be8bb2f416e51a12aed0949bc658be7801c0218?s=96&d=mm&r=g\",\"contentUrl\":\"https:\\\/\\\/secure.gravatar.com\\\/avatar\\\/7bb88cd75d3644075e4770c73be8bb2f416e51a12aed0949bc658be7801c0218?s=96&d=mm&r=g\",\"caption\":\"Ignasi\"},\"url\":\"https:\\\/\\\/ciiam.org\\\/en\\\/author\\\/igdri-62\\\/\"}]}<\/script>\n<!-- \/ Yoast SEO plugin. -->","yoast_head_json":{"title":"\u00a076\u00ba per\u00edodo de sesiones del Grupo de Trabajo II de\u00a0UNCITRAL - CIIAM","robots":{"index":"index","follow":"follow","max-snippet":"max-snippet:-1","max-image-preview":"max-image-preview:large","max-video-preview":"max-video-preview:-1"},"canonical":"https:\/\/ciiam.org\/en\/76o-periodo-de-sesiones-del-grupo-de-trabajo-ii-de-uncitral\/","og_locale":"en_US","og_type":"article","og_title":"\u00a076\u00ba per\u00edodo de sesiones del Grupo de Trabajo II de\u00a0UNCITRAL - CIIAM","og_description":"\ud83d\udccc\u00a076\u00ba per\u00edodo de sesiones del Grupo de Trabajo II de\u00a0UNCITRAL: United Nations Commission on International Trade Law\u00a0sobre Soluci\u00f3n de Controversias M\u00e9lanie Riofrio Pich\u00e9, secretaria general de CIAM (Centro Internacional de Arbitraje de Madrid),\u00a0Urquiola De Palacio, vicepresidenta del\u00a0Centro, y\u00a0Marta Lalaguna Holzwarth, vicesecretaria del Centro, acudieron a la jornada que tuvo lugar del 10 al 14 de [&hellip;]","og_url":"https:\/\/ciiam.org\/en\/76o-periodo-de-sesiones-del-grupo-de-trabajo-ii-de-uncitral\/","og_site_name":"CIIAM","article_published_time":"2022-10-19T08:52:13+00:00","og_image":[{"width":800,"height":662,"url":"https:\/\/ciiam.org\/wp-content\/uploads\/2022\/10\/1665994513683.jpg","type":"image\/jpeg"}],"author":"Ignasi","twitter_card":"summary_large_image","twitter_misc":{"Written by":"Ignasi","Est. reading time":"1 minute"},"schema":{"@context":"https:\/\/schema.org","@graph":[{"@type":"Article","@id":"https:\/\/ciiam.org\/en\/76o-periodo-de-sesiones-del-grupo-de-trabajo-ii-de-uncitral\/#article","isPartOf":{"@id":"https:\/\/ciiam.org\/en\/76o-periodo-de-sesiones-del-grupo-de-trabajo-ii-de-uncitral\/"},"author":{"name":"Ignasi","@id":"https:\/\/ciiam.org\/en\/#\/schema\/person\/170309de22b0362ceac8fec57efa33d4"},"headline":"\u00a076\u00ba per\u00edodo de sesiones del Grupo de Trabajo II de\u00a0UNCITRAL","datePublished":"2022-10-19T08:52:13+00:00","mainEntityOfPage":{"@id":"https:\/\/ciiam.org\/en\/76o-periodo-de-sesiones-del-grupo-de-trabajo-ii-de-uncitral\/"},"wordCount":183,"publisher":{"@id":"https:\/\/ciiam.org\/en\/#organization"},"image":{"@id":"https:\/\/ciiam.org\/en\/76o-periodo-de-sesiones-del-grupo-de-trabajo-ii-de-uncitral\/#primaryimage"},"thumbnailUrl":"https:\/\/ciiam.org\/wp-content\/uploads\/2022\/10\/1665994513683.jpg","articleSection":["Actualidad"],"inLanguage":"en-US"},{"@type":"WebPage","@id":"https:\/\/ciiam.org\/en\/76o-periodo-de-sesiones-del-grupo-de-trabajo-ii-de-uncitral\/","url":"https:\/\/ciiam.org\/en\/76o-periodo-de-sesiones-del-grupo-de-trabajo-ii-de-uncitral\/","name":"\u00a076\u00ba per\u00edodo de sesiones del Grupo de Trabajo II de\u00a0UNCITRAL - CIIAM","isPartOf":{"@id":"https:\/\/ciiam.org\/en\/#website"},"primaryImageOfPage":{"@id":"https:\/\/ciiam.org\/en\/76o-periodo-de-sesiones-del-grupo-de-trabajo-ii-de-uncitral\/#primaryimage"},"image":{"@id":"https:\/\/ciiam.org\/en\/76o-periodo-de-sesiones-del-grupo-de-trabajo-ii-de-uncitral\/#primaryimage"},"thumbnailUrl":"https:\/\/ciiam.org\/wp-content\/uploads\/2022\/10\/1665994513683.jpg","datePublished":"2022-10-19T08:52:13+00:00","breadcrumb":{"@id":"https:\/\/ciiam.org\/en\/76o-periodo-de-sesiones-del-grupo-de-trabajo-ii-de-uncitral\/#breadcrumb"},"inLanguage":"en-US","potentialAction":[{"@type":"ReadAction","target":["https:\/\/ciiam.org\/en\/76o-periodo-de-sesiones-del-grupo-de-trabajo-ii-de-uncitral\/"]}]},{"@type":"ImageObject","inLanguage":"en-US","@id":"https:\/\/ciiam.org\/en\/76o-periodo-de-sesiones-del-grupo-de-trabajo-ii-de-uncitral\/#primaryimage","url":"https:\/\/ciiam.org\/wp-content\/uploads\/2022\/10\/1665994513683.jpg","contentUrl":"https:\/\/ciiam.org\/wp-content\/uploads\/2022\/10\/1665994513683.jpg","width":800,"height":662},{"@type":"BreadcrumbList","@id":"https:\/\/ciiam.org\/en\/76o-periodo-de-sesiones-del-grupo-de-trabajo-ii-de-uncitral\/#breadcrumb","itemListElement":[{"@type":"ListItem","position":1,"name":"CIAM","item":"https:\/\/ciiam.org\/en\/"},{"@type":"ListItem","position":2,"name":"\u00a076\u00ba per\u00edodo de sesiones del Grupo de Trabajo II de\u00a0UNCITRAL"}]},{"@type":"WebSite","@id":"https:\/\/ciiam.org\/en\/#website","url":"https:\/\/ciiam.org\/en\/","name":"CIIAM","description":"Centro Internacional e Iberoamericano de Arbitraje de Madrid","publisher":{"@id":"https:\/\/ciiam.org\/en\/#organization"},"potentialAction":[{"@type":"SearchAction","target":{"@type":"EntryPoint","urlTemplate":"https:\/\/ciiam.org\/en\/?s={search_term_string}"},"query-input":{"@type":"PropertyValueSpecification","valueRequired":true,"valueName":"search_term_string"}}],"inLanguage":"en-US"},{"@type":"Organization","@id":"https:\/\/ciiam.org\/en\/#organization","name":"Centro Internacional e Iberoamericano de Arbitraje de Madrid","alternateName":"CIIAM","url":"https:\/\/ciiam.org\/en\/","logo":{"@type":"ImageObject","inLanguage":"en-US","@id":"https:\/\/ciiam.org\/en\/#\/schema\/logo\/image\/","url":"https:\/\/ciiam.org\/wp-content\/uploads\/2026\/01\/favicon.png","contentUrl":"https:\/\/ciiam.org\/wp-content\/uploads\/2026\/01\/favicon.png","width":500,"height":500,"caption":"Centro Internacional e Iberoamericano de Arbitraje de Madrid"},"image":{"@id":"https:\/\/ciiam.org\/en\/#\/schema\/logo\/image\/"},"sameAs":["https:\/\/www.linkedin.com\/company\/ciam-centro-internacional-arbitraje-madrid?trk=d_public_post_image","https:\/\/www.youtube.com\/channel\/UCU2OI7SAQFv5uXAZ4qO4ALg"]},{"@type":"Person","@id":"https:\/\/ciiam.org\/en\/#\/schema\/person\/170309de22b0362ceac8fec57efa33d4","name":"Ignasi","image":{"@type":"ImageObject","inLanguage":"en-US","@id":"https:\/\/secure.gravatar.com\/avatar\/7bb88cd75d3644075e4770c73be8bb2f416e51a12aed0949bc658be7801c0218?s=96&d=mm&r=g","url":"https:\/\/secure.gravatar.com\/avatar\/7bb88cd75d3644075e4770c73be8bb2f416e51a12aed0949bc658be7801c0218?s=96&d=mm&r=g","contentUrl":"https:\/\/secure.gravatar.com\/avatar\/7bb88cd75d3644075e4770c73be8bb2f416e51a12aed0949bc658be7801c0218?s=96&d=mm&r=g","caption":"Ignasi"},"url":"https:\/\/ciiam.org\/en\/author\/igdri-62\/"}]}},"_links":{"self":[{"href":"https:\/\/ciiam.org\/en\/wp-json\/wp\/v2\/posts\/15474","targetHints":{"allow":["GET"]}}],"collection":[{"href":"https:\/\/ciiam.org\/en\/wp-json\/wp\/v2\/posts"}],"about":[{"href":"https:\/\/ciiam.org\/en\/wp-json\/wp\/v2\/types\/post"}],"author":[{"embeddable":true,"href":"https:\/\/ciiam.org\/en\/wp-json\/wp\/v2\/users\/7"}],"replies":[{"embeddable":true,"href":"https:\/\/ciiam.org\/en\/wp-json\/wp\/v2\/comments?post=15474"}],"version-history":[{"count":0,"href":"https:\/\/ciiam.org\/en\/wp-json\/wp\/v2\/posts\/15474\/revisions"}],"wp:featuredmedia":[{"embeddable":true,"href":"https:\/\/ciiam.org\/en\/wp-json\/wp\/v2\/media\/15475"}],"wp:attachment":[{"href":"https:\/\/ciiam.org\/en\/wp-json\/wp\/v2\/media?parent=15474"}],"wp:term":[{"taxonomy":"category","embeddable":true,"href":"https:\/\/ciiam.org\/en\/wp-json\/wp\/v2\/categories?post=15474"},{"taxonomy":"post_tag","embeddable":true,"href":"https:\/\/ciiam.org\/en\/wp-json\/wp\/v2\/tags?post=15474"}],"curies":[{"name":"wp","href":"https:\/\/api.w.org\/{rel}","templated":true}]}}