{"id":15489,"date":"2022-10-25T15:05:24","date_gmt":"2022-10-25T15:05:24","guid":{"rendered":"https:\/\/ciiam.org\/?p=15489"},"modified":"2022-10-25T15:06:43","modified_gmt":"2022-10-25T15:06:43","slug":"expansion-entrevista-a-jose-maria-alonso-futuro-presidente-del-ciam","status":"publish","type":"post","link":"https:\/\/ciiam.org\/en\/expansion-entrevista-a-jose-maria-alonso-futuro-presidente-del-ciam\/","title":{"rendered":"Expansi\u00f3n entrevista a\u00a0Jos\u00e9 Mar\u00eda Alonso, futuro presidente del\u00a0CIAM"},"content":{"rendered":"<p>\ud83d\udcdd\u00a0Expansi\u00f3n entrevista a\u00a0<a href=\"https:\/\/www.linkedin.com\/in\/ACoAABD0i74BKH9IUE3gmzIsAttG2rT5lrlQcGc\" data-attribute-index=\"0\" data-entity-hovercard-id=\"urn:li:fs_miniProfile:ACoAABD0i74BKH9IUE3gmzIsAttG2rT5lrlQcGc\" data-entity-type=\"MINI_PROFILE\">Jos\u00e9 Mar\u00eda Alonso<\/a>, futuro presidente del\u00a0<a href=\"https:\/\/www.linkedin.com\/company\/ciam-centro-internacional-arbitraje-madrid\/\" data-attribute-index=\"2\" data-entity-hovercard-id=\"urn:li:fs_miniCompany:37226932\" data-entity-type=\"MINI_COMPANY\">CIAM (Centro Internacional de Arbitraje de Madrid)\u00a0<\/a>:<\/p>\n<p>\ud83d\udc49\u00a0\u201cEs un proyecto de pa\u00eds. Hay que hacer que se conozca a nivel internacional y que se introduzcan en los contratos las cl\u00e1usulas de sumisi\u00f3n al CIAM\u201d.<\/p>\n<p>\ud83d\udc49\u00a0\u201cCualquier empresa que venga a CIAM sabe que la decisi\u00f3n tomada en un procedimiento arbitral ser\u00e1 respetada por los tribunales&#8221;<\/p>\n<p>\ud83d\udc47\u00a0\u00a0Entrevista completa: <a href=\"https:\/\/www.expansion.com\/juridico\/actualidad-tendencias\/2022\/10\/24\/6356cd19e5fdeada1e8b4614.html\">https:\/\/www.expansion.com\/juridico\/actualidad-tendencias\/2022\/10\/24\/6356cd19e5fdeada1e8b4614.html<\/a><\/p>\n<p>&#8212;<\/p>\n<p>Expansi\u00f3n interviews\u00a0<a href=\"https:\/\/www.linkedin.com\/in\/ACoAABD0i74BKH9IUE3gmzIsAttG2rT5lrlQcGc\" data-attribute-index=\"4\" data-entity-hovercard-id=\"urn:li:fs_miniProfile:ACoAABD0i74BKH9IUE3gmzIsAttG2rT5lrlQcGc\" data-entity-type=\"MINI_PROFILE\">Jos\u00e9 Mar\u00eda Alonso<\/a>, future president of\u00a0<a href=\"https:\/\/www.linkedin.com\/company\/ciam-centro-internacional-arbitraje-madrid\/\" data-attribute-index=\"6\" data-entity-hovercard-id=\"urn:li:fs_miniCompany:37226932\" data-entity-type=\"MINI_COMPANY\">CIAM (Centro Internacional de Arbitraje de Madrid)\u00a0<\/a>:<\/p>\n<p>\ud83d\udc49 &#8220;It is a country project. We have to make it known internationally and introduce CIAM submission clauses in contracts.&#8221;<\/p>\n<p>\ud83d\udc49 &#8220;Any company that comes to CIAM knows that the decision taken in an arbitration procedure will be respected by the courts&#8221;.<\/p>\n","protected":false},"excerpt":{"rendered":"<p>\ud83d\udcdd\u00a0Expansi\u00f3n entrevista a\u00a0Jos\u00e9 Mar\u00eda Alonso, futuro presidente del\u00a0CIAM (Centro Internacional de Arbitraje de Madrid)\u00a0: \ud83d\udc49\u00a0\u201cEs un proyecto de pa\u00eds. Hay que hacer que se conozca a nivel internacional y que se introduzcan en los contratos las cl\u00e1usulas de sumisi\u00f3n al CIAM\u201d. \ud83d\udc49\u00a0\u201cCualquier empresa que venga a CIAM sabe que la decisi\u00f3n tomada en un procedimiento [&hellip;]<\/p>\n","protected":false},"author":7,"featured_media":15490,"comment_status":"closed","ping_status":"open","sticky":false,"template":"","format":"standard","meta":{"footnotes":""},"categories":[17],"tags":[],"class_list":["post-15489","post","type-post","status-publish","format-standard","has-post-thumbnail","hentry","category-actualidad"],"yoast_head":"<!-- This site is optimized with the Yoast SEO plugin v27.3 - https:\/\/yoast.com\/product\/yoast-seo-wordpress\/ -->\n<title>Expansi\u00f3n entrevista a\u00a0Jos\u00e9 Mar\u00eda Alonso, futuro presidente del\u00a0CIAM - CIIAM<\/title>\n<meta name=\"robots\" content=\"index, follow, max-snippet:-1, max-image-preview:large, max-video-preview:-1\" \/>\n<link rel=\"canonical\" href=\"https:\/\/ciiam.org\/en\/expansion-entrevista-a-jose-maria-alonso-futuro-presidente-del-ciam\/\" \/>\n<meta property=\"og:locale\" content=\"en_US\" \/>\n<meta property=\"og:type\" content=\"article\" \/>\n<meta property=\"og:title\" content=\"Expansi\u00f3n entrevista a\u00a0Jos\u00e9 Mar\u00eda Alonso, futuro presidente del\u00a0CIAM - CIIAM\" \/>\n<meta property=\"og:description\" content=\"\ud83d\udcdd\u00a0Expansi\u00f3n entrevista a\u00a0Jos\u00e9 Mar\u00eda Alonso, futuro presidente del\u00a0CIAM (Centro Internacional de Arbitraje de Madrid)\u00a0: \ud83d\udc49\u00a0\u201cEs un proyecto de pa\u00eds. Hay que hacer que se conozca a nivel internacional y que se introduzcan en los contratos las cl\u00e1usulas de sumisi\u00f3n al CIAM\u201d. \ud83d\udc49\u00a0\u201cCualquier empresa que venga a CIAM sabe que la decisi\u00f3n tomada en un procedimiento [&hellip;]\" \/>\n<meta property=\"og:url\" content=\"https:\/\/ciiam.org\/en\/expansion-entrevista-a-jose-maria-alonso-futuro-presidente-del-ciam\/\" \/>\n<meta property=\"og:site_name\" content=\"CIIAM\" \/>\n<meta property=\"article:published_time\" content=\"2022-10-25T15:05:24+00:00\" \/>\n<meta property=\"article:modified_time\" content=\"2022-10-25T15:06:43+00:00\" \/>\n<meta property=\"og:image\" content=\"https:\/\/ciiam.org\/wp-content\/uploads\/2022\/10\/1666707222917.jpg\" \/>\n\t<meta property=\"og:image:width\" content=\"800\" \/>\n\t<meta property=\"og:image:height\" content=\"533\" \/>\n\t<meta property=\"og:image:type\" content=\"image\/jpeg\" \/>\n<meta name=\"author\" content=\"Ignasi\" \/>\n<meta name=\"twitter:card\" content=\"summary_large_image\" \/>\n<meta name=\"twitter:label1\" content=\"Written by\" \/>\n\t<meta name=\"twitter:data1\" content=\"Ignasi\" \/>\n\t<meta name=\"twitter:label2\" content=\"Est. reading time\" \/>\n\t<meta name=\"twitter:data2\" content=\"1 minute\" \/>\n<script type=\"application\/ld+json\" class=\"yoast-schema-graph\">{\"@context\":\"https:\\\/\\\/schema.org\",\"@graph\":[{\"@type\":\"Article\",\"@id\":\"https:\\\/\\\/ciiam.org\\\/en\\\/expansion-entrevista-a-jose-maria-alonso-futuro-presidente-del-ciam\\\/#article\",\"isPartOf\":{\"@id\":\"https:\\\/\\\/ciiam.org\\\/en\\\/expansion-entrevista-a-jose-maria-alonso-futuro-presidente-del-ciam\\\/\"},\"author\":{\"name\":\"Ignasi\",\"@id\":\"https:\\\/\\\/ciiam.org\\\/en\\\/#\\\/schema\\\/person\\\/170309de22b0362ceac8fec57efa33d4\"},\"headline\":\"Expansi\u00f3n entrevista a\u00a0Jos\u00e9 Mar\u00eda Alonso, futuro presidente del\u00a0CIAM\",\"datePublished\":\"2022-10-25T15:05:24+00:00\",\"dateModified\":\"2022-10-25T15:06:43+00:00\",\"mainEntityOfPage\":{\"@id\":\"https:\\\/\\\/ciiam.org\\\/en\\\/expansion-entrevista-a-jose-maria-alonso-futuro-presidente-del-ciam\\\/\"},\"wordCount\":153,\"publisher\":{\"@id\":\"https:\\\/\\\/ciiam.org\\\/en\\\/#organization\"},\"image\":{\"@id\":\"https:\\\/\\\/ciiam.org\\\/en\\\/expansion-entrevista-a-jose-maria-alonso-futuro-presidente-del-ciam\\\/#primaryimage\"},\"thumbnailUrl\":\"https:\\\/\\\/ciiam.org\\\/wp-content\\\/uploads\\\/2022\\\/10\\\/1666707222917.jpg\",\"articleSection\":[\"Actualidad\"],\"inLanguage\":\"en-US\"},{\"@type\":\"WebPage\",\"@id\":\"https:\\\/\\\/ciiam.org\\\/en\\\/expansion-entrevista-a-jose-maria-alonso-futuro-presidente-del-ciam\\\/\",\"url\":\"https:\\\/\\\/ciiam.org\\\/en\\\/expansion-entrevista-a-jose-maria-alonso-futuro-presidente-del-ciam\\\/\",\"name\":\"Expansi\u00f3n entrevista a\u00a0Jos\u00e9 Mar\u00eda Alonso, futuro presidente del\u00a0CIAM - CIIAM\",\"isPartOf\":{\"@id\":\"https:\\\/\\\/ciiam.org\\\/en\\\/#website\"},\"primaryImageOfPage\":{\"@id\":\"https:\\\/\\\/ciiam.org\\\/en\\\/expansion-entrevista-a-jose-maria-alonso-futuro-presidente-del-ciam\\\/#primaryimage\"},\"image\":{\"@id\":\"https:\\\/\\\/ciiam.org\\\/en\\\/expansion-entrevista-a-jose-maria-alonso-futuro-presidente-del-ciam\\\/#primaryimage\"},\"thumbnailUrl\":\"https:\\\/\\\/ciiam.org\\\/wp-content\\\/uploads\\\/2022\\\/10\\\/1666707222917.jpg\",\"datePublished\":\"2022-10-25T15:05:24+00:00\",\"dateModified\":\"2022-10-25T15:06:43+00:00\",\"breadcrumb\":{\"@id\":\"https:\\\/\\\/ciiam.org\\\/en\\\/expansion-entrevista-a-jose-maria-alonso-futuro-presidente-del-ciam\\\/#breadcrumb\"},\"inLanguage\":\"en-US\",\"potentialAction\":[{\"@type\":\"ReadAction\",\"target\":[\"https:\\\/\\\/ciiam.org\\\/en\\\/expansion-entrevista-a-jose-maria-alonso-futuro-presidente-del-ciam\\\/\"]}]},{\"@type\":\"ImageObject\",\"inLanguage\":\"en-US\",\"@id\":\"https:\\\/\\\/ciiam.org\\\/en\\\/expansion-entrevista-a-jose-maria-alonso-futuro-presidente-del-ciam\\\/#primaryimage\",\"url\":\"https:\\\/\\\/ciiam.org\\\/wp-content\\\/uploads\\\/2022\\\/10\\\/1666707222917.jpg\",\"contentUrl\":\"https:\\\/\\\/ciiam.org\\\/wp-content\\\/uploads\\\/2022\\\/10\\\/1666707222917.jpg\",\"width\":800,\"height\":533},{\"@type\":\"BreadcrumbList\",\"@id\":\"https:\\\/\\\/ciiam.org\\\/en\\\/expansion-entrevista-a-jose-maria-alonso-futuro-presidente-del-ciam\\\/#breadcrumb\",\"itemListElement\":[{\"@type\":\"ListItem\",\"position\":1,\"name\":\"CIAM\",\"item\":\"https:\\\/\\\/ciiam.org\\\/en\\\/\"},{\"@type\":\"ListItem\",\"position\":2,\"name\":\"Expansi\u00f3n entrevista a\u00a0Jos\u00e9 Mar\u00eda Alonso, futuro presidente del\u00a0CIAM\"}]},{\"@type\":\"WebSite\",\"@id\":\"https:\\\/\\\/ciiam.org\\\/en\\\/#website\",\"url\":\"https:\\\/\\\/ciiam.org\\\/en\\\/\",\"name\":\"CIIAM\",\"description\":\"Centro Internacional e Iberoamericano de Arbitraje de Madrid\",\"publisher\":{\"@id\":\"https:\\\/\\\/ciiam.org\\\/en\\\/#organization\"},\"potentialAction\":[{\"@type\":\"SearchAction\",\"target\":{\"@type\":\"EntryPoint\",\"urlTemplate\":\"https:\\\/\\\/ciiam.org\\\/en\\\/?s={search_term_string}\"},\"query-input\":{\"@type\":\"PropertyValueSpecification\",\"valueRequired\":true,\"valueName\":\"search_term_string\"}}],\"inLanguage\":\"en-US\"},{\"@type\":\"Organization\",\"@id\":\"https:\\\/\\\/ciiam.org\\\/en\\\/#organization\",\"name\":\"Centro Internacional e Iberoamericano de Arbitraje de Madrid\",\"alternateName\":\"CIIAM\",\"url\":\"https:\\\/\\\/ciiam.org\\\/en\\\/\",\"logo\":{\"@type\":\"ImageObject\",\"inLanguage\":\"en-US\",\"@id\":\"https:\\\/\\\/ciiam.org\\\/en\\\/#\\\/schema\\\/logo\\\/image\\\/\",\"url\":\"https:\\\/\\\/ciiam.org\\\/wp-content\\\/uploads\\\/2026\\\/01\\\/favicon.png\",\"contentUrl\":\"https:\\\/\\\/ciiam.org\\\/wp-content\\\/uploads\\\/2026\\\/01\\\/favicon.png\",\"width\":500,\"height\":500,\"caption\":\"Centro Internacional e Iberoamericano de Arbitraje de Madrid\"},\"image\":{\"@id\":\"https:\\\/\\\/ciiam.org\\\/en\\\/#\\\/schema\\\/logo\\\/image\\\/\"},\"sameAs\":[\"https:\\\/\\\/www.linkedin.com\\\/company\\\/ciam-centro-internacional-arbitraje-madrid?trk=d_public_post_image\",\"https:\\\/\\\/www.youtube.com\\\/channel\\\/UCU2OI7SAQFv5uXAZ4qO4ALg\"]},{\"@type\":\"Person\",\"@id\":\"https:\\\/\\\/ciiam.org\\\/en\\\/#\\\/schema\\\/person\\\/170309de22b0362ceac8fec57efa33d4\",\"name\":\"Ignasi\",\"image\":{\"@type\":\"ImageObject\",\"inLanguage\":\"en-US\",\"@id\":\"https:\\\/\\\/secure.gravatar.com\\\/avatar\\\/7bb88cd75d3644075e4770c73be8bb2f416e51a12aed0949bc658be7801c0218?s=96&d=mm&r=g\",\"url\":\"https:\\\/\\\/secure.gravatar.com\\\/avatar\\\/7bb88cd75d3644075e4770c73be8bb2f416e51a12aed0949bc658be7801c0218?s=96&d=mm&r=g\",\"contentUrl\":\"https:\\\/\\\/secure.gravatar.com\\\/avatar\\\/7bb88cd75d3644075e4770c73be8bb2f416e51a12aed0949bc658be7801c0218?s=96&d=mm&r=g\",\"caption\":\"Ignasi\"},\"url\":\"https:\\\/\\\/ciiam.org\\\/en\\\/author\\\/igdri-62\\\/\"}]}<\/script>\n<!-- \/ Yoast SEO plugin. -->","yoast_head_json":{"title":"Expansi\u00f3n entrevista a\u00a0Jos\u00e9 Mar\u00eda Alonso, futuro presidente del\u00a0CIAM - CIIAM","robots":{"index":"index","follow":"follow","max-snippet":"max-snippet:-1","max-image-preview":"max-image-preview:large","max-video-preview":"max-video-preview:-1"},"canonical":"https:\/\/ciiam.org\/en\/expansion-entrevista-a-jose-maria-alonso-futuro-presidente-del-ciam\/","og_locale":"en_US","og_type":"article","og_title":"Expansi\u00f3n entrevista a\u00a0Jos\u00e9 Mar\u00eda Alonso, futuro presidente del\u00a0CIAM - CIIAM","og_description":"\ud83d\udcdd\u00a0Expansi\u00f3n entrevista a\u00a0Jos\u00e9 Mar\u00eda Alonso, futuro presidente del\u00a0CIAM (Centro Internacional de Arbitraje de Madrid)\u00a0: \ud83d\udc49\u00a0\u201cEs un proyecto de pa\u00eds. Hay que hacer que se conozca a nivel internacional y que se introduzcan en los contratos las cl\u00e1usulas de sumisi\u00f3n al CIAM\u201d. \ud83d\udc49\u00a0\u201cCualquier empresa que venga a CIAM sabe que la decisi\u00f3n tomada en un procedimiento [&hellip;]","og_url":"https:\/\/ciiam.org\/en\/expansion-entrevista-a-jose-maria-alonso-futuro-presidente-del-ciam\/","og_site_name":"CIIAM","article_published_time":"2022-10-25T15:05:24+00:00","article_modified_time":"2022-10-25T15:06:43+00:00","og_image":[{"width":800,"height":533,"url":"https:\/\/ciiam.org\/wp-content\/uploads\/2022\/10\/1666707222917.jpg","type":"image\/jpeg"}],"author":"Ignasi","twitter_card":"summary_large_image","twitter_misc":{"Written by":"Ignasi","Est. reading time":"1 minute"},"schema":{"@context":"https:\/\/schema.org","@graph":[{"@type":"Article","@id":"https:\/\/ciiam.org\/en\/expansion-entrevista-a-jose-maria-alonso-futuro-presidente-del-ciam\/#article","isPartOf":{"@id":"https:\/\/ciiam.org\/en\/expansion-entrevista-a-jose-maria-alonso-futuro-presidente-del-ciam\/"},"author":{"name":"Ignasi","@id":"https:\/\/ciiam.org\/en\/#\/schema\/person\/170309de22b0362ceac8fec57efa33d4"},"headline":"Expansi\u00f3n entrevista a\u00a0Jos\u00e9 Mar\u00eda Alonso, futuro presidente del\u00a0CIAM","datePublished":"2022-10-25T15:05:24+00:00","dateModified":"2022-10-25T15:06:43+00:00","mainEntityOfPage":{"@id":"https:\/\/ciiam.org\/en\/expansion-entrevista-a-jose-maria-alonso-futuro-presidente-del-ciam\/"},"wordCount":153,"publisher":{"@id":"https:\/\/ciiam.org\/en\/#organization"},"image":{"@id":"https:\/\/ciiam.org\/en\/expansion-entrevista-a-jose-maria-alonso-futuro-presidente-del-ciam\/#primaryimage"},"thumbnailUrl":"https:\/\/ciiam.org\/wp-content\/uploads\/2022\/10\/1666707222917.jpg","articleSection":["Actualidad"],"inLanguage":"en-US"},{"@type":"WebPage","@id":"https:\/\/ciiam.org\/en\/expansion-entrevista-a-jose-maria-alonso-futuro-presidente-del-ciam\/","url":"https:\/\/ciiam.org\/en\/expansion-entrevista-a-jose-maria-alonso-futuro-presidente-del-ciam\/","name":"Expansi\u00f3n entrevista a\u00a0Jos\u00e9 Mar\u00eda Alonso, futuro presidente del\u00a0CIAM - CIIAM","isPartOf":{"@id":"https:\/\/ciiam.org\/en\/#website"},"primaryImageOfPage":{"@id":"https:\/\/ciiam.org\/en\/expansion-entrevista-a-jose-maria-alonso-futuro-presidente-del-ciam\/#primaryimage"},"image":{"@id":"https:\/\/ciiam.org\/en\/expansion-entrevista-a-jose-maria-alonso-futuro-presidente-del-ciam\/#primaryimage"},"thumbnailUrl":"https:\/\/ciiam.org\/wp-content\/uploads\/2022\/10\/1666707222917.jpg","datePublished":"2022-10-25T15:05:24+00:00","dateModified":"2022-10-25T15:06:43+00:00","breadcrumb":{"@id":"https:\/\/ciiam.org\/en\/expansion-entrevista-a-jose-maria-alonso-futuro-presidente-del-ciam\/#breadcrumb"},"inLanguage":"en-US","potentialAction":[{"@type":"ReadAction","target":["https:\/\/ciiam.org\/en\/expansion-entrevista-a-jose-maria-alonso-futuro-presidente-del-ciam\/"]}]},{"@type":"ImageObject","inLanguage":"en-US","@id":"https:\/\/ciiam.org\/en\/expansion-entrevista-a-jose-maria-alonso-futuro-presidente-del-ciam\/#primaryimage","url":"https:\/\/ciiam.org\/wp-content\/uploads\/2022\/10\/1666707222917.jpg","contentUrl":"https:\/\/ciiam.org\/wp-content\/uploads\/2022\/10\/1666707222917.jpg","width":800,"height":533},{"@type":"BreadcrumbList","@id":"https:\/\/ciiam.org\/en\/expansion-entrevista-a-jose-maria-alonso-futuro-presidente-del-ciam\/#breadcrumb","itemListElement":[{"@type":"ListItem","position":1,"name":"CIAM","item":"https:\/\/ciiam.org\/en\/"},{"@type":"ListItem","position":2,"name":"Expansi\u00f3n entrevista a\u00a0Jos\u00e9 Mar\u00eda Alonso, futuro presidente del\u00a0CIAM"}]},{"@type":"WebSite","@id":"https:\/\/ciiam.org\/en\/#website","url":"https:\/\/ciiam.org\/en\/","name":"CIIAM","description":"Centro Internacional e Iberoamericano de Arbitraje de Madrid","publisher":{"@id":"https:\/\/ciiam.org\/en\/#organization"},"potentialAction":[{"@type":"SearchAction","target":{"@type":"EntryPoint","urlTemplate":"https:\/\/ciiam.org\/en\/?s={search_term_string}"},"query-input":{"@type":"PropertyValueSpecification","valueRequired":true,"valueName":"search_term_string"}}],"inLanguage":"en-US"},{"@type":"Organization","@id":"https:\/\/ciiam.org\/en\/#organization","name":"Centro Internacional e Iberoamericano de Arbitraje de Madrid","alternateName":"CIIAM","url":"https:\/\/ciiam.org\/en\/","logo":{"@type":"ImageObject","inLanguage":"en-US","@id":"https:\/\/ciiam.org\/en\/#\/schema\/logo\/image\/","url":"https:\/\/ciiam.org\/wp-content\/uploads\/2026\/01\/favicon.png","contentUrl":"https:\/\/ciiam.org\/wp-content\/uploads\/2026\/01\/favicon.png","width":500,"height":500,"caption":"Centro Internacional e Iberoamericano de Arbitraje de Madrid"},"image":{"@id":"https:\/\/ciiam.org\/en\/#\/schema\/logo\/image\/"},"sameAs":["https:\/\/www.linkedin.com\/company\/ciam-centro-internacional-arbitraje-madrid?trk=d_public_post_image","https:\/\/www.youtube.com\/channel\/UCU2OI7SAQFv5uXAZ4qO4ALg"]},{"@type":"Person","@id":"https:\/\/ciiam.org\/en\/#\/schema\/person\/170309de22b0362ceac8fec57efa33d4","name":"Ignasi","image":{"@type":"ImageObject","inLanguage":"en-US","@id":"https:\/\/secure.gravatar.com\/avatar\/7bb88cd75d3644075e4770c73be8bb2f416e51a12aed0949bc658be7801c0218?s=96&d=mm&r=g","url":"https:\/\/secure.gravatar.com\/avatar\/7bb88cd75d3644075e4770c73be8bb2f416e51a12aed0949bc658be7801c0218?s=96&d=mm&r=g","contentUrl":"https:\/\/secure.gravatar.com\/avatar\/7bb88cd75d3644075e4770c73be8bb2f416e51a12aed0949bc658be7801c0218?s=96&d=mm&r=g","caption":"Ignasi"},"url":"https:\/\/ciiam.org\/en\/author\/igdri-62\/"}]}},"_links":{"self":[{"href":"https:\/\/ciiam.org\/en\/wp-json\/wp\/v2\/posts\/15489","targetHints":{"allow":["GET"]}}],"collection":[{"href":"https:\/\/ciiam.org\/en\/wp-json\/wp\/v2\/posts"}],"about":[{"href":"https:\/\/ciiam.org\/en\/wp-json\/wp\/v2\/types\/post"}],"author":[{"embeddable":true,"href":"https:\/\/ciiam.org\/en\/wp-json\/wp\/v2\/users\/7"}],"replies":[{"embeddable":true,"href":"https:\/\/ciiam.org\/en\/wp-json\/wp\/v2\/comments?post=15489"}],"version-history":[{"count":0,"href":"https:\/\/ciiam.org\/en\/wp-json\/wp\/v2\/posts\/15489\/revisions"}],"wp:featuredmedia":[{"embeddable":true,"href":"https:\/\/ciiam.org\/en\/wp-json\/wp\/v2\/media\/15490"}],"wp:attachment":[{"href":"https:\/\/ciiam.org\/en\/wp-json\/wp\/v2\/media?parent=15489"}],"wp:term":[{"taxonomy":"category","embeddable":true,"href":"https:\/\/ciiam.org\/en\/wp-json\/wp\/v2\/categories?post=15489"},{"taxonomy":"post_tag","embeddable":true,"href":"https:\/\/ciiam.org\/en\/wp-json\/wp\/v2\/tags?post=15489"}],"curies":[{"name":"wp","href":"https:\/\/api.w.org\/{rel}","templated":true}]}}