{"id":15516,"date":"2022-11-30T20:56:22","date_gmt":"2022-11-30T20:56:22","guid":{"rendered":"https:\/\/ciiam.org\/?p=15516"},"modified":"2022-12-01T11:02:33","modified_gmt":"2022-12-01T11:02:33","slug":"marta-lalaguna-nueva-secretaria-general-de-ciam","status":"publish","type":"post","link":"https:\/\/ciiam.org\/en\/marta-lalaguna-nueva-secretaria-general-de-ciam\/","title":{"rendered":"Marta Lalaguna, nueva secretaria general de CIAM."},"content":{"rendered":"<p>\u00b7 El Pleno de CIAM agradece a la secretaria general saliente, M\u00e9lanie Riofrio Pich\u00e9, su excelente trabajo en los tres primeros a\u00f1os de existencia de la entidad<\/p>\n<p>&nbsp;<\/p>\n<p>Madrid, 29 de noviembre de 2022. El Pleno del Centro Internacional de Arbitraje de Madrid (CIAM) ha acordado el nombramiento de Marta Lalaguna como nueva secretaria general de la entidad con efectos desde el 5 de diciembre de 2022, en sustituci\u00f3n de M\u00e9lanie Riofrio Pich\u00e9.<\/p>\n<p>El futuro presidente de CIAM, Jos\u00e9 Mar\u00eda Alonso, completa su equipo con este nombramiento para esta nueva etapa cuyos retos son continuar con el posicionamiento mundial de CIAM como una de las cortes de referencia internacional en el \u00e1mbito del arbitraje, seguir atrayendo nuevos casos al Centro y avanzar en su estrategia internacional, con el despliegue de la instituci\u00f3n en Latinoam\u00e9rica y otras regiones.<\/p>\n<p>Marta Lalaguna es actualmente secretaria general de la Corte de Arbitraje de Madrid, cargo que simultanear\u00e1 con la Secretar\u00eda General de CIAM. Marta Lalaguna es abogada, \u00e1rbitro y mediadora y ha sido counsel del despacho CMS Albi\u00f1ana &amp; Su\u00e1rez de Lezo y asociada del despacho Cuatrecasas. Cuenta con experiencia en Arbitraje y Derecho Procesal, Civil y Mercantil asesorando a empresas nacionales e internacionales en diferentes \u00e1mbitos y sectores.<\/p>\n<p>Marta Lalaguna ha agradecido y destacado la excelente labor del anterior equipo y especialmente la de su predecesora M\u00e9lanie Riofr\u00edo Pich\u00e9 que han contribuido a crear un CIAM excelente. Asimismo, ha manifestado su agradecimiento por la confianza depositada por el Pleno asegurando que intentar\u00e1 estar a la altura de un proyecto ilusionante y esencial para la comunidad arbitral espa\u00f1ola.<\/p>\n<p>El Pleno de CIAM ha agradecido el magn\u00edfico trabajo llevado a cabo por la anterior secretaria general, M\u00e9lanie Riofrio Pich\u00e9, que ha sido fundamental para la exitosa puesta en marcha de la entidad, que en solo tres a\u00f1os de existencia se ha convertido en una instituci\u00f3n arbitral de referencia.<\/p>\n<p>En este tiempo, M\u00e9lanie Riofrio Pich\u00e9 ha liderado la Secretar\u00eda General implementando las mejores pr\u00e1cticas, homogeneizando aquellas de las Cortes fundadoras y aportando su extensa experiencia en arbitraje internacional. Entre sus logros, cabe destacar su apuesta por la incorporaci\u00f3n de tecnolog\u00edas que han permitido incrementar la eficiencia en la administraci\u00f3n de procedimientos arbitrales y su trabajo a favor de la diversidad de g\u00e9nero y geogr\u00e1fica. Seg\u00fan las estad\u00edsticas publicadas por CIAM (2020-2021) sobre los nombramientos de \u00e1rbitros: 44% han sido mujeres y 56% hombres y una representaci\u00f3n de 32% de \u00e1rbitros latinoamericanos.<\/p>\n<p>M\u00e9lanie Riofrio Pich\u00e9 continuar\u00e1 con su pr\u00e1ctica como \u00e1rbitro, que ha compatibilizado durante su etapa al mando de la Secretar\u00eda General de CIAM en casos CCI y CIADI.<\/p>\n<p>En este sentido, Jos\u00e9 Mar\u00eda Alonso ha se\u00f1alado que la hasta ahora secretaria general de CIAM \u201ctiene un futuro exitoso como \u00e1rbitro por su calidad profesional y personal, su racionalidad y la minuciosidad en su trabajo\u201d.<\/p>\n","protected":false},"excerpt":{"rendered":"<p>\u00b7 El Pleno de CIAM agradece a la secretaria general saliente, M\u00e9lanie Riofrio Pich\u00e9, su excelente trabajo en los tres primeros a\u00f1os de existencia de la entidad &nbsp; Madrid, 29 de noviembre de 2022. El Pleno del Centro Internacional de Arbitraje de Madrid (CIAM) ha acordado el nombramiento de Marta Lalaguna como nueva secretaria general [&hellip;]<\/p>\n","protected":false},"author":7,"featured_media":15517,"comment_status":"closed","ping_status":"open","sticky":false,"template":"","format":"standard","meta":{"footnotes":""},"categories":[17],"tags":[],"class_list":["post-15516","post","type-post","status-publish","format-standard","has-post-thumbnail","hentry","category-actualidad"],"yoast_head":"<!-- This site is optimized with the Yoast SEO plugin v27.3 - https:\/\/yoast.com\/product\/yoast-seo-wordpress\/ -->\n<title>Marta Lalaguna, nueva secretaria general de CIAM. - CIIAM<\/title>\n<meta name=\"robots\" content=\"index, follow, max-snippet:-1, max-image-preview:large, max-video-preview:-1\" \/>\n<link rel=\"canonical\" href=\"https:\/\/ciiam.org\/en\/marta-lalaguna-nueva-secretaria-general-de-ciam\/\" \/>\n<meta property=\"og:locale\" content=\"en_US\" \/>\n<meta property=\"og:type\" content=\"article\" \/>\n<meta property=\"og:title\" content=\"Marta Lalaguna, nueva secretaria general de CIAM. - CIIAM\" \/>\n<meta property=\"og:description\" content=\"\u00b7 El Pleno de CIAM agradece a la secretaria general saliente, M\u00e9lanie Riofrio Pich\u00e9, su excelente trabajo en los tres primeros a\u00f1os de existencia de la entidad &nbsp; Madrid, 29 de noviembre de 2022. El Pleno del Centro Internacional de Arbitraje de Madrid (CIAM) ha acordado el nombramiento de Marta Lalaguna como nueva secretaria general [&hellip;]\" \/>\n<meta property=\"og:url\" content=\"https:\/\/ciiam.org\/en\/marta-lalaguna-nueva-secretaria-general-de-ciam\/\" \/>\n<meta property=\"og:site_name\" content=\"CIIAM\" \/>\n<meta property=\"article:published_time\" content=\"2022-11-30T20:56:22+00:00\" \/>\n<meta property=\"article:modified_time\" content=\"2022-12-01T11:02:33+00:00\" \/>\n<meta property=\"og:image\" content=\"https:\/\/ciiam.org\/wp-content\/uploads\/2022\/11\/1669722422052.jpg\" \/>\n\t<meta property=\"og:image:width\" content=\"2048\" \/>\n\t<meta property=\"og:image:height\" content=\"1532\" \/>\n\t<meta property=\"og:image:type\" content=\"image\/jpeg\" \/>\n<meta name=\"author\" content=\"Ignasi\" \/>\n<meta name=\"twitter:card\" content=\"summary_large_image\" \/>\n<meta name=\"twitter:label1\" content=\"Written by\" \/>\n\t<meta name=\"twitter:data1\" content=\"Ignasi\" \/>\n\t<meta name=\"twitter:label2\" content=\"Est. reading time\" \/>\n\t<meta name=\"twitter:data2\" content=\"3 minutes\" \/>\n<script type=\"application\/ld+json\" class=\"yoast-schema-graph\">{\"@context\":\"https:\\\/\\\/schema.org\",\"@graph\":[{\"@type\":\"Article\",\"@id\":\"https:\\\/\\\/ciiam.org\\\/en\\\/marta-lalaguna-nueva-secretaria-general-de-ciam\\\/#article\",\"isPartOf\":{\"@id\":\"https:\\\/\\\/ciiam.org\\\/en\\\/marta-lalaguna-nueva-secretaria-general-de-ciam\\\/\"},\"author\":{\"name\":\"Ignasi\",\"@id\":\"https:\\\/\\\/ciiam.org\\\/en\\\/#\\\/schema\\\/person\\\/170309de22b0362ceac8fec57efa33d4\"},\"headline\":\"Marta Lalaguna, nueva secretaria general de CIAM.\",\"datePublished\":\"2022-11-30T20:56:22+00:00\",\"dateModified\":\"2022-12-01T11:02:33+00:00\",\"mainEntityOfPage\":{\"@id\":\"https:\\\/\\\/ciiam.org\\\/en\\\/marta-lalaguna-nueva-secretaria-general-de-ciam\\\/\"},\"wordCount\":501,\"publisher\":{\"@id\":\"https:\\\/\\\/ciiam.org\\\/en\\\/#organization\"},\"image\":{\"@id\":\"https:\\\/\\\/ciiam.org\\\/en\\\/marta-lalaguna-nueva-secretaria-general-de-ciam\\\/#primaryimage\"},\"thumbnailUrl\":\"https:\\\/\\\/ciiam.org\\\/wp-content\\\/uploads\\\/2022\\\/11\\\/1669722422052.jpg\",\"articleSection\":[\"Actualidad\"],\"inLanguage\":\"en-US\"},{\"@type\":\"WebPage\",\"@id\":\"https:\\\/\\\/ciiam.org\\\/en\\\/marta-lalaguna-nueva-secretaria-general-de-ciam\\\/\",\"url\":\"https:\\\/\\\/ciiam.org\\\/en\\\/marta-lalaguna-nueva-secretaria-general-de-ciam\\\/\",\"name\":\"Marta Lalaguna, nueva secretaria general de CIAM. - CIIAM\",\"isPartOf\":{\"@id\":\"https:\\\/\\\/ciiam.org\\\/en\\\/#website\"},\"primaryImageOfPage\":{\"@id\":\"https:\\\/\\\/ciiam.org\\\/en\\\/marta-lalaguna-nueva-secretaria-general-de-ciam\\\/#primaryimage\"},\"image\":{\"@id\":\"https:\\\/\\\/ciiam.org\\\/en\\\/marta-lalaguna-nueva-secretaria-general-de-ciam\\\/#primaryimage\"},\"thumbnailUrl\":\"https:\\\/\\\/ciiam.org\\\/wp-content\\\/uploads\\\/2022\\\/11\\\/1669722422052.jpg\",\"datePublished\":\"2022-11-30T20:56:22+00:00\",\"dateModified\":\"2022-12-01T11:02:33+00:00\",\"breadcrumb\":{\"@id\":\"https:\\\/\\\/ciiam.org\\\/en\\\/marta-lalaguna-nueva-secretaria-general-de-ciam\\\/#breadcrumb\"},\"inLanguage\":\"en-US\",\"potentialAction\":[{\"@type\":\"ReadAction\",\"target\":[\"https:\\\/\\\/ciiam.org\\\/en\\\/marta-lalaguna-nueva-secretaria-general-de-ciam\\\/\"]}]},{\"@type\":\"ImageObject\",\"inLanguage\":\"en-US\",\"@id\":\"https:\\\/\\\/ciiam.org\\\/en\\\/marta-lalaguna-nueva-secretaria-general-de-ciam\\\/#primaryimage\",\"url\":\"https:\\\/\\\/ciiam.org\\\/wp-content\\\/uploads\\\/2022\\\/11\\\/1669722422052.jpg\",\"contentUrl\":\"https:\\\/\\\/ciiam.org\\\/wp-content\\\/uploads\\\/2022\\\/11\\\/1669722422052.jpg\",\"width\":2048,\"height\":1532},{\"@type\":\"BreadcrumbList\",\"@id\":\"https:\\\/\\\/ciiam.org\\\/en\\\/marta-lalaguna-nueva-secretaria-general-de-ciam\\\/#breadcrumb\",\"itemListElement\":[{\"@type\":\"ListItem\",\"position\":1,\"name\":\"CIAM\",\"item\":\"https:\\\/\\\/ciiam.org\\\/en\\\/\"},{\"@type\":\"ListItem\",\"position\":2,\"name\":\"Marta Lalaguna, nueva secretaria general de CIAM.\"}]},{\"@type\":\"WebSite\",\"@id\":\"https:\\\/\\\/ciiam.org\\\/en\\\/#website\",\"url\":\"https:\\\/\\\/ciiam.org\\\/en\\\/\",\"name\":\"CIIAM\",\"description\":\"Centro Internacional e Iberoamericano de Arbitraje de Madrid\",\"publisher\":{\"@id\":\"https:\\\/\\\/ciiam.org\\\/en\\\/#organization\"},\"potentialAction\":[{\"@type\":\"SearchAction\",\"target\":{\"@type\":\"EntryPoint\",\"urlTemplate\":\"https:\\\/\\\/ciiam.org\\\/en\\\/?s={search_term_string}\"},\"query-input\":{\"@type\":\"PropertyValueSpecification\",\"valueRequired\":true,\"valueName\":\"search_term_string\"}}],\"inLanguage\":\"en-US\"},{\"@type\":\"Organization\",\"@id\":\"https:\\\/\\\/ciiam.org\\\/en\\\/#organization\",\"name\":\"Centro Internacional e Iberoamericano de Arbitraje de Madrid\",\"alternateName\":\"CIIAM\",\"url\":\"https:\\\/\\\/ciiam.org\\\/en\\\/\",\"logo\":{\"@type\":\"ImageObject\",\"inLanguage\":\"en-US\",\"@id\":\"https:\\\/\\\/ciiam.org\\\/en\\\/#\\\/schema\\\/logo\\\/image\\\/\",\"url\":\"https:\\\/\\\/ciiam.org\\\/wp-content\\\/uploads\\\/2026\\\/01\\\/favicon.png\",\"contentUrl\":\"https:\\\/\\\/ciiam.org\\\/wp-content\\\/uploads\\\/2026\\\/01\\\/favicon.png\",\"width\":500,\"height\":500,\"caption\":\"Centro Internacional e Iberoamericano de Arbitraje de Madrid\"},\"image\":{\"@id\":\"https:\\\/\\\/ciiam.org\\\/en\\\/#\\\/schema\\\/logo\\\/image\\\/\"},\"sameAs\":[\"https:\\\/\\\/www.linkedin.com\\\/company\\\/ciam-centro-internacional-arbitraje-madrid?trk=d_public_post_image\",\"https:\\\/\\\/www.youtube.com\\\/channel\\\/UCU2OI7SAQFv5uXAZ4qO4ALg\"]},{\"@type\":\"Person\",\"@id\":\"https:\\\/\\\/ciiam.org\\\/en\\\/#\\\/schema\\\/person\\\/170309de22b0362ceac8fec57efa33d4\",\"name\":\"Ignasi\",\"image\":{\"@type\":\"ImageObject\",\"inLanguage\":\"en-US\",\"@id\":\"https:\\\/\\\/secure.gravatar.com\\\/avatar\\\/7bb88cd75d3644075e4770c73be8bb2f416e51a12aed0949bc658be7801c0218?s=96&d=mm&r=g\",\"url\":\"https:\\\/\\\/secure.gravatar.com\\\/avatar\\\/7bb88cd75d3644075e4770c73be8bb2f416e51a12aed0949bc658be7801c0218?s=96&d=mm&r=g\",\"contentUrl\":\"https:\\\/\\\/secure.gravatar.com\\\/avatar\\\/7bb88cd75d3644075e4770c73be8bb2f416e51a12aed0949bc658be7801c0218?s=96&d=mm&r=g\",\"caption\":\"Ignasi\"},\"url\":\"https:\\\/\\\/ciiam.org\\\/en\\\/author\\\/igdri-62\\\/\"}]}<\/script>\n<!-- \/ Yoast SEO plugin. -->","yoast_head_json":{"title":"Marta Lalaguna, nueva secretaria general de CIAM. - CIIAM","robots":{"index":"index","follow":"follow","max-snippet":"max-snippet:-1","max-image-preview":"max-image-preview:large","max-video-preview":"max-video-preview:-1"},"canonical":"https:\/\/ciiam.org\/en\/marta-lalaguna-nueva-secretaria-general-de-ciam\/","og_locale":"en_US","og_type":"article","og_title":"Marta Lalaguna, nueva secretaria general de CIAM. - CIIAM","og_description":"\u00b7 El Pleno de CIAM agradece a la secretaria general saliente, M\u00e9lanie Riofrio Pich\u00e9, su excelente trabajo en los tres primeros a\u00f1os de existencia de la entidad &nbsp; Madrid, 29 de noviembre de 2022. El Pleno del Centro Internacional de Arbitraje de Madrid (CIAM) ha acordado el nombramiento de Marta Lalaguna como nueva secretaria general [&hellip;]","og_url":"https:\/\/ciiam.org\/en\/marta-lalaguna-nueva-secretaria-general-de-ciam\/","og_site_name":"CIIAM","article_published_time":"2022-11-30T20:56:22+00:00","article_modified_time":"2022-12-01T11:02:33+00:00","og_image":[{"width":2048,"height":1532,"url":"https:\/\/ciiam.org\/wp-content\/uploads\/2022\/11\/1669722422052.jpg","type":"image\/jpeg"}],"author":"Ignasi","twitter_card":"summary_large_image","twitter_misc":{"Written by":"Ignasi","Est. reading time":"3 minutes"},"schema":{"@context":"https:\/\/schema.org","@graph":[{"@type":"Article","@id":"https:\/\/ciiam.org\/en\/marta-lalaguna-nueva-secretaria-general-de-ciam\/#article","isPartOf":{"@id":"https:\/\/ciiam.org\/en\/marta-lalaguna-nueva-secretaria-general-de-ciam\/"},"author":{"name":"Ignasi","@id":"https:\/\/ciiam.org\/en\/#\/schema\/person\/170309de22b0362ceac8fec57efa33d4"},"headline":"Marta Lalaguna, nueva secretaria general de CIAM.","datePublished":"2022-11-30T20:56:22+00:00","dateModified":"2022-12-01T11:02:33+00:00","mainEntityOfPage":{"@id":"https:\/\/ciiam.org\/en\/marta-lalaguna-nueva-secretaria-general-de-ciam\/"},"wordCount":501,"publisher":{"@id":"https:\/\/ciiam.org\/en\/#organization"},"image":{"@id":"https:\/\/ciiam.org\/en\/marta-lalaguna-nueva-secretaria-general-de-ciam\/#primaryimage"},"thumbnailUrl":"https:\/\/ciiam.org\/wp-content\/uploads\/2022\/11\/1669722422052.jpg","articleSection":["Actualidad"],"inLanguage":"en-US"},{"@type":"WebPage","@id":"https:\/\/ciiam.org\/en\/marta-lalaguna-nueva-secretaria-general-de-ciam\/","url":"https:\/\/ciiam.org\/en\/marta-lalaguna-nueva-secretaria-general-de-ciam\/","name":"Marta Lalaguna, nueva secretaria general de CIAM. - CIIAM","isPartOf":{"@id":"https:\/\/ciiam.org\/en\/#website"},"primaryImageOfPage":{"@id":"https:\/\/ciiam.org\/en\/marta-lalaguna-nueva-secretaria-general-de-ciam\/#primaryimage"},"image":{"@id":"https:\/\/ciiam.org\/en\/marta-lalaguna-nueva-secretaria-general-de-ciam\/#primaryimage"},"thumbnailUrl":"https:\/\/ciiam.org\/wp-content\/uploads\/2022\/11\/1669722422052.jpg","datePublished":"2022-11-30T20:56:22+00:00","dateModified":"2022-12-01T11:02:33+00:00","breadcrumb":{"@id":"https:\/\/ciiam.org\/en\/marta-lalaguna-nueva-secretaria-general-de-ciam\/#breadcrumb"},"inLanguage":"en-US","potentialAction":[{"@type":"ReadAction","target":["https:\/\/ciiam.org\/en\/marta-lalaguna-nueva-secretaria-general-de-ciam\/"]}]},{"@type":"ImageObject","inLanguage":"en-US","@id":"https:\/\/ciiam.org\/en\/marta-lalaguna-nueva-secretaria-general-de-ciam\/#primaryimage","url":"https:\/\/ciiam.org\/wp-content\/uploads\/2022\/11\/1669722422052.jpg","contentUrl":"https:\/\/ciiam.org\/wp-content\/uploads\/2022\/11\/1669722422052.jpg","width":2048,"height":1532},{"@type":"BreadcrumbList","@id":"https:\/\/ciiam.org\/en\/marta-lalaguna-nueva-secretaria-general-de-ciam\/#breadcrumb","itemListElement":[{"@type":"ListItem","position":1,"name":"CIAM","item":"https:\/\/ciiam.org\/en\/"},{"@type":"ListItem","position":2,"name":"Marta Lalaguna, nueva secretaria general de CIAM."}]},{"@type":"WebSite","@id":"https:\/\/ciiam.org\/en\/#website","url":"https:\/\/ciiam.org\/en\/","name":"CIIAM","description":"Centro Internacional e Iberoamericano de Arbitraje de Madrid","publisher":{"@id":"https:\/\/ciiam.org\/en\/#organization"},"potentialAction":[{"@type":"SearchAction","target":{"@type":"EntryPoint","urlTemplate":"https:\/\/ciiam.org\/en\/?s={search_term_string}"},"query-input":{"@type":"PropertyValueSpecification","valueRequired":true,"valueName":"search_term_string"}}],"inLanguage":"en-US"},{"@type":"Organization","@id":"https:\/\/ciiam.org\/en\/#organization","name":"Centro Internacional e Iberoamericano de Arbitraje de Madrid","alternateName":"CIIAM","url":"https:\/\/ciiam.org\/en\/","logo":{"@type":"ImageObject","inLanguage":"en-US","@id":"https:\/\/ciiam.org\/en\/#\/schema\/logo\/image\/","url":"https:\/\/ciiam.org\/wp-content\/uploads\/2026\/01\/favicon.png","contentUrl":"https:\/\/ciiam.org\/wp-content\/uploads\/2026\/01\/favicon.png","width":500,"height":500,"caption":"Centro Internacional e Iberoamericano de Arbitraje de Madrid"},"image":{"@id":"https:\/\/ciiam.org\/en\/#\/schema\/logo\/image\/"},"sameAs":["https:\/\/www.linkedin.com\/company\/ciam-centro-internacional-arbitraje-madrid?trk=d_public_post_image","https:\/\/www.youtube.com\/channel\/UCU2OI7SAQFv5uXAZ4qO4ALg"]},{"@type":"Person","@id":"https:\/\/ciiam.org\/en\/#\/schema\/person\/170309de22b0362ceac8fec57efa33d4","name":"Ignasi","image":{"@type":"ImageObject","inLanguage":"en-US","@id":"https:\/\/secure.gravatar.com\/avatar\/7bb88cd75d3644075e4770c73be8bb2f416e51a12aed0949bc658be7801c0218?s=96&d=mm&r=g","url":"https:\/\/secure.gravatar.com\/avatar\/7bb88cd75d3644075e4770c73be8bb2f416e51a12aed0949bc658be7801c0218?s=96&d=mm&r=g","contentUrl":"https:\/\/secure.gravatar.com\/avatar\/7bb88cd75d3644075e4770c73be8bb2f416e51a12aed0949bc658be7801c0218?s=96&d=mm&r=g","caption":"Ignasi"},"url":"https:\/\/ciiam.org\/en\/author\/igdri-62\/"}]}},"_links":{"self":[{"href":"https:\/\/ciiam.org\/en\/wp-json\/wp\/v2\/posts\/15516","targetHints":{"allow":["GET"]}}],"collection":[{"href":"https:\/\/ciiam.org\/en\/wp-json\/wp\/v2\/posts"}],"about":[{"href":"https:\/\/ciiam.org\/en\/wp-json\/wp\/v2\/types\/post"}],"author":[{"embeddable":true,"href":"https:\/\/ciiam.org\/en\/wp-json\/wp\/v2\/users\/7"}],"replies":[{"embeddable":true,"href":"https:\/\/ciiam.org\/en\/wp-json\/wp\/v2\/comments?post=15516"}],"version-history":[{"count":0,"href":"https:\/\/ciiam.org\/en\/wp-json\/wp\/v2\/posts\/15516\/revisions"}],"wp:featuredmedia":[{"embeddable":true,"href":"https:\/\/ciiam.org\/en\/wp-json\/wp\/v2\/media\/15517"}],"wp:attachment":[{"href":"https:\/\/ciiam.org\/en\/wp-json\/wp\/v2\/media?parent=15516"}],"wp:term":[{"taxonomy":"category","embeddable":true,"href":"https:\/\/ciiam.org\/en\/wp-json\/wp\/v2\/categories?post=15516"},{"taxonomy":"post_tag","embeddable":true,"href":"https:\/\/ciiam.org\/en\/wp-json\/wp\/v2\/tags?post=15516"}],"curies":[{"name":"wp","href":"https:\/\/api.w.org\/{rel}","templated":true}]}}