{"id":17949,"date":"2023-01-30T11:23:01","date_gmt":"2023-01-30T11:23:01","guid":{"rendered":"https:\/\/ciiam.org\/?p=17949"},"modified":"2023-05-29T11:35:13","modified_gmt":"2023-05-29T11:35:13","slug":"el-presidente-de-ciam-participa-en-la-presentacion-del-anuario-de-derecho-internacional-en-espanol","status":"publish","type":"post","link":"https:\/\/ciiam.org\/en\/el-presidente-de-ciam-participa-en-la-presentacion-del-anuario-de-derecho-internacional-en-espanol\/","title":{"rendered":"El presidente de CIAM participa en la presentaci\u00f3n del \u201cAnuario de Derecho Internacional en Espa\u00f1ol\u201d"},"content":{"rendered":"<p>El presidente de CIAM (Centro Internacional de Arbitraje de Madrid), <strong>Jos\u00e9 Mar\u00eda Alonso<\/strong>, ha participado en la presentaci\u00f3n del &#8220;Anuario de Derecho Internacional en Espa\u00f1ol&#8221; de la International Law Association 2022 junto a Alberto Pimienta Hern\u00e1ndez, Alfonso Iglesia, Julio Gonzalez-Soria, Nazareth Romero, MCIArb o Guillermo Escribano Manzano.<\/p>\n<p>Durante el acto, Jos\u00e9 Mar\u00eda Alonso subray\u00f3 el papel esencial de CIAM por ser una instituci\u00f3n arbitral de referencia, especialmente dentro del \u00e1mbito de pa\u00edses de habla hispana y por su objetivo de atraer procedimientos arbitrajes en espa\u00f1ol.<\/p>\n<p>El Anuario es una iniciativa de la ILA Espa\u00f1a con ocasi\u00f3n de la importante efem\u00e9ride de los 150 a\u00f1os de existencia de esta Asociaci\u00f3n, como una contribuci\u00f3n especial a la labor que se viene realizando para el estudio y desarrollo del Derecho Internacional y la comprensi\u00f3n y respeto del mismo.<\/p>\n","protected":false},"excerpt":{"rendered":"<p>El presidente de CIAM (Centro Internacional de Arbitraje de Madrid), Jos\u00e9 Mar\u00eda Alonso, ha participado en la presentaci\u00f3n del &#8220;Anuario de Derecho Internacional en Espa\u00f1ol&#8221; de la International Law Association 2022 junto a Alberto Pimienta Hern\u00e1ndez, Alfonso Iglesia, Julio Gonzalez-Soria, Nazareth Romero, MCIArb o Guillermo Escribano Manzano. Durante el acto, Jos\u00e9 Mar\u00eda Alonso subray\u00f3 el [&hellip;]<\/p>\n","protected":false},"author":14,"featured_media":17954,"comment_status":"closed","ping_status":"open","sticky":false,"template":"","format":"standard","meta":{"footnotes":""},"categories":[17],"tags":[],"class_list":["post-17949","post","type-post","status-publish","format-standard","has-post-thumbnail","hentry","category-actualidad"],"yoast_head":"<!-- This site is optimized with the Yoast SEO plugin v27.3 - https:\/\/yoast.com\/product\/yoast-seo-wordpress\/ -->\n<title>El presidente de CIAM participa en la presentaci\u00f3n del Anuario de Derecho Internacional en Espa\u00f1ol<\/title>\n<meta name=\"description\" content=\"El presidente de CIAM, Jos\u00e9 Mar\u00eda Alonso, ha participado en la presentaci\u00f3n del &quot;Anuario de Derecho Internacional en Espa\u00f1ol&quot;\" \/>\n<meta name=\"robots\" content=\"index, follow, max-snippet:-1, max-image-preview:large, max-video-preview:-1\" \/>\n<link rel=\"canonical\" href=\"https:\/\/ciiam.org\/en\/el-presidente-de-ciam-participa-en-la-presentacion-del-anuario-de-derecho-internacional-en-espanol\/\" \/>\n<meta property=\"og:locale\" content=\"en_US\" \/>\n<meta property=\"og:type\" content=\"article\" \/>\n<meta property=\"og:title\" content=\"El presidente de CIAM participa en la presentaci\u00f3n del Anuario de Derecho Internacional en Espa\u00f1ol\" \/>\n<meta property=\"og:description\" content=\"El presidente de CIAM, Jos\u00e9 Mar\u00eda Alonso, ha participado en la presentaci\u00f3n del &quot;Anuario de Derecho Internacional en Espa\u00f1ol&quot;\" \/>\n<meta property=\"og:url\" content=\"https:\/\/ciiam.org\/en\/el-presidente-de-ciam-participa-en-la-presentacion-del-anuario-de-derecho-internacional-en-espanol\/\" \/>\n<meta property=\"og:site_name\" content=\"CIIAM\" \/>\n<meta property=\"article:published_time\" content=\"2023-01-30T11:23:01+00:00\" \/>\n<meta property=\"article:modified_time\" content=\"2023-05-29T11:35:13+00:00\" \/>\n<meta property=\"og:image\" content=\"https:\/\/ciiam.org\/wp-content\/uploads\/2023\/05\/ciam-2-1.jpg\" \/>\n\t<meta property=\"og:image:width\" content=\"999\" \/>\n\t<meta property=\"og:image:height\" content=\"637\" \/>\n\t<meta property=\"og:image:type\" content=\"image\/jpeg\" \/>\n<meta name=\"author\" content=\"Ivan\" \/>\n<meta name=\"twitter:card\" content=\"summary_large_image\" \/>\n<meta name=\"twitter:label1\" content=\"Written by\" \/>\n\t<meta name=\"twitter:data1\" content=\"Ivan\" \/>\n\t<meta name=\"twitter:label2\" content=\"Est. reading time\" \/>\n\t<meta name=\"twitter:data2\" content=\"1 minute\" \/>\n<script type=\"application\/ld+json\" class=\"yoast-schema-graph\">{\"@context\":\"https:\\\/\\\/schema.org\",\"@graph\":[{\"@type\":\"Article\",\"@id\":\"https:\\\/\\\/ciiam.org\\\/en\\\/el-presidente-de-ciam-participa-en-la-presentacion-del-anuario-de-derecho-internacional-en-espanol\\\/#article\",\"isPartOf\":{\"@id\":\"https:\\\/\\\/ciiam.org\\\/en\\\/el-presidente-de-ciam-participa-en-la-presentacion-del-anuario-de-derecho-internacional-en-espanol\\\/\"},\"author\":{\"name\":\"Ivan\",\"@id\":\"https:\\\/\\\/ciiam.org\\\/en\\\/#\\\/schema\\\/person\\\/b60e7c631c415dc1a3eeb7e98ac371e8\"},\"headline\":\"El presidente de CIAM participa en la presentaci\u00f3n del \u201cAnuario de Derecho Internacional en Espa\u00f1ol\u201d\",\"datePublished\":\"2023-01-30T11:23:01+00:00\",\"dateModified\":\"2023-05-29T11:35:13+00:00\",\"mainEntityOfPage\":{\"@id\":\"https:\\\/\\\/ciiam.org\\\/en\\\/el-presidente-de-ciam-participa-en-la-presentacion-del-anuario-de-derecho-internacional-en-espanol\\\/\"},\"wordCount\":165,\"publisher\":{\"@id\":\"https:\\\/\\\/ciiam.org\\\/en\\\/#organization\"},\"image\":{\"@id\":\"https:\\\/\\\/ciiam.org\\\/en\\\/el-presidente-de-ciam-participa-en-la-presentacion-del-anuario-de-derecho-internacional-en-espanol\\\/#primaryimage\"},\"thumbnailUrl\":\"https:\\\/\\\/ciiam.org\\\/wp-content\\\/uploads\\\/2023\\\/05\\\/ciam-2-1.jpg\",\"articleSection\":[\"Actualidad\"],\"inLanguage\":\"en-US\"},{\"@type\":\"WebPage\",\"@id\":\"https:\\\/\\\/ciiam.org\\\/en\\\/el-presidente-de-ciam-participa-en-la-presentacion-del-anuario-de-derecho-internacional-en-espanol\\\/\",\"url\":\"https:\\\/\\\/ciiam.org\\\/en\\\/el-presidente-de-ciam-participa-en-la-presentacion-del-anuario-de-derecho-internacional-en-espanol\\\/\",\"name\":\"El presidente de CIAM participa en la presentaci\u00f3n del Anuario de Derecho Internacional en Espa\u00f1ol\",\"isPartOf\":{\"@id\":\"https:\\\/\\\/ciiam.org\\\/en\\\/#website\"},\"primaryImageOfPage\":{\"@id\":\"https:\\\/\\\/ciiam.org\\\/en\\\/el-presidente-de-ciam-participa-en-la-presentacion-del-anuario-de-derecho-internacional-en-espanol\\\/#primaryimage\"},\"image\":{\"@id\":\"https:\\\/\\\/ciiam.org\\\/en\\\/el-presidente-de-ciam-participa-en-la-presentacion-del-anuario-de-derecho-internacional-en-espanol\\\/#primaryimage\"},\"thumbnailUrl\":\"https:\\\/\\\/ciiam.org\\\/wp-content\\\/uploads\\\/2023\\\/05\\\/ciam-2-1.jpg\",\"datePublished\":\"2023-01-30T11:23:01+00:00\",\"dateModified\":\"2023-05-29T11:35:13+00:00\",\"description\":\"El presidente de CIAM, Jos\u00e9 Mar\u00eda Alonso, ha participado en la presentaci\u00f3n del \\\"Anuario de Derecho Internacional en Espa\u00f1ol\\\"\",\"breadcrumb\":{\"@id\":\"https:\\\/\\\/ciiam.org\\\/en\\\/el-presidente-de-ciam-participa-en-la-presentacion-del-anuario-de-derecho-internacional-en-espanol\\\/#breadcrumb\"},\"inLanguage\":\"en-US\",\"potentialAction\":[{\"@type\":\"ReadAction\",\"target\":[\"https:\\\/\\\/ciiam.org\\\/en\\\/el-presidente-de-ciam-participa-en-la-presentacion-del-anuario-de-derecho-internacional-en-espanol\\\/\"]}]},{\"@type\":\"ImageObject\",\"inLanguage\":\"en-US\",\"@id\":\"https:\\\/\\\/ciiam.org\\\/en\\\/el-presidente-de-ciam-participa-en-la-presentacion-del-anuario-de-derecho-internacional-en-espanol\\\/#primaryimage\",\"url\":\"https:\\\/\\\/ciiam.org\\\/wp-content\\\/uploads\\\/2023\\\/05\\\/ciam-2-1.jpg\",\"contentUrl\":\"https:\\\/\\\/ciiam.org\\\/wp-content\\\/uploads\\\/2023\\\/05\\\/ciam-2-1.jpg\",\"width\":999,\"height\":637,\"caption\":\"2. El presidente de CIAM participa en la presentaci\u00f3n del \u201cAnuario de Derecho Internacional en Espa\u00f1ol\u201d\"},{\"@type\":\"BreadcrumbList\",\"@id\":\"https:\\\/\\\/ciiam.org\\\/en\\\/el-presidente-de-ciam-participa-en-la-presentacion-del-anuario-de-derecho-internacional-en-espanol\\\/#breadcrumb\",\"itemListElement\":[{\"@type\":\"ListItem\",\"position\":1,\"name\":\"CIAM\",\"item\":\"https:\\\/\\\/ciiam.org\\\/en\\\/\"},{\"@type\":\"ListItem\",\"position\":2,\"name\":\"El presidente de CIAM participa en la presentaci\u00f3n del \u201cAnuario de Derecho Internacional en Espa\u00f1ol\u201d\"}]},{\"@type\":\"WebSite\",\"@id\":\"https:\\\/\\\/ciiam.org\\\/en\\\/#website\",\"url\":\"https:\\\/\\\/ciiam.org\\\/en\\\/\",\"name\":\"CIIAM\",\"description\":\"Centro Internacional e Iberoamericano de Arbitraje de Madrid\",\"publisher\":{\"@id\":\"https:\\\/\\\/ciiam.org\\\/en\\\/#organization\"},\"potentialAction\":[{\"@type\":\"SearchAction\",\"target\":{\"@type\":\"EntryPoint\",\"urlTemplate\":\"https:\\\/\\\/ciiam.org\\\/en\\\/?s={search_term_string}\"},\"query-input\":{\"@type\":\"PropertyValueSpecification\",\"valueRequired\":true,\"valueName\":\"search_term_string\"}}],\"inLanguage\":\"en-US\"},{\"@type\":\"Organization\",\"@id\":\"https:\\\/\\\/ciiam.org\\\/en\\\/#organization\",\"name\":\"Centro Internacional e Iberoamericano de Arbitraje de Madrid\",\"alternateName\":\"CIIAM\",\"url\":\"https:\\\/\\\/ciiam.org\\\/en\\\/\",\"logo\":{\"@type\":\"ImageObject\",\"inLanguage\":\"en-US\",\"@id\":\"https:\\\/\\\/ciiam.org\\\/en\\\/#\\\/schema\\\/logo\\\/image\\\/\",\"url\":\"https:\\\/\\\/ciiam.org\\\/wp-content\\\/uploads\\\/2026\\\/01\\\/favicon.png\",\"contentUrl\":\"https:\\\/\\\/ciiam.org\\\/wp-content\\\/uploads\\\/2026\\\/01\\\/favicon.png\",\"width\":500,\"height\":500,\"caption\":\"Centro Internacional e Iberoamericano de Arbitraje de Madrid\"},\"image\":{\"@id\":\"https:\\\/\\\/ciiam.org\\\/en\\\/#\\\/schema\\\/logo\\\/image\\\/\"},\"sameAs\":[\"https:\\\/\\\/www.linkedin.com\\\/company\\\/ciam-centro-internacional-arbitraje-madrid?trk=d_public_post_image\",\"https:\\\/\\\/www.youtube.com\\\/channel\\\/UCU2OI7SAQFv5uXAZ4qO4ALg\"]},{\"@type\":\"Person\",\"@id\":\"https:\\\/\\\/ciiam.org\\\/en\\\/#\\\/schema\\\/person\\\/b60e7c631c415dc1a3eeb7e98ac371e8\",\"name\":\"Ivan\",\"image\":{\"@type\":\"ImageObject\",\"inLanguage\":\"en-US\",\"@id\":\"https:\\\/\\\/secure.gravatar.com\\\/avatar\\\/c9c8079d113e4e742a50aee3024dc2534dd8ec4645734068d4a61ef031c587b5?s=96&d=mm&r=g\",\"url\":\"https:\\\/\\\/secure.gravatar.com\\\/avatar\\\/c9c8079d113e4e742a50aee3024dc2534dd8ec4645734068d4a61ef031c587b5?s=96&d=mm&r=g\",\"contentUrl\":\"https:\\\/\\\/secure.gravatar.com\\\/avatar\\\/c9c8079d113e4e742a50aee3024dc2534dd8ec4645734068d4a61ef031c587b5?s=96&d=mm&r=g\",\"caption\":\"Ivan\"},\"url\":\"https:\\\/\\\/ciiam.org\\\/en\\\/author\\\/17ivrom-cmma\\\/\"}]}<\/script>\n<!-- \/ Yoast SEO plugin. -->","yoast_head_json":{"title":"El presidente de CIAM participa en la presentaci\u00f3n del Anuario de Derecho Internacional en Espa\u00f1ol","description":"El presidente de CIAM, Jos\u00e9 Mar\u00eda Alonso, ha participado en la presentaci\u00f3n del \"Anuario de Derecho Internacional en Espa\u00f1ol\"","robots":{"index":"index","follow":"follow","max-snippet":"max-snippet:-1","max-image-preview":"max-image-preview:large","max-video-preview":"max-video-preview:-1"},"canonical":"https:\/\/ciiam.org\/en\/el-presidente-de-ciam-participa-en-la-presentacion-del-anuario-de-derecho-internacional-en-espanol\/","og_locale":"en_US","og_type":"article","og_title":"El presidente de CIAM participa en la presentaci\u00f3n del Anuario de Derecho Internacional en Espa\u00f1ol","og_description":"El presidente de CIAM, Jos\u00e9 Mar\u00eda Alonso, ha participado en la presentaci\u00f3n del \"Anuario de Derecho Internacional en Espa\u00f1ol\"","og_url":"https:\/\/ciiam.org\/en\/el-presidente-de-ciam-participa-en-la-presentacion-del-anuario-de-derecho-internacional-en-espanol\/","og_site_name":"CIIAM","article_published_time":"2023-01-30T11:23:01+00:00","article_modified_time":"2023-05-29T11:35:13+00:00","og_image":[{"width":999,"height":637,"url":"https:\/\/ciiam.org\/wp-content\/uploads\/2023\/05\/ciam-2-1.jpg","type":"image\/jpeg"}],"author":"Ivan","twitter_card":"summary_large_image","twitter_misc":{"Written by":"Ivan","Est. reading time":"1 minute"},"schema":{"@context":"https:\/\/schema.org","@graph":[{"@type":"Article","@id":"https:\/\/ciiam.org\/en\/el-presidente-de-ciam-participa-en-la-presentacion-del-anuario-de-derecho-internacional-en-espanol\/#article","isPartOf":{"@id":"https:\/\/ciiam.org\/en\/el-presidente-de-ciam-participa-en-la-presentacion-del-anuario-de-derecho-internacional-en-espanol\/"},"author":{"name":"Ivan","@id":"https:\/\/ciiam.org\/en\/#\/schema\/person\/b60e7c631c415dc1a3eeb7e98ac371e8"},"headline":"El presidente de CIAM participa en la presentaci\u00f3n del \u201cAnuario de Derecho Internacional en Espa\u00f1ol\u201d","datePublished":"2023-01-30T11:23:01+00:00","dateModified":"2023-05-29T11:35:13+00:00","mainEntityOfPage":{"@id":"https:\/\/ciiam.org\/en\/el-presidente-de-ciam-participa-en-la-presentacion-del-anuario-de-derecho-internacional-en-espanol\/"},"wordCount":165,"publisher":{"@id":"https:\/\/ciiam.org\/en\/#organization"},"image":{"@id":"https:\/\/ciiam.org\/en\/el-presidente-de-ciam-participa-en-la-presentacion-del-anuario-de-derecho-internacional-en-espanol\/#primaryimage"},"thumbnailUrl":"https:\/\/ciiam.org\/wp-content\/uploads\/2023\/05\/ciam-2-1.jpg","articleSection":["Actualidad"],"inLanguage":"en-US"},{"@type":"WebPage","@id":"https:\/\/ciiam.org\/en\/el-presidente-de-ciam-participa-en-la-presentacion-del-anuario-de-derecho-internacional-en-espanol\/","url":"https:\/\/ciiam.org\/en\/el-presidente-de-ciam-participa-en-la-presentacion-del-anuario-de-derecho-internacional-en-espanol\/","name":"El presidente de CIAM participa en la presentaci\u00f3n del Anuario de Derecho Internacional en Espa\u00f1ol","isPartOf":{"@id":"https:\/\/ciiam.org\/en\/#website"},"primaryImageOfPage":{"@id":"https:\/\/ciiam.org\/en\/el-presidente-de-ciam-participa-en-la-presentacion-del-anuario-de-derecho-internacional-en-espanol\/#primaryimage"},"image":{"@id":"https:\/\/ciiam.org\/en\/el-presidente-de-ciam-participa-en-la-presentacion-del-anuario-de-derecho-internacional-en-espanol\/#primaryimage"},"thumbnailUrl":"https:\/\/ciiam.org\/wp-content\/uploads\/2023\/05\/ciam-2-1.jpg","datePublished":"2023-01-30T11:23:01+00:00","dateModified":"2023-05-29T11:35:13+00:00","description":"El presidente de CIAM, Jos\u00e9 Mar\u00eda Alonso, ha participado en la presentaci\u00f3n del \"Anuario de Derecho Internacional en Espa\u00f1ol\"","breadcrumb":{"@id":"https:\/\/ciiam.org\/en\/el-presidente-de-ciam-participa-en-la-presentacion-del-anuario-de-derecho-internacional-en-espanol\/#breadcrumb"},"inLanguage":"en-US","potentialAction":[{"@type":"ReadAction","target":["https:\/\/ciiam.org\/en\/el-presidente-de-ciam-participa-en-la-presentacion-del-anuario-de-derecho-internacional-en-espanol\/"]}]},{"@type":"ImageObject","inLanguage":"en-US","@id":"https:\/\/ciiam.org\/en\/el-presidente-de-ciam-participa-en-la-presentacion-del-anuario-de-derecho-internacional-en-espanol\/#primaryimage","url":"https:\/\/ciiam.org\/wp-content\/uploads\/2023\/05\/ciam-2-1.jpg","contentUrl":"https:\/\/ciiam.org\/wp-content\/uploads\/2023\/05\/ciam-2-1.jpg","width":999,"height":637,"caption":"2. El presidente de CIAM participa en la presentaci\u00f3n del \u201cAnuario de Derecho Internacional en Espa\u00f1ol\u201d"},{"@type":"BreadcrumbList","@id":"https:\/\/ciiam.org\/en\/el-presidente-de-ciam-participa-en-la-presentacion-del-anuario-de-derecho-internacional-en-espanol\/#breadcrumb","itemListElement":[{"@type":"ListItem","position":1,"name":"CIAM","item":"https:\/\/ciiam.org\/en\/"},{"@type":"ListItem","position":2,"name":"El presidente de CIAM participa en la presentaci\u00f3n del \u201cAnuario de Derecho Internacional en Espa\u00f1ol\u201d"}]},{"@type":"WebSite","@id":"https:\/\/ciiam.org\/en\/#website","url":"https:\/\/ciiam.org\/en\/","name":"CIIAM","description":"Centro Internacional e Iberoamericano de Arbitraje de Madrid","publisher":{"@id":"https:\/\/ciiam.org\/en\/#organization"},"potentialAction":[{"@type":"SearchAction","target":{"@type":"EntryPoint","urlTemplate":"https:\/\/ciiam.org\/en\/?s={search_term_string}"},"query-input":{"@type":"PropertyValueSpecification","valueRequired":true,"valueName":"search_term_string"}}],"inLanguage":"en-US"},{"@type":"Organization","@id":"https:\/\/ciiam.org\/en\/#organization","name":"Centro Internacional e Iberoamericano de Arbitraje de Madrid","alternateName":"CIIAM","url":"https:\/\/ciiam.org\/en\/","logo":{"@type":"ImageObject","inLanguage":"en-US","@id":"https:\/\/ciiam.org\/en\/#\/schema\/logo\/image\/","url":"https:\/\/ciiam.org\/wp-content\/uploads\/2026\/01\/favicon.png","contentUrl":"https:\/\/ciiam.org\/wp-content\/uploads\/2026\/01\/favicon.png","width":500,"height":500,"caption":"Centro Internacional e Iberoamericano de Arbitraje de Madrid"},"image":{"@id":"https:\/\/ciiam.org\/en\/#\/schema\/logo\/image\/"},"sameAs":["https:\/\/www.linkedin.com\/company\/ciam-centro-internacional-arbitraje-madrid?trk=d_public_post_image","https:\/\/www.youtube.com\/channel\/UCU2OI7SAQFv5uXAZ4qO4ALg"]},{"@type":"Person","@id":"https:\/\/ciiam.org\/en\/#\/schema\/person\/b60e7c631c415dc1a3eeb7e98ac371e8","name":"Ivan","image":{"@type":"ImageObject","inLanguage":"en-US","@id":"https:\/\/secure.gravatar.com\/avatar\/c9c8079d113e4e742a50aee3024dc2534dd8ec4645734068d4a61ef031c587b5?s=96&d=mm&r=g","url":"https:\/\/secure.gravatar.com\/avatar\/c9c8079d113e4e742a50aee3024dc2534dd8ec4645734068d4a61ef031c587b5?s=96&d=mm&r=g","contentUrl":"https:\/\/secure.gravatar.com\/avatar\/c9c8079d113e4e742a50aee3024dc2534dd8ec4645734068d4a61ef031c587b5?s=96&d=mm&r=g","caption":"Ivan"},"url":"https:\/\/ciiam.org\/en\/author\/17ivrom-cmma\/"}]}},"_links":{"self":[{"href":"https:\/\/ciiam.org\/en\/wp-json\/wp\/v2\/posts\/17949","targetHints":{"allow":["GET"]}}],"collection":[{"href":"https:\/\/ciiam.org\/en\/wp-json\/wp\/v2\/posts"}],"about":[{"href":"https:\/\/ciiam.org\/en\/wp-json\/wp\/v2\/types\/post"}],"author":[{"embeddable":true,"href":"https:\/\/ciiam.org\/en\/wp-json\/wp\/v2\/users\/14"}],"replies":[{"embeddable":true,"href":"https:\/\/ciiam.org\/en\/wp-json\/wp\/v2\/comments?post=17949"}],"version-history":[{"count":1,"href":"https:\/\/ciiam.org\/en\/wp-json\/wp\/v2\/posts\/17949\/revisions"}],"predecessor-version":[{"id":17958,"href":"https:\/\/ciiam.org\/en\/wp-json\/wp\/v2\/posts\/17949\/revisions\/17958"}],"wp:featuredmedia":[{"embeddable":true,"href":"https:\/\/ciiam.org\/en\/wp-json\/wp\/v2\/media\/17954"}],"wp:attachment":[{"href":"https:\/\/ciiam.org\/en\/wp-json\/wp\/v2\/media?parent=17949"}],"wp:term":[{"taxonomy":"category","embeddable":true,"href":"https:\/\/ciiam.org\/en\/wp-json\/wp\/v2\/categories?post=17949"},{"taxonomy":"post_tag","embeddable":true,"href":"https:\/\/ciiam.org\/en\/wp-json\/wp\/v2\/tags?post=17949"}],"curies":[{"name":"wp","href":"https:\/\/api.w.org\/{rel}","templated":true}]}}