{"id":17981,"date":"2023-03-23T11:55:03","date_gmt":"2023-03-23T11:55:03","guid":{"rendered":"https:\/\/ciiam.org\/?p=17981"},"modified":"2023-05-29T13:58:43","modified_gmt":"2023-05-29T13:58:43","slug":"la-vicepresidenta-de-ciam-urquiola-de-palacio-presenta-al-ciam-en-un-acto-en-montevideo","status":"publish","type":"post","link":"https:\/\/ciiam.org\/en\/la-vicepresidenta-de-ciam-urquiola-de-palacio-presenta-al-ciam-en-un-acto-en-montevideo\/","title":{"rendered":"La vicepresidenta de CIAM, Urquiola de Palacio, presenta al CIAM en un acto en Montevideo"},"content":{"rendered":"<p>Para que el CIAM siga expandi\u00e9ndose, es fundamental que cada d\u00eda m\u00e1s empresas de todo el mundo conozcan e introduzcan en sus contratos la cl\u00e1usula de sometimiento arbitral. Una figura jur\u00eddica a la que ha dedicado su ponencia la Vicepresidenta del CIAM, Urquiola De Palacio, durante el V Seminario de comercio internacional, inversi\u00f3n y arbitraje celebrado este pasado 16 de marzo en Montevideo, Uruguay.<\/p>\n<p>Este interesante encuentro, promovido por la Asociaci\u00f3n Civil pro Arbitraje y Mediaci\u00f3n RED ARB MED, y al que han acudido destacados expertos del \u00e1mbito iberoamericano, ha servido tambi\u00e9n para analizar, entre otros asuntos, las tendencias del arbitraje internacional en el contexto actual, la financiaci\u00f3n de procedimientos y el papel de los j\u00f3venes en el sector.<\/p>\n","protected":false},"excerpt":{"rendered":"<p>Para que el CIAM siga expandi\u00e9ndose, es fundamental que cada d\u00eda m\u00e1s empresas de todo el mundo conozcan e introduzcan en sus contratos la cl\u00e1usula de sometimiento arbitral. Una figura jur\u00eddica a la que ha dedicado su ponencia la Vicepresidenta del CIAM, Urquiola De Palacio, durante el V Seminario de comercio internacional, inversi\u00f3n y arbitraje [&hellip;]<\/p>\n","protected":false},"author":14,"featured_media":18000,"comment_status":"closed","ping_status":"open","sticky":false,"template":"","format":"standard","meta":{"footnotes":""},"categories":[17],"tags":[],"class_list":["post-17981","post","type-post","status-publish","format-standard","has-post-thumbnail","hentry","category-actualidad"],"yoast_head":"<!-- This site is optimized with the Yoast SEO plugin v27.3 - https:\/\/yoast.com\/product\/yoast-seo-wordpress\/ -->\n<title>La vicepresidenta interviene en un acto en Montevido<\/title>\n<meta name=\"description\" content=\"Para que CIAM siga expandi\u00e9ndose, es fundamental que m\u00e1s empresas introduzcan en sus contratos la cl\u00e1usula de sometimiento arbitral\" \/>\n<meta name=\"robots\" content=\"index, follow, max-snippet:-1, max-image-preview:large, max-video-preview:-1\" \/>\n<link rel=\"canonical\" href=\"https:\/\/ciiam.org\/en\/la-vicepresidenta-de-ciam-urquiola-de-palacio-presenta-al-ciam-en-un-acto-en-montevideo\/\" \/>\n<meta property=\"og:locale\" content=\"en_US\" \/>\n<meta property=\"og:type\" content=\"article\" \/>\n<meta property=\"og:title\" content=\"La vicepresidenta interviene en un acto en Montevido\" \/>\n<meta property=\"og:description\" content=\"Para que CIAM siga expandi\u00e9ndose, es fundamental que m\u00e1s empresas introduzcan en sus contratos la cl\u00e1usula de sometimiento arbitral\" \/>\n<meta property=\"og:url\" content=\"https:\/\/ciiam.org\/en\/la-vicepresidenta-de-ciam-urquiola-de-palacio-presenta-al-ciam-en-un-acto-en-montevideo\/\" \/>\n<meta property=\"og:site_name\" content=\"CIIAM\" \/>\n<meta property=\"article:published_time\" content=\"2023-03-23T11:55:03+00:00\" \/>\n<meta property=\"article:modified_time\" content=\"2023-05-29T13:58:43+00:00\" \/>\n<meta property=\"og:image\" content=\"https:\/\/ciiam.org\/wp-content\/uploads\/2023\/05\/CIAM-11.jpg\" \/>\n\t<meta property=\"og:image:width\" content=\"800\" \/>\n\t<meta property=\"og:image:height\" content=\"450\" \/>\n\t<meta property=\"og:image:type\" content=\"image\/jpeg\" \/>\n<meta name=\"author\" content=\"Ivan\" \/>\n<meta name=\"twitter:card\" content=\"summary_large_image\" \/>\n<meta name=\"twitter:label1\" content=\"Written by\" \/>\n\t<meta name=\"twitter:data1\" content=\"Ivan\" \/>\n\t<meta name=\"twitter:label2\" content=\"Est. reading time\" \/>\n\t<meta name=\"twitter:data2\" content=\"1 minute\" \/>\n<script type=\"application\/ld+json\" class=\"yoast-schema-graph\">{\"@context\":\"https:\\\/\\\/schema.org\",\"@graph\":[{\"@type\":\"Article\",\"@id\":\"https:\\\/\\\/ciiam.org\\\/en\\\/la-vicepresidenta-de-ciam-urquiola-de-palacio-presenta-al-ciam-en-un-acto-en-montevideo\\\/#article\",\"isPartOf\":{\"@id\":\"https:\\\/\\\/ciiam.org\\\/en\\\/la-vicepresidenta-de-ciam-urquiola-de-palacio-presenta-al-ciam-en-un-acto-en-montevideo\\\/\"},\"author\":{\"name\":\"Ivan\",\"@id\":\"https:\\\/\\\/ciiam.org\\\/en\\\/#\\\/schema\\\/person\\\/b60e7c631c415dc1a3eeb7e98ac371e8\"},\"headline\":\"La vicepresidenta de CIAM, Urquiola de Palacio, presenta al CIAM en un acto en Montevideo\",\"datePublished\":\"2023-03-23T11:55:03+00:00\",\"dateModified\":\"2023-05-29T13:58:43+00:00\",\"mainEntityOfPage\":{\"@id\":\"https:\\\/\\\/ciiam.org\\\/en\\\/la-vicepresidenta-de-ciam-urquiola-de-palacio-presenta-al-ciam-en-un-acto-en-montevideo\\\/\"},\"wordCount\":144,\"publisher\":{\"@id\":\"https:\\\/\\\/ciiam.org\\\/en\\\/#organization\"},\"image\":{\"@id\":\"https:\\\/\\\/ciiam.org\\\/en\\\/la-vicepresidenta-de-ciam-urquiola-de-palacio-presenta-al-ciam-en-un-acto-en-montevideo\\\/#primaryimage\"},\"thumbnailUrl\":\"https:\\\/\\\/ciiam.org\\\/wp-content\\\/uploads\\\/2023\\\/05\\\/CIAM-11.jpg\",\"articleSection\":[\"Actualidad\"],\"inLanguage\":\"en-US\"},{\"@type\":\"WebPage\",\"@id\":\"https:\\\/\\\/ciiam.org\\\/en\\\/la-vicepresidenta-de-ciam-urquiola-de-palacio-presenta-al-ciam-en-un-acto-en-montevideo\\\/\",\"url\":\"https:\\\/\\\/ciiam.org\\\/en\\\/la-vicepresidenta-de-ciam-urquiola-de-palacio-presenta-al-ciam-en-un-acto-en-montevideo\\\/\",\"name\":\"La vicepresidenta interviene en un acto en Montevido\",\"isPartOf\":{\"@id\":\"https:\\\/\\\/ciiam.org\\\/en\\\/#website\"},\"primaryImageOfPage\":{\"@id\":\"https:\\\/\\\/ciiam.org\\\/en\\\/la-vicepresidenta-de-ciam-urquiola-de-palacio-presenta-al-ciam-en-un-acto-en-montevideo\\\/#primaryimage\"},\"image\":{\"@id\":\"https:\\\/\\\/ciiam.org\\\/en\\\/la-vicepresidenta-de-ciam-urquiola-de-palacio-presenta-al-ciam-en-un-acto-en-montevideo\\\/#primaryimage\"},\"thumbnailUrl\":\"https:\\\/\\\/ciiam.org\\\/wp-content\\\/uploads\\\/2023\\\/05\\\/CIAM-11.jpg\",\"datePublished\":\"2023-03-23T11:55:03+00:00\",\"dateModified\":\"2023-05-29T13:58:43+00:00\",\"description\":\"Para que CIAM siga expandi\u00e9ndose, es fundamental que m\u00e1s empresas introduzcan en sus contratos la cl\u00e1usula de sometimiento arbitral\",\"breadcrumb\":{\"@id\":\"https:\\\/\\\/ciiam.org\\\/en\\\/la-vicepresidenta-de-ciam-urquiola-de-palacio-presenta-al-ciam-en-un-acto-en-montevideo\\\/#breadcrumb\"},\"inLanguage\":\"en-US\",\"potentialAction\":[{\"@type\":\"ReadAction\",\"target\":[\"https:\\\/\\\/ciiam.org\\\/en\\\/la-vicepresidenta-de-ciam-urquiola-de-palacio-presenta-al-ciam-en-un-acto-en-montevideo\\\/\"]}]},{\"@type\":\"ImageObject\",\"inLanguage\":\"en-US\",\"@id\":\"https:\\\/\\\/ciiam.org\\\/en\\\/la-vicepresidenta-de-ciam-urquiola-de-palacio-presenta-al-ciam-en-un-acto-en-montevideo\\\/#primaryimage\",\"url\":\"https:\\\/\\\/ciiam.org\\\/wp-content\\\/uploads\\\/2023\\\/05\\\/CIAM-11.jpg\",\"contentUrl\":\"https:\\\/\\\/ciiam.org\\\/wp-content\\\/uploads\\\/2023\\\/05\\\/CIAM-11.jpg\",\"width\":800,\"height\":450,\"caption\":\"La vicepresidenta de CIAM, Urquiola de Palacio, presenta al CIAM en un acto en Montevideo\"},{\"@type\":\"BreadcrumbList\",\"@id\":\"https:\\\/\\\/ciiam.org\\\/en\\\/la-vicepresidenta-de-ciam-urquiola-de-palacio-presenta-al-ciam-en-un-acto-en-montevideo\\\/#breadcrumb\",\"itemListElement\":[{\"@type\":\"ListItem\",\"position\":1,\"name\":\"CIAM\",\"item\":\"https:\\\/\\\/ciiam.org\\\/en\\\/\"},{\"@type\":\"ListItem\",\"position\":2,\"name\":\"La vicepresidenta de CIAM, Urquiola de Palacio, presenta al CIAM en un acto en Montevideo\"}]},{\"@type\":\"WebSite\",\"@id\":\"https:\\\/\\\/ciiam.org\\\/en\\\/#website\",\"url\":\"https:\\\/\\\/ciiam.org\\\/en\\\/\",\"name\":\"CIIAM\",\"description\":\"Centro Internacional e Iberoamericano de Arbitraje de Madrid\",\"publisher\":{\"@id\":\"https:\\\/\\\/ciiam.org\\\/en\\\/#organization\"},\"potentialAction\":[{\"@type\":\"SearchAction\",\"target\":{\"@type\":\"EntryPoint\",\"urlTemplate\":\"https:\\\/\\\/ciiam.org\\\/en\\\/?s={search_term_string}\"},\"query-input\":{\"@type\":\"PropertyValueSpecification\",\"valueRequired\":true,\"valueName\":\"search_term_string\"}}],\"inLanguage\":\"en-US\"},{\"@type\":\"Organization\",\"@id\":\"https:\\\/\\\/ciiam.org\\\/en\\\/#organization\",\"name\":\"Centro Internacional e Iberoamericano de Arbitraje de Madrid\",\"alternateName\":\"CIIAM\",\"url\":\"https:\\\/\\\/ciiam.org\\\/en\\\/\",\"logo\":{\"@type\":\"ImageObject\",\"inLanguage\":\"en-US\",\"@id\":\"https:\\\/\\\/ciiam.org\\\/en\\\/#\\\/schema\\\/logo\\\/image\\\/\",\"url\":\"https:\\\/\\\/ciiam.org\\\/wp-content\\\/uploads\\\/2026\\\/01\\\/favicon.png\",\"contentUrl\":\"https:\\\/\\\/ciiam.org\\\/wp-content\\\/uploads\\\/2026\\\/01\\\/favicon.png\",\"width\":500,\"height\":500,\"caption\":\"Centro Internacional e Iberoamericano de Arbitraje de Madrid\"},\"image\":{\"@id\":\"https:\\\/\\\/ciiam.org\\\/en\\\/#\\\/schema\\\/logo\\\/image\\\/\"},\"sameAs\":[\"https:\\\/\\\/www.linkedin.com\\\/company\\\/ciam-centro-internacional-arbitraje-madrid?trk=d_public_post_image\",\"https:\\\/\\\/www.youtube.com\\\/channel\\\/UCU2OI7SAQFv5uXAZ4qO4ALg\"]},{\"@type\":\"Person\",\"@id\":\"https:\\\/\\\/ciiam.org\\\/en\\\/#\\\/schema\\\/person\\\/b60e7c631c415dc1a3eeb7e98ac371e8\",\"name\":\"Ivan\",\"image\":{\"@type\":\"ImageObject\",\"inLanguage\":\"en-US\",\"@id\":\"https:\\\/\\\/secure.gravatar.com\\\/avatar\\\/c9c8079d113e4e742a50aee3024dc2534dd8ec4645734068d4a61ef031c587b5?s=96&d=mm&r=g\",\"url\":\"https:\\\/\\\/secure.gravatar.com\\\/avatar\\\/c9c8079d113e4e742a50aee3024dc2534dd8ec4645734068d4a61ef031c587b5?s=96&d=mm&r=g\",\"contentUrl\":\"https:\\\/\\\/secure.gravatar.com\\\/avatar\\\/c9c8079d113e4e742a50aee3024dc2534dd8ec4645734068d4a61ef031c587b5?s=96&d=mm&r=g\",\"caption\":\"Ivan\"},\"url\":\"https:\\\/\\\/ciiam.org\\\/en\\\/author\\\/17ivrom-cmma\\\/\"}]}<\/script>\n<!-- \/ Yoast SEO plugin. -->","yoast_head_json":{"title":"La vicepresidenta interviene en un acto en Montevido","description":"Para que CIAM siga expandi\u00e9ndose, es fundamental que m\u00e1s empresas introduzcan en sus contratos la cl\u00e1usula de sometimiento arbitral","robots":{"index":"index","follow":"follow","max-snippet":"max-snippet:-1","max-image-preview":"max-image-preview:large","max-video-preview":"max-video-preview:-1"},"canonical":"https:\/\/ciiam.org\/en\/la-vicepresidenta-de-ciam-urquiola-de-palacio-presenta-al-ciam-en-un-acto-en-montevideo\/","og_locale":"en_US","og_type":"article","og_title":"La vicepresidenta interviene en un acto en Montevido","og_description":"Para que CIAM siga expandi\u00e9ndose, es fundamental que m\u00e1s empresas introduzcan en sus contratos la cl\u00e1usula de sometimiento arbitral","og_url":"https:\/\/ciiam.org\/en\/la-vicepresidenta-de-ciam-urquiola-de-palacio-presenta-al-ciam-en-un-acto-en-montevideo\/","og_site_name":"CIIAM","article_published_time":"2023-03-23T11:55:03+00:00","article_modified_time":"2023-05-29T13:58:43+00:00","og_image":[{"width":800,"height":450,"url":"https:\/\/ciiam.org\/wp-content\/uploads\/2023\/05\/CIAM-11.jpg","type":"image\/jpeg"}],"author":"Ivan","twitter_card":"summary_large_image","twitter_misc":{"Written by":"Ivan","Est. reading time":"1 minute"},"schema":{"@context":"https:\/\/schema.org","@graph":[{"@type":"Article","@id":"https:\/\/ciiam.org\/en\/la-vicepresidenta-de-ciam-urquiola-de-palacio-presenta-al-ciam-en-un-acto-en-montevideo\/#article","isPartOf":{"@id":"https:\/\/ciiam.org\/en\/la-vicepresidenta-de-ciam-urquiola-de-palacio-presenta-al-ciam-en-un-acto-en-montevideo\/"},"author":{"name":"Ivan","@id":"https:\/\/ciiam.org\/en\/#\/schema\/person\/b60e7c631c415dc1a3eeb7e98ac371e8"},"headline":"La vicepresidenta de CIAM, Urquiola de Palacio, presenta al CIAM en un acto en Montevideo","datePublished":"2023-03-23T11:55:03+00:00","dateModified":"2023-05-29T13:58:43+00:00","mainEntityOfPage":{"@id":"https:\/\/ciiam.org\/en\/la-vicepresidenta-de-ciam-urquiola-de-palacio-presenta-al-ciam-en-un-acto-en-montevideo\/"},"wordCount":144,"publisher":{"@id":"https:\/\/ciiam.org\/en\/#organization"},"image":{"@id":"https:\/\/ciiam.org\/en\/la-vicepresidenta-de-ciam-urquiola-de-palacio-presenta-al-ciam-en-un-acto-en-montevideo\/#primaryimage"},"thumbnailUrl":"https:\/\/ciiam.org\/wp-content\/uploads\/2023\/05\/CIAM-11.jpg","articleSection":["Actualidad"],"inLanguage":"en-US"},{"@type":"WebPage","@id":"https:\/\/ciiam.org\/en\/la-vicepresidenta-de-ciam-urquiola-de-palacio-presenta-al-ciam-en-un-acto-en-montevideo\/","url":"https:\/\/ciiam.org\/en\/la-vicepresidenta-de-ciam-urquiola-de-palacio-presenta-al-ciam-en-un-acto-en-montevideo\/","name":"La vicepresidenta interviene en un acto en Montevido","isPartOf":{"@id":"https:\/\/ciiam.org\/en\/#website"},"primaryImageOfPage":{"@id":"https:\/\/ciiam.org\/en\/la-vicepresidenta-de-ciam-urquiola-de-palacio-presenta-al-ciam-en-un-acto-en-montevideo\/#primaryimage"},"image":{"@id":"https:\/\/ciiam.org\/en\/la-vicepresidenta-de-ciam-urquiola-de-palacio-presenta-al-ciam-en-un-acto-en-montevideo\/#primaryimage"},"thumbnailUrl":"https:\/\/ciiam.org\/wp-content\/uploads\/2023\/05\/CIAM-11.jpg","datePublished":"2023-03-23T11:55:03+00:00","dateModified":"2023-05-29T13:58:43+00:00","description":"Para que CIAM siga expandi\u00e9ndose, es fundamental que m\u00e1s empresas introduzcan en sus contratos la cl\u00e1usula de sometimiento arbitral","breadcrumb":{"@id":"https:\/\/ciiam.org\/en\/la-vicepresidenta-de-ciam-urquiola-de-palacio-presenta-al-ciam-en-un-acto-en-montevideo\/#breadcrumb"},"inLanguage":"en-US","potentialAction":[{"@type":"ReadAction","target":["https:\/\/ciiam.org\/en\/la-vicepresidenta-de-ciam-urquiola-de-palacio-presenta-al-ciam-en-un-acto-en-montevideo\/"]}]},{"@type":"ImageObject","inLanguage":"en-US","@id":"https:\/\/ciiam.org\/en\/la-vicepresidenta-de-ciam-urquiola-de-palacio-presenta-al-ciam-en-un-acto-en-montevideo\/#primaryimage","url":"https:\/\/ciiam.org\/wp-content\/uploads\/2023\/05\/CIAM-11.jpg","contentUrl":"https:\/\/ciiam.org\/wp-content\/uploads\/2023\/05\/CIAM-11.jpg","width":800,"height":450,"caption":"La vicepresidenta de CIAM, Urquiola de Palacio, presenta al CIAM en un acto en Montevideo"},{"@type":"BreadcrumbList","@id":"https:\/\/ciiam.org\/en\/la-vicepresidenta-de-ciam-urquiola-de-palacio-presenta-al-ciam-en-un-acto-en-montevideo\/#breadcrumb","itemListElement":[{"@type":"ListItem","position":1,"name":"CIAM","item":"https:\/\/ciiam.org\/en\/"},{"@type":"ListItem","position":2,"name":"La vicepresidenta de CIAM, Urquiola de Palacio, presenta al CIAM en un acto en Montevideo"}]},{"@type":"WebSite","@id":"https:\/\/ciiam.org\/en\/#website","url":"https:\/\/ciiam.org\/en\/","name":"CIIAM","description":"Centro Internacional e Iberoamericano de Arbitraje de Madrid","publisher":{"@id":"https:\/\/ciiam.org\/en\/#organization"},"potentialAction":[{"@type":"SearchAction","target":{"@type":"EntryPoint","urlTemplate":"https:\/\/ciiam.org\/en\/?s={search_term_string}"},"query-input":{"@type":"PropertyValueSpecification","valueRequired":true,"valueName":"search_term_string"}}],"inLanguage":"en-US"},{"@type":"Organization","@id":"https:\/\/ciiam.org\/en\/#organization","name":"Centro Internacional e Iberoamericano de Arbitraje de Madrid","alternateName":"CIIAM","url":"https:\/\/ciiam.org\/en\/","logo":{"@type":"ImageObject","inLanguage":"en-US","@id":"https:\/\/ciiam.org\/en\/#\/schema\/logo\/image\/","url":"https:\/\/ciiam.org\/wp-content\/uploads\/2026\/01\/favicon.png","contentUrl":"https:\/\/ciiam.org\/wp-content\/uploads\/2026\/01\/favicon.png","width":500,"height":500,"caption":"Centro Internacional e Iberoamericano de Arbitraje de Madrid"},"image":{"@id":"https:\/\/ciiam.org\/en\/#\/schema\/logo\/image\/"},"sameAs":["https:\/\/www.linkedin.com\/company\/ciam-centro-internacional-arbitraje-madrid?trk=d_public_post_image","https:\/\/www.youtube.com\/channel\/UCU2OI7SAQFv5uXAZ4qO4ALg"]},{"@type":"Person","@id":"https:\/\/ciiam.org\/en\/#\/schema\/person\/b60e7c631c415dc1a3eeb7e98ac371e8","name":"Ivan","image":{"@type":"ImageObject","inLanguage":"en-US","@id":"https:\/\/secure.gravatar.com\/avatar\/c9c8079d113e4e742a50aee3024dc2534dd8ec4645734068d4a61ef031c587b5?s=96&d=mm&r=g","url":"https:\/\/secure.gravatar.com\/avatar\/c9c8079d113e4e742a50aee3024dc2534dd8ec4645734068d4a61ef031c587b5?s=96&d=mm&r=g","contentUrl":"https:\/\/secure.gravatar.com\/avatar\/c9c8079d113e4e742a50aee3024dc2534dd8ec4645734068d4a61ef031c587b5?s=96&d=mm&r=g","caption":"Ivan"},"url":"https:\/\/ciiam.org\/en\/author\/17ivrom-cmma\/"}]}},"_links":{"self":[{"href":"https:\/\/ciiam.org\/en\/wp-json\/wp\/v2\/posts\/17981","targetHints":{"allow":["GET"]}}],"collection":[{"href":"https:\/\/ciiam.org\/en\/wp-json\/wp\/v2\/posts"}],"about":[{"href":"https:\/\/ciiam.org\/en\/wp-json\/wp\/v2\/types\/post"}],"author":[{"embeddable":true,"href":"https:\/\/ciiam.org\/en\/wp-json\/wp\/v2\/users\/14"}],"replies":[{"embeddable":true,"href":"https:\/\/ciiam.org\/en\/wp-json\/wp\/v2\/comments?post=17981"}],"version-history":[{"count":1,"href":"https:\/\/ciiam.org\/en\/wp-json\/wp\/v2\/posts\/17981\/revisions"}],"predecessor-version":[{"id":18004,"href":"https:\/\/ciiam.org\/en\/wp-json\/wp\/v2\/posts\/17981\/revisions\/18004"}],"wp:featuredmedia":[{"embeddable":true,"href":"https:\/\/ciiam.org\/en\/wp-json\/wp\/v2\/media\/18000"}],"wp:attachment":[{"href":"https:\/\/ciiam.org\/en\/wp-json\/wp\/v2\/media?parent=17981"}],"wp:term":[{"taxonomy":"category","embeddable":true,"href":"https:\/\/ciiam.org\/en\/wp-json\/wp\/v2\/categories?post=17981"},{"taxonomy":"post_tag","embeddable":true,"href":"https:\/\/ciiam.org\/en\/wp-json\/wp\/v2\/tags?post=17981"}],"curies":[{"name":"wp","href":"https:\/\/api.w.org\/{rel}","templated":true}]}}