{"id":18021,"date":"2023-04-27T14:19:39","date_gmt":"2023-04-27T14:19:39","guid":{"rendered":"https:\/\/ciiam.org\/?p=18021"},"modified":"2023-05-29T14:22:49","modified_gmt":"2023-05-29T14:22:49","slug":"el-presidente-del-ciam-participa-en-la-iba-insuranceconference-2023","status":"publish","type":"post","link":"https:\/\/ciiam.org\/en\/el-presidente-del-ciam-participa-en-la-iba-insuranceconference-2023\/","title":{"rendered":"El presidente del CIAM participa en la IBA InsuranceConference 2023"},"content":{"rendered":"<p>El presidente del CIAM, Jos\u00e9 Mar\u00eda Alonso, particip\u00f3 el pasado 19 de abril en la &#8216;IBA InsuranceConference 2023&#8217;, la conferencia anual sobre seguros de la International Bar Association, celebrada este a\u00f1o en Londres bajo el t\u00edtulo \u2018Emerging trends in a new risk landscape\u2019 (tendencias emergentes en un nuevo contexto de riesgos).<\/p>\n<p>Alonso, que fue el encargado de pronunciar el \u2018Keynote speech\u2019 del d\u00eda, explic\u00f3 la labor del CIAM a los asistentes de este importante encuentro. Adem\u00e1s, fue panelista junto a Frank Lattal, FCIArb y Nathan Tamblyn dentro de la sesi\u00f3n \u2018Global perspectives on arbitrating insurance disputes\u2019 (perspectivas globales del arbitraje de seguros), moderada por Joaqu\u00edn Ruiz Echauri y en la que se analizaron entre otros asuntos el papel de los fondos de inversi\u00f3n y el impacto de la inflaci\u00f3n en el sector.<\/p>\n<p>Temas de actualidad e inter\u00e9s que se podr\u00e1n tratar de nuevo durante el I Encuentro de los Grupos de Trabajo de CIAM, en la mesa de debate \u201cEl arbitraje y ADR en seguro y reaseguro: problemas y propuestas\u201d, coordinada por Pilar Perales Viscasillas.<\/p>\n","protected":false},"excerpt":{"rendered":"<p>El presidente del CIAM, Jos\u00e9 Mar\u00eda Alonso, particip\u00f3 el pasado 19 de abril en la &#8216;IBA InsuranceConference 2023&#8217;, la conferencia anual sobre seguros de la International Bar Association, celebrada este a\u00f1o en Londres bajo el t\u00edtulo \u2018Emerging trends in a new risk landscape\u2019 (tendencias emergentes en un nuevo contexto de riesgos). Alonso, que fue el [&hellip;]<\/p>\n","protected":false},"author":14,"featured_media":18022,"comment_status":"closed","ping_status":"open","sticky":false,"template":"","format":"standard","meta":{"footnotes":""},"categories":[17],"tags":[],"class_list":["post-18021","post","type-post","status-publish","format-standard","has-post-thumbnail","hentry","category-actualidad"],"yoast_head":"<!-- This site is optimized with the Yoast SEO plugin v27.3 - https:\/\/yoast.com\/product\/yoast-seo-wordpress\/ -->\n<title>El presidente del CIAM participa en la IBA InsuranceConference<\/title>\n<meta name=\"description\" content=\"El presidente del CIAM particip\u00f3 en la &#039;IBA InsuranceConference 2023&#039;, la conferencia anual de International Bar Association\" \/>\n<meta name=\"robots\" content=\"index, follow, max-snippet:-1, max-image-preview:large, max-video-preview:-1\" \/>\n<link rel=\"canonical\" href=\"https:\/\/ciiam.org\/en\/el-presidente-del-ciam-participa-en-la-iba-insuranceconference-2023\/\" \/>\n<meta property=\"og:locale\" content=\"en_US\" \/>\n<meta property=\"og:type\" content=\"article\" \/>\n<meta property=\"og:title\" content=\"El presidente del CIAM participa en la IBA InsuranceConference\" \/>\n<meta property=\"og:description\" content=\"El presidente del CIAM particip\u00f3 en la &#039;IBA InsuranceConference 2023&#039;, la conferencia anual de International Bar Association\" \/>\n<meta property=\"og:url\" content=\"https:\/\/ciiam.org\/en\/el-presidente-del-ciam-participa-en-la-iba-insuranceconference-2023\/\" \/>\n<meta property=\"og:site_name\" content=\"CIIAM\" \/>\n<meta property=\"article:published_time\" content=\"2023-04-27T14:19:39+00:00\" \/>\n<meta property=\"article:modified_time\" content=\"2023-05-29T14:22:49+00:00\" \/>\n<meta property=\"og:image\" content=\"https:\/\/ciiam.org\/wp-content\/uploads\/2023\/05\/CIAM-13.jpg\" \/>\n\t<meta property=\"og:image:width\" content=\"800\" \/>\n\t<meta property=\"og:image:height\" content=\"718\" \/>\n\t<meta property=\"og:image:type\" content=\"image\/jpeg\" \/>\n<meta name=\"author\" content=\"Ivan\" \/>\n<meta name=\"twitter:card\" content=\"summary_large_image\" \/>\n<meta name=\"twitter:label1\" content=\"Written by\" \/>\n\t<meta name=\"twitter:data1\" content=\"Ivan\" \/>\n\t<meta name=\"twitter:label2\" content=\"Est. reading time\" \/>\n\t<meta name=\"twitter:data2\" content=\"1 minute\" \/>\n<script type=\"application\/ld+json\" class=\"yoast-schema-graph\">{\"@context\":\"https:\\\/\\\/schema.org\",\"@graph\":[{\"@type\":\"Article\",\"@id\":\"https:\\\/\\\/ciiam.org\\\/en\\\/el-presidente-del-ciam-participa-en-la-iba-insuranceconference-2023\\\/#article\",\"isPartOf\":{\"@id\":\"https:\\\/\\\/ciiam.org\\\/en\\\/el-presidente-del-ciam-participa-en-la-iba-insuranceconference-2023\\\/\"},\"author\":{\"name\":\"Ivan\",\"@id\":\"https:\\\/\\\/ciiam.org\\\/en\\\/#\\\/schema\\\/person\\\/b60e7c631c415dc1a3eeb7e98ac371e8\"},\"headline\":\"El presidente del CIAM participa en la IBA InsuranceConference 2023\",\"datePublished\":\"2023-04-27T14:19:39+00:00\",\"dateModified\":\"2023-05-29T14:22:49+00:00\",\"mainEntityOfPage\":{\"@id\":\"https:\\\/\\\/ciiam.org\\\/en\\\/el-presidente-del-ciam-participa-en-la-iba-insuranceconference-2023\\\/\"},\"wordCount\":193,\"publisher\":{\"@id\":\"https:\\\/\\\/ciiam.org\\\/en\\\/#organization\"},\"image\":{\"@id\":\"https:\\\/\\\/ciiam.org\\\/en\\\/el-presidente-del-ciam-participa-en-la-iba-insuranceconference-2023\\\/#primaryimage\"},\"thumbnailUrl\":\"https:\\\/\\\/ciiam.org\\\/wp-content\\\/uploads\\\/2023\\\/05\\\/CIAM-13.jpg\",\"articleSection\":[\"Actualidad\"],\"inLanguage\":\"en-US\"},{\"@type\":\"WebPage\",\"@id\":\"https:\\\/\\\/ciiam.org\\\/en\\\/el-presidente-del-ciam-participa-en-la-iba-insuranceconference-2023\\\/\",\"url\":\"https:\\\/\\\/ciiam.org\\\/en\\\/el-presidente-del-ciam-participa-en-la-iba-insuranceconference-2023\\\/\",\"name\":\"El presidente del CIAM participa en la IBA InsuranceConference\",\"isPartOf\":{\"@id\":\"https:\\\/\\\/ciiam.org\\\/en\\\/#website\"},\"primaryImageOfPage\":{\"@id\":\"https:\\\/\\\/ciiam.org\\\/en\\\/el-presidente-del-ciam-participa-en-la-iba-insuranceconference-2023\\\/#primaryimage\"},\"image\":{\"@id\":\"https:\\\/\\\/ciiam.org\\\/en\\\/el-presidente-del-ciam-participa-en-la-iba-insuranceconference-2023\\\/#primaryimage\"},\"thumbnailUrl\":\"https:\\\/\\\/ciiam.org\\\/wp-content\\\/uploads\\\/2023\\\/05\\\/CIAM-13.jpg\",\"datePublished\":\"2023-04-27T14:19:39+00:00\",\"dateModified\":\"2023-05-29T14:22:49+00:00\",\"description\":\"El presidente del CIAM particip\u00f3 en la 'IBA InsuranceConference 2023', la conferencia anual de International Bar Association\",\"breadcrumb\":{\"@id\":\"https:\\\/\\\/ciiam.org\\\/en\\\/el-presidente-del-ciam-participa-en-la-iba-insuranceconference-2023\\\/#breadcrumb\"},\"inLanguage\":\"en-US\",\"potentialAction\":[{\"@type\":\"ReadAction\",\"target\":[\"https:\\\/\\\/ciiam.org\\\/en\\\/el-presidente-del-ciam-participa-en-la-iba-insuranceconference-2023\\\/\"]}]},{\"@type\":\"ImageObject\",\"inLanguage\":\"en-US\",\"@id\":\"https:\\\/\\\/ciiam.org\\\/en\\\/el-presidente-del-ciam-participa-en-la-iba-insuranceconference-2023\\\/#primaryimage\",\"url\":\"https:\\\/\\\/ciiam.org\\\/wp-content\\\/uploads\\\/2023\\\/05\\\/CIAM-13.jpg\",\"contentUrl\":\"https:\\\/\\\/ciiam.org\\\/wp-content\\\/uploads\\\/2023\\\/05\\\/CIAM-13.jpg\",\"width\":800,\"height\":718,\"caption\":\"El presidente del CIAM participa en la IBA Insurance Conference 2023\"},{\"@type\":\"BreadcrumbList\",\"@id\":\"https:\\\/\\\/ciiam.org\\\/en\\\/el-presidente-del-ciam-participa-en-la-iba-insuranceconference-2023\\\/#breadcrumb\",\"itemListElement\":[{\"@type\":\"ListItem\",\"position\":1,\"name\":\"CIAM\",\"item\":\"https:\\\/\\\/ciiam.org\\\/en\\\/\"},{\"@type\":\"ListItem\",\"position\":2,\"name\":\"El presidente del CIAM participa en la IBA InsuranceConference 2023\"}]},{\"@type\":\"WebSite\",\"@id\":\"https:\\\/\\\/ciiam.org\\\/en\\\/#website\",\"url\":\"https:\\\/\\\/ciiam.org\\\/en\\\/\",\"name\":\"CIIAM\",\"description\":\"Centro Internacional e Iberoamericano de Arbitraje de Madrid\",\"publisher\":{\"@id\":\"https:\\\/\\\/ciiam.org\\\/en\\\/#organization\"},\"potentialAction\":[{\"@type\":\"SearchAction\",\"target\":{\"@type\":\"EntryPoint\",\"urlTemplate\":\"https:\\\/\\\/ciiam.org\\\/en\\\/?s={search_term_string}\"},\"query-input\":{\"@type\":\"PropertyValueSpecification\",\"valueRequired\":true,\"valueName\":\"search_term_string\"}}],\"inLanguage\":\"en-US\"},{\"@type\":\"Organization\",\"@id\":\"https:\\\/\\\/ciiam.org\\\/en\\\/#organization\",\"name\":\"Centro Internacional e Iberoamericano de Arbitraje de Madrid\",\"alternateName\":\"CIIAM\",\"url\":\"https:\\\/\\\/ciiam.org\\\/en\\\/\",\"logo\":{\"@type\":\"ImageObject\",\"inLanguage\":\"en-US\",\"@id\":\"https:\\\/\\\/ciiam.org\\\/en\\\/#\\\/schema\\\/logo\\\/image\\\/\",\"url\":\"https:\\\/\\\/ciiam.org\\\/wp-content\\\/uploads\\\/2026\\\/01\\\/favicon.png\",\"contentUrl\":\"https:\\\/\\\/ciiam.org\\\/wp-content\\\/uploads\\\/2026\\\/01\\\/favicon.png\",\"width\":500,\"height\":500,\"caption\":\"Centro Internacional e Iberoamericano de Arbitraje de Madrid\"},\"image\":{\"@id\":\"https:\\\/\\\/ciiam.org\\\/en\\\/#\\\/schema\\\/logo\\\/image\\\/\"},\"sameAs\":[\"https:\\\/\\\/www.linkedin.com\\\/company\\\/ciam-centro-internacional-arbitraje-madrid?trk=d_public_post_image\",\"https:\\\/\\\/www.youtube.com\\\/channel\\\/UCU2OI7SAQFv5uXAZ4qO4ALg\"]},{\"@type\":\"Person\",\"@id\":\"https:\\\/\\\/ciiam.org\\\/en\\\/#\\\/schema\\\/person\\\/b60e7c631c415dc1a3eeb7e98ac371e8\",\"name\":\"Ivan\",\"image\":{\"@type\":\"ImageObject\",\"inLanguage\":\"en-US\",\"@id\":\"https:\\\/\\\/secure.gravatar.com\\\/avatar\\\/c9c8079d113e4e742a50aee3024dc2534dd8ec4645734068d4a61ef031c587b5?s=96&d=mm&r=g\",\"url\":\"https:\\\/\\\/secure.gravatar.com\\\/avatar\\\/c9c8079d113e4e742a50aee3024dc2534dd8ec4645734068d4a61ef031c587b5?s=96&d=mm&r=g\",\"contentUrl\":\"https:\\\/\\\/secure.gravatar.com\\\/avatar\\\/c9c8079d113e4e742a50aee3024dc2534dd8ec4645734068d4a61ef031c587b5?s=96&d=mm&r=g\",\"caption\":\"Ivan\"},\"url\":\"https:\\\/\\\/ciiam.org\\\/en\\\/author\\\/17ivrom-cmma\\\/\"}]}<\/script>\n<!-- \/ Yoast SEO plugin. -->","yoast_head_json":{"title":"El presidente del CIAM participa en la IBA InsuranceConference","description":"El presidente del CIAM particip\u00f3 en la 'IBA InsuranceConference 2023', la conferencia anual de International Bar Association","robots":{"index":"index","follow":"follow","max-snippet":"max-snippet:-1","max-image-preview":"max-image-preview:large","max-video-preview":"max-video-preview:-1"},"canonical":"https:\/\/ciiam.org\/en\/el-presidente-del-ciam-participa-en-la-iba-insuranceconference-2023\/","og_locale":"en_US","og_type":"article","og_title":"El presidente del CIAM participa en la IBA InsuranceConference","og_description":"El presidente del CIAM particip\u00f3 en la 'IBA InsuranceConference 2023', la conferencia anual de International Bar Association","og_url":"https:\/\/ciiam.org\/en\/el-presidente-del-ciam-participa-en-la-iba-insuranceconference-2023\/","og_site_name":"CIIAM","article_published_time":"2023-04-27T14:19:39+00:00","article_modified_time":"2023-05-29T14:22:49+00:00","og_image":[{"width":800,"height":718,"url":"https:\/\/ciiam.org\/wp-content\/uploads\/2023\/05\/CIAM-13.jpg","type":"image\/jpeg"}],"author":"Ivan","twitter_card":"summary_large_image","twitter_misc":{"Written by":"Ivan","Est. reading time":"1 minute"},"schema":{"@context":"https:\/\/schema.org","@graph":[{"@type":"Article","@id":"https:\/\/ciiam.org\/en\/el-presidente-del-ciam-participa-en-la-iba-insuranceconference-2023\/#article","isPartOf":{"@id":"https:\/\/ciiam.org\/en\/el-presidente-del-ciam-participa-en-la-iba-insuranceconference-2023\/"},"author":{"name":"Ivan","@id":"https:\/\/ciiam.org\/en\/#\/schema\/person\/b60e7c631c415dc1a3eeb7e98ac371e8"},"headline":"El presidente del CIAM participa en la IBA InsuranceConference 2023","datePublished":"2023-04-27T14:19:39+00:00","dateModified":"2023-05-29T14:22:49+00:00","mainEntityOfPage":{"@id":"https:\/\/ciiam.org\/en\/el-presidente-del-ciam-participa-en-la-iba-insuranceconference-2023\/"},"wordCount":193,"publisher":{"@id":"https:\/\/ciiam.org\/en\/#organization"},"image":{"@id":"https:\/\/ciiam.org\/en\/el-presidente-del-ciam-participa-en-la-iba-insuranceconference-2023\/#primaryimage"},"thumbnailUrl":"https:\/\/ciiam.org\/wp-content\/uploads\/2023\/05\/CIAM-13.jpg","articleSection":["Actualidad"],"inLanguage":"en-US"},{"@type":"WebPage","@id":"https:\/\/ciiam.org\/en\/el-presidente-del-ciam-participa-en-la-iba-insuranceconference-2023\/","url":"https:\/\/ciiam.org\/en\/el-presidente-del-ciam-participa-en-la-iba-insuranceconference-2023\/","name":"El presidente del CIAM participa en la IBA InsuranceConference","isPartOf":{"@id":"https:\/\/ciiam.org\/en\/#website"},"primaryImageOfPage":{"@id":"https:\/\/ciiam.org\/en\/el-presidente-del-ciam-participa-en-la-iba-insuranceconference-2023\/#primaryimage"},"image":{"@id":"https:\/\/ciiam.org\/en\/el-presidente-del-ciam-participa-en-la-iba-insuranceconference-2023\/#primaryimage"},"thumbnailUrl":"https:\/\/ciiam.org\/wp-content\/uploads\/2023\/05\/CIAM-13.jpg","datePublished":"2023-04-27T14:19:39+00:00","dateModified":"2023-05-29T14:22:49+00:00","description":"El presidente del CIAM particip\u00f3 en la 'IBA InsuranceConference 2023', la conferencia anual de International Bar Association","breadcrumb":{"@id":"https:\/\/ciiam.org\/en\/el-presidente-del-ciam-participa-en-la-iba-insuranceconference-2023\/#breadcrumb"},"inLanguage":"en-US","potentialAction":[{"@type":"ReadAction","target":["https:\/\/ciiam.org\/en\/el-presidente-del-ciam-participa-en-la-iba-insuranceconference-2023\/"]}]},{"@type":"ImageObject","inLanguage":"en-US","@id":"https:\/\/ciiam.org\/en\/el-presidente-del-ciam-participa-en-la-iba-insuranceconference-2023\/#primaryimage","url":"https:\/\/ciiam.org\/wp-content\/uploads\/2023\/05\/CIAM-13.jpg","contentUrl":"https:\/\/ciiam.org\/wp-content\/uploads\/2023\/05\/CIAM-13.jpg","width":800,"height":718,"caption":"El presidente del CIAM participa en la IBA Insurance Conference 2023"},{"@type":"BreadcrumbList","@id":"https:\/\/ciiam.org\/en\/el-presidente-del-ciam-participa-en-la-iba-insuranceconference-2023\/#breadcrumb","itemListElement":[{"@type":"ListItem","position":1,"name":"CIAM","item":"https:\/\/ciiam.org\/en\/"},{"@type":"ListItem","position":2,"name":"El presidente del CIAM participa en la IBA InsuranceConference 2023"}]},{"@type":"WebSite","@id":"https:\/\/ciiam.org\/en\/#website","url":"https:\/\/ciiam.org\/en\/","name":"CIIAM","description":"Centro Internacional e Iberoamericano de Arbitraje de Madrid","publisher":{"@id":"https:\/\/ciiam.org\/en\/#organization"},"potentialAction":[{"@type":"SearchAction","target":{"@type":"EntryPoint","urlTemplate":"https:\/\/ciiam.org\/en\/?s={search_term_string}"},"query-input":{"@type":"PropertyValueSpecification","valueRequired":true,"valueName":"search_term_string"}}],"inLanguage":"en-US"},{"@type":"Organization","@id":"https:\/\/ciiam.org\/en\/#organization","name":"Centro Internacional e Iberoamericano de Arbitraje de Madrid","alternateName":"CIIAM","url":"https:\/\/ciiam.org\/en\/","logo":{"@type":"ImageObject","inLanguage":"en-US","@id":"https:\/\/ciiam.org\/en\/#\/schema\/logo\/image\/","url":"https:\/\/ciiam.org\/wp-content\/uploads\/2026\/01\/favicon.png","contentUrl":"https:\/\/ciiam.org\/wp-content\/uploads\/2026\/01\/favicon.png","width":500,"height":500,"caption":"Centro Internacional e Iberoamericano de Arbitraje de Madrid"},"image":{"@id":"https:\/\/ciiam.org\/en\/#\/schema\/logo\/image\/"},"sameAs":["https:\/\/www.linkedin.com\/company\/ciam-centro-internacional-arbitraje-madrid?trk=d_public_post_image","https:\/\/www.youtube.com\/channel\/UCU2OI7SAQFv5uXAZ4qO4ALg"]},{"@type":"Person","@id":"https:\/\/ciiam.org\/en\/#\/schema\/person\/b60e7c631c415dc1a3eeb7e98ac371e8","name":"Ivan","image":{"@type":"ImageObject","inLanguage":"en-US","@id":"https:\/\/secure.gravatar.com\/avatar\/c9c8079d113e4e742a50aee3024dc2534dd8ec4645734068d4a61ef031c587b5?s=96&d=mm&r=g","url":"https:\/\/secure.gravatar.com\/avatar\/c9c8079d113e4e742a50aee3024dc2534dd8ec4645734068d4a61ef031c587b5?s=96&d=mm&r=g","contentUrl":"https:\/\/secure.gravatar.com\/avatar\/c9c8079d113e4e742a50aee3024dc2534dd8ec4645734068d4a61ef031c587b5?s=96&d=mm&r=g","caption":"Ivan"},"url":"https:\/\/ciiam.org\/en\/author\/17ivrom-cmma\/"}]}},"_links":{"self":[{"href":"https:\/\/ciiam.org\/en\/wp-json\/wp\/v2\/posts\/18021","targetHints":{"allow":["GET"]}}],"collection":[{"href":"https:\/\/ciiam.org\/en\/wp-json\/wp\/v2\/posts"}],"about":[{"href":"https:\/\/ciiam.org\/en\/wp-json\/wp\/v2\/types\/post"}],"author":[{"embeddable":true,"href":"https:\/\/ciiam.org\/en\/wp-json\/wp\/v2\/users\/14"}],"replies":[{"embeddable":true,"href":"https:\/\/ciiam.org\/en\/wp-json\/wp\/v2\/comments?post=18021"}],"version-history":[{"count":1,"href":"https:\/\/ciiam.org\/en\/wp-json\/wp\/v2\/posts\/18021\/revisions"}],"predecessor-version":[{"id":18026,"href":"https:\/\/ciiam.org\/en\/wp-json\/wp\/v2\/posts\/18021\/revisions\/18026"}],"wp:featuredmedia":[{"embeddable":true,"href":"https:\/\/ciiam.org\/en\/wp-json\/wp\/v2\/media\/18022"}],"wp:attachment":[{"href":"https:\/\/ciiam.org\/en\/wp-json\/wp\/v2\/media?parent=18021"}],"wp:term":[{"taxonomy":"category","embeddable":true,"href":"https:\/\/ciiam.org\/en\/wp-json\/wp\/v2\/categories?post=18021"},{"taxonomy":"post_tag","embeddable":true,"href":"https:\/\/ciiam.org\/en\/wp-json\/wp\/v2\/tags?post=18021"}],"curies":[{"name":"wp","href":"https:\/\/api.w.org\/{rel}","templated":true}]}}