{"id":18027,"date":"2023-04-27T14:23:25","date_gmt":"2023-04-27T14:23:25","guid":{"rendered":"https:\/\/ciiam.org\/?p=18027"},"modified":"2023-05-29T14:38:00","modified_gmt":"2023-05-29T14:38:00","slug":"el-ciam-celebrara-un-encuentro-con-sus-grupos-de-trabajo-en-junio","status":"publish","type":"post","link":"https:\/\/ciiam.org\/en\/el-ciam-celebrara-un-encuentro-con-sus-grupos-de-trabajo-en-junio\/","title":{"rendered":"El CIAM celebrar\u00e1 un encuentro con sus grupos de trabajo en junio"},"content":{"rendered":"<p>CIAM da a conocer la tem\u00e1tica y el nombre de los ponentes que compondr\u00e1n las siete mesas del &#8216;I Encuentro de los Grupos de Trabajo del CIAM&#8217;, del pr\u00f3ximo 16 de junio.<\/p>\n<p>En el grupo de trabajo de Energ\u00eda participar\u00e1n Antonio Vazquez-Guillen, socio de Allen &amp; Overy; Heidi L\u00f3pez Castro, Counsel de Ur\u00eda Men\u00e9ndez; Vicente L\u00f3pez-Ibor Mayor, Presidente de la Federaci\u00f3n Europea Derecho de la Energ\u00eda. Modera: Pablo Garc\u00eda-Manzano, socio de Toda &amp; Nel-lo.<\/p>\n<p>En el grupo de trabajo de Turismo y Hoteles lo har\u00e1n Juan Ignacio Pardo, CLO y CCO Meli\u00e1 Hotels; Cristina Fern\u00e1ndez Hoyo, SE Director de Covivio y Omar Puertas, socio de Cuatrecasas. Modera: David Vich Comas, socio de Garrigues.<\/p>\n<p>Por parte del grupo de trabajo de Mar\u00edtimo, se contar\u00e1 con la presencia de Carlos Salinas Adelantado, socio de MA Abogados; Julio Carlos Fuentes G\u00f3mez, Subdirector Gral. de Normativa Mar\u00edtima y Cooperaci\u00f3n Internacional en el Ministerio de Fomento y Carlos Manuel Alba Ramos, profesor de la Universidad Carlos III. Modera: Jose Maria de Mateo Alcantara, socio fundador de AMYA Abogados.<\/p>\n<p>Los peritos tambi\u00e9n contar\u00e1n con un grupo de trabajo, conformado por Jos\u00e9 Garc\u00eda, socio The Battle Group; Ana Jim\u00e9nez Mart\u00edn, responsable de \u00c1rea Forensic en Auren Spain y Felipe D\u00edaz Pintos, director Comercial y Desarrollo de Negocio del Grupo COMISMAR. Modera: Fernando Cu\u00f1ado, socio de KPMG Forensic.<\/p>\n<p>Respecto al grupo de trabajo de Seguros, estar\u00e1n presentes I\u00f1igo Quintana, socio de Cuatrecasas; Juan Pedraza, Dir. Corp. Asesor\u00eda Jur\u00eddica de Mapfre; Joaqu\u00edn Ruiz Echauri, socio de P\u00e9rez-Llorca y Gonzalo Iturmendi Morales, socio director de Iturmendi y Asociados. Modera: Pilar Perales Viscasillas, catedr\u00e1tica de Derecho Mercantil de la Universidad Carlos III de Madrid.<\/p>\n<p>En cuanto a la Construcci\u00f3n, participar\u00e1n en el grupo de trabajo Mercedes Fern\u00e1ndez, socia de Jones Day; Leyre Navarro Aranda, directora de la Asesor\u00eda Jur\u00eddica FCC Construcci\u00f3n y Jaime Gray, socio de Navarro Paredes Gray Abogados. Modera: Alfonso Iglesia, socio de Cuatrecasas y presidente del Club Espa\u00f1ol del Arbitraje.<\/p>\n<p>Finalmente, en el grupo de trabajo de Econom\u00eda Digital intervendr\u00e1n Javier Fernandez-Samaniego, socio de SAMANIEGO Law; Maria Jesus Gonzalez-Espejo, CEO del Instituto de Innovaci\u00f3n Legal y Almudena de la Mata (PhD Max-Planck-Institut-Uni. Hamburg), socia de Blockchain Intelligence. Modera: Carlos Lopez Blanco, presidente de la Fundaci\u00f3n ESYS (Empresa Seguridad y Sociedad Digital) y Senior Adviser Flint Global.<\/p>\n","protected":false},"excerpt":{"rendered":"<p>CIAM da a conocer la tem\u00e1tica y el nombre de los ponentes que compondr\u00e1n las siete mesas del &#8216;I Encuentro de los Grupos de Trabajo del CIAM&#8217;, del pr\u00f3ximo 16 de junio. En el grupo de trabajo de Energ\u00eda participar\u00e1n Antonio Vazquez-Guillen, socio de Allen &amp; Overy; Heidi L\u00f3pez Castro, Counsel de Ur\u00eda Men\u00e9ndez; Vicente [&hellip;]<\/p>\n","protected":false},"author":14,"featured_media":18028,"comment_status":"closed","ping_status":"open","sticky":false,"template":"","format":"standard","meta":{"footnotes":""},"categories":[17],"tags":[],"class_list":["post-18027","post","type-post","status-publish","format-standard","has-post-thumbnail","hentry","category-actualidad"],"yoast_head":"<!-- This site is optimized with the Yoast SEO plugin v27.3 - https:\/\/yoast.com\/product\/yoast-seo-wordpress\/ -->\n<title>El CIAM celebrar\u00e1 un encuentro con sus grupos de trabajo en junio<\/title>\n<meta name=\"description\" content=\"CIAM da a conocer la tem\u00e1tica y el nombre de los ponentes que compondr\u00e1n las siete mesas del &#039;I Encuentro de los Grupos de Trabajo del CIAM&#039;\" \/>\n<meta name=\"robots\" content=\"index, follow, max-snippet:-1, max-image-preview:large, max-video-preview:-1\" \/>\n<link rel=\"canonical\" href=\"https:\/\/ciiam.org\/en\/el-ciam-celebrara-un-encuentro-con-sus-grupos-de-trabajo-en-junio\/\" \/>\n<meta property=\"og:locale\" content=\"en_US\" \/>\n<meta property=\"og:type\" content=\"article\" \/>\n<meta property=\"og:title\" content=\"El CIAM celebrar\u00e1 un encuentro con sus grupos de trabajo en junio\" \/>\n<meta property=\"og:description\" content=\"CIAM da a conocer la tem\u00e1tica y el nombre de los ponentes que compondr\u00e1n las siete mesas del &#039;I Encuentro de los Grupos de Trabajo del CIAM&#039;\" \/>\n<meta property=\"og:url\" content=\"https:\/\/ciiam.org\/en\/el-ciam-celebrara-un-encuentro-con-sus-grupos-de-trabajo-en-junio\/\" \/>\n<meta property=\"og:site_name\" content=\"CIIAM\" \/>\n<meta property=\"article:published_time\" content=\"2023-04-27T14:23:25+00:00\" \/>\n<meta property=\"article:modified_time\" content=\"2023-05-29T14:38:00+00:00\" \/>\n<meta property=\"og:image\" content=\"https:\/\/ciiam.org\/wp-content\/uploads\/2023\/05\/ciam-14-14.png\" \/>\n\t<meta property=\"og:image:width\" content=\"741\" \/>\n\t<meta property=\"og:image:height\" content=\"412\" \/>\n\t<meta property=\"og:image:type\" content=\"image\/png\" \/>\n<meta name=\"author\" content=\"Ivan\" \/>\n<meta name=\"twitter:card\" content=\"summary_large_image\" \/>\n<meta name=\"twitter:label1\" content=\"Written by\" \/>\n\t<meta name=\"twitter:data1\" content=\"Ivan\" \/>\n\t<meta name=\"twitter:label2\" content=\"Est. reading time\" \/>\n\t<meta name=\"twitter:data2\" content=\"2 minutes\" \/>\n<script type=\"application\/ld+json\" class=\"yoast-schema-graph\">{\"@context\":\"https:\\\/\\\/schema.org\",\"@graph\":[{\"@type\":\"Article\",\"@id\":\"https:\\\/\\\/ciiam.org\\\/en\\\/el-ciam-celebrara-un-encuentro-con-sus-grupos-de-trabajo-en-junio\\\/#article\",\"isPartOf\":{\"@id\":\"https:\\\/\\\/ciiam.org\\\/en\\\/el-ciam-celebrara-un-encuentro-con-sus-grupos-de-trabajo-en-junio\\\/\"},\"author\":{\"name\":\"Ivan\",\"@id\":\"https:\\\/\\\/ciiam.org\\\/en\\\/#\\\/schema\\\/person\\\/b60e7c631c415dc1a3eeb7e98ac371e8\"},\"headline\":\"El CIAM celebrar\u00e1 un encuentro con sus grupos de trabajo en junio\",\"datePublished\":\"2023-04-27T14:23:25+00:00\",\"dateModified\":\"2023-05-29T14:38:00+00:00\",\"mainEntityOfPage\":{\"@id\":\"https:\\\/\\\/ciiam.org\\\/en\\\/el-ciam-celebrara-un-encuentro-con-sus-grupos-de-trabajo-en-junio\\\/\"},\"wordCount\":432,\"publisher\":{\"@id\":\"https:\\\/\\\/ciiam.org\\\/en\\\/#organization\"},\"image\":{\"@id\":\"https:\\\/\\\/ciiam.org\\\/en\\\/el-ciam-celebrara-un-encuentro-con-sus-grupos-de-trabajo-en-junio\\\/#primaryimage\"},\"thumbnailUrl\":\"https:\\\/\\\/ciiam.org\\\/wp-content\\\/uploads\\\/2023\\\/05\\\/ciam-14-14.png\",\"articleSection\":[\"Actualidad\"],\"inLanguage\":\"en-US\"},{\"@type\":\"WebPage\",\"@id\":\"https:\\\/\\\/ciiam.org\\\/en\\\/el-ciam-celebrara-un-encuentro-con-sus-grupos-de-trabajo-en-junio\\\/\",\"url\":\"https:\\\/\\\/ciiam.org\\\/en\\\/el-ciam-celebrara-un-encuentro-con-sus-grupos-de-trabajo-en-junio\\\/\",\"name\":\"El CIAM celebrar\u00e1 un encuentro con sus grupos de trabajo en junio\",\"isPartOf\":{\"@id\":\"https:\\\/\\\/ciiam.org\\\/en\\\/#website\"},\"primaryImageOfPage\":{\"@id\":\"https:\\\/\\\/ciiam.org\\\/en\\\/el-ciam-celebrara-un-encuentro-con-sus-grupos-de-trabajo-en-junio\\\/#primaryimage\"},\"image\":{\"@id\":\"https:\\\/\\\/ciiam.org\\\/en\\\/el-ciam-celebrara-un-encuentro-con-sus-grupos-de-trabajo-en-junio\\\/#primaryimage\"},\"thumbnailUrl\":\"https:\\\/\\\/ciiam.org\\\/wp-content\\\/uploads\\\/2023\\\/05\\\/ciam-14-14.png\",\"datePublished\":\"2023-04-27T14:23:25+00:00\",\"dateModified\":\"2023-05-29T14:38:00+00:00\",\"description\":\"CIAM da a conocer la tem\u00e1tica y el nombre de los ponentes que compondr\u00e1n las siete mesas del 'I Encuentro de los Grupos de Trabajo del CIAM'\",\"breadcrumb\":{\"@id\":\"https:\\\/\\\/ciiam.org\\\/en\\\/el-ciam-celebrara-un-encuentro-con-sus-grupos-de-trabajo-en-junio\\\/#breadcrumb\"},\"inLanguage\":\"en-US\",\"potentialAction\":[{\"@type\":\"ReadAction\",\"target\":[\"https:\\\/\\\/ciiam.org\\\/en\\\/el-ciam-celebrara-un-encuentro-con-sus-grupos-de-trabajo-en-junio\\\/\"]}]},{\"@type\":\"ImageObject\",\"inLanguage\":\"en-US\",\"@id\":\"https:\\\/\\\/ciiam.org\\\/en\\\/el-ciam-celebrara-un-encuentro-con-sus-grupos-de-trabajo-en-junio\\\/#primaryimage\",\"url\":\"https:\\\/\\\/ciiam.org\\\/wp-content\\\/uploads\\\/2023\\\/05\\\/ciam-14-14.png\",\"contentUrl\":\"https:\\\/\\\/ciiam.org\\\/wp-content\\\/uploads\\\/2023\\\/05\\\/ciam-14-14.png\",\"width\":741,\"height\":412,\"caption\":\"El CIAM celebrar\u00e1 un encuentro con sus grupos de trabajo en junio\"},{\"@type\":\"BreadcrumbList\",\"@id\":\"https:\\\/\\\/ciiam.org\\\/en\\\/el-ciam-celebrara-un-encuentro-con-sus-grupos-de-trabajo-en-junio\\\/#breadcrumb\",\"itemListElement\":[{\"@type\":\"ListItem\",\"position\":1,\"name\":\"CIAM\",\"item\":\"https:\\\/\\\/ciiam.org\\\/en\\\/\"},{\"@type\":\"ListItem\",\"position\":2,\"name\":\"El CIAM celebrar\u00e1 un encuentro con sus grupos de trabajo en junio\"}]},{\"@type\":\"WebSite\",\"@id\":\"https:\\\/\\\/ciiam.org\\\/en\\\/#website\",\"url\":\"https:\\\/\\\/ciiam.org\\\/en\\\/\",\"name\":\"CIIAM\",\"description\":\"Centro Internacional e Iberoamericano de Arbitraje de Madrid\",\"publisher\":{\"@id\":\"https:\\\/\\\/ciiam.org\\\/en\\\/#organization\"},\"potentialAction\":[{\"@type\":\"SearchAction\",\"target\":{\"@type\":\"EntryPoint\",\"urlTemplate\":\"https:\\\/\\\/ciiam.org\\\/en\\\/?s={search_term_string}\"},\"query-input\":{\"@type\":\"PropertyValueSpecification\",\"valueRequired\":true,\"valueName\":\"search_term_string\"}}],\"inLanguage\":\"en-US\"},{\"@type\":\"Organization\",\"@id\":\"https:\\\/\\\/ciiam.org\\\/en\\\/#organization\",\"name\":\"Centro Internacional e Iberoamericano de Arbitraje de Madrid\",\"alternateName\":\"CIIAM\",\"url\":\"https:\\\/\\\/ciiam.org\\\/en\\\/\",\"logo\":{\"@type\":\"ImageObject\",\"inLanguage\":\"en-US\",\"@id\":\"https:\\\/\\\/ciiam.org\\\/en\\\/#\\\/schema\\\/logo\\\/image\\\/\",\"url\":\"https:\\\/\\\/ciiam.org\\\/wp-content\\\/uploads\\\/2026\\\/01\\\/favicon.png\",\"contentUrl\":\"https:\\\/\\\/ciiam.org\\\/wp-content\\\/uploads\\\/2026\\\/01\\\/favicon.png\",\"width\":500,\"height\":500,\"caption\":\"Centro Internacional e Iberoamericano de Arbitraje de Madrid\"},\"image\":{\"@id\":\"https:\\\/\\\/ciiam.org\\\/en\\\/#\\\/schema\\\/logo\\\/image\\\/\"},\"sameAs\":[\"https:\\\/\\\/www.linkedin.com\\\/company\\\/ciam-centro-internacional-arbitraje-madrid?trk=d_public_post_image\",\"https:\\\/\\\/www.youtube.com\\\/channel\\\/UCU2OI7SAQFv5uXAZ4qO4ALg\"]},{\"@type\":\"Person\",\"@id\":\"https:\\\/\\\/ciiam.org\\\/en\\\/#\\\/schema\\\/person\\\/b60e7c631c415dc1a3eeb7e98ac371e8\",\"name\":\"Ivan\",\"image\":{\"@type\":\"ImageObject\",\"inLanguage\":\"en-US\",\"@id\":\"https:\\\/\\\/secure.gravatar.com\\\/avatar\\\/c9c8079d113e4e742a50aee3024dc2534dd8ec4645734068d4a61ef031c587b5?s=96&d=mm&r=g\",\"url\":\"https:\\\/\\\/secure.gravatar.com\\\/avatar\\\/c9c8079d113e4e742a50aee3024dc2534dd8ec4645734068d4a61ef031c587b5?s=96&d=mm&r=g\",\"contentUrl\":\"https:\\\/\\\/secure.gravatar.com\\\/avatar\\\/c9c8079d113e4e742a50aee3024dc2534dd8ec4645734068d4a61ef031c587b5?s=96&d=mm&r=g\",\"caption\":\"Ivan\"},\"url\":\"https:\\\/\\\/ciiam.org\\\/en\\\/author\\\/17ivrom-cmma\\\/\"}]}<\/script>\n<!-- \/ Yoast SEO plugin. -->","yoast_head_json":{"title":"El CIAM celebrar\u00e1 un encuentro con sus grupos de trabajo en junio","description":"CIAM da a conocer la tem\u00e1tica y el nombre de los ponentes que compondr\u00e1n las siete mesas del 'I Encuentro de los Grupos de Trabajo del CIAM'","robots":{"index":"index","follow":"follow","max-snippet":"max-snippet:-1","max-image-preview":"max-image-preview:large","max-video-preview":"max-video-preview:-1"},"canonical":"https:\/\/ciiam.org\/en\/el-ciam-celebrara-un-encuentro-con-sus-grupos-de-trabajo-en-junio\/","og_locale":"en_US","og_type":"article","og_title":"El CIAM celebrar\u00e1 un encuentro con sus grupos de trabajo en junio","og_description":"CIAM da a conocer la tem\u00e1tica y el nombre de los ponentes que compondr\u00e1n las siete mesas del 'I Encuentro de los Grupos de Trabajo del CIAM'","og_url":"https:\/\/ciiam.org\/en\/el-ciam-celebrara-un-encuentro-con-sus-grupos-de-trabajo-en-junio\/","og_site_name":"CIIAM","article_published_time":"2023-04-27T14:23:25+00:00","article_modified_time":"2023-05-29T14:38:00+00:00","og_image":[{"width":741,"height":412,"url":"https:\/\/ciiam.org\/wp-content\/uploads\/2023\/05\/ciam-14-14.png","type":"image\/png"}],"author":"Ivan","twitter_card":"summary_large_image","twitter_misc":{"Written by":"Ivan","Est. reading time":"2 minutes"},"schema":{"@context":"https:\/\/schema.org","@graph":[{"@type":"Article","@id":"https:\/\/ciiam.org\/en\/el-ciam-celebrara-un-encuentro-con-sus-grupos-de-trabajo-en-junio\/#article","isPartOf":{"@id":"https:\/\/ciiam.org\/en\/el-ciam-celebrara-un-encuentro-con-sus-grupos-de-trabajo-en-junio\/"},"author":{"name":"Ivan","@id":"https:\/\/ciiam.org\/en\/#\/schema\/person\/b60e7c631c415dc1a3eeb7e98ac371e8"},"headline":"El CIAM celebrar\u00e1 un encuentro con sus grupos de trabajo en junio","datePublished":"2023-04-27T14:23:25+00:00","dateModified":"2023-05-29T14:38:00+00:00","mainEntityOfPage":{"@id":"https:\/\/ciiam.org\/en\/el-ciam-celebrara-un-encuentro-con-sus-grupos-de-trabajo-en-junio\/"},"wordCount":432,"publisher":{"@id":"https:\/\/ciiam.org\/en\/#organization"},"image":{"@id":"https:\/\/ciiam.org\/en\/el-ciam-celebrara-un-encuentro-con-sus-grupos-de-trabajo-en-junio\/#primaryimage"},"thumbnailUrl":"https:\/\/ciiam.org\/wp-content\/uploads\/2023\/05\/ciam-14-14.png","articleSection":["Actualidad"],"inLanguage":"en-US"},{"@type":"WebPage","@id":"https:\/\/ciiam.org\/en\/el-ciam-celebrara-un-encuentro-con-sus-grupos-de-trabajo-en-junio\/","url":"https:\/\/ciiam.org\/en\/el-ciam-celebrara-un-encuentro-con-sus-grupos-de-trabajo-en-junio\/","name":"El CIAM celebrar\u00e1 un encuentro con sus grupos de trabajo en junio","isPartOf":{"@id":"https:\/\/ciiam.org\/en\/#website"},"primaryImageOfPage":{"@id":"https:\/\/ciiam.org\/en\/el-ciam-celebrara-un-encuentro-con-sus-grupos-de-trabajo-en-junio\/#primaryimage"},"image":{"@id":"https:\/\/ciiam.org\/en\/el-ciam-celebrara-un-encuentro-con-sus-grupos-de-trabajo-en-junio\/#primaryimage"},"thumbnailUrl":"https:\/\/ciiam.org\/wp-content\/uploads\/2023\/05\/ciam-14-14.png","datePublished":"2023-04-27T14:23:25+00:00","dateModified":"2023-05-29T14:38:00+00:00","description":"CIAM da a conocer la tem\u00e1tica y el nombre de los ponentes que compondr\u00e1n las siete mesas del 'I Encuentro de los Grupos de Trabajo del CIAM'","breadcrumb":{"@id":"https:\/\/ciiam.org\/en\/el-ciam-celebrara-un-encuentro-con-sus-grupos-de-trabajo-en-junio\/#breadcrumb"},"inLanguage":"en-US","potentialAction":[{"@type":"ReadAction","target":["https:\/\/ciiam.org\/en\/el-ciam-celebrara-un-encuentro-con-sus-grupos-de-trabajo-en-junio\/"]}]},{"@type":"ImageObject","inLanguage":"en-US","@id":"https:\/\/ciiam.org\/en\/el-ciam-celebrara-un-encuentro-con-sus-grupos-de-trabajo-en-junio\/#primaryimage","url":"https:\/\/ciiam.org\/wp-content\/uploads\/2023\/05\/ciam-14-14.png","contentUrl":"https:\/\/ciiam.org\/wp-content\/uploads\/2023\/05\/ciam-14-14.png","width":741,"height":412,"caption":"El CIAM celebrar\u00e1 un encuentro con sus grupos de trabajo en junio"},{"@type":"BreadcrumbList","@id":"https:\/\/ciiam.org\/en\/el-ciam-celebrara-un-encuentro-con-sus-grupos-de-trabajo-en-junio\/#breadcrumb","itemListElement":[{"@type":"ListItem","position":1,"name":"CIAM","item":"https:\/\/ciiam.org\/en\/"},{"@type":"ListItem","position":2,"name":"El CIAM celebrar\u00e1 un encuentro con sus grupos de trabajo en junio"}]},{"@type":"WebSite","@id":"https:\/\/ciiam.org\/en\/#website","url":"https:\/\/ciiam.org\/en\/","name":"CIIAM","description":"Centro Internacional e Iberoamericano de Arbitraje de Madrid","publisher":{"@id":"https:\/\/ciiam.org\/en\/#organization"},"potentialAction":[{"@type":"SearchAction","target":{"@type":"EntryPoint","urlTemplate":"https:\/\/ciiam.org\/en\/?s={search_term_string}"},"query-input":{"@type":"PropertyValueSpecification","valueRequired":true,"valueName":"search_term_string"}}],"inLanguage":"en-US"},{"@type":"Organization","@id":"https:\/\/ciiam.org\/en\/#organization","name":"Centro Internacional e Iberoamericano de Arbitraje de Madrid","alternateName":"CIIAM","url":"https:\/\/ciiam.org\/en\/","logo":{"@type":"ImageObject","inLanguage":"en-US","@id":"https:\/\/ciiam.org\/en\/#\/schema\/logo\/image\/","url":"https:\/\/ciiam.org\/wp-content\/uploads\/2026\/01\/favicon.png","contentUrl":"https:\/\/ciiam.org\/wp-content\/uploads\/2026\/01\/favicon.png","width":500,"height":500,"caption":"Centro Internacional e Iberoamericano de Arbitraje de Madrid"},"image":{"@id":"https:\/\/ciiam.org\/en\/#\/schema\/logo\/image\/"},"sameAs":["https:\/\/www.linkedin.com\/company\/ciam-centro-internacional-arbitraje-madrid?trk=d_public_post_image","https:\/\/www.youtube.com\/channel\/UCU2OI7SAQFv5uXAZ4qO4ALg"]},{"@type":"Person","@id":"https:\/\/ciiam.org\/en\/#\/schema\/person\/b60e7c631c415dc1a3eeb7e98ac371e8","name":"Ivan","image":{"@type":"ImageObject","inLanguage":"en-US","@id":"https:\/\/secure.gravatar.com\/avatar\/c9c8079d113e4e742a50aee3024dc2534dd8ec4645734068d4a61ef031c587b5?s=96&d=mm&r=g","url":"https:\/\/secure.gravatar.com\/avatar\/c9c8079d113e4e742a50aee3024dc2534dd8ec4645734068d4a61ef031c587b5?s=96&d=mm&r=g","contentUrl":"https:\/\/secure.gravatar.com\/avatar\/c9c8079d113e4e742a50aee3024dc2534dd8ec4645734068d4a61ef031c587b5?s=96&d=mm&r=g","caption":"Ivan"},"url":"https:\/\/ciiam.org\/en\/author\/17ivrom-cmma\/"}]}},"_links":{"self":[{"href":"https:\/\/ciiam.org\/en\/wp-json\/wp\/v2\/posts\/18027","targetHints":{"allow":["GET"]}}],"collection":[{"href":"https:\/\/ciiam.org\/en\/wp-json\/wp\/v2\/posts"}],"about":[{"href":"https:\/\/ciiam.org\/en\/wp-json\/wp\/v2\/types\/post"}],"author":[{"embeddable":true,"href":"https:\/\/ciiam.org\/en\/wp-json\/wp\/v2\/users\/14"}],"replies":[{"embeddable":true,"href":"https:\/\/ciiam.org\/en\/wp-json\/wp\/v2\/comments?post=18027"}],"version-history":[{"count":1,"href":"https:\/\/ciiam.org\/en\/wp-json\/wp\/v2\/posts\/18027\/revisions"}],"predecessor-version":[{"id":18032,"href":"https:\/\/ciiam.org\/en\/wp-json\/wp\/v2\/posts\/18027\/revisions\/18032"}],"wp:featuredmedia":[{"embeddable":true,"href":"https:\/\/ciiam.org\/en\/wp-json\/wp\/v2\/media\/18028"}],"wp:attachment":[{"href":"https:\/\/ciiam.org\/en\/wp-json\/wp\/v2\/media?parent=18027"}],"wp:term":[{"taxonomy":"category","embeddable":true,"href":"https:\/\/ciiam.org\/en\/wp-json\/wp\/v2\/categories?post=18027"},{"taxonomy":"post_tag","embeddable":true,"href":"https:\/\/ciiam.org\/en\/wp-json\/wp\/v2\/tags?post=18027"}],"curies":[{"name":"wp","href":"https:\/\/api.w.org\/{rel}","templated":true}]}}