{"id":18033,"date":"2023-05-02T14:39:04","date_gmt":"2023-05-02T14:39:04","guid":{"rendered":"https:\/\/ciiam.org\/?p=18033"},"modified":"2023-05-29T14:41:53","modified_gmt":"2023-05-29T14:41:53","slug":"el-ciam-se-abre-hueco-entre-las-principales-sedes-arbitrales-del-mudo","status":"publish","type":"post","link":"https:\/\/ciiam.org\/en\/el-ciam-se-abre-hueco-entre-las-principales-sedes-arbitrales-del-mudo\/","title":{"rendered":"El CIAM se abre hueco entre las principales sedes arbitrales del mudo"},"content":{"rendered":"<p>El diario Expansi\u00f3n ha publicado un art\u00edculo interactivo que permite explorar las principales sedes del arbitraje a escala internacional. Entre ellas, \u00a0se encuentra Madrid que ha logrado situase en el mapa del arbitraje mundial gracias, entre otros factores, a la creaci\u00f3n del CIAM y a las sucesivas sentencias del Tribunal Constitucional que blindan este sistema de resoluci\u00f3n de conflictos en Espa\u00f1a.<\/p>\n<p>Tal y como refleja el reportaje, el CIAM alcanz\u00f3 en 2022 su caso n\u00famero 20 tan solo tres a\u00f1os despu\u00e9s de su puesta en marcha. Actualmente, y en lo que va de 2023, ya se ha alcanzado el caso n\u00famero 27.<\/p>\n<p>Este art\u00edculo, realizado por Alejandro Galisteo Domingo, se puede leer al completo en este enlace: <a href=\"https:\/\/lab.expansion.com\/tribunales-arbitraje\/\">https:\/\/lab.expansion.com\/tribunales-arbitraje\/<\/a><\/p>\n","protected":false},"excerpt":{"rendered":"<p>El diario Expansi\u00f3n ha publicado un art\u00edculo interactivo que permite explorar las principales sedes del arbitraje a escala internacional. Entre ellas, \u00a0se encuentra Madrid que ha logrado situase en el mapa del arbitraje mundial gracias, entre otros factores, a la creaci\u00f3n del CIAM y a las sucesivas sentencias del Tribunal Constitucional que blindan este sistema [&hellip;]<\/p>\n","protected":false},"author":14,"featured_media":18034,"comment_status":"closed","ping_status":"open","sticky":false,"template":"","format":"standard","meta":{"footnotes":""},"categories":[17],"tags":[],"class_list":["post-18033","post","type-post","status-publish","format-standard","has-post-thumbnail","hentry","category-actualidad"],"yoast_head":"<!-- This site is optimized with the Yoast SEO plugin v27.3 - https:\/\/yoast.com\/product\/yoast-seo-wordpress\/ -->\n<title>CIAM se abre hueco entre las principales sedes arbitrales del mudo<\/title>\n<meta name=\"description\" content=\"El diario Expansi\u00f3n ha publicado un art\u00edculo interactivo que permite explorar las principales sedes del arbitraje a escala internacional\" \/>\n<meta name=\"robots\" content=\"index, follow, max-snippet:-1, max-image-preview:large, max-video-preview:-1\" \/>\n<link rel=\"canonical\" href=\"https:\/\/ciiam.org\/en\/el-ciam-se-abre-hueco-entre-las-principales-sedes-arbitrales-del-mudo\/\" \/>\n<meta property=\"og:locale\" content=\"en_US\" \/>\n<meta property=\"og:type\" content=\"article\" \/>\n<meta property=\"og:title\" content=\"CIAM se abre hueco entre las principales sedes arbitrales del mudo\" \/>\n<meta property=\"og:description\" content=\"El diario Expansi\u00f3n ha publicado un art\u00edculo interactivo que permite explorar las principales sedes del arbitraje a escala internacional\" \/>\n<meta property=\"og:url\" content=\"https:\/\/ciiam.org\/en\/el-ciam-se-abre-hueco-entre-las-principales-sedes-arbitrales-del-mudo\/\" \/>\n<meta property=\"og:site_name\" content=\"CIIAM\" \/>\n<meta property=\"article:published_time\" content=\"2023-05-02T14:39:04+00:00\" \/>\n<meta property=\"article:modified_time\" content=\"2023-05-29T14:41:53+00:00\" \/>\n<meta property=\"og:image\" content=\"https:\/\/ciiam.org\/wp-content\/uploads\/2023\/05\/expansion.png\" \/>\n\t<meta property=\"og:image:width\" content=\"1194\" \/>\n\t<meta property=\"og:image:height\" content=\"854\" \/>\n\t<meta property=\"og:image:type\" content=\"image\/png\" \/>\n<meta name=\"author\" content=\"Ivan\" \/>\n<meta name=\"twitter:card\" content=\"summary_large_image\" \/>\n<meta name=\"twitter:label1\" content=\"Written by\" \/>\n\t<meta name=\"twitter:data1\" content=\"Ivan\" \/>\n\t<meta name=\"twitter:label2\" content=\"Est. reading time\" \/>\n\t<meta name=\"twitter:data2\" content=\"1 minute\" \/>\n<script type=\"application\/ld+json\" class=\"yoast-schema-graph\">{\"@context\":\"https:\\\/\\\/schema.org\",\"@graph\":[{\"@type\":\"Article\",\"@id\":\"https:\\\/\\\/ciiam.org\\\/en\\\/el-ciam-se-abre-hueco-entre-las-principales-sedes-arbitrales-del-mudo\\\/#article\",\"isPartOf\":{\"@id\":\"https:\\\/\\\/ciiam.org\\\/en\\\/el-ciam-se-abre-hueco-entre-las-principales-sedes-arbitrales-del-mudo\\\/\"},\"author\":{\"name\":\"Ivan\",\"@id\":\"https:\\\/\\\/ciiam.org\\\/en\\\/#\\\/schema\\\/person\\\/b60e7c631c415dc1a3eeb7e98ac371e8\"},\"headline\":\"El CIAM se abre hueco entre las principales sedes arbitrales del mudo\",\"datePublished\":\"2023-05-02T14:39:04+00:00\",\"dateModified\":\"2023-05-29T14:41:53+00:00\",\"mainEntityOfPage\":{\"@id\":\"https:\\\/\\\/ciiam.org\\\/en\\\/el-ciam-se-abre-hueco-entre-las-principales-sedes-arbitrales-del-mudo\\\/\"},\"wordCount\":140,\"publisher\":{\"@id\":\"https:\\\/\\\/ciiam.org\\\/en\\\/#organization\"},\"image\":{\"@id\":\"https:\\\/\\\/ciiam.org\\\/en\\\/el-ciam-se-abre-hueco-entre-las-principales-sedes-arbitrales-del-mudo\\\/#primaryimage\"},\"thumbnailUrl\":\"https:\\\/\\\/ciiam.org\\\/wp-content\\\/uploads\\\/2023\\\/05\\\/expansion.png\",\"articleSection\":[\"Actualidad\"],\"inLanguage\":\"en-US\"},{\"@type\":\"WebPage\",\"@id\":\"https:\\\/\\\/ciiam.org\\\/en\\\/el-ciam-se-abre-hueco-entre-las-principales-sedes-arbitrales-del-mudo\\\/\",\"url\":\"https:\\\/\\\/ciiam.org\\\/en\\\/el-ciam-se-abre-hueco-entre-las-principales-sedes-arbitrales-del-mudo\\\/\",\"name\":\"CIAM se abre hueco entre las principales sedes arbitrales del mudo\",\"isPartOf\":{\"@id\":\"https:\\\/\\\/ciiam.org\\\/en\\\/#website\"},\"primaryImageOfPage\":{\"@id\":\"https:\\\/\\\/ciiam.org\\\/en\\\/el-ciam-se-abre-hueco-entre-las-principales-sedes-arbitrales-del-mudo\\\/#primaryimage\"},\"image\":{\"@id\":\"https:\\\/\\\/ciiam.org\\\/en\\\/el-ciam-se-abre-hueco-entre-las-principales-sedes-arbitrales-del-mudo\\\/#primaryimage\"},\"thumbnailUrl\":\"https:\\\/\\\/ciiam.org\\\/wp-content\\\/uploads\\\/2023\\\/05\\\/expansion.png\",\"datePublished\":\"2023-05-02T14:39:04+00:00\",\"dateModified\":\"2023-05-29T14:41:53+00:00\",\"description\":\"El diario Expansi\u00f3n ha publicado un art\u00edculo interactivo que permite explorar las principales sedes del arbitraje a escala internacional\",\"breadcrumb\":{\"@id\":\"https:\\\/\\\/ciiam.org\\\/en\\\/el-ciam-se-abre-hueco-entre-las-principales-sedes-arbitrales-del-mudo\\\/#breadcrumb\"},\"inLanguage\":\"en-US\",\"potentialAction\":[{\"@type\":\"ReadAction\",\"target\":[\"https:\\\/\\\/ciiam.org\\\/en\\\/el-ciam-se-abre-hueco-entre-las-principales-sedes-arbitrales-del-mudo\\\/\"]}]},{\"@type\":\"ImageObject\",\"inLanguage\":\"en-US\",\"@id\":\"https:\\\/\\\/ciiam.org\\\/en\\\/el-ciam-se-abre-hueco-entre-las-principales-sedes-arbitrales-del-mudo\\\/#primaryimage\",\"url\":\"https:\\\/\\\/ciiam.org\\\/wp-content\\\/uploads\\\/2023\\\/05\\\/expansion.png\",\"contentUrl\":\"https:\\\/\\\/ciiam.org\\\/wp-content\\\/uploads\\\/2023\\\/05\\\/expansion.png\",\"width\":1194,\"height\":854,\"caption\":\"El CIAM se abre hueco entre las principales sedes arbitrales del mudo\"},{\"@type\":\"BreadcrumbList\",\"@id\":\"https:\\\/\\\/ciiam.org\\\/en\\\/el-ciam-se-abre-hueco-entre-las-principales-sedes-arbitrales-del-mudo\\\/#breadcrumb\",\"itemListElement\":[{\"@type\":\"ListItem\",\"position\":1,\"name\":\"CIAM\",\"item\":\"https:\\\/\\\/ciiam.org\\\/en\\\/\"},{\"@type\":\"ListItem\",\"position\":2,\"name\":\"El CIAM se abre hueco entre las principales sedes arbitrales del mudo\"}]},{\"@type\":\"WebSite\",\"@id\":\"https:\\\/\\\/ciiam.org\\\/en\\\/#website\",\"url\":\"https:\\\/\\\/ciiam.org\\\/en\\\/\",\"name\":\"CIIAM\",\"description\":\"Centro Internacional e Iberoamericano de Arbitraje de Madrid\",\"publisher\":{\"@id\":\"https:\\\/\\\/ciiam.org\\\/en\\\/#organization\"},\"potentialAction\":[{\"@type\":\"SearchAction\",\"target\":{\"@type\":\"EntryPoint\",\"urlTemplate\":\"https:\\\/\\\/ciiam.org\\\/en\\\/?s={search_term_string}\"},\"query-input\":{\"@type\":\"PropertyValueSpecification\",\"valueRequired\":true,\"valueName\":\"search_term_string\"}}],\"inLanguage\":\"en-US\"},{\"@type\":\"Organization\",\"@id\":\"https:\\\/\\\/ciiam.org\\\/en\\\/#organization\",\"name\":\"Centro Internacional e Iberoamericano de Arbitraje de Madrid\",\"alternateName\":\"CIIAM\",\"url\":\"https:\\\/\\\/ciiam.org\\\/en\\\/\",\"logo\":{\"@type\":\"ImageObject\",\"inLanguage\":\"en-US\",\"@id\":\"https:\\\/\\\/ciiam.org\\\/en\\\/#\\\/schema\\\/logo\\\/image\\\/\",\"url\":\"https:\\\/\\\/ciiam.org\\\/wp-content\\\/uploads\\\/2026\\\/01\\\/favicon.png\",\"contentUrl\":\"https:\\\/\\\/ciiam.org\\\/wp-content\\\/uploads\\\/2026\\\/01\\\/favicon.png\",\"width\":500,\"height\":500,\"caption\":\"Centro Internacional e Iberoamericano de Arbitraje de Madrid\"},\"image\":{\"@id\":\"https:\\\/\\\/ciiam.org\\\/en\\\/#\\\/schema\\\/logo\\\/image\\\/\"},\"sameAs\":[\"https:\\\/\\\/www.linkedin.com\\\/company\\\/ciam-centro-internacional-arbitraje-madrid?trk=d_public_post_image\",\"https:\\\/\\\/www.youtube.com\\\/channel\\\/UCU2OI7SAQFv5uXAZ4qO4ALg\"]},{\"@type\":\"Person\",\"@id\":\"https:\\\/\\\/ciiam.org\\\/en\\\/#\\\/schema\\\/person\\\/b60e7c631c415dc1a3eeb7e98ac371e8\",\"name\":\"Ivan\",\"image\":{\"@type\":\"ImageObject\",\"inLanguage\":\"en-US\",\"@id\":\"https:\\\/\\\/secure.gravatar.com\\\/avatar\\\/c9c8079d113e4e742a50aee3024dc2534dd8ec4645734068d4a61ef031c587b5?s=96&d=mm&r=g\",\"url\":\"https:\\\/\\\/secure.gravatar.com\\\/avatar\\\/c9c8079d113e4e742a50aee3024dc2534dd8ec4645734068d4a61ef031c587b5?s=96&d=mm&r=g\",\"contentUrl\":\"https:\\\/\\\/secure.gravatar.com\\\/avatar\\\/c9c8079d113e4e742a50aee3024dc2534dd8ec4645734068d4a61ef031c587b5?s=96&d=mm&r=g\",\"caption\":\"Ivan\"},\"url\":\"https:\\\/\\\/ciiam.org\\\/en\\\/author\\\/17ivrom-cmma\\\/\"}]}<\/script>\n<!-- \/ Yoast SEO plugin. -->","yoast_head_json":{"title":"CIAM se abre hueco entre las principales sedes arbitrales del mudo","description":"El diario Expansi\u00f3n ha publicado un art\u00edculo interactivo que permite explorar las principales sedes del arbitraje a escala internacional","robots":{"index":"index","follow":"follow","max-snippet":"max-snippet:-1","max-image-preview":"max-image-preview:large","max-video-preview":"max-video-preview:-1"},"canonical":"https:\/\/ciiam.org\/en\/el-ciam-se-abre-hueco-entre-las-principales-sedes-arbitrales-del-mudo\/","og_locale":"en_US","og_type":"article","og_title":"CIAM se abre hueco entre las principales sedes arbitrales del mudo","og_description":"El diario Expansi\u00f3n ha publicado un art\u00edculo interactivo que permite explorar las principales sedes del arbitraje a escala internacional","og_url":"https:\/\/ciiam.org\/en\/el-ciam-se-abre-hueco-entre-las-principales-sedes-arbitrales-del-mudo\/","og_site_name":"CIIAM","article_published_time":"2023-05-02T14:39:04+00:00","article_modified_time":"2023-05-29T14:41:53+00:00","og_image":[{"width":1194,"height":854,"url":"https:\/\/ciiam.org\/wp-content\/uploads\/2023\/05\/expansion.png","type":"image\/png"}],"author":"Ivan","twitter_card":"summary_large_image","twitter_misc":{"Written by":"Ivan","Est. reading time":"1 minute"},"schema":{"@context":"https:\/\/schema.org","@graph":[{"@type":"Article","@id":"https:\/\/ciiam.org\/en\/el-ciam-se-abre-hueco-entre-las-principales-sedes-arbitrales-del-mudo\/#article","isPartOf":{"@id":"https:\/\/ciiam.org\/en\/el-ciam-se-abre-hueco-entre-las-principales-sedes-arbitrales-del-mudo\/"},"author":{"name":"Ivan","@id":"https:\/\/ciiam.org\/en\/#\/schema\/person\/b60e7c631c415dc1a3eeb7e98ac371e8"},"headline":"El CIAM se abre hueco entre las principales sedes arbitrales del mudo","datePublished":"2023-05-02T14:39:04+00:00","dateModified":"2023-05-29T14:41:53+00:00","mainEntityOfPage":{"@id":"https:\/\/ciiam.org\/en\/el-ciam-se-abre-hueco-entre-las-principales-sedes-arbitrales-del-mudo\/"},"wordCount":140,"publisher":{"@id":"https:\/\/ciiam.org\/en\/#organization"},"image":{"@id":"https:\/\/ciiam.org\/en\/el-ciam-se-abre-hueco-entre-las-principales-sedes-arbitrales-del-mudo\/#primaryimage"},"thumbnailUrl":"https:\/\/ciiam.org\/wp-content\/uploads\/2023\/05\/expansion.png","articleSection":["Actualidad"],"inLanguage":"en-US"},{"@type":"WebPage","@id":"https:\/\/ciiam.org\/en\/el-ciam-se-abre-hueco-entre-las-principales-sedes-arbitrales-del-mudo\/","url":"https:\/\/ciiam.org\/en\/el-ciam-se-abre-hueco-entre-las-principales-sedes-arbitrales-del-mudo\/","name":"CIAM se abre hueco entre las principales sedes arbitrales del mudo","isPartOf":{"@id":"https:\/\/ciiam.org\/en\/#website"},"primaryImageOfPage":{"@id":"https:\/\/ciiam.org\/en\/el-ciam-se-abre-hueco-entre-las-principales-sedes-arbitrales-del-mudo\/#primaryimage"},"image":{"@id":"https:\/\/ciiam.org\/en\/el-ciam-se-abre-hueco-entre-las-principales-sedes-arbitrales-del-mudo\/#primaryimage"},"thumbnailUrl":"https:\/\/ciiam.org\/wp-content\/uploads\/2023\/05\/expansion.png","datePublished":"2023-05-02T14:39:04+00:00","dateModified":"2023-05-29T14:41:53+00:00","description":"El diario Expansi\u00f3n ha publicado un art\u00edculo interactivo que permite explorar las principales sedes del arbitraje a escala internacional","breadcrumb":{"@id":"https:\/\/ciiam.org\/en\/el-ciam-se-abre-hueco-entre-las-principales-sedes-arbitrales-del-mudo\/#breadcrumb"},"inLanguage":"en-US","potentialAction":[{"@type":"ReadAction","target":["https:\/\/ciiam.org\/en\/el-ciam-se-abre-hueco-entre-las-principales-sedes-arbitrales-del-mudo\/"]}]},{"@type":"ImageObject","inLanguage":"en-US","@id":"https:\/\/ciiam.org\/en\/el-ciam-se-abre-hueco-entre-las-principales-sedes-arbitrales-del-mudo\/#primaryimage","url":"https:\/\/ciiam.org\/wp-content\/uploads\/2023\/05\/expansion.png","contentUrl":"https:\/\/ciiam.org\/wp-content\/uploads\/2023\/05\/expansion.png","width":1194,"height":854,"caption":"El CIAM se abre hueco entre las principales sedes arbitrales del mudo"},{"@type":"BreadcrumbList","@id":"https:\/\/ciiam.org\/en\/el-ciam-se-abre-hueco-entre-las-principales-sedes-arbitrales-del-mudo\/#breadcrumb","itemListElement":[{"@type":"ListItem","position":1,"name":"CIAM","item":"https:\/\/ciiam.org\/en\/"},{"@type":"ListItem","position":2,"name":"El CIAM se abre hueco entre las principales sedes arbitrales del mudo"}]},{"@type":"WebSite","@id":"https:\/\/ciiam.org\/en\/#website","url":"https:\/\/ciiam.org\/en\/","name":"CIIAM","description":"Centro Internacional e Iberoamericano de Arbitraje de Madrid","publisher":{"@id":"https:\/\/ciiam.org\/en\/#organization"},"potentialAction":[{"@type":"SearchAction","target":{"@type":"EntryPoint","urlTemplate":"https:\/\/ciiam.org\/en\/?s={search_term_string}"},"query-input":{"@type":"PropertyValueSpecification","valueRequired":true,"valueName":"search_term_string"}}],"inLanguage":"en-US"},{"@type":"Organization","@id":"https:\/\/ciiam.org\/en\/#organization","name":"Centro Internacional e Iberoamericano de Arbitraje de Madrid","alternateName":"CIIAM","url":"https:\/\/ciiam.org\/en\/","logo":{"@type":"ImageObject","inLanguage":"en-US","@id":"https:\/\/ciiam.org\/en\/#\/schema\/logo\/image\/","url":"https:\/\/ciiam.org\/wp-content\/uploads\/2026\/01\/favicon.png","contentUrl":"https:\/\/ciiam.org\/wp-content\/uploads\/2026\/01\/favicon.png","width":500,"height":500,"caption":"Centro Internacional e Iberoamericano de Arbitraje de Madrid"},"image":{"@id":"https:\/\/ciiam.org\/en\/#\/schema\/logo\/image\/"},"sameAs":["https:\/\/www.linkedin.com\/company\/ciam-centro-internacional-arbitraje-madrid?trk=d_public_post_image","https:\/\/www.youtube.com\/channel\/UCU2OI7SAQFv5uXAZ4qO4ALg"]},{"@type":"Person","@id":"https:\/\/ciiam.org\/en\/#\/schema\/person\/b60e7c631c415dc1a3eeb7e98ac371e8","name":"Ivan","image":{"@type":"ImageObject","inLanguage":"en-US","@id":"https:\/\/secure.gravatar.com\/avatar\/c9c8079d113e4e742a50aee3024dc2534dd8ec4645734068d4a61ef031c587b5?s=96&d=mm&r=g","url":"https:\/\/secure.gravatar.com\/avatar\/c9c8079d113e4e742a50aee3024dc2534dd8ec4645734068d4a61ef031c587b5?s=96&d=mm&r=g","contentUrl":"https:\/\/secure.gravatar.com\/avatar\/c9c8079d113e4e742a50aee3024dc2534dd8ec4645734068d4a61ef031c587b5?s=96&d=mm&r=g","caption":"Ivan"},"url":"https:\/\/ciiam.org\/en\/author\/17ivrom-cmma\/"}]}},"_links":{"self":[{"href":"https:\/\/ciiam.org\/en\/wp-json\/wp\/v2\/posts\/18033","targetHints":{"allow":["GET"]}}],"collection":[{"href":"https:\/\/ciiam.org\/en\/wp-json\/wp\/v2\/posts"}],"about":[{"href":"https:\/\/ciiam.org\/en\/wp-json\/wp\/v2\/types\/post"}],"author":[{"embeddable":true,"href":"https:\/\/ciiam.org\/en\/wp-json\/wp\/v2\/users\/14"}],"replies":[{"embeddable":true,"href":"https:\/\/ciiam.org\/en\/wp-json\/wp\/v2\/comments?post=18033"}],"version-history":[{"count":1,"href":"https:\/\/ciiam.org\/en\/wp-json\/wp\/v2\/posts\/18033\/revisions"}],"predecessor-version":[{"id":18038,"href":"https:\/\/ciiam.org\/en\/wp-json\/wp\/v2\/posts\/18033\/revisions\/18038"}],"wp:featuredmedia":[{"embeddable":true,"href":"https:\/\/ciiam.org\/en\/wp-json\/wp\/v2\/media\/18034"}],"wp:attachment":[{"href":"https:\/\/ciiam.org\/en\/wp-json\/wp\/v2\/media?parent=18033"}],"wp:term":[{"taxonomy":"category","embeddable":true,"href":"https:\/\/ciiam.org\/en\/wp-json\/wp\/v2\/categories?post=18033"},{"taxonomy":"post_tag","embeddable":true,"href":"https:\/\/ciiam.org\/en\/wp-json\/wp\/v2\/tags?post=18033"}],"curies":[{"name":"wp","href":"https:\/\/api.w.org\/{rel}","templated":true}]}}