{"id":18045,"date":"2023-05-08T14:48:56","date_gmt":"2023-05-08T14:48:56","guid":{"rendered":"https:\/\/ciiam.org\/?p=18045"},"modified":"2023-05-29T14:54:29","modified_gmt":"2023-05-29T14:54:29","slug":"ciam-celebra-un-webinar-sobre-la-figura-de-los-peritos","status":"publish","type":"post","link":"https:\/\/ciiam.org\/en\/ciam-celebra-un-webinar-sobre-la-figura-de-los-peritos\/","title":{"rendered":"CIAM celebra un webinar sobre la figura de los peritos"},"content":{"rendered":"<p>El Centro Internacional de Arbitraje de Madrid (CIAM) ha tenido el placer de organizar un nuevo webinar centrado en la figura de los peritos, los profesionales independientes encargados de analizar y evaluar problemas complejos dentro de los procedimientos de arbitraje.<\/p>\n<p>La sesi\u00f3n, moderada por Mercedes Romero Iglesias, socia de litigaci\u00f3n y arbitraje de ONTIER Espa\u00f1a, cont\u00f3 con la participaci\u00f3n de Casilda Prado Abrisqueta, Associate Principal en RBB Economics; Ra\u00fal Salamero Rajo, Director de PwC Espa\u00f1a Forensic Services y Ana Jim\u00e9nez Mart\u00edn, socia de Auren Spain.<\/p>\n<p>Buena parte del seminario gir\u00f3 en torno a la valoraci\u00f3n del da\u00f1o y, en concreto, alrededor del lucro cesante. \u00bfC\u00f3mo se puede calcular lo que se deja de ganar cuando una de partes incumple sus obligaciones?, \u00bfes posible aislar el efecto de ese incumplimiento para no sobrestimar ni subestimar los perjuicios ocasionados?<\/p>\n<p>Tambi\u00e9n surgi\u00f3 un interesante debate sobre la necesidad o no de regular la transparencia durante la fase de producci\u00f3n de documentos y la capacidad del \u00e1rbitro para valorar pruebas cuando ha habido dificultades para acceder a datos fundamentales.<\/p>\n<p>El v\u00eddeo del webinar completo se encuentra en el siguiente enlace: <a href=\"https:\/\/lnkd.in\/dzEri5mh\">https:\/\/lnkd.in\/dzEri5mh<\/a><\/p>\n<p>&nbsp;<\/p>\n","protected":false},"excerpt":{"rendered":"<p>El Centro Internacional de Arbitraje de Madrid (CIAM) ha tenido el placer de organizar un nuevo webinar centrado en la figura de los peritos, los profesionales independientes encargados de analizar y evaluar problemas complejos dentro de los procedimientos de arbitraje. La sesi\u00f3n, moderada por Mercedes Romero Iglesias, socia de litigaci\u00f3n y arbitraje de ONTIER Espa\u00f1a, [&hellip;]<\/p>\n","protected":false},"author":14,"featured_media":18046,"comment_status":"closed","ping_status":"open","sticky":false,"template":"","format":"standard","meta":{"footnotes":""},"categories":[17],"tags":[],"class_list":["post-18045","post","type-post","status-publish","format-standard","has-post-thumbnail","hentry","category-actualidad"],"yoast_head":"<!-- This site is optimized with the Yoast SEO plugin v27.3 - https:\/\/yoast.com\/product\/yoast-seo-wordpress\/ -->\n<title>CIAM celebra un webinar sobre la figura de los peritos - CIIAM<\/title>\n<meta name=\"description\" content=\"El CIAM (Centro Internacional de Arbitraje de Madrid) ha tenido el placer de organizar un nuevo webinar centrado en la figura de los peritos\" \/>\n<meta name=\"robots\" content=\"index, follow, max-snippet:-1, max-image-preview:large, max-video-preview:-1\" \/>\n<link rel=\"canonical\" href=\"https:\/\/ciiam.org\/en\/ciam-celebra-un-webinar-sobre-la-figura-de-los-peritos\/\" \/>\n<meta property=\"og:locale\" content=\"en_US\" \/>\n<meta property=\"og:type\" content=\"article\" \/>\n<meta property=\"og:title\" content=\"CIAM celebra un webinar sobre la figura de los peritos - CIIAM\" \/>\n<meta property=\"og:description\" content=\"El CIAM (Centro Internacional de Arbitraje de Madrid) ha tenido el placer de organizar un nuevo webinar centrado en la figura de los peritos\" \/>\n<meta property=\"og:url\" content=\"https:\/\/ciiam.org\/en\/ciam-celebra-un-webinar-sobre-la-figura-de-los-peritos\/\" \/>\n<meta property=\"og:site_name\" content=\"CIIAM\" \/>\n<meta property=\"article:published_time\" content=\"2023-05-08T14:48:56+00:00\" \/>\n<meta property=\"article:modified_time\" content=\"2023-05-29T14:54:29+00:00\" \/>\n<meta property=\"og:image\" content=\"https:\/\/ciiam.org\/wp-content\/uploads\/2023\/05\/CIAM-16.png\" \/>\n\t<meta property=\"og:image:width\" content=\"585\" \/>\n\t<meta property=\"og:image:height\" content=\"316\" \/>\n\t<meta property=\"og:image:type\" content=\"image\/png\" \/>\n<meta name=\"author\" content=\"Ivan\" \/>\n<meta name=\"twitter:card\" content=\"summary_large_image\" \/>\n<meta name=\"twitter:label1\" content=\"Written by\" \/>\n\t<meta name=\"twitter:data1\" content=\"Ivan\" \/>\n\t<meta name=\"twitter:label2\" content=\"Est. reading time\" \/>\n\t<meta name=\"twitter:data2\" content=\"1 minute\" \/>\n<script type=\"application\/ld+json\" class=\"yoast-schema-graph\">{\"@context\":\"https:\\\/\\\/schema.org\",\"@graph\":[{\"@type\":\"Article\",\"@id\":\"https:\\\/\\\/ciiam.org\\\/en\\\/ciam-celebra-un-webinar-sobre-la-figura-de-los-peritos\\\/#article\",\"isPartOf\":{\"@id\":\"https:\\\/\\\/ciiam.org\\\/en\\\/ciam-celebra-un-webinar-sobre-la-figura-de-los-peritos\\\/\"},\"author\":{\"name\":\"Ivan\",\"@id\":\"https:\\\/\\\/ciiam.org\\\/en\\\/#\\\/schema\\\/person\\\/b60e7c631c415dc1a3eeb7e98ac371e8\"},\"headline\":\"CIAM celebra un webinar sobre la figura de los peritos\",\"datePublished\":\"2023-05-08T14:48:56+00:00\",\"dateModified\":\"2023-05-29T14:54:29+00:00\",\"mainEntityOfPage\":{\"@id\":\"https:\\\/\\\/ciiam.org\\\/en\\\/ciam-celebra-un-webinar-sobre-la-figura-de-los-peritos\\\/\"},\"wordCount\":216,\"publisher\":{\"@id\":\"https:\\\/\\\/ciiam.org\\\/en\\\/#organization\"},\"image\":{\"@id\":\"https:\\\/\\\/ciiam.org\\\/en\\\/ciam-celebra-un-webinar-sobre-la-figura-de-los-peritos\\\/#primaryimage\"},\"thumbnailUrl\":\"https:\\\/\\\/ciiam.org\\\/wp-content\\\/uploads\\\/2023\\\/05\\\/CIAM-16.png\",\"articleSection\":[\"Actualidad\"],\"inLanguage\":\"en-US\"},{\"@type\":\"WebPage\",\"@id\":\"https:\\\/\\\/ciiam.org\\\/en\\\/ciam-celebra-un-webinar-sobre-la-figura-de-los-peritos\\\/\",\"url\":\"https:\\\/\\\/ciiam.org\\\/en\\\/ciam-celebra-un-webinar-sobre-la-figura-de-los-peritos\\\/\",\"name\":\"CIAM celebra un webinar sobre la figura de los peritos - CIIAM\",\"isPartOf\":{\"@id\":\"https:\\\/\\\/ciiam.org\\\/en\\\/#website\"},\"primaryImageOfPage\":{\"@id\":\"https:\\\/\\\/ciiam.org\\\/en\\\/ciam-celebra-un-webinar-sobre-la-figura-de-los-peritos\\\/#primaryimage\"},\"image\":{\"@id\":\"https:\\\/\\\/ciiam.org\\\/en\\\/ciam-celebra-un-webinar-sobre-la-figura-de-los-peritos\\\/#primaryimage\"},\"thumbnailUrl\":\"https:\\\/\\\/ciiam.org\\\/wp-content\\\/uploads\\\/2023\\\/05\\\/CIAM-16.png\",\"datePublished\":\"2023-05-08T14:48:56+00:00\",\"dateModified\":\"2023-05-29T14:54:29+00:00\",\"description\":\"El CIAM (Centro Internacional de Arbitraje de Madrid) ha tenido el placer de organizar un nuevo webinar centrado en la figura de los peritos\",\"breadcrumb\":{\"@id\":\"https:\\\/\\\/ciiam.org\\\/en\\\/ciam-celebra-un-webinar-sobre-la-figura-de-los-peritos\\\/#breadcrumb\"},\"inLanguage\":\"en-US\",\"potentialAction\":[{\"@type\":\"ReadAction\",\"target\":[\"https:\\\/\\\/ciiam.org\\\/en\\\/ciam-celebra-un-webinar-sobre-la-figura-de-los-peritos\\\/\"]}]},{\"@type\":\"ImageObject\",\"inLanguage\":\"en-US\",\"@id\":\"https:\\\/\\\/ciiam.org\\\/en\\\/ciam-celebra-un-webinar-sobre-la-figura-de-los-peritos\\\/#primaryimage\",\"url\":\"https:\\\/\\\/ciiam.org\\\/wp-content\\\/uploads\\\/2023\\\/05\\\/CIAM-16.png\",\"contentUrl\":\"https:\\\/\\\/ciiam.org\\\/wp-content\\\/uploads\\\/2023\\\/05\\\/CIAM-16.png\",\"width\":585,\"height\":316,\"caption\":\"CIAM celebra un webinar sobre la figura de los peritos\"},{\"@type\":\"BreadcrumbList\",\"@id\":\"https:\\\/\\\/ciiam.org\\\/en\\\/ciam-celebra-un-webinar-sobre-la-figura-de-los-peritos\\\/#breadcrumb\",\"itemListElement\":[{\"@type\":\"ListItem\",\"position\":1,\"name\":\"CIAM\",\"item\":\"https:\\\/\\\/ciiam.org\\\/en\\\/\"},{\"@type\":\"ListItem\",\"position\":2,\"name\":\"CIAM celebra un webinar sobre la figura de los peritos\"}]},{\"@type\":\"WebSite\",\"@id\":\"https:\\\/\\\/ciiam.org\\\/en\\\/#website\",\"url\":\"https:\\\/\\\/ciiam.org\\\/en\\\/\",\"name\":\"CIIAM\",\"description\":\"Centro Internacional e Iberoamericano de Arbitraje de Madrid\",\"publisher\":{\"@id\":\"https:\\\/\\\/ciiam.org\\\/en\\\/#organization\"},\"potentialAction\":[{\"@type\":\"SearchAction\",\"target\":{\"@type\":\"EntryPoint\",\"urlTemplate\":\"https:\\\/\\\/ciiam.org\\\/en\\\/?s={search_term_string}\"},\"query-input\":{\"@type\":\"PropertyValueSpecification\",\"valueRequired\":true,\"valueName\":\"search_term_string\"}}],\"inLanguage\":\"en-US\"},{\"@type\":\"Organization\",\"@id\":\"https:\\\/\\\/ciiam.org\\\/en\\\/#organization\",\"name\":\"Centro Internacional e Iberoamericano de Arbitraje de Madrid\",\"alternateName\":\"CIIAM\",\"url\":\"https:\\\/\\\/ciiam.org\\\/en\\\/\",\"logo\":{\"@type\":\"ImageObject\",\"inLanguage\":\"en-US\",\"@id\":\"https:\\\/\\\/ciiam.org\\\/en\\\/#\\\/schema\\\/logo\\\/image\\\/\",\"url\":\"https:\\\/\\\/ciiam.org\\\/wp-content\\\/uploads\\\/2026\\\/01\\\/favicon.png\",\"contentUrl\":\"https:\\\/\\\/ciiam.org\\\/wp-content\\\/uploads\\\/2026\\\/01\\\/favicon.png\",\"width\":500,\"height\":500,\"caption\":\"Centro Internacional e Iberoamericano de Arbitraje de Madrid\"},\"image\":{\"@id\":\"https:\\\/\\\/ciiam.org\\\/en\\\/#\\\/schema\\\/logo\\\/image\\\/\"},\"sameAs\":[\"https:\\\/\\\/www.linkedin.com\\\/company\\\/ciam-centro-internacional-arbitraje-madrid?trk=d_public_post_image\",\"https:\\\/\\\/www.youtube.com\\\/channel\\\/UCU2OI7SAQFv5uXAZ4qO4ALg\"]},{\"@type\":\"Person\",\"@id\":\"https:\\\/\\\/ciiam.org\\\/en\\\/#\\\/schema\\\/person\\\/b60e7c631c415dc1a3eeb7e98ac371e8\",\"name\":\"Ivan\",\"image\":{\"@type\":\"ImageObject\",\"inLanguage\":\"en-US\",\"@id\":\"https:\\\/\\\/secure.gravatar.com\\\/avatar\\\/c9c8079d113e4e742a50aee3024dc2534dd8ec4645734068d4a61ef031c587b5?s=96&d=mm&r=g\",\"url\":\"https:\\\/\\\/secure.gravatar.com\\\/avatar\\\/c9c8079d113e4e742a50aee3024dc2534dd8ec4645734068d4a61ef031c587b5?s=96&d=mm&r=g\",\"contentUrl\":\"https:\\\/\\\/secure.gravatar.com\\\/avatar\\\/c9c8079d113e4e742a50aee3024dc2534dd8ec4645734068d4a61ef031c587b5?s=96&d=mm&r=g\",\"caption\":\"Ivan\"},\"url\":\"https:\\\/\\\/ciiam.org\\\/en\\\/author\\\/17ivrom-cmma\\\/\"}]}<\/script>\n<!-- \/ Yoast SEO plugin. -->","yoast_head_json":{"title":"CIAM celebra un webinar sobre la figura de los peritos - CIIAM","description":"El CIAM (Centro Internacional de Arbitraje de Madrid) ha tenido el placer de organizar un nuevo webinar centrado en la figura de los peritos","robots":{"index":"index","follow":"follow","max-snippet":"max-snippet:-1","max-image-preview":"max-image-preview:large","max-video-preview":"max-video-preview:-1"},"canonical":"https:\/\/ciiam.org\/en\/ciam-celebra-un-webinar-sobre-la-figura-de-los-peritos\/","og_locale":"en_US","og_type":"article","og_title":"CIAM celebra un webinar sobre la figura de los peritos - CIIAM","og_description":"El CIAM (Centro Internacional de Arbitraje de Madrid) ha tenido el placer de organizar un nuevo webinar centrado en la figura de los peritos","og_url":"https:\/\/ciiam.org\/en\/ciam-celebra-un-webinar-sobre-la-figura-de-los-peritos\/","og_site_name":"CIIAM","article_published_time":"2023-05-08T14:48:56+00:00","article_modified_time":"2023-05-29T14:54:29+00:00","og_image":[{"width":585,"height":316,"url":"https:\/\/ciiam.org\/wp-content\/uploads\/2023\/05\/CIAM-16.png","type":"image\/png"}],"author":"Ivan","twitter_card":"summary_large_image","twitter_misc":{"Written by":"Ivan","Est. reading time":"1 minute"},"schema":{"@context":"https:\/\/schema.org","@graph":[{"@type":"Article","@id":"https:\/\/ciiam.org\/en\/ciam-celebra-un-webinar-sobre-la-figura-de-los-peritos\/#article","isPartOf":{"@id":"https:\/\/ciiam.org\/en\/ciam-celebra-un-webinar-sobre-la-figura-de-los-peritos\/"},"author":{"name":"Ivan","@id":"https:\/\/ciiam.org\/en\/#\/schema\/person\/b60e7c631c415dc1a3eeb7e98ac371e8"},"headline":"CIAM celebra un webinar sobre la figura de los peritos","datePublished":"2023-05-08T14:48:56+00:00","dateModified":"2023-05-29T14:54:29+00:00","mainEntityOfPage":{"@id":"https:\/\/ciiam.org\/en\/ciam-celebra-un-webinar-sobre-la-figura-de-los-peritos\/"},"wordCount":216,"publisher":{"@id":"https:\/\/ciiam.org\/en\/#organization"},"image":{"@id":"https:\/\/ciiam.org\/en\/ciam-celebra-un-webinar-sobre-la-figura-de-los-peritos\/#primaryimage"},"thumbnailUrl":"https:\/\/ciiam.org\/wp-content\/uploads\/2023\/05\/CIAM-16.png","articleSection":["Actualidad"],"inLanguage":"en-US"},{"@type":"WebPage","@id":"https:\/\/ciiam.org\/en\/ciam-celebra-un-webinar-sobre-la-figura-de-los-peritos\/","url":"https:\/\/ciiam.org\/en\/ciam-celebra-un-webinar-sobre-la-figura-de-los-peritos\/","name":"CIAM celebra un webinar sobre la figura de los peritos - CIIAM","isPartOf":{"@id":"https:\/\/ciiam.org\/en\/#website"},"primaryImageOfPage":{"@id":"https:\/\/ciiam.org\/en\/ciam-celebra-un-webinar-sobre-la-figura-de-los-peritos\/#primaryimage"},"image":{"@id":"https:\/\/ciiam.org\/en\/ciam-celebra-un-webinar-sobre-la-figura-de-los-peritos\/#primaryimage"},"thumbnailUrl":"https:\/\/ciiam.org\/wp-content\/uploads\/2023\/05\/CIAM-16.png","datePublished":"2023-05-08T14:48:56+00:00","dateModified":"2023-05-29T14:54:29+00:00","description":"El CIAM (Centro Internacional de Arbitraje de Madrid) ha tenido el placer de organizar un nuevo webinar centrado en la figura de los peritos","breadcrumb":{"@id":"https:\/\/ciiam.org\/en\/ciam-celebra-un-webinar-sobre-la-figura-de-los-peritos\/#breadcrumb"},"inLanguage":"en-US","potentialAction":[{"@type":"ReadAction","target":["https:\/\/ciiam.org\/en\/ciam-celebra-un-webinar-sobre-la-figura-de-los-peritos\/"]}]},{"@type":"ImageObject","inLanguage":"en-US","@id":"https:\/\/ciiam.org\/en\/ciam-celebra-un-webinar-sobre-la-figura-de-los-peritos\/#primaryimage","url":"https:\/\/ciiam.org\/wp-content\/uploads\/2023\/05\/CIAM-16.png","contentUrl":"https:\/\/ciiam.org\/wp-content\/uploads\/2023\/05\/CIAM-16.png","width":585,"height":316,"caption":"CIAM celebra un webinar sobre la figura de los peritos"},{"@type":"BreadcrumbList","@id":"https:\/\/ciiam.org\/en\/ciam-celebra-un-webinar-sobre-la-figura-de-los-peritos\/#breadcrumb","itemListElement":[{"@type":"ListItem","position":1,"name":"CIAM","item":"https:\/\/ciiam.org\/en\/"},{"@type":"ListItem","position":2,"name":"CIAM celebra un webinar sobre la figura de los peritos"}]},{"@type":"WebSite","@id":"https:\/\/ciiam.org\/en\/#website","url":"https:\/\/ciiam.org\/en\/","name":"CIIAM","description":"Centro Internacional e Iberoamericano de Arbitraje de Madrid","publisher":{"@id":"https:\/\/ciiam.org\/en\/#organization"},"potentialAction":[{"@type":"SearchAction","target":{"@type":"EntryPoint","urlTemplate":"https:\/\/ciiam.org\/en\/?s={search_term_string}"},"query-input":{"@type":"PropertyValueSpecification","valueRequired":true,"valueName":"search_term_string"}}],"inLanguage":"en-US"},{"@type":"Organization","@id":"https:\/\/ciiam.org\/en\/#organization","name":"Centro Internacional e Iberoamericano de Arbitraje de Madrid","alternateName":"CIIAM","url":"https:\/\/ciiam.org\/en\/","logo":{"@type":"ImageObject","inLanguage":"en-US","@id":"https:\/\/ciiam.org\/en\/#\/schema\/logo\/image\/","url":"https:\/\/ciiam.org\/wp-content\/uploads\/2026\/01\/favicon.png","contentUrl":"https:\/\/ciiam.org\/wp-content\/uploads\/2026\/01\/favicon.png","width":500,"height":500,"caption":"Centro Internacional e Iberoamericano de Arbitraje de Madrid"},"image":{"@id":"https:\/\/ciiam.org\/en\/#\/schema\/logo\/image\/"},"sameAs":["https:\/\/www.linkedin.com\/company\/ciam-centro-internacional-arbitraje-madrid?trk=d_public_post_image","https:\/\/www.youtube.com\/channel\/UCU2OI7SAQFv5uXAZ4qO4ALg"]},{"@type":"Person","@id":"https:\/\/ciiam.org\/en\/#\/schema\/person\/b60e7c631c415dc1a3eeb7e98ac371e8","name":"Ivan","image":{"@type":"ImageObject","inLanguage":"en-US","@id":"https:\/\/secure.gravatar.com\/avatar\/c9c8079d113e4e742a50aee3024dc2534dd8ec4645734068d4a61ef031c587b5?s=96&d=mm&r=g","url":"https:\/\/secure.gravatar.com\/avatar\/c9c8079d113e4e742a50aee3024dc2534dd8ec4645734068d4a61ef031c587b5?s=96&d=mm&r=g","contentUrl":"https:\/\/secure.gravatar.com\/avatar\/c9c8079d113e4e742a50aee3024dc2534dd8ec4645734068d4a61ef031c587b5?s=96&d=mm&r=g","caption":"Ivan"},"url":"https:\/\/ciiam.org\/en\/author\/17ivrom-cmma\/"}]}},"_links":{"self":[{"href":"https:\/\/ciiam.org\/en\/wp-json\/wp\/v2\/posts\/18045","targetHints":{"allow":["GET"]}}],"collection":[{"href":"https:\/\/ciiam.org\/en\/wp-json\/wp\/v2\/posts"}],"about":[{"href":"https:\/\/ciiam.org\/en\/wp-json\/wp\/v2\/types\/post"}],"author":[{"embeddable":true,"href":"https:\/\/ciiam.org\/en\/wp-json\/wp\/v2\/users\/14"}],"replies":[{"embeddable":true,"href":"https:\/\/ciiam.org\/en\/wp-json\/wp\/v2\/comments?post=18045"}],"version-history":[{"count":1,"href":"https:\/\/ciiam.org\/en\/wp-json\/wp\/v2\/posts\/18045\/revisions"}],"predecessor-version":[{"id":18050,"href":"https:\/\/ciiam.org\/en\/wp-json\/wp\/v2\/posts\/18045\/revisions\/18050"}],"wp:featuredmedia":[{"embeddable":true,"href":"https:\/\/ciiam.org\/en\/wp-json\/wp\/v2\/media\/18046"}],"wp:attachment":[{"href":"https:\/\/ciiam.org\/en\/wp-json\/wp\/v2\/media?parent=18045"}],"wp:term":[{"taxonomy":"category","embeddable":true,"href":"https:\/\/ciiam.org\/en\/wp-json\/wp\/v2\/categories?post=18045"},{"taxonomy":"post_tag","embeddable":true,"href":"https:\/\/ciiam.org\/en\/wp-json\/wp\/v2\/tags?post=18045"}],"curies":[{"name":"wp","href":"https:\/\/api.w.org\/{rel}","templated":true}]}}