{"id":18061,"date":"2023-05-19T15:08:38","date_gmt":"2023-05-19T15:08:38","guid":{"rendered":"https:\/\/ciiam.org\/?p=18061"},"modified":"2023-05-29T15:10:54","modified_gmt":"2023-05-29T15:10:54","slug":"ciam-amplia-el-plazo-para-asistir-al-i-encuentro-con-los-grupos-de-trabajo","status":"publish","type":"post","link":"https:\/\/ciiam.org\/en\/ciam-amplia-el-plazo-para-asistir-al-i-encuentro-con-los-grupos-de-trabajo\/","title":{"rendered":"CIAM ampl\u00eda el plazo para asistir al I Encuentro con los Grupos de Trabajo"},"content":{"rendered":"<p>El Centro Internacional de Arbitraje de Madrid (CIAM) ampl\u00eda el plazo de inscripci\u00f3n para asistir al I Encuentro con los Grupos de Trabajo del CIAM.<\/p>\n<p>Debido al inter\u00e9s que ha generado el evento, desde la instituci\u00f3n se ha decidido extender hasta el 31 de mayo de 2023 las tarifas &#8216;early bird&#8217;.<\/p>\n<p>Asimismo, al t\u00e9rmino de la jornada se realizar\u00e1 una visita al parque tem\u00e1tico Puy du Fou, para la que tambi\u00e9n se puede apuntar todo asistente, donde se disfrutar\u00e1 una cena seguida del espect\u00e1culo nocturno &#8220;El sue\u00f1o de Toledo\u201d.<\/p>\n<p>Las reservas de plaza se pueden realizar desde el siguiente enlace:\u00a0 <a href=\"https:\/\/ciiam.org\/jornada-i-encuentro-de-los-grupos-de-trabajo-de-ciam\/\">https:\/\/ciiam.org\/jornada-i-encuentro-de-los-grupos-de-trabajo-de-ciam\/<\/a><\/p>\n","protected":false},"excerpt":{"rendered":"<p>El Centro Internacional de Arbitraje de Madrid (CIAM) ampl\u00eda el plazo de inscripci\u00f3n para asistir al I Encuentro con los Grupos de Trabajo del CIAM. Debido al inter\u00e9s que ha generado el evento, desde la instituci\u00f3n se ha decidido extender hasta el 31 de mayo de 2023 las tarifas &#8216;early bird&#8217;. Asimismo, al t\u00e9rmino de [&hellip;]<\/p>\n","protected":false},"author":14,"featured_media":18062,"comment_status":"closed","ping_status":"open","sticky":false,"template":"","format":"standard","meta":{"footnotes":""},"categories":[17],"tags":[],"class_list":["post-18061","post","type-post","status-publish","format-standard","has-post-thumbnail","hentry","category-actualidad"],"yoast_head":"<!-- This site is optimized with the Yoast SEO plugin v27.3 - https:\/\/yoast.com\/product\/yoast-seo-wordpress\/ -->\n<title>CIAM ampl\u00eda plazo para asistir al Encuentro con los Grupos de Trabajo<\/title>\n<meta name=\"description\" content=\"El Centro Internacional de Arbitraje de Madrid ampl\u00eda el plazo de inscripci\u00f3n para asistir al I Encuentro con los Grupos de Trabajo del CIAM.\" \/>\n<meta name=\"robots\" content=\"index, follow, max-snippet:-1, max-image-preview:large, max-video-preview:-1\" \/>\n<link rel=\"canonical\" href=\"https:\/\/ciiam.org\/en\/ciam-amplia-el-plazo-para-asistir-al-i-encuentro-con-los-grupos-de-trabajo\/\" \/>\n<meta property=\"og:locale\" content=\"en_US\" \/>\n<meta property=\"og:type\" content=\"article\" \/>\n<meta property=\"og:title\" content=\"CIAM ampl\u00eda plazo para asistir al Encuentro con los Grupos de Trabajo\" \/>\n<meta property=\"og:description\" content=\"El Centro Internacional de Arbitraje de Madrid ampl\u00eda el plazo de inscripci\u00f3n para asistir al I Encuentro con los Grupos de Trabajo del CIAM.\" \/>\n<meta property=\"og:url\" content=\"https:\/\/ciiam.org\/en\/ciam-amplia-el-plazo-para-asistir-al-i-encuentro-con-los-grupos-de-trabajo\/\" \/>\n<meta property=\"og:site_name\" content=\"CIIAM\" \/>\n<meta property=\"article:published_time\" content=\"2023-05-19T15:08:38+00:00\" \/>\n<meta property=\"article:modified_time\" content=\"2023-05-29T15:10:54+00:00\" \/>\n<meta property=\"og:image\" content=\"https:\/\/ciiam.org\/wp-content\/uploads\/2023\/05\/CIAM-19.jpg\" \/>\n\t<meta property=\"og:image:width\" content=\"800\" \/>\n\t<meta property=\"og:image:height\" content=\"450\" \/>\n\t<meta property=\"og:image:type\" content=\"image\/jpeg\" \/>\n<meta name=\"author\" content=\"Ivan\" \/>\n<meta name=\"twitter:card\" content=\"summary_large_image\" \/>\n<meta name=\"twitter:label1\" content=\"Written by\" \/>\n\t<meta name=\"twitter:data1\" content=\"Ivan\" \/>\n\t<meta name=\"twitter:label2\" content=\"Est. reading time\" \/>\n\t<meta name=\"twitter:data2\" content=\"1 minute\" \/>\n<script type=\"application\/ld+json\" class=\"yoast-schema-graph\">{\"@context\":\"https:\\\/\\\/schema.org\",\"@graph\":[{\"@type\":\"Article\",\"@id\":\"https:\\\/\\\/ciiam.org\\\/en\\\/ciam-amplia-el-plazo-para-asistir-al-i-encuentro-con-los-grupos-de-trabajo\\\/#article\",\"isPartOf\":{\"@id\":\"https:\\\/\\\/ciiam.org\\\/en\\\/ciam-amplia-el-plazo-para-asistir-al-i-encuentro-con-los-grupos-de-trabajo\\\/\"},\"author\":{\"name\":\"Ivan\",\"@id\":\"https:\\\/\\\/ciiam.org\\\/en\\\/#\\\/schema\\\/person\\\/b60e7c631c415dc1a3eeb7e98ac371e8\"},\"headline\":\"CIAM ampl\u00eda el plazo para asistir al I Encuentro con los Grupos de Trabajo\",\"datePublished\":\"2023-05-19T15:08:38+00:00\",\"dateModified\":\"2023-05-29T15:10:54+00:00\",\"mainEntityOfPage\":{\"@id\":\"https:\\\/\\\/ciiam.org\\\/en\\\/ciam-amplia-el-plazo-para-asistir-al-i-encuentro-con-los-grupos-de-trabajo\\\/\"},\"wordCount\":126,\"publisher\":{\"@id\":\"https:\\\/\\\/ciiam.org\\\/en\\\/#organization\"},\"image\":{\"@id\":\"https:\\\/\\\/ciiam.org\\\/en\\\/ciam-amplia-el-plazo-para-asistir-al-i-encuentro-con-los-grupos-de-trabajo\\\/#primaryimage\"},\"thumbnailUrl\":\"https:\\\/\\\/ciiam.org\\\/wp-content\\\/uploads\\\/2023\\\/05\\\/CIAM-19.jpg\",\"articleSection\":[\"Actualidad\"],\"inLanguage\":\"en-US\"},{\"@type\":\"WebPage\",\"@id\":\"https:\\\/\\\/ciiam.org\\\/en\\\/ciam-amplia-el-plazo-para-asistir-al-i-encuentro-con-los-grupos-de-trabajo\\\/\",\"url\":\"https:\\\/\\\/ciiam.org\\\/en\\\/ciam-amplia-el-plazo-para-asistir-al-i-encuentro-con-los-grupos-de-trabajo\\\/\",\"name\":\"CIAM ampl\u00eda plazo para asistir al Encuentro con los Grupos de Trabajo\",\"isPartOf\":{\"@id\":\"https:\\\/\\\/ciiam.org\\\/en\\\/#website\"},\"primaryImageOfPage\":{\"@id\":\"https:\\\/\\\/ciiam.org\\\/en\\\/ciam-amplia-el-plazo-para-asistir-al-i-encuentro-con-los-grupos-de-trabajo\\\/#primaryimage\"},\"image\":{\"@id\":\"https:\\\/\\\/ciiam.org\\\/en\\\/ciam-amplia-el-plazo-para-asistir-al-i-encuentro-con-los-grupos-de-trabajo\\\/#primaryimage\"},\"thumbnailUrl\":\"https:\\\/\\\/ciiam.org\\\/wp-content\\\/uploads\\\/2023\\\/05\\\/CIAM-19.jpg\",\"datePublished\":\"2023-05-19T15:08:38+00:00\",\"dateModified\":\"2023-05-29T15:10:54+00:00\",\"description\":\"El Centro Internacional de Arbitraje de Madrid ampl\u00eda el plazo de inscripci\u00f3n para asistir al I Encuentro con los Grupos de Trabajo del CIAM.\",\"breadcrumb\":{\"@id\":\"https:\\\/\\\/ciiam.org\\\/en\\\/ciam-amplia-el-plazo-para-asistir-al-i-encuentro-con-los-grupos-de-trabajo\\\/#breadcrumb\"},\"inLanguage\":\"en-US\",\"potentialAction\":[{\"@type\":\"ReadAction\",\"target\":[\"https:\\\/\\\/ciiam.org\\\/en\\\/ciam-amplia-el-plazo-para-asistir-al-i-encuentro-con-los-grupos-de-trabajo\\\/\"]}]},{\"@type\":\"ImageObject\",\"inLanguage\":\"en-US\",\"@id\":\"https:\\\/\\\/ciiam.org\\\/en\\\/ciam-amplia-el-plazo-para-asistir-al-i-encuentro-con-los-grupos-de-trabajo\\\/#primaryimage\",\"url\":\"https:\\\/\\\/ciiam.org\\\/wp-content\\\/uploads\\\/2023\\\/05\\\/CIAM-19.jpg\",\"contentUrl\":\"https:\\\/\\\/ciiam.org\\\/wp-content\\\/uploads\\\/2023\\\/05\\\/CIAM-19.jpg\",\"width\":800,\"height\":450,\"caption\":\"CIAM ampl\u00eda el plazo para asistir al I Encuentro con los Grupos de Trabajo\"},{\"@type\":\"BreadcrumbList\",\"@id\":\"https:\\\/\\\/ciiam.org\\\/en\\\/ciam-amplia-el-plazo-para-asistir-al-i-encuentro-con-los-grupos-de-trabajo\\\/#breadcrumb\",\"itemListElement\":[{\"@type\":\"ListItem\",\"position\":1,\"name\":\"CIAM\",\"item\":\"https:\\\/\\\/ciiam.org\\\/en\\\/\"},{\"@type\":\"ListItem\",\"position\":2,\"name\":\"CIAM ampl\u00eda el plazo para asistir al I Encuentro con los Grupos de Trabajo\"}]},{\"@type\":\"WebSite\",\"@id\":\"https:\\\/\\\/ciiam.org\\\/en\\\/#website\",\"url\":\"https:\\\/\\\/ciiam.org\\\/en\\\/\",\"name\":\"CIIAM\",\"description\":\"Centro Internacional e Iberoamericano de Arbitraje de Madrid\",\"publisher\":{\"@id\":\"https:\\\/\\\/ciiam.org\\\/en\\\/#organization\"},\"potentialAction\":[{\"@type\":\"SearchAction\",\"target\":{\"@type\":\"EntryPoint\",\"urlTemplate\":\"https:\\\/\\\/ciiam.org\\\/en\\\/?s={search_term_string}\"},\"query-input\":{\"@type\":\"PropertyValueSpecification\",\"valueRequired\":true,\"valueName\":\"search_term_string\"}}],\"inLanguage\":\"en-US\"},{\"@type\":\"Organization\",\"@id\":\"https:\\\/\\\/ciiam.org\\\/en\\\/#organization\",\"name\":\"Centro Internacional e Iberoamericano de Arbitraje de Madrid\",\"alternateName\":\"CIIAM\",\"url\":\"https:\\\/\\\/ciiam.org\\\/en\\\/\",\"logo\":{\"@type\":\"ImageObject\",\"inLanguage\":\"en-US\",\"@id\":\"https:\\\/\\\/ciiam.org\\\/en\\\/#\\\/schema\\\/logo\\\/image\\\/\",\"url\":\"https:\\\/\\\/ciiam.org\\\/wp-content\\\/uploads\\\/2026\\\/01\\\/favicon.png\",\"contentUrl\":\"https:\\\/\\\/ciiam.org\\\/wp-content\\\/uploads\\\/2026\\\/01\\\/favicon.png\",\"width\":500,\"height\":500,\"caption\":\"Centro Internacional e Iberoamericano de Arbitraje de Madrid\"},\"image\":{\"@id\":\"https:\\\/\\\/ciiam.org\\\/en\\\/#\\\/schema\\\/logo\\\/image\\\/\"},\"sameAs\":[\"https:\\\/\\\/www.linkedin.com\\\/company\\\/ciam-centro-internacional-arbitraje-madrid?trk=d_public_post_image\",\"https:\\\/\\\/www.youtube.com\\\/channel\\\/UCU2OI7SAQFv5uXAZ4qO4ALg\"]},{\"@type\":\"Person\",\"@id\":\"https:\\\/\\\/ciiam.org\\\/en\\\/#\\\/schema\\\/person\\\/b60e7c631c415dc1a3eeb7e98ac371e8\",\"name\":\"Ivan\",\"image\":{\"@type\":\"ImageObject\",\"inLanguage\":\"en-US\",\"@id\":\"https:\\\/\\\/secure.gravatar.com\\\/avatar\\\/c9c8079d113e4e742a50aee3024dc2534dd8ec4645734068d4a61ef031c587b5?s=96&d=mm&r=g\",\"url\":\"https:\\\/\\\/secure.gravatar.com\\\/avatar\\\/c9c8079d113e4e742a50aee3024dc2534dd8ec4645734068d4a61ef031c587b5?s=96&d=mm&r=g\",\"contentUrl\":\"https:\\\/\\\/secure.gravatar.com\\\/avatar\\\/c9c8079d113e4e742a50aee3024dc2534dd8ec4645734068d4a61ef031c587b5?s=96&d=mm&r=g\",\"caption\":\"Ivan\"},\"url\":\"https:\\\/\\\/ciiam.org\\\/en\\\/author\\\/17ivrom-cmma\\\/\"}]}<\/script>\n<!-- \/ Yoast SEO plugin. -->","yoast_head_json":{"title":"CIAM ampl\u00eda plazo para asistir al Encuentro con los Grupos de Trabajo","description":"El Centro Internacional de Arbitraje de Madrid ampl\u00eda el plazo de inscripci\u00f3n para asistir al I Encuentro con los Grupos de Trabajo del CIAM.","robots":{"index":"index","follow":"follow","max-snippet":"max-snippet:-1","max-image-preview":"max-image-preview:large","max-video-preview":"max-video-preview:-1"},"canonical":"https:\/\/ciiam.org\/en\/ciam-amplia-el-plazo-para-asistir-al-i-encuentro-con-los-grupos-de-trabajo\/","og_locale":"en_US","og_type":"article","og_title":"CIAM ampl\u00eda plazo para asistir al Encuentro con los Grupos de Trabajo","og_description":"El Centro Internacional de Arbitraje de Madrid ampl\u00eda el plazo de inscripci\u00f3n para asistir al I Encuentro con los Grupos de Trabajo del CIAM.","og_url":"https:\/\/ciiam.org\/en\/ciam-amplia-el-plazo-para-asistir-al-i-encuentro-con-los-grupos-de-trabajo\/","og_site_name":"CIIAM","article_published_time":"2023-05-19T15:08:38+00:00","article_modified_time":"2023-05-29T15:10:54+00:00","og_image":[{"width":800,"height":450,"url":"https:\/\/ciiam.org\/wp-content\/uploads\/2023\/05\/CIAM-19.jpg","type":"image\/jpeg"}],"author":"Ivan","twitter_card":"summary_large_image","twitter_misc":{"Written by":"Ivan","Est. reading time":"1 minute"},"schema":{"@context":"https:\/\/schema.org","@graph":[{"@type":"Article","@id":"https:\/\/ciiam.org\/en\/ciam-amplia-el-plazo-para-asistir-al-i-encuentro-con-los-grupos-de-trabajo\/#article","isPartOf":{"@id":"https:\/\/ciiam.org\/en\/ciam-amplia-el-plazo-para-asistir-al-i-encuentro-con-los-grupos-de-trabajo\/"},"author":{"name":"Ivan","@id":"https:\/\/ciiam.org\/en\/#\/schema\/person\/b60e7c631c415dc1a3eeb7e98ac371e8"},"headline":"CIAM ampl\u00eda el plazo para asistir al I Encuentro con los Grupos de Trabajo","datePublished":"2023-05-19T15:08:38+00:00","dateModified":"2023-05-29T15:10:54+00:00","mainEntityOfPage":{"@id":"https:\/\/ciiam.org\/en\/ciam-amplia-el-plazo-para-asistir-al-i-encuentro-con-los-grupos-de-trabajo\/"},"wordCount":126,"publisher":{"@id":"https:\/\/ciiam.org\/en\/#organization"},"image":{"@id":"https:\/\/ciiam.org\/en\/ciam-amplia-el-plazo-para-asistir-al-i-encuentro-con-los-grupos-de-trabajo\/#primaryimage"},"thumbnailUrl":"https:\/\/ciiam.org\/wp-content\/uploads\/2023\/05\/CIAM-19.jpg","articleSection":["Actualidad"],"inLanguage":"en-US"},{"@type":"WebPage","@id":"https:\/\/ciiam.org\/en\/ciam-amplia-el-plazo-para-asistir-al-i-encuentro-con-los-grupos-de-trabajo\/","url":"https:\/\/ciiam.org\/en\/ciam-amplia-el-plazo-para-asistir-al-i-encuentro-con-los-grupos-de-trabajo\/","name":"CIAM ampl\u00eda plazo para asistir al Encuentro con los Grupos de Trabajo","isPartOf":{"@id":"https:\/\/ciiam.org\/en\/#website"},"primaryImageOfPage":{"@id":"https:\/\/ciiam.org\/en\/ciam-amplia-el-plazo-para-asistir-al-i-encuentro-con-los-grupos-de-trabajo\/#primaryimage"},"image":{"@id":"https:\/\/ciiam.org\/en\/ciam-amplia-el-plazo-para-asistir-al-i-encuentro-con-los-grupos-de-trabajo\/#primaryimage"},"thumbnailUrl":"https:\/\/ciiam.org\/wp-content\/uploads\/2023\/05\/CIAM-19.jpg","datePublished":"2023-05-19T15:08:38+00:00","dateModified":"2023-05-29T15:10:54+00:00","description":"El Centro Internacional de Arbitraje de Madrid ampl\u00eda el plazo de inscripci\u00f3n para asistir al I Encuentro con los Grupos de Trabajo del CIAM.","breadcrumb":{"@id":"https:\/\/ciiam.org\/en\/ciam-amplia-el-plazo-para-asistir-al-i-encuentro-con-los-grupos-de-trabajo\/#breadcrumb"},"inLanguage":"en-US","potentialAction":[{"@type":"ReadAction","target":["https:\/\/ciiam.org\/en\/ciam-amplia-el-plazo-para-asistir-al-i-encuentro-con-los-grupos-de-trabajo\/"]}]},{"@type":"ImageObject","inLanguage":"en-US","@id":"https:\/\/ciiam.org\/en\/ciam-amplia-el-plazo-para-asistir-al-i-encuentro-con-los-grupos-de-trabajo\/#primaryimage","url":"https:\/\/ciiam.org\/wp-content\/uploads\/2023\/05\/CIAM-19.jpg","contentUrl":"https:\/\/ciiam.org\/wp-content\/uploads\/2023\/05\/CIAM-19.jpg","width":800,"height":450,"caption":"CIAM ampl\u00eda el plazo para asistir al I Encuentro con los Grupos de Trabajo"},{"@type":"BreadcrumbList","@id":"https:\/\/ciiam.org\/en\/ciam-amplia-el-plazo-para-asistir-al-i-encuentro-con-los-grupos-de-trabajo\/#breadcrumb","itemListElement":[{"@type":"ListItem","position":1,"name":"CIAM","item":"https:\/\/ciiam.org\/en\/"},{"@type":"ListItem","position":2,"name":"CIAM ampl\u00eda el plazo para asistir al I Encuentro con los Grupos de Trabajo"}]},{"@type":"WebSite","@id":"https:\/\/ciiam.org\/en\/#website","url":"https:\/\/ciiam.org\/en\/","name":"CIIAM","description":"Centro Internacional e Iberoamericano de Arbitraje de Madrid","publisher":{"@id":"https:\/\/ciiam.org\/en\/#organization"},"potentialAction":[{"@type":"SearchAction","target":{"@type":"EntryPoint","urlTemplate":"https:\/\/ciiam.org\/en\/?s={search_term_string}"},"query-input":{"@type":"PropertyValueSpecification","valueRequired":true,"valueName":"search_term_string"}}],"inLanguage":"en-US"},{"@type":"Organization","@id":"https:\/\/ciiam.org\/en\/#organization","name":"Centro Internacional e Iberoamericano de Arbitraje de Madrid","alternateName":"CIIAM","url":"https:\/\/ciiam.org\/en\/","logo":{"@type":"ImageObject","inLanguage":"en-US","@id":"https:\/\/ciiam.org\/en\/#\/schema\/logo\/image\/","url":"https:\/\/ciiam.org\/wp-content\/uploads\/2026\/01\/favicon.png","contentUrl":"https:\/\/ciiam.org\/wp-content\/uploads\/2026\/01\/favicon.png","width":500,"height":500,"caption":"Centro Internacional e Iberoamericano de Arbitraje de Madrid"},"image":{"@id":"https:\/\/ciiam.org\/en\/#\/schema\/logo\/image\/"},"sameAs":["https:\/\/www.linkedin.com\/company\/ciam-centro-internacional-arbitraje-madrid?trk=d_public_post_image","https:\/\/www.youtube.com\/channel\/UCU2OI7SAQFv5uXAZ4qO4ALg"]},{"@type":"Person","@id":"https:\/\/ciiam.org\/en\/#\/schema\/person\/b60e7c631c415dc1a3eeb7e98ac371e8","name":"Ivan","image":{"@type":"ImageObject","inLanguage":"en-US","@id":"https:\/\/secure.gravatar.com\/avatar\/c9c8079d113e4e742a50aee3024dc2534dd8ec4645734068d4a61ef031c587b5?s=96&d=mm&r=g","url":"https:\/\/secure.gravatar.com\/avatar\/c9c8079d113e4e742a50aee3024dc2534dd8ec4645734068d4a61ef031c587b5?s=96&d=mm&r=g","contentUrl":"https:\/\/secure.gravatar.com\/avatar\/c9c8079d113e4e742a50aee3024dc2534dd8ec4645734068d4a61ef031c587b5?s=96&d=mm&r=g","caption":"Ivan"},"url":"https:\/\/ciiam.org\/en\/author\/17ivrom-cmma\/"}]}},"_links":{"self":[{"href":"https:\/\/ciiam.org\/en\/wp-json\/wp\/v2\/posts\/18061","targetHints":{"allow":["GET"]}}],"collection":[{"href":"https:\/\/ciiam.org\/en\/wp-json\/wp\/v2\/posts"}],"about":[{"href":"https:\/\/ciiam.org\/en\/wp-json\/wp\/v2\/types\/post"}],"author":[{"embeddable":true,"href":"https:\/\/ciiam.org\/en\/wp-json\/wp\/v2\/users\/14"}],"replies":[{"embeddable":true,"href":"https:\/\/ciiam.org\/en\/wp-json\/wp\/v2\/comments?post=18061"}],"version-history":[{"count":1,"href":"https:\/\/ciiam.org\/en\/wp-json\/wp\/v2\/posts\/18061\/revisions"}],"predecessor-version":[{"id":18066,"href":"https:\/\/ciiam.org\/en\/wp-json\/wp\/v2\/posts\/18061\/revisions\/18066"}],"wp:featuredmedia":[{"embeddable":true,"href":"https:\/\/ciiam.org\/en\/wp-json\/wp\/v2\/media\/18062"}],"wp:attachment":[{"href":"https:\/\/ciiam.org\/en\/wp-json\/wp\/v2\/media?parent=18061"}],"wp:term":[{"taxonomy":"category","embeddable":true,"href":"https:\/\/ciiam.org\/en\/wp-json\/wp\/v2\/categories?post=18061"},{"taxonomy":"post_tag","embeddable":true,"href":"https:\/\/ciiam.org\/en\/wp-json\/wp\/v2\/tags?post=18061"}],"curies":[{"name":"wp","href":"https:\/\/api.w.org\/{rel}","templated":true}]}}