{"id":18096,"date":"2023-06-01T15:45:43","date_gmt":"2023-06-01T15:45:43","guid":{"rendered":"https:\/\/ciiam.org\/?p=18096"},"modified":"2023-06-02T07:06:04","modified_gmt":"2023-06-02T07:06:04","slug":"marta-lalaguna-secretaria-general-del-ciam-interviene-en-la-lvi-asamblea-de-ciac","status":"publish","type":"post","link":"https:\/\/ciiam.org\/en\/marta-lalaguna-secretaria-general-del-ciam-interviene-en-la-lvi-asamblea-de-ciac\/","title":{"rendered":"Marta Lalaguna, secretaria general del CIAM, interviene en la LVI Asamblea de CIAC"},"content":{"rendered":"<p>La secretaria general del CIAM, Marta Lalaguna Holzwarth, ha sido una de las panelistas destacadas de la LVI Asamblea de la Comisi\u00f3n Interamericana de Arbitraje Comercial &#8211; CIAC, celebrada en Cascais (Portugal). All\u00ed, ha podido compartir &#8220;experiencias para un manejo eficaz del arbitraje&#8221; y debatir sobre los \u201cparadigmas y desaf\u00edos\u201d de este mecanismo a nivel internacional.<\/p>\n<p>Tambi\u00e9n participaron Elena Guti\u00e9rrez Garc\u00eda de Cort\u00e1zar, miembro de la Comisi\u00f3n de Designaci\u00f3n de \u00c1rbitros de CIAM, y Filipa Cansado Carvalho, miembro de la Comisi\u00f3n de Buenas Pr\u00e1cticas. Ambas formaron parte de una interesante mesa sobre arbitraje y medidas cautelares.<\/p>\n<p>El evento no habr\u00eda sido posible sin el trabajo de Macarena Letelier, directora ejecutiva del CIAC ni el de todos los miembros de la Comisi\u00f3n por la magn\u00edfica organizaci\u00f3n del la Asamblea.<\/p>\n","protected":false},"excerpt":{"rendered":"<p>La secretaria general del CIAM, Marta Lalaguna Holzwarth, ha sido una de las panelistas destacadas de la LVI Asamblea de la Comisi\u00f3n Interamericana de Arbitraje Comercial &#8211; CIAC, celebrada en Cascais (Portugal). All\u00ed, ha podido compartir &#8220;experiencias para un manejo eficaz del arbitraje&#8221; y debatir sobre los \u201cparadigmas y desaf\u00edos\u201d de este mecanismo a nivel [&hellip;]<\/p>\n","protected":false},"author":14,"featured_media":18097,"comment_status":"closed","ping_status":"open","sticky":false,"template":"","format":"standard","meta":{"footnotes":""},"categories":[17],"tags":[],"class_list":["post-18096","post","type-post","status-publish","format-standard","has-post-thumbnail","hentry","category-actualidad"],"yoast_head":"<!-- This site is optimized with the Yoast SEO plugin v27.3 - https:\/\/yoast.com\/product\/yoast-seo-wordpress\/ -->\n<title>Marta Lalaguna interviene en la LVI Asamblea de CIAC<\/title>\n<meta name=\"description\" content=\"La secretaria general del CIAM, Marta Lalaguna Holzwarth, ha sido una de las panelistas destacadas de la LVI Asamblea de la CIAC\" \/>\n<meta name=\"robots\" content=\"index, follow, max-snippet:-1, max-image-preview:large, max-video-preview:-1\" \/>\n<link rel=\"canonical\" href=\"https:\/\/ciiam.org\/en\/marta-lalaguna-secretaria-general-del-ciam-interviene-en-la-lvi-asamblea-de-ciac\/\" \/>\n<meta property=\"og:locale\" content=\"en_US\" \/>\n<meta property=\"og:type\" content=\"article\" \/>\n<meta property=\"og:title\" content=\"Marta Lalaguna interviene en la LVI Asamblea de CIAC\" \/>\n<meta property=\"og:description\" content=\"La secretaria general del CIAM, Marta Lalaguna Holzwarth, ha sido una de las panelistas destacadas de la LVI Asamblea de la CIAC\" \/>\n<meta property=\"og:url\" content=\"https:\/\/ciiam.org\/en\/marta-lalaguna-secretaria-general-del-ciam-interviene-en-la-lvi-asamblea-de-ciac\/\" \/>\n<meta property=\"og:site_name\" content=\"CIIAM\" \/>\n<meta property=\"article:published_time\" content=\"2023-06-01T15:45:43+00:00\" \/>\n<meta property=\"article:modified_time\" content=\"2023-06-02T07:06:04+00:00\" \/>\n<meta property=\"og:image\" content=\"https:\/\/ciiam.org\/wp-content\/uploads\/2023\/06\/CIAM-30.jpg\" \/>\n\t<meta property=\"og:image:width\" content=\"856\" \/>\n\t<meta property=\"og:image:height\" content=\"702\" \/>\n\t<meta property=\"og:image:type\" content=\"image\/jpeg\" \/>\n<meta name=\"author\" content=\"Ivan\" \/>\n<meta name=\"twitter:card\" content=\"summary_large_image\" \/>\n<meta name=\"twitter:label1\" content=\"Written by\" \/>\n\t<meta name=\"twitter:data1\" content=\"Ivan\" \/>\n\t<meta name=\"twitter:label2\" content=\"Est. reading time\" \/>\n\t<meta name=\"twitter:data2\" content=\"1 minute\" \/>\n<script type=\"application\/ld+json\" class=\"yoast-schema-graph\">{\"@context\":\"https:\\\/\\\/schema.org\",\"@graph\":[{\"@type\":\"Article\",\"@id\":\"https:\\\/\\\/ciiam.org\\\/en\\\/marta-lalaguna-secretaria-general-del-ciam-interviene-en-la-lvi-asamblea-de-ciac\\\/#article\",\"isPartOf\":{\"@id\":\"https:\\\/\\\/ciiam.org\\\/en\\\/marta-lalaguna-secretaria-general-del-ciam-interviene-en-la-lvi-asamblea-de-ciac\\\/\"},\"author\":{\"name\":\"Ivan\",\"@id\":\"https:\\\/\\\/ciiam.org\\\/en\\\/#\\\/schema\\\/person\\\/b60e7c631c415dc1a3eeb7e98ac371e8\"},\"headline\":\"Marta Lalaguna, secretaria general del CIAM, interviene en la LVI Asamblea de CIAC\",\"datePublished\":\"2023-06-01T15:45:43+00:00\",\"dateModified\":\"2023-06-02T07:06:04+00:00\",\"mainEntityOfPage\":{\"@id\":\"https:\\\/\\\/ciiam.org\\\/en\\\/marta-lalaguna-secretaria-general-del-ciam-interviene-en-la-lvi-asamblea-de-ciac\\\/\"},\"wordCount\":155,\"publisher\":{\"@id\":\"https:\\\/\\\/ciiam.org\\\/en\\\/#organization\"},\"image\":{\"@id\":\"https:\\\/\\\/ciiam.org\\\/en\\\/marta-lalaguna-secretaria-general-del-ciam-interviene-en-la-lvi-asamblea-de-ciac\\\/#primaryimage\"},\"thumbnailUrl\":\"https:\\\/\\\/ciiam.org\\\/wp-content\\\/uploads\\\/2023\\\/06\\\/CIAM-30.jpg\",\"articleSection\":[\"Actualidad\"],\"inLanguage\":\"en-US\"},{\"@type\":\"WebPage\",\"@id\":\"https:\\\/\\\/ciiam.org\\\/en\\\/marta-lalaguna-secretaria-general-del-ciam-interviene-en-la-lvi-asamblea-de-ciac\\\/\",\"url\":\"https:\\\/\\\/ciiam.org\\\/en\\\/marta-lalaguna-secretaria-general-del-ciam-interviene-en-la-lvi-asamblea-de-ciac\\\/\",\"name\":\"Marta Lalaguna interviene en la LVI Asamblea de CIAC\",\"isPartOf\":{\"@id\":\"https:\\\/\\\/ciiam.org\\\/en\\\/#website\"},\"primaryImageOfPage\":{\"@id\":\"https:\\\/\\\/ciiam.org\\\/en\\\/marta-lalaguna-secretaria-general-del-ciam-interviene-en-la-lvi-asamblea-de-ciac\\\/#primaryimage\"},\"image\":{\"@id\":\"https:\\\/\\\/ciiam.org\\\/en\\\/marta-lalaguna-secretaria-general-del-ciam-interviene-en-la-lvi-asamblea-de-ciac\\\/#primaryimage\"},\"thumbnailUrl\":\"https:\\\/\\\/ciiam.org\\\/wp-content\\\/uploads\\\/2023\\\/06\\\/CIAM-30.jpg\",\"datePublished\":\"2023-06-01T15:45:43+00:00\",\"dateModified\":\"2023-06-02T07:06:04+00:00\",\"description\":\"La secretaria general del CIAM, Marta Lalaguna Holzwarth, ha sido una de las panelistas destacadas de la LVI Asamblea de la CIAC\",\"breadcrumb\":{\"@id\":\"https:\\\/\\\/ciiam.org\\\/en\\\/marta-lalaguna-secretaria-general-del-ciam-interviene-en-la-lvi-asamblea-de-ciac\\\/#breadcrumb\"},\"inLanguage\":\"en-US\",\"potentialAction\":[{\"@type\":\"ReadAction\",\"target\":[\"https:\\\/\\\/ciiam.org\\\/en\\\/marta-lalaguna-secretaria-general-del-ciam-interviene-en-la-lvi-asamblea-de-ciac\\\/\"]}]},{\"@type\":\"ImageObject\",\"inLanguage\":\"en-US\",\"@id\":\"https:\\\/\\\/ciiam.org\\\/en\\\/marta-lalaguna-secretaria-general-del-ciam-interviene-en-la-lvi-asamblea-de-ciac\\\/#primaryimage\",\"url\":\"https:\\\/\\\/ciiam.org\\\/wp-content\\\/uploads\\\/2023\\\/06\\\/CIAM-30.jpg\",\"contentUrl\":\"https:\\\/\\\/ciiam.org\\\/wp-content\\\/uploads\\\/2023\\\/06\\\/CIAM-30.jpg\",\"width\":856,\"height\":702,\"caption\":\"Marta Lalaguna, secretaria general del CIAM, interviene en la LVI Asamblea de CIAC\"},{\"@type\":\"BreadcrumbList\",\"@id\":\"https:\\\/\\\/ciiam.org\\\/en\\\/marta-lalaguna-secretaria-general-del-ciam-interviene-en-la-lvi-asamblea-de-ciac\\\/#breadcrumb\",\"itemListElement\":[{\"@type\":\"ListItem\",\"position\":1,\"name\":\"CIAM\",\"item\":\"https:\\\/\\\/ciiam.org\\\/en\\\/\"},{\"@type\":\"ListItem\",\"position\":2,\"name\":\"Marta Lalaguna, secretaria general del CIAM, interviene en la LVI Asamblea de CIAC\"}]},{\"@type\":\"WebSite\",\"@id\":\"https:\\\/\\\/ciiam.org\\\/en\\\/#website\",\"url\":\"https:\\\/\\\/ciiam.org\\\/en\\\/\",\"name\":\"CIIAM\",\"description\":\"Centro Internacional e Iberoamericano de Arbitraje de Madrid\",\"publisher\":{\"@id\":\"https:\\\/\\\/ciiam.org\\\/en\\\/#organization\"},\"potentialAction\":[{\"@type\":\"SearchAction\",\"target\":{\"@type\":\"EntryPoint\",\"urlTemplate\":\"https:\\\/\\\/ciiam.org\\\/en\\\/?s={search_term_string}\"},\"query-input\":{\"@type\":\"PropertyValueSpecification\",\"valueRequired\":true,\"valueName\":\"search_term_string\"}}],\"inLanguage\":\"en-US\"},{\"@type\":\"Organization\",\"@id\":\"https:\\\/\\\/ciiam.org\\\/en\\\/#organization\",\"name\":\"Centro Internacional e Iberoamericano de Arbitraje de Madrid\",\"alternateName\":\"CIIAM\",\"url\":\"https:\\\/\\\/ciiam.org\\\/en\\\/\",\"logo\":{\"@type\":\"ImageObject\",\"inLanguage\":\"en-US\",\"@id\":\"https:\\\/\\\/ciiam.org\\\/en\\\/#\\\/schema\\\/logo\\\/image\\\/\",\"url\":\"https:\\\/\\\/ciiam.org\\\/wp-content\\\/uploads\\\/2026\\\/01\\\/favicon.png\",\"contentUrl\":\"https:\\\/\\\/ciiam.org\\\/wp-content\\\/uploads\\\/2026\\\/01\\\/favicon.png\",\"width\":500,\"height\":500,\"caption\":\"Centro Internacional e Iberoamericano de Arbitraje de Madrid\"},\"image\":{\"@id\":\"https:\\\/\\\/ciiam.org\\\/en\\\/#\\\/schema\\\/logo\\\/image\\\/\"},\"sameAs\":[\"https:\\\/\\\/www.linkedin.com\\\/company\\\/ciam-centro-internacional-arbitraje-madrid?trk=d_public_post_image\",\"https:\\\/\\\/www.youtube.com\\\/channel\\\/UCU2OI7SAQFv5uXAZ4qO4ALg\"]},{\"@type\":\"Person\",\"@id\":\"https:\\\/\\\/ciiam.org\\\/en\\\/#\\\/schema\\\/person\\\/b60e7c631c415dc1a3eeb7e98ac371e8\",\"name\":\"Ivan\",\"image\":{\"@type\":\"ImageObject\",\"inLanguage\":\"en-US\",\"@id\":\"https:\\\/\\\/secure.gravatar.com\\\/avatar\\\/c9c8079d113e4e742a50aee3024dc2534dd8ec4645734068d4a61ef031c587b5?s=96&d=mm&r=g\",\"url\":\"https:\\\/\\\/secure.gravatar.com\\\/avatar\\\/c9c8079d113e4e742a50aee3024dc2534dd8ec4645734068d4a61ef031c587b5?s=96&d=mm&r=g\",\"contentUrl\":\"https:\\\/\\\/secure.gravatar.com\\\/avatar\\\/c9c8079d113e4e742a50aee3024dc2534dd8ec4645734068d4a61ef031c587b5?s=96&d=mm&r=g\",\"caption\":\"Ivan\"},\"url\":\"https:\\\/\\\/ciiam.org\\\/en\\\/author\\\/17ivrom-cmma\\\/\"}]}<\/script>\n<!-- \/ Yoast SEO plugin. -->","yoast_head_json":{"title":"Marta Lalaguna interviene en la LVI Asamblea de CIAC","description":"La secretaria general del CIAM, Marta Lalaguna Holzwarth, ha sido una de las panelistas destacadas de la LVI Asamblea de la CIAC","robots":{"index":"index","follow":"follow","max-snippet":"max-snippet:-1","max-image-preview":"max-image-preview:large","max-video-preview":"max-video-preview:-1"},"canonical":"https:\/\/ciiam.org\/en\/marta-lalaguna-secretaria-general-del-ciam-interviene-en-la-lvi-asamblea-de-ciac\/","og_locale":"en_US","og_type":"article","og_title":"Marta Lalaguna interviene en la LVI Asamblea de CIAC","og_description":"La secretaria general del CIAM, Marta Lalaguna Holzwarth, ha sido una de las panelistas destacadas de la LVI Asamblea de la CIAC","og_url":"https:\/\/ciiam.org\/en\/marta-lalaguna-secretaria-general-del-ciam-interviene-en-la-lvi-asamblea-de-ciac\/","og_site_name":"CIIAM","article_published_time":"2023-06-01T15:45:43+00:00","article_modified_time":"2023-06-02T07:06:04+00:00","og_image":[{"width":856,"height":702,"url":"https:\/\/ciiam.org\/wp-content\/uploads\/2023\/06\/CIAM-30.jpg","type":"image\/jpeg"}],"author":"Ivan","twitter_card":"summary_large_image","twitter_misc":{"Written by":"Ivan","Est. reading time":"1 minute"},"schema":{"@context":"https:\/\/schema.org","@graph":[{"@type":"Article","@id":"https:\/\/ciiam.org\/en\/marta-lalaguna-secretaria-general-del-ciam-interviene-en-la-lvi-asamblea-de-ciac\/#article","isPartOf":{"@id":"https:\/\/ciiam.org\/en\/marta-lalaguna-secretaria-general-del-ciam-interviene-en-la-lvi-asamblea-de-ciac\/"},"author":{"name":"Ivan","@id":"https:\/\/ciiam.org\/en\/#\/schema\/person\/b60e7c631c415dc1a3eeb7e98ac371e8"},"headline":"Marta Lalaguna, secretaria general del CIAM, interviene en la LVI Asamblea de CIAC","datePublished":"2023-06-01T15:45:43+00:00","dateModified":"2023-06-02T07:06:04+00:00","mainEntityOfPage":{"@id":"https:\/\/ciiam.org\/en\/marta-lalaguna-secretaria-general-del-ciam-interviene-en-la-lvi-asamblea-de-ciac\/"},"wordCount":155,"publisher":{"@id":"https:\/\/ciiam.org\/en\/#organization"},"image":{"@id":"https:\/\/ciiam.org\/en\/marta-lalaguna-secretaria-general-del-ciam-interviene-en-la-lvi-asamblea-de-ciac\/#primaryimage"},"thumbnailUrl":"https:\/\/ciiam.org\/wp-content\/uploads\/2023\/06\/CIAM-30.jpg","articleSection":["Actualidad"],"inLanguage":"en-US"},{"@type":"WebPage","@id":"https:\/\/ciiam.org\/en\/marta-lalaguna-secretaria-general-del-ciam-interviene-en-la-lvi-asamblea-de-ciac\/","url":"https:\/\/ciiam.org\/en\/marta-lalaguna-secretaria-general-del-ciam-interviene-en-la-lvi-asamblea-de-ciac\/","name":"Marta Lalaguna interviene en la LVI Asamblea de CIAC","isPartOf":{"@id":"https:\/\/ciiam.org\/en\/#website"},"primaryImageOfPage":{"@id":"https:\/\/ciiam.org\/en\/marta-lalaguna-secretaria-general-del-ciam-interviene-en-la-lvi-asamblea-de-ciac\/#primaryimage"},"image":{"@id":"https:\/\/ciiam.org\/en\/marta-lalaguna-secretaria-general-del-ciam-interviene-en-la-lvi-asamblea-de-ciac\/#primaryimage"},"thumbnailUrl":"https:\/\/ciiam.org\/wp-content\/uploads\/2023\/06\/CIAM-30.jpg","datePublished":"2023-06-01T15:45:43+00:00","dateModified":"2023-06-02T07:06:04+00:00","description":"La secretaria general del CIAM, Marta Lalaguna Holzwarth, ha sido una de las panelistas destacadas de la LVI Asamblea de la CIAC","breadcrumb":{"@id":"https:\/\/ciiam.org\/en\/marta-lalaguna-secretaria-general-del-ciam-interviene-en-la-lvi-asamblea-de-ciac\/#breadcrumb"},"inLanguage":"en-US","potentialAction":[{"@type":"ReadAction","target":["https:\/\/ciiam.org\/en\/marta-lalaguna-secretaria-general-del-ciam-interviene-en-la-lvi-asamblea-de-ciac\/"]}]},{"@type":"ImageObject","inLanguage":"en-US","@id":"https:\/\/ciiam.org\/en\/marta-lalaguna-secretaria-general-del-ciam-interviene-en-la-lvi-asamblea-de-ciac\/#primaryimage","url":"https:\/\/ciiam.org\/wp-content\/uploads\/2023\/06\/CIAM-30.jpg","contentUrl":"https:\/\/ciiam.org\/wp-content\/uploads\/2023\/06\/CIAM-30.jpg","width":856,"height":702,"caption":"Marta Lalaguna, secretaria general del CIAM, interviene en la LVI Asamblea de CIAC"},{"@type":"BreadcrumbList","@id":"https:\/\/ciiam.org\/en\/marta-lalaguna-secretaria-general-del-ciam-interviene-en-la-lvi-asamblea-de-ciac\/#breadcrumb","itemListElement":[{"@type":"ListItem","position":1,"name":"CIAM","item":"https:\/\/ciiam.org\/en\/"},{"@type":"ListItem","position":2,"name":"Marta Lalaguna, secretaria general del CIAM, interviene en la LVI Asamblea de CIAC"}]},{"@type":"WebSite","@id":"https:\/\/ciiam.org\/en\/#website","url":"https:\/\/ciiam.org\/en\/","name":"CIIAM","description":"Centro Internacional e Iberoamericano de Arbitraje de Madrid","publisher":{"@id":"https:\/\/ciiam.org\/en\/#organization"},"potentialAction":[{"@type":"SearchAction","target":{"@type":"EntryPoint","urlTemplate":"https:\/\/ciiam.org\/en\/?s={search_term_string}"},"query-input":{"@type":"PropertyValueSpecification","valueRequired":true,"valueName":"search_term_string"}}],"inLanguage":"en-US"},{"@type":"Organization","@id":"https:\/\/ciiam.org\/en\/#organization","name":"Centro Internacional e Iberoamericano de Arbitraje de Madrid","alternateName":"CIIAM","url":"https:\/\/ciiam.org\/en\/","logo":{"@type":"ImageObject","inLanguage":"en-US","@id":"https:\/\/ciiam.org\/en\/#\/schema\/logo\/image\/","url":"https:\/\/ciiam.org\/wp-content\/uploads\/2026\/01\/favicon.png","contentUrl":"https:\/\/ciiam.org\/wp-content\/uploads\/2026\/01\/favicon.png","width":500,"height":500,"caption":"Centro Internacional e Iberoamericano de Arbitraje de Madrid"},"image":{"@id":"https:\/\/ciiam.org\/en\/#\/schema\/logo\/image\/"},"sameAs":["https:\/\/www.linkedin.com\/company\/ciam-centro-internacional-arbitraje-madrid?trk=d_public_post_image","https:\/\/www.youtube.com\/channel\/UCU2OI7SAQFv5uXAZ4qO4ALg"]},{"@type":"Person","@id":"https:\/\/ciiam.org\/en\/#\/schema\/person\/b60e7c631c415dc1a3eeb7e98ac371e8","name":"Ivan","image":{"@type":"ImageObject","inLanguage":"en-US","@id":"https:\/\/secure.gravatar.com\/avatar\/c9c8079d113e4e742a50aee3024dc2534dd8ec4645734068d4a61ef031c587b5?s=96&d=mm&r=g","url":"https:\/\/secure.gravatar.com\/avatar\/c9c8079d113e4e742a50aee3024dc2534dd8ec4645734068d4a61ef031c587b5?s=96&d=mm&r=g","contentUrl":"https:\/\/secure.gravatar.com\/avatar\/c9c8079d113e4e742a50aee3024dc2534dd8ec4645734068d4a61ef031c587b5?s=96&d=mm&r=g","caption":"Ivan"},"url":"https:\/\/ciiam.org\/en\/author\/17ivrom-cmma\/"}]}},"_links":{"self":[{"href":"https:\/\/ciiam.org\/en\/wp-json\/wp\/v2\/posts\/18096","targetHints":{"allow":["GET"]}}],"collection":[{"href":"https:\/\/ciiam.org\/en\/wp-json\/wp\/v2\/posts"}],"about":[{"href":"https:\/\/ciiam.org\/en\/wp-json\/wp\/v2\/types\/post"}],"author":[{"embeddable":true,"href":"https:\/\/ciiam.org\/en\/wp-json\/wp\/v2\/users\/14"}],"replies":[{"embeddable":true,"href":"https:\/\/ciiam.org\/en\/wp-json\/wp\/v2\/comments?post=18096"}],"version-history":[{"count":2,"href":"https:\/\/ciiam.org\/en\/wp-json\/wp\/v2\/posts\/18096\/revisions"}],"predecessor-version":[{"id":18102,"href":"https:\/\/ciiam.org\/en\/wp-json\/wp\/v2\/posts\/18096\/revisions\/18102"}],"wp:featuredmedia":[{"embeddable":true,"href":"https:\/\/ciiam.org\/en\/wp-json\/wp\/v2\/media\/18097"}],"wp:attachment":[{"href":"https:\/\/ciiam.org\/en\/wp-json\/wp\/v2\/media?parent=18096"}],"wp:term":[{"taxonomy":"category","embeddable":true,"href":"https:\/\/ciiam.org\/en\/wp-json\/wp\/v2\/categories?post=18096"},{"taxonomy":"post_tag","embeddable":true,"href":"https:\/\/ciiam.org\/en\/wp-json\/wp\/v2\/tags?post=18096"}],"curies":[{"name":"wp","href":"https:\/\/api.w.org\/{rel}","templated":true}]}}