{"id":18140,"date":"2023-06-02T14:37:45","date_gmt":"2023-06-02T14:37:45","guid":{"rendered":"https:\/\/ciiam.org\/?p=18140"},"modified":"2023-06-07T08:28:31","modified_gmt":"2023-06-07T08:28:31","slug":"ciam-aportacion-arbitraje-internacional","status":"publish","type":"post","link":"https:\/\/ciiam.org\/en\/ciam-aportacion-arbitraje-internacional\/","title":{"rendered":"El CIAM, aportaci\u00f3n espa\u00f1ola al Arbitraje Internacional"},"content":{"rendered":"<p>Entre el 25 y 27 de mayo se celebr\u00f3 en Bilbao la 6\u00aa edici\u00f3n del seminario \u201cArbitraje Internacional, Perspectivas Actuales\u201d. Un evento organizado por la <a href=\"https:\/\/www.linkedin.com\/in\/ACoAAAQhaZoBIUxRCY19dkedulKjUObOqIoaxm4\" data-attribute-index=\"0\" data-entity-type=\"MINI_PROFILE\">UIA Union Internationale des Avocats<\/a>\u00a0y liderado por su presidenta\u00a0<a href=\"https:\/\/www.linkedin.com\/in\/ACoAAAAnzNQBnEVOAb65_RNQ1trGt0GPdt2OeP0\" data-attribute-index=\"2\" data-entity-type=\"MINI_PROFILE\">Urquiola De Palacio<\/a>, que es adem\u00e1s vicepresidenta del\u00a0<a href=\"https:\/\/www.linkedin.com\/company\/ciam-centro-internacional-arbitraje-madrid\/\" data-attribute-index=\"4\" data-entity-type=\"MINI_COMPANY\">CIAM (Centro Internacional de Arbitraje de Madrid)<\/a>.<\/p>\n<p>Todo ello en colaboraci\u00f3n con el Ilustre Colegio de la Abogac\u00eda de Bizkaia y con el especial patrocinio de la <a href=\"https:\/\/www.linkedin.com\/company\/corte-civil-y-mercantil-de-arbitraje-cima\/\" data-attribute-index=\"6\" data-entity-type=\"MINI_COMPANY\">CORTE CIVIL Y MERCANTIL DE ARBITRAJE (CIMA)<\/a>. El acto congreg\u00f3 a m\u00e1s de 200 profesionales del arbitraje de 30 nacionalidades.<\/p>\n<p>La ponencia principal, titulada \u201cEl CIAM, aportaci\u00f3n espa\u00f1ola al Arbitraje Internacional\u201d, corri\u00f3 a cargo del presidente del CIAM, Jos\u00e9 Mar\u00eda Alonso, y cont\u00f3 tambi\u00e9n con la participaci\u00f3n del vicepresidente de la instituci\u00f3n,\u00a0 Juan Serrada, as\u00ed como la asistencia de la letrada <a href=\"https:\/\/www.linkedin.com\/in\/ACoAAByc-fEBWQkwlxhk8_ue4TDulWF9Yuvhtq8\" data-attribute-index=\"8\" data-entity-type=\"MINI_PROFILE\">Mar\u00eda Arias Navarro<\/a>. El evento reuni\u00f3 a m\u00e1s de 200 profesionales de 30 nacionalidades.<\/p>\n<p>En su intervenci\u00f3n, Jos\u00e9 Mar\u00eda Alonso, destac\u00f3 tres ideas fundamentales:<\/p>\n<ul>\n<li>\u201cHasta ahora, no exist\u00eda una Corte de Arbitraje Internacional que satisficiera las necesidades del sector en Iberoam\u00e9rica\u201d.<\/li>\n<li>\u201cMadrid se est\u00e1 situando como una de las grandes capitales del arbitraje a nivel europeo e internacional, ello lo demuestran los \u00faltimos movimientos de grandes despachos internacionales hacia la capital\u201d<\/li>\n<li>\u201cNuestro centro cuenta con un equipo s\u00f3lido y puede administrar procedimientos arbitrales con sede en cualquier parte del mundo\u201d.<\/li>\n<\/ul>\n","protected":false},"excerpt":{"rendered":"<p>Entre el 25 y 27 de mayo se celebr\u00f3 en Bilbao la 6\u00aa edici\u00f3n del seminario \u201cArbitraje Internacional, Perspectivas Actuales\u201d. Un evento organizado por la UIA Union Internationale des Avocats\u00a0y liderado por su presidenta\u00a0Urquiola De Palacio, que es adem\u00e1s vicepresidenta del\u00a0CIAM (Centro Internacional de Arbitraje de Madrid). Todo ello en colaboraci\u00f3n con el Ilustre Colegio [&hellip;]<\/p>\n","protected":false},"author":14,"featured_media":18141,"comment_status":"closed","ping_status":"open","sticky":false,"template":"","format":"standard","meta":{"footnotes":""},"categories":[17],"tags":[],"class_list":["post-18140","post","type-post","status-publish","format-standard","has-post-thumbnail","hentry","category-actualidad"],"yoast_head":"<!-- This site is optimized with the Yoast SEO plugin v27.3 - https:\/\/yoast.com\/product\/yoast-seo-wordpress\/ -->\n<title>El CIAM, aportaci\u00f3n espa\u00f1ola al Arbitraje Internacional<\/title>\n<meta name=\"description\" content=\"La 6\u00aa edici\u00f3n del seminario \u201cArbitraje Internacional, Perspectivas Actuales\u201d ha sido liderado por Urquiola De Palacio, vicepresidenta del\u00a0CIAM\" \/>\n<meta name=\"robots\" content=\"index, follow, max-snippet:-1, max-image-preview:large, max-video-preview:-1\" \/>\n<link rel=\"canonical\" href=\"https:\/\/ciiam.org\/en\/ciam-aportacion-arbitraje-internacional\/\" \/>\n<meta property=\"og:locale\" content=\"en_US\" \/>\n<meta property=\"og:type\" content=\"article\" \/>\n<meta property=\"og:title\" content=\"El CIAM, aportaci\u00f3n espa\u00f1ola al Arbitraje Internacional\" \/>\n<meta property=\"og:description\" content=\"La 6\u00aa edici\u00f3n del seminario \u201cArbitraje Internacional, Perspectivas Actuales\u201d ha sido liderado por Urquiola De Palacio, vicepresidenta del\u00a0CIAM\" \/>\n<meta property=\"og:url\" content=\"https:\/\/ciiam.org\/en\/ciam-aportacion-arbitraje-internacional\/\" \/>\n<meta property=\"og:site_name\" content=\"CIIAM\" \/>\n<meta property=\"article:published_time\" content=\"2023-06-02T14:37:45+00:00\" \/>\n<meta property=\"article:modified_time\" content=\"2023-06-07T08:28:31+00:00\" \/>\n<meta property=\"og:image\" content=\"https:\/\/ciiam.org\/wp-content\/uploads\/2023\/06\/CIAM-40.jpg\" \/>\n\t<meta property=\"og:image:width\" content=\"800\" \/>\n\t<meta property=\"og:image:height\" content=\"600\" \/>\n\t<meta property=\"og:image:type\" content=\"image\/jpeg\" \/>\n<meta name=\"author\" content=\"Ivan\" \/>\n<meta name=\"twitter:card\" content=\"summary_large_image\" \/>\n<meta name=\"twitter:label1\" content=\"Written by\" \/>\n\t<meta name=\"twitter:data1\" content=\"Ivan\" \/>\n\t<meta name=\"twitter:label2\" content=\"Est. reading time\" \/>\n\t<meta name=\"twitter:data2\" content=\"2 minutes\" \/>\n<script type=\"application\/ld+json\" class=\"yoast-schema-graph\">{\"@context\":\"https:\\\/\\\/schema.org\",\"@graph\":[{\"@type\":\"Article\",\"@id\":\"https:\\\/\\\/ciiam.org\\\/en\\\/ciam-aportacion-arbitraje-internacional\\\/#article\",\"isPartOf\":{\"@id\":\"https:\\\/\\\/ciiam.org\\\/en\\\/ciam-aportacion-arbitraje-internacional\\\/\"},\"author\":{\"name\":\"Ivan\",\"@id\":\"https:\\\/\\\/ciiam.org\\\/en\\\/#\\\/schema\\\/person\\\/b60e7c631c415dc1a3eeb7e98ac371e8\"},\"headline\":\"El CIAM, aportaci\u00f3n espa\u00f1ola al Arbitraje Internacional\",\"datePublished\":\"2023-06-02T14:37:45+00:00\",\"dateModified\":\"2023-06-07T08:28:31+00:00\",\"mainEntityOfPage\":{\"@id\":\"https:\\\/\\\/ciiam.org\\\/en\\\/ciam-aportacion-arbitraje-internacional\\\/\"},\"wordCount\":241,\"publisher\":{\"@id\":\"https:\\\/\\\/ciiam.org\\\/en\\\/#organization\"},\"image\":{\"@id\":\"https:\\\/\\\/ciiam.org\\\/en\\\/ciam-aportacion-arbitraje-internacional\\\/#primaryimage\"},\"thumbnailUrl\":\"https:\\\/\\\/ciiam.org\\\/wp-content\\\/uploads\\\/2023\\\/06\\\/CIAM-40.jpg\",\"articleSection\":[\"Actualidad\"],\"inLanguage\":\"en-US\"},{\"@type\":\"WebPage\",\"@id\":\"https:\\\/\\\/ciiam.org\\\/en\\\/ciam-aportacion-arbitraje-internacional\\\/\",\"url\":\"https:\\\/\\\/ciiam.org\\\/en\\\/ciam-aportacion-arbitraje-internacional\\\/\",\"name\":\"El CIAM, aportaci\u00f3n espa\u00f1ola al Arbitraje Internacional\",\"isPartOf\":{\"@id\":\"https:\\\/\\\/ciiam.org\\\/en\\\/#website\"},\"primaryImageOfPage\":{\"@id\":\"https:\\\/\\\/ciiam.org\\\/en\\\/ciam-aportacion-arbitraje-internacional\\\/#primaryimage\"},\"image\":{\"@id\":\"https:\\\/\\\/ciiam.org\\\/en\\\/ciam-aportacion-arbitraje-internacional\\\/#primaryimage\"},\"thumbnailUrl\":\"https:\\\/\\\/ciiam.org\\\/wp-content\\\/uploads\\\/2023\\\/06\\\/CIAM-40.jpg\",\"datePublished\":\"2023-06-02T14:37:45+00:00\",\"dateModified\":\"2023-06-07T08:28:31+00:00\",\"description\":\"La 6\u00aa edici\u00f3n del seminario \u201cArbitraje Internacional, Perspectivas Actuales\u201d ha sido liderado por Urquiola De Palacio, vicepresidenta del\u00a0CIAM\",\"breadcrumb\":{\"@id\":\"https:\\\/\\\/ciiam.org\\\/en\\\/ciam-aportacion-arbitraje-internacional\\\/#breadcrumb\"},\"inLanguage\":\"en-US\",\"potentialAction\":[{\"@type\":\"ReadAction\",\"target\":[\"https:\\\/\\\/ciiam.org\\\/en\\\/ciam-aportacion-arbitraje-internacional\\\/\"]}]},{\"@type\":\"ImageObject\",\"inLanguage\":\"en-US\",\"@id\":\"https:\\\/\\\/ciiam.org\\\/en\\\/ciam-aportacion-arbitraje-internacional\\\/#primaryimage\",\"url\":\"https:\\\/\\\/ciiam.org\\\/wp-content\\\/uploads\\\/2023\\\/06\\\/CIAM-40.jpg\",\"contentUrl\":\"https:\\\/\\\/ciiam.org\\\/wp-content\\\/uploads\\\/2023\\\/06\\\/CIAM-40.jpg\",\"width\":800,\"height\":600},{\"@type\":\"BreadcrumbList\",\"@id\":\"https:\\\/\\\/ciiam.org\\\/en\\\/ciam-aportacion-arbitraje-internacional\\\/#breadcrumb\",\"itemListElement\":[{\"@type\":\"ListItem\",\"position\":1,\"name\":\"CIAM\",\"item\":\"https:\\\/\\\/ciiam.org\\\/en\\\/\"},{\"@type\":\"ListItem\",\"position\":2,\"name\":\"El CIAM, aportaci\u00f3n espa\u00f1ola al Arbitraje Internacional\"}]},{\"@type\":\"WebSite\",\"@id\":\"https:\\\/\\\/ciiam.org\\\/en\\\/#website\",\"url\":\"https:\\\/\\\/ciiam.org\\\/en\\\/\",\"name\":\"CIIAM\",\"description\":\"Centro Internacional e Iberoamericano de Arbitraje de Madrid\",\"publisher\":{\"@id\":\"https:\\\/\\\/ciiam.org\\\/en\\\/#organization\"},\"potentialAction\":[{\"@type\":\"SearchAction\",\"target\":{\"@type\":\"EntryPoint\",\"urlTemplate\":\"https:\\\/\\\/ciiam.org\\\/en\\\/?s={search_term_string}\"},\"query-input\":{\"@type\":\"PropertyValueSpecification\",\"valueRequired\":true,\"valueName\":\"search_term_string\"}}],\"inLanguage\":\"en-US\"},{\"@type\":\"Organization\",\"@id\":\"https:\\\/\\\/ciiam.org\\\/en\\\/#organization\",\"name\":\"Centro Internacional e Iberoamericano de Arbitraje de Madrid\",\"alternateName\":\"CIIAM\",\"url\":\"https:\\\/\\\/ciiam.org\\\/en\\\/\",\"logo\":{\"@type\":\"ImageObject\",\"inLanguage\":\"en-US\",\"@id\":\"https:\\\/\\\/ciiam.org\\\/en\\\/#\\\/schema\\\/logo\\\/image\\\/\",\"url\":\"https:\\\/\\\/ciiam.org\\\/wp-content\\\/uploads\\\/2026\\\/01\\\/favicon.png\",\"contentUrl\":\"https:\\\/\\\/ciiam.org\\\/wp-content\\\/uploads\\\/2026\\\/01\\\/favicon.png\",\"width\":500,\"height\":500,\"caption\":\"Centro Internacional e Iberoamericano de Arbitraje de Madrid\"},\"image\":{\"@id\":\"https:\\\/\\\/ciiam.org\\\/en\\\/#\\\/schema\\\/logo\\\/image\\\/\"},\"sameAs\":[\"https:\\\/\\\/www.linkedin.com\\\/company\\\/ciam-centro-internacional-arbitraje-madrid?trk=d_public_post_image\",\"https:\\\/\\\/www.youtube.com\\\/channel\\\/UCU2OI7SAQFv5uXAZ4qO4ALg\"]},{\"@type\":\"Person\",\"@id\":\"https:\\\/\\\/ciiam.org\\\/en\\\/#\\\/schema\\\/person\\\/b60e7c631c415dc1a3eeb7e98ac371e8\",\"name\":\"Ivan\",\"image\":{\"@type\":\"ImageObject\",\"inLanguage\":\"en-US\",\"@id\":\"https:\\\/\\\/secure.gravatar.com\\\/avatar\\\/c9c8079d113e4e742a50aee3024dc2534dd8ec4645734068d4a61ef031c587b5?s=96&d=mm&r=g\",\"url\":\"https:\\\/\\\/secure.gravatar.com\\\/avatar\\\/c9c8079d113e4e742a50aee3024dc2534dd8ec4645734068d4a61ef031c587b5?s=96&d=mm&r=g\",\"contentUrl\":\"https:\\\/\\\/secure.gravatar.com\\\/avatar\\\/c9c8079d113e4e742a50aee3024dc2534dd8ec4645734068d4a61ef031c587b5?s=96&d=mm&r=g\",\"caption\":\"Ivan\"},\"url\":\"https:\\\/\\\/ciiam.org\\\/en\\\/author\\\/17ivrom-cmma\\\/\"}]}<\/script>\n<!-- \/ Yoast SEO plugin. -->","yoast_head_json":{"title":"El CIAM, aportaci\u00f3n espa\u00f1ola al Arbitraje Internacional","description":"La 6\u00aa edici\u00f3n del seminario \u201cArbitraje Internacional, Perspectivas Actuales\u201d ha sido liderado por Urquiola De Palacio, vicepresidenta del\u00a0CIAM","robots":{"index":"index","follow":"follow","max-snippet":"max-snippet:-1","max-image-preview":"max-image-preview:large","max-video-preview":"max-video-preview:-1"},"canonical":"https:\/\/ciiam.org\/en\/ciam-aportacion-arbitraje-internacional\/","og_locale":"en_US","og_type":"article","og_title":"El CIAM, aportaci\u00f3n espa\u00f1ola al Arbitraje Internacional","og_description":"La 6\u00aa edici\u00f3n del seminario \u201cArbitraje Internacional, Perspectivas Actuales\u201d ha sido liderado por Urquiola De Palacio, vicepresidenta del\u00a0CIAM","og_url":"https:\/\/ciiam.org\/en\/ciam-aportacion-arbitraje-internacional\/","og_site_name":"CIIAM","article_published_time":"2023-06-02T14:37:45+00:00","article_modified_time":"2023-06-07T08:28:31+00:00","og_image":[{"width":800,"height":600,"url":"https:\/\/ciiam.org\/wp-content\/uploads\/2023\/06\/CIAM-40.jpg","type":"image\/jpeg"}],"author":"Ivan","twitter_card":"summary_large_image","twitter_misc":{"Written by":"Ivan","Est. reading time":"2 minutes"},"schema":{"@context":"https:\/\/schema.org","@graph":[{"@type":"Article","@id":"https:\/\/ciiam.org\/en\/ciam-aportacion-arbitraje-internacional\/#article","isPartOf":{"@id":"https:\/\/ciiam.org\/en\/ciam-aportacion-arbitraje-internacional\/"},"author":{"name":"Ivan","@id":"https:\/\/ciiam.org\/en\/#\/schema\/person\/b60e7c631c415dc1a3eeb7e98ac371e8"},"headline":"El CIAM, aportaci\u00f3n espa\u00f1ola al Arbitraje Internacional","datePublished":"2023-06-02T14:37:45+00:00","dateModified":"2023-06-07T08:28:31+00:00","mainEntityOfPage":{"@id":"https:\/\/ciiam.org\/en\/ciam-aportacion-arbitraje-internacional\/"},"wordCount":241,"publisher":{"@id":"https:\/\/ciiam.org\/en\/#organization"},"image":{"@id":"https:\/\/ciiam.org\/en\/ciam-aportacion-arbitraje-internacional\/#primaryimage"},"thumbnailUrl":"https:\/\/ciiam.org\/wp-content\/uploads\/2023\/06\/CIAM-40.jpg","articleSection":["Actualidad"],"inLanguage":"en-US"},{"@type":"WebPage","@id":"https:\/\/ciiam.org\/en\/ciam-aportacion-arbitraje-internacional\/","url":"https:\/\/ciiam.org\/en\/ciam-aportacion-arbitraje-internacional\/","name":"El CIAM, aportaci\u00f3n espa\u00f1ola al Arbitraje Internacional","isPartOf":{"@id":"https:\/\/ciiam.org\/en\/#website"},"primaryImageOfPage":{"@id":"https:\/\/ciiam.org\/en\/ciam-aportacion-arbitraje-internacional\/#primaryimage"},"image":{"@id":"https:\/\/ciiam.org\/en\/ciam-aportacion-arbitraje-internacional\/#primaryimage"},"thumbnailUrl":"https:\/\/ciiam.org\/wp-content\/uploads\/2023\/06\/CIAM-40.jpg","datePublished":"2023-06-02T14:37:45+00:00","dateModified":"2023-06-07T08:28:31+00:00","description":"La 6\u00aa edici\u00f3n del seminario \u201cArbitraje Internacional, Perspectivas Actuales\u201d ha sido liderado por Urquiola De Palacio, vicepresidenta del\u00a0CIAM","breadcrumb":{"@id":"https:\/\/ciiam.org\/en\/ciam-aportacion-arbitraje-internacional\/#breadcrumb"},"inLanguage":"en-US","potentialAction":[{"@type":"ReadAction","target":["https:\/\/ciiam.org\/en\/ciam-aportacion-arbitraje-internacional\/"]}]},{"@type":"ImageObject","inLanguage":"en-US","@id":"https:\/\/ciiam.org\/en\/ciam-aportacion-arbitraje-internacional\/#primaryimage","url":"https:\/\/ciiam.org\/wp-content\/uploads\/2023\/06\/CIAM-40.jpg","contentUrl":"https:\/\/ciiam.org\/wp-content\/uploads\/2023\/06\/CIAM-40.jpg","width":800,"height":600},{"@type":"BreadcrumbList","@id":"https:\/\/ciiam.org\/en\/ciam-aportacion-arbitraje-internacional\/#breadcrumb","itemListElement":[{"@type":"ListItem","position":1,"name":"CIAM","item":"https:\/\/ciiam.org\/en\/"},{"@type":"ListItem","position":2,"name":"El CIAM, aportaci\u00f3n espa\u00f1ola al Arbitraje Internacional"}]},{"@type":"WebSite","@id":"https:\/\/ciiam.org\/en\/#website","url":"https:\/\/ciiam.org\/en\/","name":"CIIAM","description":"Centro Internacional e Iberoamericano de Arbitraje de Madrid","publisher":{"@id":"https:\/\/ciiam.org\/en\/#organization"},"potentialAction":[{"@type":"SearchAction","target":{"@type":"EntryPoint","urlTemplate":"https:\/\/ciiam.org\/en\/?s={search_term_string}"},"query-input":{"@type":"PropertyValueSpecification","valueRequired":true,"valueName":"search_term_string"}}],"inLanguage":"en-US"},{"@type":"Organization","@id":"https:\/\/ciiam.org\/en\/#organization","name":"Centro Internacional e Iberoamericano de Arbitraje de Madrid","alternateName":"CIIAM","url":"https:\/\/ciiam.org\/en\/","logo":{"@type":"ImageObject","inLanguage":"en-US","@id":"https:\/\/ciiam.org\/en\/#\/schema\/logo\/image\/","url":"https:\/\/ciiam.org\/wp-content\/uploads\/2026\/01\/favicon.png","contentUrl":"https:\/\/ciiam.org\/wp-content\/uploads\/2026\/01\/favicon.png","width":500,"height":500,"caption":"Centro Internacional e Iberoamericano de Arbitraje de Madrid"},"image":{"@id":"https:\/\/ciiam.org\/en\/#\/schema\/logo\/image\/"},"sameAs":["https:\/\/www.linkedin.com\/company\/ciam-centro-internacional-arbitraje-madrid?trk=d_public_post_image","https:\/\/www.youtube.com\/channel\/UCU2OI7SAQFv5uXAZ4qO4ALg"]},{"@type":"Person","@id":"https:\/\/ciiam.org\/en\/#\/schema\/person\/b60e7c631c415dc1a3eeb7e98ac371e8","name":"Ivan","image":{"@type":"ImageObject","inLanguage":"en-US","@id":"https:\/\/secure.gravatar.com\/avatar\/c9c8079d113e4e742a50aee3024dc2534dd8ec4645734068d4a61ef031c587b5?s=96&d=mm&r=g","url":"https:\/\/secure.gravatar.com\/avatar\/c9c8079d113e4e742a50aee3024dc2534dd8ec4645734068d4a61ef031c587b5?s=96&d=mm&r=g","contentUrl":"https:\/\/secure.gravatar.com\/avatar\/c9c8079d113e4e742a50aee3024dc2534dd8ec4645734068d4a61ef031c587b5?s=96&d=mm&r=g","caption":"Ivan"},"url":"https:\/\/ciiam.org\/en\/author\/17ivrom-cmma\/"}]}},"_links":{"self":[{"href":"https:\/\/ciiam.org\/en\/wp-json\/wp\/v2\/posts\/18140","targetHints":{"allow":["GET"]}}],"collection":[{"href":"https:\/\/ciiam.org\/en\/wp-json\/wp\/v2\/posts"}],"about":[{"href":"https:\/\/ciiam.org\/en\/wp-json\/wp\/v2\/types\/post"}],"author":[{"embeddable":true,"href":"https:\/\/ciiam.org\/en\/wp-json\/wp\/v2\/users\/14"}],"replies":[{"embeddable":true,"href":"https:\/\/ciiam.org\/en\/wp-json\/wp\/v2\/comments?post=18140"}],"version-history":[{"count":3,"href":"https:\/\/ciiam.org\/en\/wp-json\/wp\/v2\/posts\/18140\/revisions"}],"predecessor-version":[{"id":18147,"href":"https:\/\/ciiam.org\/en\/wp-json\/wp\/v2\/posts\/18140\/revisions\/18147"}],"wp:featuredmedia":[{"embeddable":true,"href":"https:\/\/ciiam.org\/en\/wp-json\/wp\/v2\/media\/18141"}],"wp:attachment":[{"href":"https:\/\/ciiam.org\/en\/wp-json\/wp\/v2\/media?parent=18140"}],"wp:term":[{"taxonomy":"category","embeddable":true,"href":"https:\/\/ciiam.org\/en\/wp-json\/wp\/v2\/categories?post=18140"},{"taxonomy":"post_tag","embeddable":true,"href":"https:\/\/ciiam.org\/en\/wp-json\/wp\/v2\/tags?post=18140"}],"curies":[{"name":"wp","href":"https:\/\/api.w.org\/{rel}","templated":true}]}}