{"id":18161,"date":"2023-06-09T11:27:15","date_gmt":"2023-06-09T11:27:15","guid":{"rendered":"https:\/\/ciiam.org\/?p=18161"},"modified":"2023-06-09T11:27:15","modified_gmt":"2023-06-09T11:27:15","slug":"madrid-i-encuentro-grupos-trabajo-ciam-evento-200-especialistas","status":"publish","type":"post","link":"https:\/\/ciiam.org\/en\/madrid-i-encuentro-grupos-trabajo-ciam-evento-200-especialistas\/","title":{"rendered":"200 especialistas se dan cita en Madrid para impulsar el CIAM"},"content":{"rendered":"<ul>\n<li><strong>El alcalde de Madrid, Jos\u00e9 Luis Mart\u00ednez-Almeida inaugurar\u00e1 la jornada, que tendr\u00e1 lugar en el Palacio de los Duques de Santo\u00f1a<\/strong><\/li>\n<\/ul>\n<ul>\n<li><strong>En el evento, estructurado en siete mesas sectoriales, se abordar\u00e1n asuntos como los efectos de la crisis energ\u00e9tica, los conflictos entre empresas tur\u00edsticas y los retos que plantean las nuevas tecnolog\u00edas<\/strong><\/li>\n<\/ul>\n<p>Madrid acoger\u00e1 el \u201cI Encuentro de los Grupos de Trabajo del CIAM (Centro Internacional de Arbitraje de Madrid)\u201d, un evento que reunir\u00e1 a 200 especialistas en arbitraje internacional para debatir sobre asuntos como los efectos de la crisis en el sector energ\u00e9tico, los conflictos entre empresas tur\u00edsticas o las oportunidades y retos que plantean las nuevas tecnolog\u00edas.<\/p>\n<p>El acto, que se celebrar\u00e1 el pr\u00f3ximo 16 de junio, tendr\u00e1 lugar en el Palacio de los Duques de Santo\u00f1a, en Madrid, sede del CIAM. A lo largo de la jornada, se suceder\u00e1n siete mesas sectoriales compuestas por los Grupos de Trabajo del CIAM, en las que participar\u00e1n un total de 32 ponentes, entre los que se encuentran \u00e1rbitros de renombre mundial, abogados de reconocido prestigio, acad\u00e9micos y peritos especializados en arbitraje.<\/p>\n<p>El presidente del CIAM, Jos\u00e9 Mar\u00eda Alonso, subraya que el encuentro ser\u00e1 una cita fundamental para el arbitraje en espa\u00f1ol y portugu\u00e9s. \u201cQueremos que los expertos en arbitraje internacional que operan en estas dos lenguas, a uno y otro lado del Atl\u00e1ntico, encuentren en CIAM un lugar donde compartir sus ideas y avanzar, entre todos, en el desarrollo de este mecanismo de resoluci\u00f3n de disputas empresariales\u201d.<br \/>\nAlonso explica que el evento representa la puesta de largo del centro, creado en 2020 y que lidera desde principios de este a\u00f1o.\u00a0 \u201cHemos vivido tiempos muy complicados debido a la pandemia, y ahora ha llegado el momento de reencontrarnos con los grupos que hemos creado y escuchar las propuestas que quieran hacernos, para seguir mejorando como instituci\u00f3n\u201d, afirma.<\/p>\n<p>En la inauguraci\u00f3n del acto, participar\u00e1n el alcalde de Madrid, Jos\u00e9 Luis Mart\u00ednez-Almeida, el presidente de la Asociaci\u00f3n para el Arbitraje Internacional, Juan Serrada, y representantes de las cortes fundadores del CIAM (Corte de Arbitraje de Madrid, Corte Espa\u00f1ola de Arbitraje y Corte Civil y Mercantil de Arbitraje), as\u00ed como Alfonso Iglesia, presidente del Club Espa\u00f1ol del Arbitraje (CEA).<\/p>\n<p>Los siete grupos de trabajo del CIAM (Energ\u00eda, Mar\u00edtimo, Turismo y Hoteles, Peritos, Seguros, Econom\u00eda Digital y Construcci\u00f3n) analizar\u00e1n los retos a los que se enfrenta estos sectores y el papel que puede y debe jugar el arbitraje en cada uno de ellos. Los grupos de trabajo del CIAM est\u00e1n formados por expertos en arbitraje que, coordinados por el centro, analizan los retos del sector y hacen propuestas para que el CIAM brinde un servicio especializado y adaptado a las necesidades de sus usuarios.<\/p>\n<p>El evento cuenta con el patrocinio de Endesa, Grant Thornton, Mapfre y Aon- Novabrok. Para m\u00e1s informaci\u00f3n, consulte el\u00a0<a href=\"https:\/\/eur02.safelinks.protection.outlook.com\/ap\/b-59584e83\/?url=https%3A%2F%2F1drv.ms%2Fb%2Fs!Ai8X39oMRRJQiZM4LFy250j1-YKZWg%3Fe%3DaAQYZM&amp;data=05%7C01%7Cantonio.lopez%40camara.es%7Cf265ef008f424dd905e208db68d91db2%7C063fac39a1af4591bc8f7af3b593fb72%7C1%7C0%7C638219053943082409%7CUnknown%7CTWFpbGZsb3d8eyJWIjoiMC4wLjAwMDAiLCJQIjoiV2luMzIiLCJBTiI6Ik1haWwiLCJXVCI6Mn0%3D%7C3000%7C%7C%7C&amp;sdata=HBDn4buCg%2BgXuKuo2PPnPvt%2FSW7JCOuCX9zAIoF869U%3D&amp;reserved=0\">programa del \u201cI Encuentro de los Grupos de Trabajo del CIAM\u201d.<\/a><\/p>\n<p><strong>Sobre el Centro Internacional de Arbitraje de Madrid<\/strong><\/p>\n<p>El\u00a0<a href=\"https:\/\/eur02.safelinks.protection.outlook.com\/?url=https%3A%2F%2Fciiam.org%2F&amp;data=05%7C01%7Cantonio.lopez%40camara.es%7Cf265ef008f424dd905e208db68d91db2%7C063fac39a1af4591bc8f7af3b593fb72%7C1%7C0%7C638219053943082409%7CUnknown%7CTWFpbGZsb3d8eyJWIjoiMC4wLjAwMDAiLCJQIjoiV2luMzIiLCJBTiI6Ik1haWwiLCJXVCI6Mn0%3D%7C3000%7C%7C%7C&amp;sdata=I%2FZzu1jIjdcOMzYWadEyRzP%2FxG0tHah3z47QI7jqbxM%3D&amp;reserved=0\">Centro Internacional de Arbitraje de Madrid\u00a0(CIAM)<\/a> es una instituci\u00f3n que nace con el objetivo de convertirse en un referente en el arbitraje internacional\u00a0y en la instituci\u00f3n l\u00edder en arbitraje en espa\u00f1ol. Sus principios son la\u00a0excelencia en los procesos, la vocaci\u00f3n de servicio al cliente y la sostenibilidad.<\/p>\n<p>CIAM es el resultado de la fusi\u00f3n de la actividad internacional de la Corte de Arbitraje de Madrid, la Corte Civil y Mercantil de Arbitraje, la Corte Espa\u00f1ola de Arbitraje y el Ilustre Colegio de Abogados de Madrid como socio estrat\u00e9gico.<\/p>\n","protected":false},"excerpt":{"rendered":"<p>El alcalde de Madrid, Jos\u00e9 Luis Mart\u00ednez-Almeida inaugurar\u00e1 la jornada, que tendr\u00e1 lugar en el Palacio de los Duques de Santo\u00f1a En el evento, estructurado en siete mesas sectoriales, se abordar\u00e1n asuntos como los efectos de la crisis energ\u00e9tica, los conflictos entre empresas tur\u00edsticas y los retos que plantean las nuevas tecnolog\u00edas Madrid acoger\u00e1 el [&hellip;]<\/p>\n","protected":false},"author":14,"featured_media":18162,"comment_status":"closed","ping_status":"open","sticky":false,"template":"","format":"standard","meta":{"footnotes":""},"categories":[17],"tags":[],"class_list":["post-18161","post","type-post","status-publish","format-standard","has-post-thumbnail","hentry","category-actualidad"],"yoast_head":"<!-- This site is optimized with the Yoast SEO plugin v27.3 - https:\/\/yoast.com\/product\/yoast-seo-wordpress\/ -->\n<title>200 especialistas se dan cita en Madrid para impulsar el CIAM<\/title>\n<meta name=\"description\" content=\"Madrid acoger\u00e1 el \u201cI Encuentro de los Grupos de Trabajo del CIAM\u201d, un evento que reunir\u00e1 a 200 especialistas\" \/>\n<meta name=\"robots\" content=\"index, follow, max-snippet:-1, max-image-preview:large, max-video-preview:-1\" \/>\n<link rel=\"canonical\" href=\"https:\/\/ciiam.org\/en\/madrid-i-encuentro-grupos-trabajo-ciam-evento-200-especialistas\/\" \/>\n<meta property=\"og:locale\" content=\"en_US\" \/>\n<meta property=\"og:type\" content=\"article\" \/>\n<meta property=\"og:title\" content=\"200 especialistas se dan cita en Madrid para impulsar el CIAM\" \/>\n<meta property=\"og:description\" content=\"Madrid acoger\u00e1 el \u201cI Encuentro de los Grupos de Trabajo del CIAM\u201d, un evento que reunir\u00e1 a 200 especialistas\" \/>\n<meta property=\"og:url\" content=\"https:\/\/ciiam.org\/en\/madrid-i-encuentro-grupos-trabajo-ciam-evento-200-especialistas\/\" \/>\n<meta property=\"og:site_name\" content=\"CIIAM\" \/>\n<meta property=\"article:published_time\" content=\"2023-06-09T11:27:15+00:00\" \/>\n<meta property=\"og:image\" content=\"https:\/\/ciiam.org\/wp-content\/uploads\/2023\/06\/SANTONA.jpg\" \/>\n\t<meta property=\"og:image:width\" content=\"1200\" \/>\n\t<meta property=\"og:image:height\" content=\"900\" \/>\n\t<meta property=\"og:image:type\" content=\"image\/jpeg\" \/>\n<meta name=\"author\" content=\"Ivan\" \/>\n<meta name=\"twitter:card\" content=\"summary_large_image\" \/>\n<meta name=\"twitter:label1\" content=\"Written by\" \/>\n\t<meta name=\"twitter:data1\" content=\"Ivan\" \/>\n\t<meta name=\"twitter:label2\" content=\"Est. reading time\" \/>\n\t<meta name=\"twitter:data2\" content=\"3 minutes\" \/>\n<script type=\"application\/ld+json\" class=\"yoast-schema-graph\">{\"@context\":\"https:\\\/\\\/schema.org\",\"@graph\":[{\"@type\":\"Article\",\"@id\":\"https:\\\/\\\/ciiam.org\\\/en\\\/madrid-i-encuentro-grupos-trabajo-ciam-evento-200-especialistas\\\/#article\",\"isPartOf\":{\"@id\":\"https:\\\/\\\/ciiam.org\\\/en\\\/madrid-i-encuentro-grupos-trabajo-ciam-evento-200-especialistas\\\/\"},\"author\":{\"name\":\"Ivan\",\"@id\":\"https:\\\/\\\/ciiam.org\\\/en\\\/#\\\/schema\\\/person\\\/b60e7c631c415dc1a3eeb7e98ac371e8\"},\"headline\":\"200 especialistas se dan cita en Madrid para impulsar el CIAM\",\"datePublished\":\"2023-06-09T11:27:15+00:00\",\"mainEntityOfPage\":{\"@id\":\"https:\\\/\\\/ciiam.org\\\/en\\\/madrid-i-encuentro-grupos-trabajo-ciam-evento-200-especialistas\\\/\"},\"wordCount\":628,\"publisher\":{\"@id\":\"https:\\\/\\\/ciiam.org\\\/en\\\/#organization\"},\"image\":{\"@id\":\"https:\\\/\\\/ciiam.org\\\/en\\\/madrid-i-encuentro-grupos-trabajo-ciam-evento-200-especialistas\\\/#primaryimage\"},\"thumbnailUrl\":\"https:\\\/\\\/ciiam.org\\\/wp-content\\\/uploads\\\/2023\\\/06\\\/SANTONA.jpg\",\"articleSection\":[\"Actualidad\"],\"inLanguage\":\"en-US\"},{\"@type\":\"WebPage\",\"@id\":\"https:\\\/\\\/ciiam.org\\\/en\\\/madrid-i-encuentro-grupos-trabajo-ciam-evento-200-especialistas\\\/\",\"url\":\"https:\\\/\\\/ciiam.org\\\/en\\\/madrid-i-encuentro-grupos-trabajo-ciam-evento-200-especialistas\\\/\",\"name\":\"200 especialistas se dan cita en Madrid para impulsar el CIAM\",\"isPartOf\":{\"@id\":\"https:\\\/\\\/ciiam.org\\\/en\\\/#website\"},\"primaryImageOfPage\":{\"@id\":\"https:\\\/\\\/ciiam.org\\\/en\\\/madrid-i-encuentro-grupos-trabajo-ciam-evento-200-especialistas\\\/#primaryimage\"},\"image\":{\"@id\":\"https:\\\/\\\/ciiam.org\\\/en\\\/madrid-i-encuentro-grupos-trabajo-ciam-evento-200-especialistas\\\/#primaryimage\"},\"thumbnailUrl\":\"https:\\\/\\\/ciiam.org\\\/wp-content\\\/uploads\\\/2023\\\/06\\\/SANTONA.jpg\",\"datePublished\":\"2023-06-09T11:27:15+00:00\",\"description\":\"Madrid acoger\u00e1 el \u201cI Encuentro de los Grupos de Trabajo del CIAM\u201d, un evento que reunir\u00e1 a 200 especialistas\",\"breadcrumb\":{\"@id\":\"https:\\\/\\\/ciiam.org\\\/en\\\/madrid-i-encuentro-grupos-trabajo-ciam-evento-200-especialistas\\\/#breadcrumb\"},\"inLanguage\":\"en-US\",\"potentialAction\":[{\"@type\":\"ReadAction\",\"target\":[\"https:\\\/\\\/ciiam.org\\\/en\\\/madrid-i-encuentro-grupos-trabajo-ciam-evento-200-especialistas\\\/\"]}]},{\"@type\":\"ImageObject\",\"inLanguage\":\"en-US\",\"@id\":\"https:\\\/\\\/ciiam.org\\\/en\\\/madrid-i-encuentro-grupos-trabajo-ciam-evento-200-especialistas\\\/#primaryimage\",\"url\":\"https:\\\/\\\/ciiam.org\\\/wp-content\\\/uploads\\\/2023\\\/06\\\/SANTONA.jpg\",\"contentUrl\":\"https:\\\/\\\/ciiam.org\\\/wp-content\\\/uploads\\\/2023\\\/06\\\/SANTONA.jpg\",\"width\":1200,\"height\":900,\"caption\":\"200 especialistas se dan cita en Madrid para impulsar el CIAM\"},{\"@type\":\"BreadcrumbList\",\"@id\":\"https:\\\/\\\/ciiam.org\\\/en\\\/madrid-i-encuentro-grupos-trabajo-ciam-evento-200-especialistas\\\/#breadcrumb\",\"itemListElement\":[{\"@type\":\"ListItem\",\"position\":1,\"name\":\"CIAM\",\"item\":\"https:\\\/\\\/ciiam.org\\\/en\\\/\"},{\"@type\":\"ListItem\",\"position\":2,\"name\":\"200 especialistas se dan cita en Madrid para impulsar el CIAM\"}]},{\"@type\":\"WebSite\",\"@id\":\"https:\\\/\\\/ciiam.org\\\/en\\\/#website\",\"url\":\"https:\\\/\\\/ciiam.org\\\/en\\\/\",\"name\":\"CIIAM\",\"description\":\"Centro Internacional e Iberoamericano de Arbitraje de Madrid\",\"publisher\":{\"@id\":\"https:\\\/\\\/ciiam.org\\\/en\\\/#organization\"},\"potentialAction\":[{\"@type\":\"SearchAction\",\"target\":{\"@type\":\"EntryPoint\",\"urlTemplate\":\"https:\\\/\\\/ciiam.org\\\/en\\\/?s={search_term_string}\"},\"query-input\":{\"@type\":\"PropertyValueSpecification\",\"valueRequired\":true,\"valueName\":\"search_term_string\"}}],\"inLanguage\":\"en-US\"},{\"@type\":\"Organization\",\"@id\":\"https:\\\/\\\/ciiam.org\\\/en\\\/#organization\",\"name\":\"Centro Internacional e Iberoamericano de Arbitraje de Madrid\",\"alternateName\":\"CIIAM\",\"url\":\"https:\\\/\\\/ciiam.org\\\/en\\\/\",\"logo\":{\"@type\":\"ImageObject\",\"inLanguage\":\"en-US\",\"@id\":\"https:\\\/\\\/ciiam.org\\\/en\\\/#\\\/schema\\\/logo\\\/image\\\/\",\"url\":\"https:\\\/\\\/ciiam.org\\\/wp-content\\\/uploads\\\/2026\\\/01\\\/favicon.png\",\"contentUrl\":\"https:\\\/\\\/ciiam.org\\\/wp-content\\\/uploads\\\/2026\\\/01\\\/favicon.png\",\"width\":500,\"height\":500,\"caption\":\"Centro Internacional e Iberoamericano de Arbitraje de Madrid\"},\"image\":{\"@id\":\"https:\\\/\\\/ciiam.org\\\/en\\\/#\\\/schema\\\/logo\\\/image\\\/\"},\"sameAs\":[\"https:\\\/\\\/www.linkedin.com\\\/company\\\/ciam-centro-internacional-arbitraje-madrid?trk=d_public_post_image\",\"https:\\\/\\\/www.youtube.com\\\/channel\\\/UCU2OI7SAQFv5uXAZ4qO4ALg\"]},{\"@type\":\"Person\",\"@id\":\"https:\\\/\\\/ciiam.org\\\/en\\\/#\\\/schema\\\/person\\\/b60e7c631c415dc1a3eeb7e98ac371e8\",\"name\":\"Ivan\",\"image\":{\"@type\":\"ImageObject\",\"inLanguage\":\"en-US\",\"@id\":\"https:\\\/\\\/secure.gravatar.com\\\/avatar\\\/c9c8079d113e4e742a50aee3024dc2534dd8ec4645734068d4a61ef031c587b5?s=96&d=mm&r=g\",\"url\":\"https:\\\/\\\/secure.gravatar.com\\\/avatar\\\/c9c8079d113e4e742a50aee3024dc2534dd8ec4645734068d4a61ef031c587b5?s=96&d=mm&r=g\",\"contentUrl\":\"https:\\\/\\\/secure.gravatar.com\\\/avatar\\\/c9c8079d113e4e742a50aee3024dc2534dd8ec4645734068d4a61ef031c587b5?s=96&d=mm&r=g\",\"caption\":\"Ivan\"},\"url\":\"https:\\\/\\\/ciiam.org\\\/en\\\/author\\\/17ivrom-cmma\\\/\"}]}<\/script>\n<!-- \/ Yoast SEO plugin. -->","yoast_head_json":{"title":"200 especialistas se dan cita en Madrid para impulsar el CIAM","description":"Madrid acoger\u00e1 el \u201cI Encuentro de los Grupos de Trabajo del CIAM\u201d, un evento que reunir\u00e1 a 200 especialistas","robots":{"index":"index","follow":"follow","max-snippet":"max-snippet:-1","max-image-preview":"max-image-preview:large","max-video-preview":"max-video-preview:-1"},"canonical":"https:\/\/ciiam.org\/en\/madrid-i-encuentro-grupos-trabajo-ciam-evento-200-especialistas\/","og_locale":"en_US","og_type":"article","og_title":"200 especialistas se dan cita en Madrid para impulsar el CIAM","og_description":"Madrid acoger\u00e1 el \u201cI Encuentro de los Grupos de Trabajo del CIAM\u201d, un evento que reunir\u00e1 a 200 especialistas","og_url":"https:\/\/ciiam.org\/en\/madrid-i-encuentro-grupos-trabajo-ciam-evento-200-especialistas\/","og_site_name":"CIIAM","article_published_time":"2023-06-09T11:27:15+00:00","og_image":[{"width":1200,"height":900,"url":"https:\/\/ciiam.org\/wp-content\/uploads\/2023\/06\/SANTONA.jpg","type":"image\/jpeg"}],"author":"Ivan","twitter_card":"summary_large_image","twitter_misc":{"Written by":"Ivan","Est. reading time":"3 minutes"},"schema":{"@context":"https:\/\/schema.org","@graph":[{"@type":"Article","@id":"https:\/\/ciiam.org\/en\/madrid-i-encuentro-grupos-trabajo-ciam-evento-200-especialistas\/#article","isPartOf":{"@id":"https:\/\/ciiam.org\/en\/madrid-i-encuentro-grupos-trabajo-ciam-evento-200-especialistas\/"},"author":{"name":"Ivan","@id":"https:\/\/ciiam.org\/en\/#\/schema\/person\/b60e7c631c415dc1a3eeb7e98ac371e8"},"headline":"200 especialistas se dan cita en Madrid para impulsar el CIAM","datePublished":"2023-06-09T11:27:15+00:00","mainEntityOfPage":{"@id":"https:\/\/ciiam.org\/en\/madrid-i-encuentro-grupos-trabajo-ciam-evento-200-especialistas\/"},"wordCount":628,"publisher":{"@id":"https:\/\/ciiam.org\/en\/#organization"},"image":{"@id":"https:\/\/ciiam.org\/en\/madrid-i-encuentro-grupos-trabajo-ciam-evento-200-especialistas\/#primaryimage"},"thumbnailUrl":"https:\/\/ciiam.org\/wp-content\/uploads\/2023\/06\/SANTONA.jpg","articleSection":["Actualidad"],"inLanguage":"en-US"},{"@type":"WebPage","@id":"https:\/\/ciiam.org\/en\/madrid-i-encuentro-grupos-trabajo-ciam-evento-200-especialistas\/","url":"https:\/\/ciiam.org\/en\/madrid-i-encuentro-grupos-trabajo-ciam-evento-200-especialistas\/","name":"200 especialistas se dan cita en Madrid para impulsar el CIAM","isPartOf":{"@id":"https:\/\/ciiam.org\/en\/#website"},"primaryImageOfPage":{"@id":"https:\/\/ciiam.org\/en\/madrid-i-encuentro-grupos-trabajo-ciam-evento-200-especialistas\/#primaryimage"},"image":{"@id":"https:\/\/ciiam.org\/en\/madrid-i-encuentro-grupos-trabajo-ciam-evento-200-especialistas\/#primaryimage"},"thumbnailUrl":"https:\/\/ciiam.org\/wp-content\/uploads\/2023\/06\/SANTONA.jpg","datePublished":"2023-06-09T11:27:15+00:00","description":"Madrid acoger\u00e1 el \u201cI Encuentro de los Grupos de Trabajo del CIAM\u201d, un evento que reunir\u00e1 a 200 especialistas","breadcrumb":{"@id":"https:\/\/ciiam.org\/en\/madrid-i-encuentro-grupos-trabajo-ciam-evento-200-especialistas\/#breadcrumb"},"inLanguage":"en-US","potentialAction":[{"@type":"ReadAction","target":["https:\/\/ciiam.org\/en\/madrid-i-encuentro-grupos-trabajo-ciam-evento-200-especialistas\/"]}]},{"@type":"ImageObject","inLanguage":"en-US","@id":"https:\/\/ciiam.org\/en\/madrid-i-encuentro-grupos-trabajo-ciam-evento-200-especialistas\/#primaryimage","url":"https:\/\/ciiam.org\/wp-content\/uploads\/2023\/06\/SANTONA.jpg","contentUrl":"https:\/\/ciiam.org\/wp-content\/uploads\/2023\/06\/SANTONA.jpg","width":1200,"height":900,"caption":"200 especialistas se dan cita en Madrid para impulsar el CIAM"},{"@type":"BreadcrumbList","@id":"https:\/\/ciiam.org\/en\/madrid-i-encuentro-grupos-trabajo-ciam-evento-200-especialistas\/#breadcrumb","itemListElement":[{"@type":"ListItem","position":1,"name":"CIAM","item":"https:\/\/ciiam.org\/en\/"},{"@type":"ListItem","position":2,"name":"200 especialistas se dan cita en Madrid para impulsar el CIAM"}]},{"@type":"WebSite","@id":"https:\/\/ciiam.org\/en\/#website","url":"https:\/\/ciiam.org\/en\/","name":"CIIAM","description":"Centro Internacional e Iberoamericano de Arbitraje de Madrid","publisher":{"@id":"https:\/\/ciiam.org\/en\/#organization"},"potentialAction":[{"@type":"SearchAction","target":{"@type":"EntryPoint","urlTemplate":"https:\/\/ciiam.org\/en\/?s={search_term_string}"},"query-input":{"@type":"PropertyValueSpecification","valueRequired":true,"valueName":"search_term_string"}}],"inLanguage":"en-US"},{"@type":"Organization","@id":"https:\/\/ciiam.org\/en\/#organization","name":"Centro Internacional e Iberoamericano de Arbitraje de Madrid","alternateName":"CIIAM","url":"https:\/\/ciiam.org\/en\/","logo":{"@type":"ImageObject","inLanguage":"en-US","@id":"https:\/\/ciiam.org\/en\/#\/schema\/logo\/image\/","url":"https:\/\/ciiam.org\/wp-content\/uploads\/2026\/01\/favicon.png","contentUrl":"https:\/\/ciiam.org\/wp-content\/uploads\/2026\/01\/favicon.png","width":500,"height":500,"caption":"Centro Internacional e Iberoamericano de Arbitraje de Madrid"},"image":{"@id":"https:\/\/ciiam.org\/en\/#\/schema\/logo\/image\/"},"sameAs":["https:\/\/www.linkedin.com\/company\/ciam-centro-internacional-arbitraje-madrid?trk=d_public_post_image","https:\/\/www.youtube.com\/channel\/UCU2OI7SAQFv5uXAZ4qO4ALg"]},{"@type":"Person","@id":"https:\/\/ciiam.org\/en\/#\/schema\/person\/b60e7c631c415dc1a3eeb7e98ac371e8","name":"Ivan","image":{"@type":"ImageObject","inLanguage":"en-US","@id":"https:\/\/secure.gravatar.com\/avatar\/c9c8079d113e4e742a50aee3024dc2534dd8ec4645734068d4a61ef031c587b5?s=96&d=mm&r=g","url":"https:\/\/secure.gravatar.com\/avatar\/c9c8079d113e4e742a50aee3024dc2534dd8ec4645734068d4a61ef031c587b5?s=96&d=mm&r=g","contentUrl":"https:\/\/secure.gravatar.com\/avatar\/c9c8079d113e4e742a50aee3024dc2534dd8ec4645734068d4a61ef031c587b5?s=96&d=mm&r=g","caption":"Ivan"},"url":"https:\/\/ciiam.org\/en\/author\/17ivrom-cmma\/"}]}},"_links":{"self":[{"href":"https:\/\/ciiam.org\/en\/wp-json\/wp\/v2\/posts\/18161","targetHints":{"allow":["GET"]}}],"collection":[{"href":"https:\/\/ciiam.org\/en\/wp-json\/wp\/v2\/posts"}],"about":[{"href":"https:\/\/ciiam.org\/en\/wp-json\/wp\/v2\/types\/post"}],"author":[{"embeddable":true,"href":"https:\/\/ciiam.org\/en\/wp-json\/wp\/v2\/users\/14"}],"replies":[{"embeddable":true,"href":"https:\/\/ciiam.org\/en\/wp-json\/wp\/v2\/comments?post=18161"}],"version-history":[{"count":1,"href":"https:\/\/ciiam.org\/en\/wp-json\/wp\/v2\/posts\/18161\/revisions"}],"predecessor-version":[{"id":18166,"href":"https:\/\/ciiam.org\/en\/wp-json\/wp\/v2\/posts\/18161\/revisions\/18166"}],"wp:featuredmedia":[{"embeddable":true,"href":"https:\/\/ciiam.org\/en\/wp-json\/wp\/v2\/media\/18162"}],"wp:attachment":[{"href":"https:\/\/ciiam.org\/en\/wp-json\/wp\/v2\/media?parent=18161"}],"wp:term":[{"taxonomy":"category","embeddable":true,"href":"https:\/\/ciiam.org\/en\/wp-json\/wp\/v2\/categories?post=18161"},{"taxonomy":"post_tag","embeddable":true,"href":"https:\/\/ciiam.org\/en\/wp-json\/wp\/v2\/tags?post=18161"}],"curies":[{"name":"wp","href":"https:\/\/api.w.org\/{rel}","templated":true}]}}