{"id":18767,"date":"2023-06-19T09:25:43","date_gmt":"2023-06-19T09:25:43","guid":{"rendered":"https:\/\/ciiam.org\/?p=18767"},"modified":"2023-07-11T12:30:16","modified_gmt":"2023-07-11T12:30:16","slug":"ciam-acoge-el-club-espanol-iberoamericano-del-arbitraje","status":"publish","type":"post","link":"https:\/\/ciiam.org\/en\/ciam-acoge-el-club-espanol-iberoamericano-del-arbitraje\/","title":{"rendered":"El CIAM acoge el congreso anual del Club Espa\u00f1ol e Iberoamericano del Arbitraje"},"content":{"rendered":"<div>La sede del CIAM (Centro Internacional de Arbitraje de Madrid) acogi\u00f3 el pasado domingo 18 de junio la XVI Edici\u00f3n del Encuentro CEA-40, el congreso anual del Club Espa\u00f1ol e Iberoamericano del Arbitraje, dedicado este a\u00f1o a analizar los nuevos horizontes del arbitraje internacional y la importancia de las nuevas tecnolog\u00edas en el #futuro inmediato de este mecanismo de resoluci\u00f3n de conflictos.<\/div>\n<div><\/div>\n<div>\u200aMarta Lalaguna Holzwarth moder\u00f3 una mesa de debate sobre c\u00f3mo afectar\u00e1 la llegada de la inteligencia artificial al arbitraje, las instituciones y sus profesionales. Por su parte, Sebasti\u00e1n Mej\u00eda Garc\u00eda fue uno de los panelistas encargados de explicar las negociaciones del grupo de trabajo III de la Comisi\u00f3n de las Naciones Unidas para el Derecho Mercantil Internacional (CNUDMI).<\/div>\n<div><\/div>\n<div>El Congreso cont\u00f3 asimismo con la asistencia de la vicepresidenta del CIAM Urquiola De Palacio, la letrada Mar\u00eda Paula Jij\u00f3n y las becarias Marina Gouveia y Larissa Sad Coelho.<\/div>\n<div><\/div>\n<div>Los coordinadores de la Comisi\u00f3n del CEA -40, que han organizado el encuentro, han sido: Bego\u00f1a Charro de Mendieta , Jos\u00e9 \u00c1ngel S\u00e1nchez, Francisca Seara Cardoso, Borja \u00c1lvarez , Patricia Balbuena L\u00f3pez , Constan\u00e7a Borges Sacoto , Antonio Gordillo, Ana Lombard\u00eda Villalba, Esq. LL.M. , Anna Garc\u00eda Morineau y Mart\u00edn Rosati .<\/div>\n<div><\/div>\n<div><\/div>\n<div><\/div>\n","protected":false},"excerpt":{"rendered":"<p>La sede del CIAM (Centro Internacional de Arbitraje de Madrid) acogi\u00f3 el pasado domingo 18 de junio la XVI Edici\u00f3n del Encuentro CEA-40, el congreso anual del Club Espa\u00f1ol e Iberoamericano del Arbitraje, dedicado este a\u00f1o a analizar los nuevos horizontes del arbitraje internacional y la importancia de las nuevas tecnolog\u00edas en el #futuro inmediato [&hellip;]<\/p>\n","protected":false},"author":14,"featured_media":18768,"comment_status":"closed","ping_status":"closed","sticky":false,"template":"","format":"standard","meta":{"footnotes":""},"categories":[17],"tags":[],"class_list":["post-18767","post","type-post","status-publish","format-standard","has-post-thumbnail","hentry","category-actualidad"],"yoast_head":"<!-- This site is optimized with the Yoast SEO plugin v27.3 - https:\/\/yoast.com\/product\/yoast-seo-wordpress\/ -->\n<title>CIAM acoge el Club Espa\u00f1ol e Iberoamericano del Arbitraje<\/title>\n<meta name=\"description\" content=\"La sede del CIAM acogi\u00f3 la XVI Edici\u00f3n del Encuentro CEA-40, el congreso anual del Club Espa\u00f1ol e Iberoamericano del Arbitraje\" \/>\n<meta name=\"robots\" content=\"index, follow, max-snippet:-1, max-image-preview:large, max-video-preview:-1\" \/>\n<link rel=\"canonical\" href=\"https:\/\/ciiam.org\/en\/ciam-acoge-el-club-espanol-iberoamericano-del-arbitraje\/\" \/>\n<meta property=\"og:locale\" content=\"en_US\" \/>\n<meta property=\"og:type\" content=\"article\" \/>\n<meta property=\"og:title\" content=\"CIAM acoge el Club Espa\u00f1ol e Iberoamericano del Arbitraje\" \/>\n<meta property=\"og:description\" content=\"La sede del CIAM acogi\u00f3 la XVI Edici\u00f3n del Encuentro CEA-40, el congreso anual del Club Espa\u00f1ol e Iberoamericano del Arbitraje\" \/>\n<meta property=\"og:url\" content=\"https:\/\/ciiam.org\/en\/ciam-acoge-el-club-espanol-iberoamericano-del-arbitraje\/\" \/>\n<meta property=\"og:site_name\" content=\"CIIAM\" \/>\n<meta property=\"article:published_time\" content=\"2023-06-19T09:25:43+00:00\" \/>\n<meta property=\"article:modified_time\" content=\"2023-07-11T12:30:16+00:00\" \/>\n<meta property=\"og:image\" content=\"https:\/\/ciiam.org\/wp-content\/uploads\/2023\/07\/CIAM-21.jpg\" \/>\n\t<meta property=\"og:image:width\" content=\"800\" \/>\n\t<meta property=\"og:image:height\" content=\"450\" \/>\n\t<meta property=\"og:image:type\" content=\"image\/jpeg\" \/>\n<meta name=\"author\" content=\"Ivan\" \/>\n<meta name=\"twitter:card\" content=\"summary_large_image\" \/>\n<meta name=\"twitter:label1\" content=\"Written by\" \/>\n\t<meta name=\"twitter:data1\" content=\"Ivan\" \/>\n\t<meta name=\"twitter:label2\" content=\"Est. reading time\" \/>\n\t<meta name=\"twitter:data2\" content=\"1 minute\" \/>\n<script type=\"application\/ld+json\" class=\"yoast-schema-graph\">{\"@context\":\"https:\\\/\\\/schema.org\",\"@graph\":[{\"@type\":\"Article\",\"@id\":\"https:\\\/\\\/ciiam.org\\\/en\\\/ciam-acoge-el-club-espanol-iberoamericano-del-arbitraje\\\/#article\",\"isPartOf\":{\"@id\":\"https:\\\/\\\/ciiam.org\\\/en\\\/ciam-acoge-el-club-espanol-iberoamericano-del-arbitraje\\\/\"},\"author\":{\"name\":\"Ivan\",\"@id\":\"https:\\\/\\\/ciiam.org\\\/en\\\/#\\\/schema\\\/person\\\/b60e7c631c415dc1a3eeb7e98ac371e8\"},\"headline\":\"El CIAM acoge el congreso anual del Club Espa\u00f1ol e Iberoamericano del Arbitraje\",\"datePublished\":\"2023-06-19T09:25:43+00:00\",\"dateModified\":\"2023-07-11T12:30:16+00:00\",\"mainEntityOfPage\":{\"@id\":\"https:\\\/\\\/ciiam.org\\\/en\\\/ciam-acoge-el-club-espanol-iberoamericano-del-arbitraje\\\/\"},\"wordCount\":229,\"publisher\":{\"@id\":\"https:\\\/\\\/ciiam.org\\\/en\\\/#organization\"},\"image\":{\"@id\":\"https:\\\/\\\/ciiam.org\\\/en\\\/ciam-acoge-el-club-espanol-iberoamericano-del-arbitraje\\\/#primaryimage\"},\"thumbnailUrl\":\"https:\\\/\\\/ciiam.org\\\/wp-content\\\/uploads\\\/2023\\\/07\\\/CIAM-21.jpg\",\"articleSection\":[\"Actualidad\"],\"inLanguage\":\"en-US\"},{\"@type\":\"WebPage\",\"@id\":\"https:\\\/\\\/ciiam.org\\\/en\\\/ciam-acoge-el-club-espanol-iberoamericano-del-arbitraje\\\/\",\"url\":\"https:\\\/\\\/ciiam.org\\\/en\\\/ciam-acoge-el-club-espanol-iberoamericano-del-arbitraje\\\/\",\"name\":\"CIAM acoge el Club Espa\u00f1ol e Iberoamericano del Arbitraje\",\"isPartOf\":{\"@id\":\"https:\\\/\\\/ciiam.org\\\/en\\\/#website\"},\"primaryImageOfPage\":{\"@id\":\"https:\\\/\\\/ciiam.org\\\/en\\\/ciam-acoge-el-club-espanol-iberoamericano-del-arbitraje\\\/#primaryimage\"},\"image\":{\"@id\":\"https:\\\/\\\/ciiam.org\\\/en\\\/ciam-acoge-el-club-espanol-iberoamericano-del-arbitraje\\\/#primaryimage\"},\"thumbnailUrl\":\"https:\\\/\\\/ciiam.org\\\/wp-content\\\/uploads\\\/2023\\\/07\\\/CIAM-21.jpg\",\"datePublished\":\"2023-06-19T09:25:43+00:00\",\"dateModified\":\"2023-07-11T12:30:16+00:00\",\"description\":\"La sede del CIAM acogi\u00f3 la XVI Edici\u00f3n del Encuentro CEA-40, el congreso anual del Club Espa\u00f1ol e Iberoamericano del Arbitraje\",\"breadcrumb\":{\"@id\":\"https:\\\/\\\/ciiam.org\\\/en\\\/ciam-acoge-el-club-espanol-iberoamericano-del-arbitraje\\\/#breadcrumb\"},\"inLanguage\":\"en-US\",\"potentialAction\":[{\"@type\":\"ReadAction\",\"target\":[\"https:\\\/\\\/ciiam.org\\\/en\\\/ciam-acoge-el-club-espanol-iberoamericano-del-arbitraje\\\/\"]}]},{\"@type\":\"ImageObject\",\"inLanguage\":\"en-US\",\"@id\":\"https:\\\/\\\/ciiam.org\\\/en\\\/ciam-acoge-el-club-espanol-iberoamericano-del-arbitraje\\\/#primaryimage\",\"url\":\"https:\\\/\\\/ciiam.org\\\/wp-content\\\/uploads\\\/2023\\\/07\\\/CIAM-21.jpg\",\"contentUrl\":\"https:\\\/\\\/ciiam.org\\\/wp-content\\\/uploads\\\/2023\\\/07\\\/CIAM-21.jpg\",\"width\":800,\"height\":450,\"caption\":\"El CIAM acoge el congreso anual del Club Espa\u00f1ol e Iberoamericano del Arbitraje\"},{\"@type\":\"BreadcrumbList\",\"@id\":\"https:\\\/\\\/ciiam.org\\\/en\\\/ciam-acoge-el-club-espanol-iberoamericano-del-arbitraje\\\/#breadcrumb\",\"itemListElement\":[{\"@type\":\"ListItem\",\"position\":1,\"name\":\"CIAM\",\"item\":\"https:\\\/\\\/ciiam.org\\\/en\\\/\"},{\"@type\":\"ListItem\",\"position\":2,\"name\":\"El CIAM acoge el congreso anual del Club Espa\u00f1ol e Iberoamericano del Arbitraje\"}]},{\"@type\":\"WebSite\",\"@id\":\"https:\\\/\\\/ciiam.org\\\/en\\\/#website\",\"url\":\"https:\\\/\\\/ciiam.org\\\/en\\\/\",\"name\":\"CIIAM\",\"description\":\"Centro Internacional e Iberoamericano de Arbitraje de Madrid\",\"publisher\":{\"@id\":\"https:\\\/\\\/ciiam.org\\\/en\\\/#organization\"},\"potentialAction\":[{\"@type\":\"SearchAction\",\"target\":{\"@type\":\"EntryPoint\",\"urlTemplate\":\"https:\\\/\\\/ciiam.org\\\/en\\\/?s={search_term_string}\"},\"query-input\":{\"@type\":\"PropertyValueSpecification\",\"valueRequired\":true,\"valueName\":\"search_term_string\"}}],\"inLanguage\":\"en-US\"},{\"@type\":\"Organization\",\"@id\":\"https:\\\/\\\/ciiam.org\\\/en\\\/#organization\",\"name\":\"Centro Internacional e Iberoamericano de Arbitraje de Madrid\",\"alternateName\":\"CIIAM\",\"url\":\"https:\\\/\\\/ciiam.org\\\/en\\\/\",\"logo\":{\"@type\":\"ImageObject\",\"inLanguage\":\"en-US\",\"@id\":\"https:\\\/\\\/ciiam.org\\\/en\\\/#\\\/schema\\\/logo\\\/image\\\/\",\"url\":\"https:\\\/\\\/ciiam.org\\\/wp-content\\\/uploads\\\/2026\\\/01\\\/favicon.png\",\"contentUrl\":\"https:\\\/\\\/ciiam.org\\\/wp-content\\\/uploads\\\/2026\\\/01\\\/favicon.png\",\"width\":500,\"height\":500,\"caption\":\"Centro Internacional e Iberoamericano de Arbitraje de Madrid\"},\"image\":{\"@id\":\"https:\\\/\\\/ciiam.org\\\/en\\\/#\\\/schema\\\/logo\\\/image\\\/\"},\"sameAs\":[\"https:\\\/\\\/www.linkedin.com\\\/company\\\/ciam-centro-internacional-arbitraje-madrid?trk=d_public_post_image\",\"https:\\\/\\\/www.youtube.com\\\/channel\\\/UCU2OI7SAQFv5uXAZ4qO4ALg\"]},{\"@type\":\"Person\",\"@id\":\"https:\\\/\\\/ciiam.org\\\/en\\\/#\\\/schema\\\/person\\\/b60e7c631c415dc1a3eeb7e98ac371e8\",\"name\":\"Ivan\",\"image\":{\"@type\":\"ImageObject\",\"inLanguage\":\"en-US\",\"@id\":\"https:\\\/\\\/secure.gravatar.com\\\/avatar\\\/c9c8079d113e4e742a50aee3024dc2534dd8ec4645734068d4a61ef031c587b5?s=96&d=mm&r=g\",\"url\":\"https:\\\/\\\/secure.gravatar.com\\\/avatar\\\/c9c8079d113e4e742a50aee3024dc2534dd8ec4645734068d4a61ef031c587b5?s=96&d=mm&r=g\",\"contentUrl\":\"https:\\\/\\\/secure.gravatar.com\\\/avatar\\\/c9c8079d113e4e742a50aee3024dc2534dd8ec4645734068d4a61ef031c587b5?s=96&d=mm&r=g\",\"caption\":\"Ivan\"},\"url\":\"https:\\\/\\\/ciiam.org\\\/en\\\/author\\\/17ivrom-cmma\\\/\"}]}<\/script>\n<!-- \/ Yoast SEO plugin. -->","yoast_head_json":{"title":"CIAM acoge el Club Espa\u00f1ol e Iberoamericano del Arbitraje","description":"La sede del CIAM acogi\u00f3 la XVI Edici\u00f3n del Encuentro CEA-40, el congreso anual del Club Espa\u00f1ol e Iberoamericano del Arbitraje","robots":{"index":"index","follow":"follow","max-snippet":"max-snippet:-1","max-image-preview":"max-image-preview:large","max-video-preview":"max-video-preview:-1"},"canonical":"https:\/\/ciiam.org\/en\/ciam-acoge-el-club-espanol-iberoamericano-del-arbitraje\/","og_locale":"en_US","og_type":"article","og_title":"CIAM acoge el Club Espa\u00f1ol e Iberoamericano del Arbitraje","og_description":"La sede del CIAM acogi\u00f3 la XVI Edici\u00f3n del Encuentro CEA-40, el congreso anual del Club Espa\u00f1ol e Iberoamericano del Arbitraje","og_url":"https:\/\/ciiam.org\/en\/ciam-acoge-el-club-espanol-iberoamericano-del-arbitraje\/","og_site_name":"CIIAM","article_published_time":"2023-06-19T09:25:43+00:00","article_modified_time":"2023-07-11T12:30:16+00:00","og_image":[{"width":800,"height":450,"url":"https:\/\/ciiam.org\/wp-content\/uploads\/2023\/07\/CIAM-21.jpg","type":"image\/jpeg"}],"author":"Ivan","twitter_card":"summary_large_image","twitter_misc":{"Written by":"Ivan","Est. reading time":"1 minute"},"schema":{"@context":"https:\/\/schema.org","@graph":[{"@type":"Article","@id":"https:\/\/ciiam.org\/en\/ciam-acoge-el-club-espanol-iberoamericano-del-arbitraje\/#article","isPartOf":{"@id":"https:\/\/ciiam.org\/en\/ciam-acoge-el-club-espanol-iberoamericano-del-arbitraje\/"},"author":{"name":"Ivan","@id":"https:\/\/ciiam.org\/en\/#\/schema\/person\/b60e7c631c415dc1a3eeb7e98ac371e8"},"headline":"El CIAM acoge el congreso anual del Club Espa\u00f1ol e Iberoamericano del Arbitraje","datePublished":"2023-06-19T09:25:43+00:00","dateModified":"2023-07-11T12:30:16+00:00","mainEntityOfPage":{"@id":"https:\/\/ciiam.org\/en\/ciam-acoge-el-club-espanol-iberoamericano-del-arbitraje\/"},"wordCount":229,"publisher":{"@id":"https:\/\/ciiam.org\/en\/#organization"},"image":{"@id":"https:\/\/ciiam.org\/en\/ciam-acoge-el-club-espanol-iberoamericano-del-arbitraje\/#primaryimage"},"thumbnailUrl":"https:\/\/ciiam.org\/wp-content\/uploads\/2023\/07\/CIAM-21.jpg","articleSection":["Actualidad"],"inLanguage":"en-US"},{"@type":"WebPage","@id":"https:\/\/ciiam.org\/en\/ciam-acoge-el-club-espanol-iberoamericano-del-arbitraje\/","url":"https:\/\/ciiam.org\/en\/ciam-acoge-el-club-espanol-iberoamericano-del-arbitraje\/","name":"CIAM acoge el Club Espa\u00f1ol e Iberoamericano del Arbitraje","isPartOf":{"@id":"https:\/\/ciiam.org\/en\/#website"},"primaryImageOfPage":{"@id":"https:\/\/ciiam.org\/en\/ciam-acoge-el-club-espanol-iberoamericano-del-arbitraje\/#primaryimage"},"image":{"@id":"https:\/\/ciiam.org\/en\/ciam-acoge-el-club-espanol-iberoamericano-del-arbitraje\/#primaryimage"},"thumbnailUrl":"https:\/\/ciiam.org\/wp-content\/uploads\/2023\/07\/CIAM-21.jpg","datePublished":"2023-06-19T09:25:43+00:00","dateModified":"2023-07-11T12:30:16+00:00","description":"La sede del CIAM acogi\u00f3 la XVI Edici\u00f3n del Encuentro CEA-40, el congreso anual del Club Espa\u00f1ol e Iberoamericano del Arbitraje","breadcrumb":{"@id":"https:\/\/ciiam.org\/en\/ciam-acoge-el-club-espanol-iberoamericano-del-arbitraje\/#breadcrumb"},"inLanguage":"en-US","potentialAction":[{"@type":"ReadAction","target":["https:\/\/ciiam.org\/en\/ciam-acoge-el-club-espanol-iberoamericano-del-arbitraje\/"]}]},{"@type":"ImageObject","inLanguage":"en-US","@id":"https:\/\/ciiam.org\/en\/ciam-acoge-el-club-espanol-iberoamericano-del-arbitraje\/#primaryimage","url":"https:\/\/ciiam.org\/wp-content\/uploads\/2023\/07\/CIAM-21.jpg","contentUrl":"https:\/\/ciiam.org\/wp-content\/uploads\/2023\/07\/CIAM-21.jpg","width":800,"height":450,"caption":"El CIAM acoge el congreso anual del Club Espa\u00f1ol e Iberoamericano del Arbitraje"},{"@type":"BreadcrumbList","@id":"https:\/\/ciiam.org\/en\/ciam-acoge-el-club-espanol-iberoamericano-del-arbitraje\/#breadcrumb","itemListElement":[{"@type":"ListItem","position":1,"name":"CIAM","item":"https:\/\/ciiam.org\/en\/"},{"@type":"ListItem","position":2,"name":"El CIAM acoge el congreso anual del Club Espa\u00f1ol e Iberoamericano del Arbitraje"}]},{"@type":"WebSite","@id":"https:\/\/ciiam.org\/en\/#website","url":"https:\/\/ciiam.org\/en\/","name":"CIIAM","description":"Centro Internacional e Iberoamericano de Arbitraje de Madrid","publisher":{"@id":"https:\/\/ciiam.org\/en\/#organization"},"potentialAction":[{"@type":"SearchAction","target":{"@type":"EntryPoint","urlTemplate":"https:\/\/ciiam.org\/en\/?s={search_term_string}"},"query-input":{"@type":"PropertyValueSpecification","valueRequired":true,"valueName":"search_term_string"}}],"inLanguage":"en-US"},{"@type":"Organization","@id":"https:\/\/ciiam.org\/en\/#organization","name":"Centro Internacional e Iberoamericano de Arbitraje de Madrid","alternateName":"CIIAM","url":"https:\/\/ciiam.org\/en\/","logo":{"@type":"ImageObject","inLanguage":"en-US","@id":"https:\/\/ciiam.org\/en\/#\/schema\/logo\/image\/","url":"https:\/\/ciiam.org\/wp-content\/uploads\/2026\/01\/favicon.png","contentUrl":"https:\/\/ciiam.org\/wp-content\/uploads\/2026\/01\/favicon.png","width":500,"height":500,"caption":"Centro Internacional e Iberoamericano de Arbitraje de Madrid"},"image":{"@id":"https:\/\/ciiam.org\/en\/#\/schema\/logo\/image\/"},"sameAs":["https:\/\/www.linkedin.com\/company\/ciam-centro-internacional-arbitraje-madrid?trk=d_public_post_image","https:\/\/www.youtube.com\/channel\/UCU2OI7SAQFv5uXAZ4qO4ALg"]},{"@type":"Person","@id":"https:\/\/ciiam.org\/en\/#\/schema\/person\/b60e7c631c415dc1a3eeb7e98ac371e8","name":"Ivan","image":{"@type":"ImageObject","inLanguage":"en-US","@id":"https:\/\/secure.gravatar.com\/avatar\/c9c8079d113e4e742a50aee3024dc2534dd8ec4645734068d4a61ef031c587b5?s=96&d=mm&r=g","url":"https:\/\/secure.gravatar.com\/avatar\/c9c8079d113e4e742a50aee3024dc2534dd8ec4645734068d4a61ef031c587b5?s=96&d=mm&r=g","contentUrl":"https:\/\/secure.gravatar.com\/avatar\/c9c8079d113e4e742a50aee3024dc2534dd8ec4645734068d4a61ef031c587b5?s=96&d=mm&r=g","caption":"Ivan"},"url":"https:\/\/ciiam.org\/en\/author\/17ivrom-cmma\/"}]}},"_links":{"self":[{"href":"https:\/\/ciiam.org\/en\/wp-json\/wp\/v2\/posts\/18767","targetHints":{"allow":["GET"]}}],"collection":[{"href":"https:\/\/ciiam.org\/en\/wp-json\/wp\/v2\/posts"}],"about":[{"href":"https:\/\/ciiam.org\/en\/wp-json\/wp\/v2\/types\/post"}],"author":[{"embeddable":true,"href":"https:\/\/ciiam.org\/en\/wp-json\/wp\/v2\/users\/14"}],"replies":[{"embeddable":true,"href":"https:\/\/ciiam.org\/en\/wp-json\/wp\/v2\/comments?post=18767"}],"version-history":[{"count":1,"href":"https:\/\/ciiam.org\/en\/wp-json\/wp\/v2\/posts\/18767\/revisions"}],"predecessor-version":[{"id":18772,"href":"https:\/\/ciiam.org\/en\/wp-json\/wp\/v2\/posts\/18767\/revisions\/18772"}],"wp:featuredmedia":[{"embeddable":true,"href":"https:\/\/ciiam.org\/en\/wp-json\/wp\/v2\/media\/18768"}],"wp:attachment":[{"href":"https:\/\/ciiam.org\/en\/wp-json\/wp\/v2\/media?parent=18767"}],"wp:term":[{"taxonomy":"category","embeddable":true,"href":"https:\/\/ciiam.org\/en\/wp-json\/wp\/v2\/categories?post=18767"},{"taxonomy":"post_tag","embeddable":true,"href":"https:\/\/ciiam.org\/en\/wp-json\/wp\/v2\/tags?post=18767"}],"curies":[{"name":"wp","href":"https:\/\/api.w.org\/{rel}","templated":true}]}}