{"id":18773,"date":"2023-06-28T09:34:07","date_gmt":"2023-06-28T09:34:07","guid":{"rendered":"https:\/\/ciiam.org\/?p=18773"},"modified":"2023-07-11T12:30:16","modified_gmt":"2023-07-11T12:30:16","slug":"jose-maria-alonso-participa-regional-arbitration-symposium","status":"publish","type":"post","link":"https:\/\/ciiam.org\/en\/jose-maria-alonso-participa-regional-arbitration-symposium\/","title":{"rendered":"Jos\u00e9 Mar\u00eda Alonso participa en el Regional Arbitration Symposium"},"content":{"rendered":"<div>El presidente del CIAM (Centro Internacional de Arbitraje de Madrid), Jos\u00e9 Mar\u00eda Alonso, ha participado en el panel sobre arbitraje institucional y novedades en los reglamentos de las principales Cortes europeas, dentro del Regional Arbitration Symposium de Herbert Smith Freehills, celebrado en Madrid el 22 y 23 de junio.<\/div>\n<div><\/div>\n<div>Jos\u00e9 Mar\u00eda Alonso ha explicado el buen acogimiento del Reglamento CIAM y algunos de sus elementos caracter\u00edsticos. Igualmente, ha tratado el proceso de revisi\u00f3n del Reglamento que realiza nuestra Comisi\u00f3n de Buenas Pr\u00e1cticas con el fin de tener un Reglamento. \u27a1 Igualmente, ha explicado c\u00f3mo algunas de estas innovaciones nacen del contacto con los usuarios del arbitraje representados en nuestros Grupos de Trabajo y ciclos de ponencias. La mesa fue moderada por Cecilia Tilve, asociada senior de Herbert Smith Freehills.<\/div>\n<div><\/div>\n<div>El panel tambi\u00e9n ha contado con participaci\u00f3n de: Lara Rodr\u00edguez Mulet, abogada de London Court of International Arbitration; Deva Villan\u00faa, vicepresidente de ICC Court;\u00a0Alfredo Bullard, socio de Bullard Falla Ezcurra + (Lima) y Janine Mallis, asociada senior de Herbert Smith Freehills (Dub\u00e1i).<\/div>\n","protected":false},"excerpt":{"rendered":"<p>El presidente del CIAM (Centro Internacional de Arbitraje de Madrid), Jos\u00e9 Mar\u00eda Alonso, ha participado en el panel sobre arbitraje institucional y novedades en los reglamentos de las principales Cortes europeas, dentro del Regional Arbitration Symposium de Herbert Smith Freehills, celebrado en Madrid el 22 y 23 de junio. Jos\u00e9 Mar\u00eda Alonso ha explicado el [&hellip;]<\/p>\n","protected":false},"author":14,"featured_media":18774,"comment_status":"closed","ping_status":"closed","sticky":false,"template":"","format":"standard","meta":{"footnotes":""},"categories":[17],"tags":[],"class_list":["post-18773","post","type-post","status-publish","format-standard","has-post-thumbnail","hentry","category-actualidad"],"yoast_head":"<!-- This site is optimized with the Yoast SEO plugin v27.3 - https:\/\/yoast.com\/product\/yoast-seo-wordpress\/ -->\n<title>Jos\u00e9 Mar\u00eda Alonso participa en el Regional Arbitration Symposium<\/title>\n<meta name=\"description\" content=\"Jos\u00e9 Mar\u00eda Alonso ha participado en el panel sobre arbitraje institucional y novedades en los reglamentos de las principales Cortes europeas\" \/>\n<meta name=\"robots\" content=\"index, follow, max-snippet:-1, max-image-preview:large, max-video-preview:-1\" \/>\n<link rel=\"canonical\" href=\"https:\/\/ciiam.org\/en\/jose-maria-alonso-participa-regional-arbitration-symposium\/\" \/>\n<meta property=\"og:locale\" content=\"en_US\" \/>\n<meta property=\"og:type\" content=\"article\" \/>\n<meta property=\"og:title\" content=\"Jos\u00e9 Mar\u00eda Alonso participa en el Regional Arbitration Symposium\" \/>\n<meta property=\"og:description\" content=\"Jos\u00e9 Mar\u00eda Alonso ha participado en el panel sobre arbitraje institucional y novedades en los reglamentos de las principales Cortes europeas\" \/>\n<meta property=\"og:url\" content=\"https:\/\/ciiam.org\/en\/jose-maria-alonso-participa-regional-arbitration-symposium\/\" \/>\n<meta property=\"og:site_name\" content=\"CIIAM\" \/>\n<meta property=\"article:published_time\" content=\"2023-06-28T09:34:07+00:00\" \/>\n<meta property=\"article:modified_time\" content=\"2023-07-11T12:30:16+00:00\" \/>\n<meta property=\"og:image\" content=\"https:\/\/ciiam.org\/wp-content\/uploads\/2023\/07\/CIAM-22.jpg\" \/>\n\t<meta property=\"og:image:width\" content=\"800\" \/>\n\t<meta property=\"og:image:height\" content=\"450\" \/>\n\t<meta property=\"og:image:type\" content=\"image\/jpeg\" \/>\n<meta name=\"author\" content=\"Ivan\" \/>\n<meta name=\"twitter:card\" content=\"summary_large_image\" \/>\n<meta name=\"twitter:label1\" content=\"Written by\" \/>\n\t<meta name=\"twitter:data1\" content=\"Ivan\" \/>\n\t<meta name=\"twitter:label2\" content=\"Est. reading time\" \/>\n\t<meta name=\"twitter:data2\" content=\"1 minute\" \/>\n<script type=\"application\/ld+json\" class=\"yoast-schema-graph\">{\"@context\":\"https:\\\/\\\/schema.org\",\"@graph\":[{\"@type\":\"Article\",\"@id\":\"https:\\\/\\\/ciiam.org\\\/en\\\/jose-maria-alonso-participa-regional-arbitration-symposium\\\/#article\",\"isPartOf\":{\"@id\":\"https:\\\/\\\/ciiam.org\\\/en\\\/jose-maria-alonso-participa-regional-arbitration-symposium\\\/\"},\"author\":{\"name\":\"Ivan\",\"@id\":\"https:\\\/\\\/ciiam.org\\\/en\\\/#\\\/schema\\\/person\\\/b60e7c631c415dc1a3eeb7e98ac371e8\"},\"headline\":\"Jos\u00e9 Mar\u00eda Alonso participa en el Regional Arbitration Symposium\",\"datePublished\":\"2023-06-28T09:34:07+00:00\",\"dateModified\":\"2023-07-11T12:30:16+00:00\",\"mainEntityOfPage\":{\"@id\":\"https:\\\/\\\/ciiam.org\\\/en\\\/jose-maria-alonso-participa-regional-arbitration-symposium\\\/\"},\"wordCount\":190,\"publisher\":{\"@id\":\"https:\\\/\\\/ciiam.org\\\/en\\\/#organization\"},\"image\":{\"@id\":\"https:\\\/\\\/ciiam.org\\\/en\\\/jose-maria-alonso-participa-regional-arbitration-symposium\\\/#primaryimage\"},\"thumbnailUrl\":\"https:\\\/\\\/ciiam.org\\\/wp-content\\\/uploads\\\/2023\\\/07\\\/CIAM-22.jpg\",\"articleSection\":[\"Actualidad\"],\"inLanguage\":\"en-US\"},{\"@type\":\"WebPage\",\"@id\":\"https:\\\/\\\/ciiam.org\\\/en\\\/jose-maria-alonso-participa-regional-arbitration-symposium\\\/\",\"url\":\"https:\\\/\\\/ciiam.org\\\/en\\\/jose-maria-alonso-participa-regional-arbitration-symposium\\\/\",\"name\":\"Jos\u00e9 Mar\u00eda Alonso participa en el Regional Arbitration Symposium\",\"isPartOf\":{\"@id\":\"https:\\\/\\\/ciiam.org\\\/en\\\/#website\"},\"primaryImageOfPage\":{\"@id\":\"https:\\\/\\\/ciiam.org\\\/en\\\/jose-maria-alonso-participa-regional-arbitration-symposium\\\/#primaryimage\"},\"image\":{\"@id\":\"https:\\\/\\\/ciiam.org\\\/en\\\/jose-maria-alonso-participa-regional-arbitration-symposium\\\/#primaryimage\"},\"thumbnailUrl\":\"https:\\\/\\\/ciiam.org\\\/wp-content\\\/uploads\\\/2023\\\/07\\\/CIAM-22.jpg\",\"datePublished\":\"2023-06-28T09:34:07+00:00\",\"dateModified\":\"2023-07-11T12:30:16+00:00\",\"description\":\"Jos\u00e9 Mar\u00eda Alonso ha participado en el panel sobre arbitraje institucional y novedades en los reglamentos de las principales Cortes europeas\",\"breadcrumb\":{\"@id\":\"https:\\\/\\\/ciiam.org\\\/en\\\/jose-maria-alonso-participa-regional-arbitration-symposium\\\/#breadcrumb\"},\"inLanguage\":\"en-US\",\"potentialAction\":[{\"@type\":\"ReadAction\",\"target\":[\"https:\\\/\\\/ciiam.org\\\/en\\\/jose-maria-alonso-participa-regional-arbitration-symposium\\\/\"]}]},{\"@type\":\"ImageObject\",\"inLanguage\":\"en-US\",\"@id\":\"https:\\\/\\\/ciiam.org\\\/en\\\/jose-maria-alonso-participa-regional-arbitration-symposium\\\/#primaryimage\",\"url\":\"https:\\\/\\\/ciiam.org\\\/wp-content\\\/uploads\\\/2023\\\/07\\\/CIAM-22.jpg\",\"contentUrl\":\"https:\\\/\\\/ciiam.org\\\/wp-content\\\/uploads\\\/2023\\\/07\\\/CIAM-22.jpg\",\"width\":800,\"height\":450,\"caption\":\"Jos\u00e9 Mar\u00eda Alonso participa en el Regional Arbitration Symposium\"},{\"@type\":\"BreadcrumbList\",\"@id\":\"https:\\\/\\\/ciiam.org\\\/en\\\/jose-maria-alonso-participa-regional-arbitration-symposium\\\/#breadcrumb\",\"itemListElement\":[{\"@type\":\"ListItem\",\"position\":1,\"name\":\"CIAM\",\"item\":\"https:\\\/\\\/ciiam.org\\\/en\\\/\"},{\"@type\":\"ListItem\",\"position\":2,\"name\":\"Jos\u00e9 Mar\u00eda Alonso participa en el Regional Arbitration Symposium\"}]},{\"@type\":\"WebSite\",\"@id\":\"https:\\\/\\\/ciiam.org\\\/en\\\/#website\",\"url\":\"https:\\\/\\\/ciiam.org\\\/en\\\/\",\"name\":\"CIIAM\",\"description\":\"Centro Internacional e Iberoamericano de Arbitraje de Madrid\",\"publisher\":{\"@id\":\"https:\\\/\\\/ciiam.org\\\/en\\\/#organization\"},\"potentialAction\":[{\"@type\":\"SearchAction\",\"target\":{\"@type\":\"EntryPoint\",\"urlTemplate\":\"https:\\\/\\\/ciiam.org\\\/en\\\/?s={search_term_string}\"},\"query-input\":{\"@type\":\"PropertyValueSpecification\",\"valueRequired\":true,\"valueName\":\"search_term_string\"}}],\"inLanguage\":\"en-US\"},{\"@type\":\"Organization\",\"@id\":\"https:\\\/\\\/ciiam.org\\\/en\\\/#organization\",\"name\":\"Centro Internacional e Iberoamericano de Arbitraje de Madrid\",\"alternateName\":\"CIIAM\",\"url\":\"https:\\\/\\\/ciiam.org\\\/en\\\/\",\"logo\":{\"@type\":\"ImageObject\",\"inLanguage\":\"en-US\",\"@id\":\"https:\\\/\\\/ciiam.org\\\/en\\\/#\\\/schema\\\/logo\\\/image\\\/\",\"url\":\"https:\\\/\\\/ciiam.org\\\/wp-content\\\/uploads\\\/2026\\\/01\\\/favicon.png\",\"contentUrl\":\"https:\\\/\\\/ciiam.org\\\/wp-content\\\/uploads\\\/2026\\\/01\\\/favicon.png\",\"width\":500,\"height\":500,\"caption\":\"Centro Internacional e Iberoamericano de Arbitraje de Madrid\"},\"image\":{\"@id\":\"https:\\\/\\\/ciiam.org\\\/en\\\/#\\\/schema\\\/logo\\\/image\\\/\"},\"sameAs\":[\"https:\\\/\\\/www.linkedin.com\\\/company\\\/ciam-centro-internacional-arbitraje-madrid?trk=d_public_post_image\",\"https:\\\/\\\/www.youtube.com\\\/channel\\\/UCU2OI7SAQFv5uXAZ4qO4ALg\"]},{\"@type\":\"Person\",\"@id\":\"https:\\\/\\\/ciiam.org\\\/en\\\/#\\\/schema\\\/person\\\/b60e7c631c415dc1a3eeb7e98ac371e8\",\"name\":\"Ivan\",\"image\":{\"@type\":\"ImageObject\",\"inLanguage\":\"en-US\",\"@id\":\"https:\\\/\\\/secure.gravatar.com\\\/avatar\\\/c9c8079d113e4e742a50aee3024dc2534dd8ec4645734068d4a61ef031c587b5?s=96&d=mm&r=g\",\"url\":\"https:\\\/\\\/secure.gravatar.com\\\/avatar\\\/c9c8079d113e4e742a50aee3024dc2534dd8ec4645734068d4a61ef031c587b5?s=96&d=mm&r=g\",\"contentUrl\":\"https:\\\/\\\/secure.gravatar.com\\\/avatar\\\/c9c8079d113e4e742a50aee3024dc2534dd8ec4645734068d4a61ef031c587b5?s=96&d=mm&r=g\",\"caption\":\"Ivan\"},\"url\":\"https:\\\/\\\/ciiam.org\\\/en\\\/author\\\/17ivrom-cmma\\\/\"}]}<\/script>\n<!-- \/ Yoast SEO plugin. -->","yoast_head_json":{"title":"Jos\u00e9 Mar\u00eda Alonso participa en el Regional Arbitration Symposium","description":"Jos\u00e9 Mar\u00eda Alonso ha participado en el panel sobre arbitraje institucional y novedades en los reglamentos de las principales Cortes europeas","robots":{"index":"index","follow":"follow","max-snippet":"max-snippet:-1","max-image-preview":"max-image-preview:large","max-video-preview":"max-video-preview:-1"},"canonical":"https:\/\/ciiam.org\/en\/jose-maria-alonso-participa-regional-arbitration-symposium\/","og_locale":"en_US","og_type":"article","og_title":"Jos\u00e9 Mar\u00eda Alonso participa en el Regional Arbitration Symposium","og_description":"Jos\u00e9 Mar\u00eda Alonso ha participado en el panel sobre arbitraje institucional y novedades en los reglamentos de las principales Cortes europeas","og_url":"https:\/\/ciiam.org\/en\/jose-maria-alonso-participa-regional-arbitration-symposium\/","og_site_name":"CIIAM","article_published_time":"2023-06-28T09:34:07+00:00","article_modified_time":"2023-07-11T12:30:16+00:00","og_image":[{"width":800,"height":450,"url":"https:\/\/ciiam.org\/wp-content\/uploads\/2023\/07\/CIAM-22.jpg","type":"image\/jpeg"}],"author":"Ivan","twitter_card":"summary_large_image","twitter_misc":{"Written by":"Ivan","Est. reading time":"1 minute"},"schema":{"@context":"https:\/\/schema.org","@graph":[{"@type":"Article","@id":"https:\/\/ciiam.org\/en\/jose-maria-alonso-participa-regional-arbitration-symposium\/#article","isPartOf":{"@id":"https:\/\/ciiam.org\/en\/jose-maria-alonso-participa-regional-arbitration-symposium\/"},"author":{"name":"Ivan","@id":"https:\/\/ciiam.org\/en\/#\/schema\/person\/b60e7c631c415dc1a3eeb7e98ac371e8"},"headline":"Jos\u00e9 Mar\u00eda Alonso participa en el Regional Arbitration Symposium","datePublished":"2023-06-28T09:34:07+00:00","dateModified":"2023-07-11T12:30:16+00:00","mainEntityOfPage":{"@id":"https:\/\/ciiam.org\/en\/jose-maria-alonso-participa-regional-arbitration-symposium\/"},"wordCount":190,"publisher":{"@id":"https:\/\/ciiam.org\/en\/#organization"},"image":{"@id":"https:\/\/ciiam.org\/en\/jose-maria-alonso-participa-regional-arbitration-symposium\/#primaryimage"},"thumbnailUrl":"https:\/\/ciiam.org\/wp-content\/uploads\/2023\/07\/CIAM-22.jpg","articleSection":["Actualidad"],"inLanguage":"en-US"},{"@type":"WebPage","@id":"https:\/\/ciiam.org\/en\/jose-maria-alonso-participa-regional-arbitration-symposium\/","url":"https:\/\/ciiam.org\/en\/jose-maria-alonso-participa-regional-arbitration-symposium\/","name":"Jos\u00e9 Mar\u00eda Alonso participa en el Regional Arbitration Symposium","isPartOf":{"@id":"https:\/\/ciiam.org\/en\/#website"},"primaryImageOfPage":{"@id":"https:\/\/ciiam.org\/en\/jose-maria-alonso-participa-regional-arbitration-symposium\/#primaryimage"},"image":{"@id":"https:\/\/ciiam.org\/en\/jose-maria-alonso-participa-regional-arbitration-symposium\/#primaryimage"},"thumbnailUrl":"https:\/\/ciiam.org\/wp-content\/uploads\/2023\/07\/CIAM-22.jpg","datePublished":"2023-06-28T09:34:07+00:00","dateModified":"2023-07-11T12:30:16+00:00","description":"Jos\u00e9 Mar\u00eda Alonso ha participado en el panel sobre arbitraje institucional y novedades en los reglamentos de las principales Cortes europeas","breadcrumb":{"@id":"https:\/\/ciiam.org\/en\/jose-maria-alonso-participa-regional-arbitration-symposium\/#breadcrumb"},"inLanguage":"en-US","potentialAction":[{"@type":"ReadAction","target":["https:\/\/ciiam.org\/en\/jose-maria-alonso-participa-regional-arbitration-symposium\/"]}]},{"@type":"ImageObject","inLanguage":"en-US","@id":"https:\/\/ciiam.org\/en\/jose-maria-alonso-participa-regional-arbitration-symposium\/#primaryimage","url":"https:\/\/ciiam.org\/wp-content\/uploads\/2023\/07\/CIAM-22.jpg","contentUrl":"https:\/\/ciiam.org\/wp-content\/uploads\/2023\/07\/CIAM-22.jpg","width":800,"height":450,"caption":"Jos\u00e9 Mar\u00eda Alonso participa en el Regional Arbitration Symposium"},{"@type":"BreadcrumbList","@id":"https:\/\/ciiam.org\/en\/jose-maria-alonso-participa-regional-arbitration-symposium\/#breadcrumb","itemListElement":[{"@type":"ListItem","position":1,"name":"CIAM","item":"https:\/\/ciiam.org\/en\/"},{"@type":"ListItem","position":2,"name":"Jos\u00e9 Mar\u00eda Alonso participa en el Regional Arbitration Symposium"}]},{"@type":"WebSite","@id":"https:\/\/ciiam.org\/en\/#website","url":"https:\/\/ciiam.org\/en\/","name":"CIIAM","description":"Centro Internacional e Iberoamericano de Arbitraje de Madrid","publisher":{"@id":"https:\/\/ciiam.org\/en\/#organization"},"potentialAction":[{"@type":"SearchAction","target":{"@type":"EntryPoint","urlTemplate":"https:\/\/ciiam.org\/en\/?s={search_term_string}"},"query-input":{"@type":"PropertyValueSpecification","valueRequired":true,"valueName":"search_term_string"}}],"inLanguage":"en-US"},{"@type":"Organization","@id":"https:\/\/ciiam.org\/en\/#organization","name":"Centro Internacional e Iberoamericano de Arbitraje de Madrid","alternateName":"CIIAM","url":"https:\/\/ciiam.org\/en\/","logo":{"@type":"ImageObject","inLanguage":"en-US","@id":"https:\/\/ciiam.org\/en\/#\/schema\/logo\/image\/","url":"https:\/\/ciiam.org\/wp-content\/uploads\/2026\/01\/favicon.png","contentUrl":"https:\/\/ciiam.org\/wp-content\/uploads\/2026\/01\/favicon.png","width":500,"height":500,"caption":"Centro Internacional e Iberoamericano de Arbitraje de Madrid"},"image":{"@id":"https:\/\/ciiam.org\/en\/#\/schema\/logo\/image\/"},"sameAs":["https:\/\/www.linkedin.com\/company\/ciam-centro-internacional-arbitraje-madrid?trk=d_public_post_image","https:\/\/www.youtube.com\/channel\/UCU2OI7SAQFv5uXAZ4qO4ALg"]},{"@type":"Person","@id":"https:\/\/ciiam.org\/en\/#\/schema\/person\/b60e7c631c415dc1a3eeb7e98ac371e8","name":"Ivan","image":{"@type":"ImageObject","inLanguage":"en-US","@id":"https:\/\/secure.gravatar.com\/avatar\/c9c8079d113e4e742a50aee3024dc2534dd8ec4645734068d4a61ef031c587b5?s=96&d=mm&r=g","url":"https:\/\/secure.gravatar.com\/avatar\/c9c8079d113e4e742a50aee3024dc2534dd8ec4645734068d4a61ef031c587b5?s=96&d=mm&r=g","contentUrl":"https:\/\/secure.gravatar.com\/avatar\/c9c8079d113e4e742a50aee3024dc2534dd8ec4645734068d4a61ef031c587b5?s=96&d=mm&r=g","caption":"Ivan"},"url":"https:\/\/ciiam.org\/en\/author\/17ivrom-cmma\/"}]}},"_links":{"self":[{"href":"https:\/\/ciiam.org\/en\/wp-json\/wp\/v2\/posts\/18773","targetHints":{"allow":["GET"]}}],"collection":[{"href":"https:\/\/ciiam.org\/en\/wp-json\/wp\/v2\/posts"}],"about":[{"href":"https:\/\/ciiam.org\/en\/wp-json\/wp\/v2\/types\/post"}],"author":[{"embeddable":true,"href":"https:\/\/ciiam.org\/en\/wp-json\/wp\/v2\/users\/14"}],"replies":[{"embeddable":true,"href":"https:\/\/ciiam.org\/en\/wp-json\/wp\/v2\/comments?post=18773"}],"version-history":[{"count":1,"href":"https:\/\/ciiam.org\/en\/wp-json\/wp\/v2\/posts\/18773\/revisions"}],"predecessor-version":[{"id":18778,"href":"https:\/\/ciiam.org\/en\/wp-json\/wp\/v2\/posts\/18773\/revisions\/18778"}],"wp:featuredmedia":[{"embeddable":true,"href":"https:\/\/ciiam.org\/en\/wp-json\/wp\/v2\/media\/18774"}],"wp:attachment":[{"href":"https:\/\/ciiam.org\/en\/wp-json\/wp\/v2\/media?parent=18773"}],"wp:term":[{"taxonomy":"category","embeddable":true,"href":"https:\/\/ciiam.org\/en\/wp-json\/wp\/v2\/categories?post=18773"},{"taxonomy":"post_tag","embeddable":true,"href":"https:\/\/ciiam.org\/en\/wp-json\/wp\/v2\/tags?post=18773"}],"curies":[{"name":"wp","href":"https:\/\/api.w.org\/{rel}","templated":true}]}}