{"id":18779,"date":"2023-06-29T09:41:24","date_gmt":"2023-06-29T09:41:24","guid":{"rendered":"https:\/\/ciiam.org\/?p=18779"},"modified":"2023-07-11T12:30:15","modified_gmt":"2023-07-11T12:30:15","slug":"ciam-participa-congreso-espana-mercado-oportunidades","status":"publish","type":"post","link":"https:\/\/ciiam.org\/en\/ciam-participa-congreso-espana-mercado-oportunidades\/","title":{"rendered":"El presidente del CIAM participa en el congreso &#8220;Espa\u00f1a, mercado de Oportunidades&#8221;"},"content":{"rendered":"<div>La rapidez, seguridad y previsibilidad en la resoluci\u00f3n de conflictos son trascendentes en las decisiones de los inversores internacionales. Espa\u00f1a cuenta con el prestigio, el talento y la capacidad para competir con los principales <em>hubs<\/em> de arbitraje del mundo, ofreciendo una alternativa atractiva a los inversores y una oportunidad a los profesionales jur\u00eddicos.<\/div>\n<div><\/div>\n<div>As\u00ed qued\u00f3 patente durante la sesi\u00f3n \u201cEspa\u00f1a como foro de resoluci\u00f3n de disputas internacionales\u201d en la que particip\u00f3 Jos\u00e9 Mar\u00eda Alonso, presidente del CIAM (Centro Internacional de Arbitraje de Madrid) , junto a Angel Espiniella Men\u00e9ndez, Catedr\u00e1tico de Derecho Internacional Privado y Secretario General de la Universidad de Oviedo;\u00a0Borja Iriarte Angel, Magistrado del Tribunal Superior de Justicia del Pa\u00eds Vasco y\u00a0F\u00e9lix J. Montero, Socio de P\u00e9rez-Llorca (que ejerci\u00f3 como moderador).<\/div>\n<div><\/div>\n<div>El panel se enmarc\u00f3 en el congreso \u201cEspa\u00f1a, mercado de Oportunidades\u201d organizado por P\u00e9rez-Llorca y IE Law School, en colaboraci\u00f3n con LLYC, en el que tambi\u00e9n se abordaron propuestas en el \u00e1mbito del mercado de valores, la normativa y pr\u00e1ctica mercantil, laboral, fiscal, regulatoria institucional.<\/div>\n","protected":false},"excerpt":{"rendered":"<p>La rapidez, seguridad y previsibilidad en la resoluci\u00f3n de conflictos son trascendentes en las decisiones de los inversores internacionales. Espa\u00f1a cuenta con el prestigio, el talento y la capacidad para competir con los principales hubs de arbitraje del mundo, ofreciendo una alternativa atractiva a los inversores y una oportunidad a los profesionales jur\u00eddicos. As\u00ed qued\u00f3 [&hellip;]<\/p>\n","protected":false},"author":14,"featured_media":18780,"comment_status":"closed","ping_status":"closed","sticky":false,"template":"","format":"standard","meta":{"footnotes":""},"categories":[17],"tags":[],"class_list":["post-18779","post","type-post","status-publish","format-standard","has-post-thumbnail","hentry","category-actualidad"],"yoast_head":"<!-- This site is optimized with the Yoast SEO plugin v27.3 - https:\/\/yoast.com\/product\/yoast-seo-wordpress\/ -->\n<title>El CIAM participa en &quot;Espa\u00f1a, mercado de Oportunidades&quot;<\/title>\n<meta name=\"description\" content=\"La rapidez, seguridad y previsibilidad en la resoluci\u00f3n de conflictos son trascendentes en las decisiones de los inversores internacionales.\" \/>\n<meta name=\"robots\" content=\"index, follow, max-snippet:-1, max-image-preview:large, max-video-preview:-1\" \/>\n<link rel=\"canonical\" href=\"https:\/\/ciiam.org\/en\/ciam-participa-congreso-espana-mercado-oportunidades\/\" \/>\n<meta property=\"og:locale\" content=\"en_US\" \/>\n<meta property=\"og:type\" content=\"article\" \/>\n<meta property=\"og:title\" content=\"El CIAM participa en &quot;Espa\u00f1a, mercado de Oportunidades&quot;\" \/>\n<meta property=\"og:description\" content=\"La rapidez, seguridad y previsibilidad en la resoluci\u00f3n de conflictos son trascendentes en las decisiones de los inversores internacionales.\" \/>\n<meta property=\"og:url\" content=\"https:\/\/ciiam.org\/en\/ciam-participa-congreso-espana-mercado-oportunidades\/\" \/>\n<meta property=\"og:site_name\" content=\"CIIAM\" \/>\n<meta property=\"article:published_time\" content=\"2023-06-29T09:41:24+00:00\" \/>\n<meta property=\"article:modified_time\" content=\"2023-07-11T12:30:15+00:00\" \/>\n<meta property=\"og:image\" content=\"https:\/\/ciiam.org\/wp-content\/uploads\/2023\/07\/CIAM-23.jpg\" \/>\n\t<meta property=\"og:image:width\" content=\"800\" \/>\n\t<meta property=\"og:image:height\" content=\"533\" \/>\n\t<meta property=\"og:image:type\" content=\"image\/jpeg\" \/>\n<meta name=\"author\" content=\"Ivan\" \/>\n<meta name=\"twitter:card\" content=\"summary_large_image\" \/>\n<meta name=\"twitter:label1\" content=\"Written by\" \/>\n\t<meta name=\"twitter:data1\" content=\"Ivan\" \/>\n\t<meta name=\"twitter:label2\" content=\"Est. reading time\" \/>\n\t<meta name=\"twitter:data2\" content=\"1 minute\" \/>\n<script type=\"application\/ld+json\" class=\"yoast-schema-graph\">{\"@context\":\"https:\\\/\\\/schema.org\",\"@graph\":[{\"@type\":\"Article\",\"@id\":\"https:\\\/\\\/ciiam.org\\\/en\\\/ciam-participa-congreso-espana-mercado-oportunidades\\\/#article\",\"isPartOf\":{\"@id\":\"https:\\\/\\\/ciiam.org\\\/en\\\/ciam-participa-congreso-espana-mercado-oportunidades\\\/\"},\"author\":{\"name\":\"Ivan\",\"@id\":\"https:\\\/\\\/ciiam.org\\\/en\\\/#\\\/schema\\\/person\\\/b60e7c631c415dc1a3eeb7e98ac371e8\"},\"headline\":\"El presidente del CIAM participa en el congreso &#8220;Espa\u00f1a, mercado de Oportunidades&#8221;\",\"datePublished\":\"2023-06-29T09:41:24+00:00\",\"dateModified\":\"2023-07-11T12:30:15+00:00\",\"mainEntityOfPage\":{\"@id\":\"https:\\\/\\\/ciiam.org\\\/en\\\/ciam-participa-congreso-espana-mercado-oportunidades\\\/\"},\"wordCount\":199,\"publisher\":{\"@id\":\"https:\\\/\\\/ciiam.org\\\/en\\\/#organization\"},\"image\":{\"@id\":\"https:\\\/\\\/ciiam.org\\\/en\\\/ciam-participa-congreso-espana-mercado-oportunidades\\\/#primaryimage\"},\"thumbnailUrl\":\"https:\\\/\\\/ciiam.org\\\/wp-content\\\/uploads\\\/2023\\\/07\\\/CIAM-23.jpg\",\"articleSection\":[\"Actualidad\"],\"inLanguage\":\"en-US\"},{\"@type\":\"WebPage\",\"@id\":\"https:\\\/\\\/ciiam.org\\\/en\\\/ciam-participa-congreso-espana-mercado-oportunidades\\\/\",\"url\":\"https:\\\/\\\/ciiam.org\\\/en\\\/ciam-participa-congreso-espana-mercado-oportunidades\\\/\",\"name\":\"El CIAM participa en \\\"Espa\u00f1a, mercado de Oportunidades\\\"\",\"isPartOf\":{\"@id\":\"https:\\\/\\\/ciiam.org\\\/en\\\/#website\"},\"primaryImageOfPage\":{\"@id\":\"https:\\\/\\\/ciiam.org\\\/en\\\/ciam-participa-congreso-espana-mercado-oportunidades\\\/#primaryimage\"},\"image\":{\"@id\":\"https:\\\/\\\/ciiam.org\\\/en\\\/ciam-participa-congreso-espana-mercado-oportunidades\\\/#primaryimage\"},\"thumbnailUrl\":\"https:\\\/\\\/ciiam.org\\\/wp-content\\\/uploads\\\/2023\\\/07\\\/CIAM-23.jpg\",\"datePublished\":\"2023-06-29T09:41:24+00:00\",\"dateModified\":\"2023-07-11T12:30:15+00:00\",\"description\":\"La rapidez, seguridad y previsibilidad en la resoluci\u00f3n de conflictos son trascendentes en las decisiones de los inversores internacionales.\",\"breadcrumb\":{\"@id\":\"https:\\\/\\\/ciiam.org\\\/en\\\/ciam-participa-congreso-espana-mercado-oportunidades\\\/#breadcrumb\"},\"inLanguage\":\"en-US\",\"potentialAction\":[{\"@type\":\"ReadAction\",\"target\":[\"https:\\\/\\\/ciiam.org\\\/en\\\/ciam-participa-congreso-espana-mercado-oportunidades\\\/\"]}]},{\"@type\":\"ImageObject\",\"inLanguage\":\"en-US\",\"@id\":\"https:\\\/\\\/ciiam.org\\\/en\\\/ciam-participa-congreso-espana-mercado-oportunidades\\\/#primaryimage\",\"url\":\"https:\\\/\\\/ciiam.org\\\/wp-content\\\/uploads\\\/2023\\\/07\\\/CIAM-23.jpg\",\"contentUrl\":\"https:\\\/\\\/ciiam.org\\\/wp-content\\\/uploads\\\/2023\\\/07\\\/CIAM-23.jpg\",\"width\":800,\"height\":533,\"caption\":\"El presidente del CIAM participa en el congreso \\\"Espa\u00f1a, mercado de Oportunidades\\\"\"},{\"@type\":\"BreadcrumbList\",\"@id\":\"https:\\\/\\\/ciiam.org\\\/en\\\/ciam-participa-congreso-espana-mercado-oportunidades\\\/#breadcrumb\",\"itemListElement\":[{\"@type\":\"ListItem\",\"position\":1,\"name\":\"CIAM\",\"item\":\"https:\\\/\\\/ciiam.org\\\/en\\\/\"},{\"@type\":\"ListItem\",\"position\":2,\"name\":\"El presidente del CIAM participa en el congreso &#8220;Espa\u00f1a, mercado de Oportunidades&#8221;\"}]},{\"@type\":\"WebSite\",\"@id\":\"https:\\\/\\\/ciiam.org\\\/en\\\/#website\",\"url\":\"https:\\\/\\\/ciiam.org\\\/en\\\/\",\"name\":\"CIIAM\",\"description\":\"Centro Internacional e Iberoamericano de Arbitraje de Madrid\",\"publisher\":{\"@id\":\"https:\\\/\\\/ciiam.org\\\/en\\\/#organization\"},\"potentialAction\":[{\"@type\":\"SearchAction\",\"target\":{\"@type\":\"EntryPoint\",\"urlTemplate\":\"https:\\\/\\\/ciiam.org\\\/en\\\/?s={search_term_string}\"},\"query-input\":{\"@type\":\"PropertyValueSpecification\",\"valueRequired\":true,\"valueName\":\"search_term_string\"}}],\"inLanguage\":\"en-US\"},{\"@type\":\"Organization\",\"@id\":\"https:\\\/\\\/ciiam.org\\\/en\\\/#organization\",\"name\":\"Centro Internacional e Iberoamericano de Arbitraje de Madrid\",\"alternateName\":\"CIIAM\",\"url\":\"https:\\\/\\\/ciiam.org\\\/en\\\/\",\"logo\":{\"@type\":\"ImageObject\",\"inLanguage\":\"en-US\",\"@id\":\"https:\\\/\\\/ciiam.org\\\/en\\\/#\\\/schema\\\/logo\\\/image\\\/\",\"url\":\"https:\\\/\\\/ciiam.org\\\/wp-content\\\/uploads\\\/2026\\\/01\\\/favicon.png\",\"contentUrl\":\"https:\\\/\\\/ciiam.org\\\/wp-content\\\/uploads\\\/2026\\\/01\\\/favicon.png\",\"width\":500,\"height\":500,\"caption\":\"Centro Internacional e Iberoamericano de Arbitraje de Madrid\"},\"image\":{\"@id\":\"https:\\\/\\\/ciiam.org\\\/en\\\/#\\\/schema\\\/logo\\\/image\\\/\"},\"sameAs\":[\"https:\\\/\\\/www.linkedin.com\\\/company\\\/ciam-centro-internacional-arbitraje-madrid?trk=d_public_post_image\",\"https:\\\/\\\/www.youtube.com\\\/channel\\\/UCU2OI7SAQFv5uXAZ4qO4ALg\"]},{\"@type\":\"Person\",\"@id\":\"https:\\\/\\\/ciiam.org\\\/en\\\/#\\\/schema\\\/person\\\/b60e7c631c415dc1a3eeb7e98ac371e8\",\"name\":\"Ivan\",\"image\":{\"@type\":\"ImageObject\",\"inLanguage\":\"en-US\",\"@id\":\"https:\\\/\\\/secure.gravatar.com\\\/avatar\\\/c9c8079d113e4e742a50aee3024dc2534dd8ec4645734068d4a61ef031c587b5?s=96&d=mm&r=g\",\"url\":\"https:\\\/\\\/secure.gravatar.com\\\/avatar\\\/c9c8079d113e4e742a50aee3024dc2534dd8ec4645734068d4a61ef031c587b5?s=96&d=mm&r=g\",\"contentUrl\":\"https:\\\/\\\/secure.gravatar.com\\\/avatar\\\/c9c8079d113e4e742a50aee3024dc2534dd8ec4645734068d4a61ef031c587b5?s=96&d=mm&r=g\",\"caption\":\"Ivan\"},\"url\":\"https:\\\/\\\/ciiam.org\\\/en\\\/author\\\/17ivrom-cmma\\\/\"}]}<\/script>\n<!-- \/ Yoast SEO plugin. -->","yoast_head_json":{"title":"El CIAM participa en \"Espa\u00f1a, mercado de Oportunidades\"","description":"La rapidez, seguridad y previsibilidad en la resoluci\u00f3n de conflictos son trascendentes en las decisiones de los inversores internacionales.","robots":{"index":"index","follow":"follow","max-snippet":"max-snippet:-1","max-image-preview":"max-image-preview:large","max-video-preview":"max-video-preview:-1"},"canonical":"https:\/\/ciiam.org\/en\/ciam-participa-congreso-espana-mercado-oportunidades\/","og_locale":"en_US","og_type":"article","og_title":"El CIAM participa en \"Espa\u00f1a, mercado de Oportunidades\"","og_description":"La rapidez, seguridad y previsibilidad en la resoluci\u00f3n de conflictos son trascendentes en las decisiones de los inversores internacionales.","og_url":"https:\/\/ciiam.org\/en\/ciam-participa-congreso-espana-mercado-oportunidades\/","og_site_name":"CIIAM","article_published_time":"2023-06-29T09:41:24+00:00","article_modified_time":"2023-07-11T12:30:15+00:00","og_image":[{"width":800,"height":533,"url":"https:\/\/ciiam.org\/wp-content\/uploads\/2023\/07\/CIAM-23.jpg","type":"image\/jpeg"}],"author":"Ivan","twitter_card":"summary_large_image","twitter_misc":{"Written by":"Ivan","Est. reading time":"1 minute"},"schema":{"@context":"https:\/\/schema.org","@graph":[{"@type":"Article","@id":"https:\/\/ciiam.org\/en\/ciam-participa-congreso-espana-mercado-oportunidades\/#article","isPartOf":{"@id":"https:\/\/ciiam.org\/en\/ciam-participa-congreso-espana-mercado-oportunidades\/"},"author":{"name":"Ivan","@id":"https:\/\/ciiam.org\/en\/#\/schema\/person\/b60e7c631c415dc1a3eeb7e98ac371e8"},"headline":"El presidente del CIAM participa en el congreso &#8220;Espa\u00f1a, mercado de Oportunidades&#8221;","datePublished":"2023-06-29T09:41:24+00:00","dateModified":"2023-07-11T12:30:15+00:00","mainEntityOfPage":{"@id":"https:\/\/ciiam.org\/en\/ciam-participa-congreso-espana-mercado-oportunidades\/"},"wordCount":199,"publisher":{"@id":"https:\/\/ciiam.org\/en\/#organization"},"image":{"@id":"https:\/\/ciiam.org\/en\/ciam-participa-congreso-espana-mercado-oportunidades\/#primaryimage"},"thumbnailUrl":"https:\/\/ciiam.org\/wp-content\/uploads\/2023\/07\/CIAM-23.jpg","articleSection":["Actualidad"],"inLanguage":"en-US"},{"@type":"WebPage","@id":"https:\/\/ciiam.org\/en\/ciam-participa-congreso-espana-mercado-oportunidades\/","url":"https:\/\/ciiam.org\/en\/ciam-participa-congreso-espana-mercado-oportunidades\/","name":"El CIAM participa en \"Espa\u00f1a, mercado de Oportunidades\"","isPartOf":{"@id":"https:\/\/ciiam.org\/en\/#website"},"primaryImageOfPage":{"@id":"https:\/\/ciiam.org\/en\/ciam-participa-congreso-espana-mercado-oportunidades\/#primaryimage"},"image":{"@id":"https:\/\/ciiam.org\/en\/ciam-participa-congreso-espana-mercado-oportunidades\/#primaryimage"},"thumbnailUrl":"https:\/\/ciiam.org\/wp-content\/uploads\/2023\/07\/CIAM-23.jpg","datePublished":"2023-06-29T09:41:24+00:00","dateModified":"2023-07-11T12:30:15+00:00","description":"La rapidez, seguridad y previsibilidad en la resoluci\u00f3n de conflictos son trascendentes en las decisiones de los inversores internacionales.","breadcrumb":{"@id":"https:\/\/ciiam.org\/en\/ciam-participa-congreso-espana-mercado-oportunidades\/#breadcrumb"},"inLanguage":"en-US","potentialAction":[{"@type":"ReadAction","target":["https:\/\/ciiam.org\/en\/ciam-participa-congreso-espana-mercado-oportunidades\/"]}]},{"@type":"ImageObject","inLanguage":"en-US","@id":"https:\/\/ciiam.org\/en\/ciam-participa-congreso-espana-mercado-oportunidades\/#primaryimage","url":"https:\/\/ciiam.org\/wp-content\/uploads\/2023\/07\/CIAM-23.jpg","contentUrl":"https:\/\/ciiam.org\/wp-content\/uploads\/2023\/07\/CIAM-23.jpg","width":800,"height":533,"caption":"El presidente del CIAM participa en el congreso \"Espa\u00f1a, mercado de Oportunidades\""},{"@type":"BreadcrumbList","@id":"https:\/\/ciiam.org\/en\/ciam-participa-congreso-espana-mercado-oportunidades\/#breadcrumb","itemListElement":[{"@type":"ListItem","position":1,"name":"CIAM","item":"https:\/\/ciiam.org\/en\/"},{"@type":"ListItem","position":2,"name":"El presidente del CIAM participa en el congreso &#8220;Espa\u00f1a, mercado de Oportunidades&#8221;"}]},{"@type":"WebSite","@id":"https:\/\/ciiam.org\/en\/#website","url":"https:\/\/ciiam.org\/en\/","name":"CIIAM","description":"Centro Internacional e Iberoamericano de Arbitraje de Madrid","publisher":{"@id":"https:\/\/ciiam.org\/en\/#organization"},"potentialAction":[{"@type":"SearchAction","target":{"@type":"EntryPoint","urlTemplate":"https:\/\/ciiam.org\/en\/?s={search_term_string}"},"query-input":{"@type":"PropertyValueSpecification","valueRequired":true,"valueName":"search_term_string"}}],"inLanguage":"en-US"},{"@type":"Organization","@id":"https:\/\/ciiam.org\/en\/#organization","name":"Centro Internacional e Iberoamericano de Arbitraje de Madrid","alternateName":"CIIAM","url":"https:\/\/ciiam.org\/en\/","logo":{"@type":"ImageObject","inLanguage":"en-US","@id":"https:\/\/ciiam.org\/en\/#\/schema\/logo\/image\/","url":"https:\/\/ciiam.org\/wp-content\/uploads\/2026\/01\/favicon.png","contentUrl":"https:\/\/ciiam.org\/wp-content\/uploads\/2026\/01\/favicon.png","width":500,"height":500,"caption":"Centro Internacional e Iberoamericano de Arbitraje de Madrid"},"image":{"@id":"https:\/\/ciiam.org\/en\/#\/schema\/logo\/image\/"},"sameAs":["https:\/\/www.linkedin.com\/company\/ciam-centro-internacional-arbitraje-madrid?trk=d_public_post_image","https:\/\/www.youtube.com\/channel\/UCU2OI7SAQFv5uXAZ4qO4ALg"]},{"@type":"Person","@id":"https:\/\/ciiam.org\/en\/#\/schema\/person\/b60e7c631c415dc1a3eeb7e98ac371e8","name":"Ivan","image":{"@type":"ImageObject","inLanguage":"en-US","@id":"https:\/\/secure.gravatar.com\/avatar\/c9c8079d113e4e742a50aee3024dc2534dd8ec4645734068d4a61ef031c587b5?s=96&d=mm&r=g","url":"https:\/\/secure.gravatar.com\/avatar\/c9c8079d113e4e742a50aee3024dc2534dd8ec4645734068d4a61ef031c587b5?s=96&d=mm&r=g","contentUrl":"https:\/\/secure.gravatar.com\/avatar\/c9c8079d113e4e742a50aee3024dc2534dd8ec4645734068d4a61ef031c587b5?s=96&d=mm&r=g","caption":"Ivan"},"url":"https:\/\/ciiam.org\/en\/author\/17ivrom-cmma\/"}]}},"_links":{"self":[{"href":"https:\/\/ciiam.org\/en\/wp-json\/wp\/v2\/posts\/18779","targetHints":{"allow":["GET"]}}],"collection":[{"href":"https:\/\/ciiam.org\/en\/wp-json\/wp\/v2\/posts"}],"about":[{"href":"https:\/\/ciiam.org\/en\/wp-json\/wp\/v2\/types\/post"}],"author":[{"embeddable":true,"href":"https:\/\/ciiam.org\/en\/wp-json\/wp\/v2\/users\/14"}],"replies":[{"embeddable":true,"href":"https:\/\/ciiam.org\/en\/wp-json\/wp\/v2\/comments?post=18779"}],"version-history":[{"count":1,"href":"https:\/\/ciiam.org\/en\/wp-json\/wp\/v2\/posts\/18779\/revisions"}],"predecessor-version":[{"id":18784,"href":"https:\/\/ciiam.org\/en\/wp-json\/wp\/v2\/posts\/18779\/revisions\/18784"}],"wp:featuredmedia":[{"embeddable":true,"href":"https:\/\/ciiam.org\/en\/wp-json\/wp\/v2\/media\/18780"}],"wp:attachment":[{"href":"https:\/\/ciiam.org\/en\/wp-json\/wp\/v2\/media?parent=18779"}],"wp:term":[{"taxonomy":"category","embeddable":true,"href":"https:\/\/ciiam.org\/en\/wp-json\/wp\/v2\/categories?post=18779"},{"taxonomy":"post_tag","embeddable":true,"href":"https:\/\/ciiam.org\/en\/wp-json\/wp\/v2\/tags?post=18779"}],"curies":[{"name":"wp","href":"https:\/\/api.w.org\/{rel}","templated":true}]}}