{"id":18795,"date":"2023-07-06T08:59:27","date_gmt":"2023-07-06T08:59:27","guid":{"rendered":"https:\/\/ciiam.org\/?p=18795"},"modified":"2023-07-11T12:30:14","modified_gmt":"2023-07-11T12:30:14","slug":"jose-maria-alonso-interviene-primer-encuentro-nacional-arbitraje-chile","status":"publish","type":"post","link":"https:\/\/ciiam.org\/en\/jose-maria-alonso-interviene-primer-encuentro-nacional-arbitraje-chile\/","title":{"rendered":"Jos\u00e9 Mar\u00eda Alonso interviene en el primer &#8220;Encuentro Nacional de Arbitraje&#8221; de Chile"},"content":{"rendered":"<p>El presidente del CIAM, Jos\u00e9 Mar\u00eda Alonso, ha participado en el primer \u201cEncuentro Nacional de Arbitraje 2023\u201d de Chile organizado por la C\u00e1mara de Comercio de Santiago (CCS) y el Centro de Arbitraje y Mediaci\u00f3n Santiago (CAM Santiago).<\/p>\n<p>Jos\u00e9 Mar\u00eda Alonso tuvo la oportunidad de compartir, ante un p\u00fablico de 300 profesionales de la comunidad jur\u00eddica arbitral, los desaf\u00edos de los arbitrajes comerciales internacionales en espa\u00f1ol y su evoluci\u00f3n en la jurisprudencia europea. Tambi\u00e9n se\u00f1al\u00f3 que tanto el CIAM como el CAM Santiago deben aspirar a tener un papel todav\u00eda m\u00e1s significativo en la resoluci\u00f3n de disputas empresariales.<\/p>\n<p>Macarena Letelier y a Manuel Jos\u00e9 Vial Vial, la directora ejecutiva y el presidente del CAM Santiago, as\u00ed como a Maria Teresa Vial, presidenta de la CCS, hicieron posible la celebraci\u00f3n de este encuentro.<\/p>\n","protected":false},"excerpt":{"rendered":"<p>El presidente del CIAM, Jos\u00e9 Mar\u00eda Alonso, ha participado en el primer \u201cEncuentro Nacional de Arbitraje 2023\u201d de Chile organizado por la C\u00e1mara de Comercio de Santiago (CCS) y el Centro de Arbitraje y Mediaci\u00f3n Santiago (CAM Santiago). Jos\u00e9 Mar\u00eda Alonso tuvo la oportunidad de compartir, ante un p\u00fablico de 300 profesionales de la comunidad [&hellip;]<\/p>\n","protected":false},"author":14,"featured_media":18816,"comment_status":"closed","ping_status":"closed","sticky":false,"template":"","format":"standard","meta":{"footnotes":""},"categories":[17],"tags":[],"class_list":["post-18795","post","type-post","status-publish","format-standard","has-post-thumbnail","hentry","category-actualidad"],"yoast_head":"<!-- This site is optimized with the Yoast SEO plugin v27.3 - https:\/\/yoast.com\/product\/yoast-seo-wordpress\/ -->\n<title>Jos\u00e9 Mar\u00eda Alonso interviene en el Encuentro Nacional de Arbitraje<\/title>\n<meta name=\"description\" content=\"Jos\u00e9 Mar\u00eda Alonso, presidente del CIAM, ha participado en el primer \u201cEncuentro Nacional de Arbitraje 2023\u201d de Chile\" \/>\n<meta name=\"robots\" content=\"index, follow, max-snippet:-1, max-image-preview:large, max-video-preview:-1\" \/>\n<link rel=\"canonical\" href=\"https:\/\/ciiam.org\/en\/jose-maria-alonso-interviene-primer-encuentro-nacional-arbitraje-chile\/\" \/>\n<meta property=\"og:locale\" content=\"en_US\" \/>\n<meta property=\"og:type\" content=\"article\" \/>\n<meta property=\"og:title\" content=\"Jos\u00e9 Mar\u00eda Alonso interviene en el Encuentro Nacional de Arbitraje\" \/>\n<meta property=\"og:description\" content=\"Jos\u00e9 Mar\u00eda Alonso, presidente del CIAM, ha participado en el primer \u201cEncuentro Nacional de Arbitraje 2023\u201d de Chile\" \/>\n<meta property=\"og:url\" content=\"https:\/\/ciiam.org\/en\/jose-maria-alonso-interviene-primer-encuentro-nacional-arbitraje-chile\/\" \/>\n<meta property=\"og:site_name\" content=\"CIIAM\" \/>\n<meta property=\"article:published_time\" content=\"2023-07-06T08:59:27+00:00\" \/>\n<meta property=\"article:modified_time\" content=\"2023-07-11T12:30:14+00:00\" \/>\n<meta property=\"og:image\" content=\"https:\/\/ciiam.org\/wp-content\/uploads\/2023\/07\/CIAM-26.jpg\" \/>\n\t<meta property=\"og:image:width\" content=\"2048\" \/>\n\t<meta property=\"og:image:height\" content=\"1366\" \/>\n\t<meta property=\"og:image:type\" content=\"image\/jpeg\" \/>\n<meta name=\"author\" content=\"Ivan\" \/>\n<meta name=\"twitter:card\" content=\"summary_large_image\" \/>\n<meta name=\"twitter:label1\" content=\"Written by\" \/>\n\t<meta name=\"twitter:data1\" content=\"Ivan\" \/>\n\t<meta name=\"twitter:label2\" content=\"Est. reading time\" \/>\n\t<meta name=\"twitter:data2\" content=\"1 minute\" \/>\n<script type=\"application\/ld+json\" class=\"yoast-schema-graph\">{\"@context\":\"https:\\\/\\\/schema.org\",\"@graph\":[{\"@type\":\"Article\",\"@id\":\"https:\\\/\\\/ciiam.org\\\/en\\\/jose-maria-alonso-interviene-primer-encuentro-nacional-arbitraje-chile\\\/#article\",\"isPartOf\":{\"@id\":\"https:\\\/\\\/ciiam.org\\\/en\\\/jose-maria-alonso-interviene-primer-encuentro-nacional-arbitraje-chile\\\/\"},\"author\":{\"name\":\"Ivan\",\"@id\":\"https:\\\/\\\/ciiam.org\\\/en\\\/#\\\/schema\\\/person\\\/b60e7c631c415dc1a3eeb7e98ac371e8\"},\"headline\":\"Jos\u00e9 Mar\u00eda Alonso interviene en el primer &#8220;Encuentro Nacional de Arbitraje&#8221; de Chile\",\"datePublished\":\"2023-07-06T08:59:27+00:00\",\"dateModified\":\"2023-07-11T12:30:14+00:00\",\"mainEntityOfPage\":{\"@id\":\"https:\\\/\\\/ciiam.org\\\/en\\\/jose-maria-alonso-interviene-primer-encuentro-nacional-arbitraje-chile\\\/\"},\"wordCount\":159,\"publisher\":{\"@id\":\"https:\\\/\\\/ciiam.org\\\/en\\\/#organization\"},\"image\":{\"@id\":\"https:\\\/\\\/ciiam.org\\\/en\\\/jose-maria-alonso-interviene-primer-encuentro-nacional-arbitraje-chile\\\/#primaryimage\"},\"thumbnailUrl\":\"https:\\\/\\\/ciiam.org\\\/wp-content\\\/uploads\\\/2023\\\/07\\\/CIAM-26.jpg\",\"articleSection\":[\"Actualidad\"],\"inLanguage\":\"en-US\"},{\"@type\":\"WebPage\",\"@id\":\"https:\\\/\\\/ciiam.org\\\/en\\\/jose-maria-alonso-interviene-primer-encuentro-nacional-arbitraje-chile\\\/\",\"url\":\"https:\\\/\\\/ciiam.org\\\/en\\\/jose-maria-alonso-interviene-primer-encuentro-nacional-arbitraje-chile\\\/\",\"name\":\"Jos\u00e9 Mar\u00eda Alonso interviene en el Encuentro Nacional de Arbitraje\",\"isPartOf\":{\"@id\":\"https:\\\/\\\/ciiam.org\\\/en\\\/#website\"},\"primaryImageOfPage\":{\"@id\":\"https:\\\/\\\/ciiam.org\\\/en\\\/jose-maria-alonso-interviene-primer-encuentro-nacional-arbitraje-chile\\\/#primaryimage\"},\"image\":{\"@id\":\"https:\\\/\\\/ciiam.org\\\/en\\\/jose-maria-alonso-interviene-primer-encuentro-nacional-arbitraje-chile\\\/#primaryimage\"},\"thumbnailUrl\":\"https:\\\/\\\/ciiam.org\\\/wp-content\\\/uploads\\\/2023\\\/07\\\/CIAM-26.jpg\",\"datePublished\":\"2023-07-06T08:59:27+00:00\",\"dateModified\":\"2023-07-11T12:30:14+00:00\",\"description\":\"Jos\u00e9 Mar\u00eda Alonso, presidente del CIAM, ha participado en el primer \u201cEncuentro Nacional de Arbitraje 2023\u201d de Chile\",\"breadcrumb\":{\"@id\":\"https:\\\/\\\/ciiam.org\\\/en\\\/jose-maria-alonso-interviene-primer-encuentro-nacional-arbitraje-chile\\\/#breadcrumb\"},\"inLanguage\":\"en-US\",\"potentialAction\":[{\"@type\":\"ReadAction\",\"target\":[\"https:\\\/\\\/ciiam.org\\\/en\\\/jose-maria-alonso-interviene-primer-encuentro-nacional-arbitraje-chile\\\/\"]}]},{\"@type\":\"ImageObject\",\"inLanguage\":\"en-US\",\"@id\":\"https:\\\/\\\/ciiam.org\\\/en\\\/jose-maria-alonso-interviene-primer-encuentro-nacional-arbitraje-chile\\\/#primaryimage\",\"url\":\"https:\\\/\\\/ciiam.org\\\/wp-content\\\/uploads\\\/2023\\\/07\\\/CIAM-26.jpg\",\"contentUrl\":\"https:\\\/\\\/ciiam.org\\\/wp-content\\\/uploads\\\/2023\\\/07\\\/CIAM-26.jpg\",\"width\":2048,\"height\":1366,\"caption\":\"Jos\u00e9 Mar\u00eda Alonso interviene en el primer \\\"Encuentro Nacional de Arbitraje\\\" de Chile\"},{\"@type\":\"BreadcrumbList\",\"@id\":\"https:\\\/\\\/ciiam.org\\\/en\\\/jose-maria-alonso-interviene-primer-encuentro-nacional-arbitraje-chile\\\/#breadcrumb\",\"itemListElement\":[{\"@type\":\"ListItem\",\"position\":1,\"name\":\"CIAM\",\"item\":\"https:\\\/\\\/ciiam.org\\\/en\\\/\"},{\"@type\":\"ListItem\",\"position\":2,\"name\":\"Jos\u00e9 Mar\u00eda Alonso interviene en el primer \u00abEncuentro Nacional de Arbitraje\u00bb de Chile\"}]},{\"@type\":\"WebSite\",\"@id\":\"https:\\\/\\\/ciiam.org\\\/en\\\/#website\",\"url\":\"https:\\\/\\\/ciiam.org\\\/en\\\/\",\"name\":\"CIIAM\",\"description\":\"Centro Internacional e Iberoamericano de Arbitraje de Madrid\",\"publisher\":{\"@id\":\"https:\\\/\\\/ciiam.org\\\/en\\\/#organization\"},\"potentialAction\":[{\"@type\":\"SearchAction\",\"target\":{\"@type\":\"EntryPoint\",\"urlTemplate\":\"https:\\\/\\\/ciiam.org\\\/en\\\/?s={search_term_string}\"},\"query-input\":{\"@type\":\"PropertyValueSpecification\",\"valueRequired\":true,\"valueName\":\"search_term_string\"}}],\"inLanguage\":\"en-US\"},{\"@type\":\"Organization\",\"@id\":\"https:\\\/\\\/ciiam.org\\\/en\\\/#organization\",\"name\":\"Centro Internacional e Iberoamericano de Arbitraje de Madrid\",\"alternateName\":\"CIIAM\",\"url\":\"https:\\\/\\\/ciiam.org\\\/en\\\/\",\"logo\":{\"@type\":\"ImageObject\",\"inLanguage\":\"en-US\",\"@id\":\"https:\\\/\\\/ciiam.org\\\/en\\\/#\\\/schema\\\/logo\\\/image\\\/\",\"url\":\"https:\\\/\\\/ciiam.org\\\/wp-content\\\/uploads\\\/2026\\\/01\\\/favicon.png\",\"contentUrl\":\"https:\\\/\\\/ciiam.org\\\/wp-content\\\/uploads\\\/2026\\\/01\\\/favicon.png\",\"width\":500,\"height\":500,\"caption\":\"Centro Internacional e Iberoamericano de Arbitraje de Madrid\"},\"image\":{\"@id\":\"https:\\\/\\\/ciiam.org\\\/en\\\/#\\\/schema\\\/logo\\\/image\\\/\"},\"sameAs\":[\"https:\\\/\\\/www.linkedin.com\\\/company\\\/ciam-centro-internacional-arbitraje-madrid?trk=d_public_post_image\",\"https:\\\/\\\/www.youtube.com\\\/channel\\\/UCU2OI7SAQFv5uXAZ4qO4ALg\"]},{\"@type\":\"Person\",\"@id\":\"https:\\\/\\\/ciiam.org\\\/en\\\/#\\\/schema\\\/person\\\/b60e7c631c415dc1a3eeb7e98ac371e8\",\"name\":\"Ivan\",\"image\":{\"@type\":\"ImageObject\",\"inLanguage\":\"en-US\",\"@id\":\"https:\\\/\\\/secure.gravatar.com\\\/avatar\\\/c9c8079d113e4e742a50aee3024dc2534dd8ec4645734068d4a61ef031c587b5?s=96&d=mm&r=g\",\"url\":\"https:\\\/\\\/secure.gravatar.com\\\/avatar\\\/c9c8079d113e4e742a50aee3024dc2534dd8ec4645734068d4a61ef031c587b5?s=96&d=mm&r=g\",\"contentUrl\":\"https:\\\/\\\/secure.gravatar.com\\\/avatar\\\/c9c8079d113e4e742a50aee3024dc2534dd8ec4645734068d4a61ef031c587b5?s=96&d=mm&r=g\",\"caption\":\"Ivan\"},\"url\":\"https:\\\/\\\/ciiam.org\\\/en\\\/author\\\/17ivrom-cmma\\\/\"}]}<\/script>\n<!-- \/ Yoast SEO plugin. -->","yoast_head_json":{"title":"Jos\u00e9 Mar\u00eda Alonso interviene en el Encuentro Nacional de Arbitraje","description":"Jos\u00e9 Mar\u00eda Alonso, presidente del CIAM, ha participado en el primer \u201cEncuentro Nacional de Arbitraje 2023\u201d de Chile","robots":{"index":"index","follow":"follow","max-snippet":"max-snippet:-1","max-image-preview":"max-image-preview:large","max-video-preview":"max-video-preview:-1"},"canonical":"https:\/\/ciiam.org\/en\/jose-maria-alonso-interviene-primer-encuentro-nacional-arbitraje-chile\/","og_locale":"en_US","og_type":"article","og_title":"Jos\u00e9 Mar\u00eda Alonso interviene en el Encuentro Nacional de Arbitraje","og_description":"Jos\u00e9 Mar\u00eda Alonso, presidente del CIAM, ha participado en el primer \u201cEncuentro Nacional de Arbitraje 2023\u201d de Chile","og_url":"https:\/\/ciiam.org\/en\/jose-maria-alonso-interviene-primer-encuentro-nacional-arbitraje-chile\/","og_site_name":"CIIAM","article_published_time":"2023-07-06T08:59:27+00:00","article_modified_time":"2023-07-11T12:30:14+00:00","og_image":[{"width":2048,"height":1366,"url":"https:\/\/ciiam.org\/wp-content\/uploads\/2023\/07\/CIAM-26.jpg","type":"image\/jpeg"}],"author":"Ivan","twitter_card":"summary_large_image","twitter_misc":{"Written by":"Ivan","Est. reading time":"1 minute"},"schema":{"@context":"https:\/\/schema.org","@graph":[{"@type":"Article","@id":"https:\/\/ciiam.org\/en\/jose-maria-alonso-interviene-primer-encuentro-nacional-arbitraje-chile\/#article","isPartOf":{"@id":"https:\/\/ciiam.org\/en\/jose-maria-alonso-interviene-primer-encuentro-nacional-arbitraje-chile\/"},"author":{"name":"Ivan","@id":"https:\/\/ciiam.org\/en\/#\/schema\/person\/b60e7c631c415dc1a3eeb7e98ac371e8"},"headline":"Jos\u00e9 Mar\u00eda Alonso interviene en el primer &#8220;Encuentro Nacional de Arbitraje&#8221; de Chile","datePublished":"2023-07-06T08:59:27+00:00","dateModified":"2023-07-11T12:30:14+00:00","mainEntityOfPage":{"@id":"https:\/\/ciiam.org\/en\/jose-maria-alonso-interviene-primer-encuentro-nacional-arbitraje-chile\/"},"wordCount":159,"publisher":{"@id":"https:\/\/ciiam.org\/en\/#organization"},"image":{"@id":"https:\/\/ciiam.org\/en\/jose-maria-alonso-interviene-primer-encuentro-nacional-arbitraje-chile\/#primaryimage"},"thumbnailUrl":"https:\/\/ciiam.org\/wp-content\/uploads\/2023\/07\/CIAM-26.jpg","articleSection":["Actualidad"],"inLanguage":"en-US"},{"@type":"WebPage","@id":"https:\/\/ciiam.org\/en\/jose-maria-alonso-interviene-primer-encuentro-nacional-arbitraje-chile\/","url":"https:\/\/ciiam.org\/en\/jose-maria-alonso-interviene-primer-encuentro-nacional-arbitraje-chile\/","name":"Jos\u00e9 Mar\u00eda Alonso interviene en el Encuentro Nacional de Arbitraje","isPartOf":{"@id":"https:\/\/ciiam.org\/en\/#website"},"primaryImageOfPage":{"@id":"https:\/\/ciiam.org\/en\/jose-maria-alonso-interviene-primer-encuentro-nacional-arbitraje-chile\/#primaryimage"},"image":{"@id":"https:\/\/ciiam.org\/en\/jose-maria-alonso-interviene-primer-encuentro-nacional-arbitraje-chile\/#primaryimage"},"thumbnailUrl":"https:\/\/ciiam.org\/wp-content\/uploads\/2023\/07\/CIAM-26.jpg","datePublished":"2023-07-06T08:59:27+00:00","dateModified":"2023-07-11T12:30:14+00:00","description":"Jos\u00e9 Mar\u00eda Alonso, presidente del CIAM, ha participado en el primer \u201cEncuentro Nacional de Arbitraje 2023\u201d de Chile","breadcrumb":{"@id":"https:\/\/ciiam.org\/en\/jose-maria-alonso-interviene-primer-encuentro-nacional-arbitraje-chile\/#breadcrumb"},"inLanguage":"en-US","potentialAction":[{"@type":"ReadAction","target":["https:\/\/ciiam.org\/en\/jose-maria-alonso-interviene-primer-encuentro-nacional-arbitraje-chile\/"]}]},{"@type":"ImageObject","inLanguage":"en-US","@id":"https:\/\/ciiam.org\/en\/jose-maria-alonso-interviene-primer-encuentro-nacional-arbitraje-chile\/#primaryimage","url":"https:\/\/ciiam.org\/wp-content\/uploads\/2023\/07\/CIAM-26.jpg","contentUrl":"https:\/\/ciiam.org\/wp-content\/uploads\/2023\/07\/CIAM-26.jpg","width":2048,"height":1366,"caption":"Jos\u00e9 Mar\u00eda Alonso interviene en el primer \"Encuentro Nacional de Arbitraje\" de Chile"},{"@type":"BreadcrumbList","@id":"https:\/\/ciiam.org\/en\/jose-maria-alonso-interviene-primer-encuentro-nacional-arbitraje-chile\/#breadcrumb","itemListElement":[{"@type":"ListItem","position":1,"name":"CIAM","item":"https:\/\/ciiam.org\/en\/"},{"@type":"ListItem","position":2,"name":"Jos\u00e9 Mar\u00eda Alonso interviene en el primer \u00abEncuentro Nacional de Arbitraje\u00bb de Chile"}]},{"@type":"WebSite","@id":"https:\/\/ciiam.org\/en\/#website","url":"https:\/\/ciiam.org\/en\/","name":"CIIAM","description":"Centro Internacional e Iberoamericano de Arbitraje de Madrid","publisher":{"@id":"https:\/\/ciiam.org\/en\/#organization"},"potentialAction":[{"@type":"SearchAction","target":{"@type":"EntryPoint","urlTemplate":"https:\/\/ciiam.org\/en\/?s={search_term_string}"},"query-input":{"@type":"PropertyValueSpecification","valueRequired":true,"valueName":"search_term_string"}}],"inLanguage":"en-US"},{"@type":"Organization","@id":"https:\/\/ciiam.org\/en\/#organization","name":"Centro Internacional e Iberoamericano de Arbitraje de Madrid","alternateName":"CIIAM","url":"https:\/\/ciiam.org\/en\/","logo":{"@type":"ImageObject","inLanguage":"en-US","@id":"https:\/\/ciiam.org\/en\/#\/schema\/logo\/image\/","url":"https:\/\/ciiam.org\/wp-content\/uploads\/2026\/01\/favicon.png","contentUrl":"https:\/\/ciiam.org\/wp-content\/uploads\/2026\/01\/favicon.png","width":500,"height":500,"caption":"Centro Internacional e Iberoamericano de Arbitraje de Madrid"},"image":{"@id":"https:\/\/ciiam.org\/en\/#\/schema\/logo\/image\/"},"sameAs":["https:\/\/www.linkedin.com\/company\/ciam-centro-internacional-arbitraje-madrid?trk=d_public_post_image","https:\/\/www.youtube.com\/channel\/UCU2OI7SAQFv5uXAZ4qO4ALg"]},{"@type":"Person","@id":"https:\/\/ciiam.org\/en\/#\/schema\/person\/b60e7c631c415dc1a3eeb7e98ac371e8","name":"Ivan","image":{"@type":"ImageObject","inLanguage":"en-US","@id":"https:\/\/secure.gravatar.com\/avatar\/c9c8079d113e4e742a50aee3024dc2534dd8ec4645734068d4a61ef031c587b5?s=96&d=mm&r=g","url":"https:\/\/secure.gravatar.com\/avatar\/c9c8079d113e4e742a50aee3024dc2534dd8ec4645734068d4a61ef031c587b5?s=96&d=mm&r=g","contentUrl":"https:\/\/secure.gravatar.com\/avatar\/c9c8079d113e4e742a50aee3024dc2534dd8ec4645734068d4a61ef031c587b5?s=96&d=mm&r=g","caption":"Ivan"},"url":"https:\/\/ciiam.org\/en\/author\/17ivrom-cmma\/"}]}},"_links":{"self":[{"href":"https:\/\/ciiam.org\/en\/wp-json\/wp\/v2\/posts\/18795","targetHints":{"allow":["GET"]}}],"collection":[{"href":"https:\/\/ciiam.org\/en\/wp-json\/wp\/v2\/posts"}],"about":[{"href":"https:\/\/ciiam.org\/en\/wp-json\/wp\/v2\/types\/post"}],"author":[{"embeddable":true,"href":"https:\/\/ciiam.org\/en\/wp-json\/wp\/v2\/users\/14"}],"replies":[{"embeddable":true,"href":"https:\/\/ciiam.org\/en\/wp-json\/wp\/v2\/comments?post=18795"}],"version-history":[{"count":1,"href":"https:\/\/ciiam.org\/en\/wp-json\/wp\/v2\/posts\/18795\/revisions"}],"predecessor-version":[{"id":18820,"href":"https:\/\/ciiam.org\/en\/wp-json\/wp\/v2\/posts\/18795\/revisions\/18820"}],"wp:featuredmedia":[{"embeddable":true,"href":"https:\/\/ciiam.org\/en\/wp-json\/wp\/v2\/media\/18816"}],"wp:attachment":[{"href":"https:\/\/ciiam.org\/en\/wp-json\/wp\/v2\/media?parent=18795"}],"wp:term":[{"taxonomy":"category","embeddable":true,"href":"https:\/\/ciiam.org\/en\/wp-json\/wp\/v2\/categories?post=18795"},{"taxonomy":"post_tag","embeddable":true,"href":"https:\/\/ciiam.org\/en\/wp-json\/wp\/v2\/tags?post=18795"}],"curies":[{"name":"wp","href":"https:\/\/api.w.org\/{rel}","templated":true}]}}