{"id":19874,"date":"2023-08-30T09:24:41","date_gmt":"2023-08-30T09:24:41","guid":{"rendered":"https:\/\/ciiam.org\/?p=19874"},"modified":"2023-08-30T09:25:29","modified_gmt":"2023-08-30T09:25:29","slug":"jose-maria-alonso-ciam-un-gran-paso-adelante-del-arbitraje-iberoamericano","status":"publish","type":"post","link":"https:\/\/ciiam.org\/en\/jose-maria-alonso-ciam-un-gran-paso-adelante-del-arbitraje-iberoamericano\/","title":{"rendered":"Jos\u00e9 Mar\u00eda Alonso: \u201cCIAM, un gran paso adelante del arbitraje iberoamericano\u201d"},"content":{"rendered":"<p>El presidente del CIAM, Jos\u00e9 Mar\u00eda Alonso, ha asegurado en una tribuna para Cinco D\u00edas que \u201cel arbitraje en Iberoam\u00e9rica tiene ya a sus espaldas un recorrido, experiencia y trayectoria de reputaci\u00f3n consolidada tanto en el \u00e1mbito dom\u00e9stico como en el internacional\u201d.<\/p>\n<p>En este caso de \u00e9xito ha tenido mucha relevancia el\u00a0CIAM (Centro Internacional de Arbitraje de Madrid)\u00a0, seg\u00fan ha expuesto Alonso, ya que desde su nacimiento ha ofrecido un \u201cservicio independiente, transparente y eficiente de administraci\u00f3n de procedimientos arbitrales internacionales de modo presencial y virtual y con especial vocaci\u00f3n en Iberoam\u00e9rica\u201d, lo que ha ayudado a consolidar el arbitraje en espa\u00f1ol en el \u00e1mbito internacional.<\/p>\n<p>Lee la tribuna completa en este <a href=\"https:\/\/cincodias.elpais.com\/cincodias\/2023\/08\/02\/legal\/1690963997_345218.html\">enlace<\/a>.<\/p>\n","protected":false},"excerpt":{"rendered":"<p>El presidente del CIAM, Jos\u00e9 Mar\u00eda Alonso, ha asegurado en una tribuna para Cinco D\u00edas que \u201cel arbitraje en Iberoam\u00e9rica tiene ya a sus espaldas un recorrido, experiencia y trayectoria de reputaci\u00f3n consolidada tanto en el \u00e1mbito dom\u00e9stico como en el internacional\u201d. En este caso de \u00e9xito ha tenido mucha relevancia el\u00a0CIAM (Centro Internacional de [&hellip;]<\/p>\n","protected":false},"author":14,"featured_media":19877,"comment_status":"closed","ping_status":"open","sticky":false,"template":"","format":"standard","meta":{"footnotes":""},"categories":[17,97],"tags":[],"class_list":["post-19874","post","type-post","status-publish","format-standard","has-post-thumbnail","hentry","category-actualidad","category-historico-publicaciones"],"yoast_head":"<!-- This site is optimized with the Yoast SEO plugin v27.3 - https:\/\/yoast.com\/product\/yoast-seo-wordpress\/ -->\n<title>Jos\u00e9 Mar\u00eda Alonso: \u201cCIAM, un gran paso adelante del arbitraje iberoamericano\u201d<\/title>\n<meta name=\"description\" content=\"El presidente del CIAM ha asegurado que \u201cel arbitraje en Iberoam\u00e9rica tiene ya un recorrido, experiencia y trayectoria de reputaci\u00f3n&quot;\" \/>\n<meta name=\"robots\" content=\"index, follow, max-snippet:-1, max-image-preview:large, max-video-preview:-1\" \/>\n<link rel=\"canonical\" href=\"https:\/\/ciiam.org\/en\/jose-maria-alonso-ciam-un-gran-paso-adelante-del-arbitraje-iberoamericano\/\" \/>\n<meta property=\"og:locale\" content=\"en_US\" \/>\n<meta property=\"og:type\" content=\"article\" \/>\n<meta property=\"og:title\" content=\"Jos\u00e9 Mar\u00eda Alonso: \u201cCIAM, un gran paso adelante del arbitraje iberoamericano\u201d\" \/>\n<meta property=\"og:description\" content=\"El presidente del CIAM ha asegurado que \u201cel arbitraje en Iberoam\u00e9rica tiene ya un recorrido, experiencia y trayectoria de reputaci\u00f3n&quot;\" \/>\n<meta property=\"og:url\" content=\"https:\/\/ciiam.org\/en\/jose-maria-alonso-ciam-un-gran-paso-adelante-del-arbitraje-iberoamericano\/\" \/>\n<meta property=\"og:site_name\" content=\"CIIAM\" \/>\n<meta property=\"article:published_time\" content=\"2023-08-30T09:24:41+00:00\" \/>\n<meta property=\"article:modified_time\" content=\"2023-08-30T09:25:29+00:00\" \/>\n<meta property=\"og:image\" content=\"https:\/\/ciiam.org\/wp-content\/uploads\/2023\/08\/Jose-Maria-Alonso__-1-scaled.jpg\" \/>\n\t<meta property=\"og:image:width\" content=\"2560\" \/>\n\t<meta property=\"og:image:height\" content=\"1587\" \/>\n\t<meta property=\"og:image:type\" content=\"image\/jpeg\" \/>\n<meta name=\"author\" content=\"Ivan\" \/>\n<meta name=\"twitter:card\" content=\"summary_large_image\" \/>\n<meta name=\"twitter:label1\" content=\"Written by\" \/>\n\t<meta name=\"twitter:data1\" content=\"Ivan\" \/>\n\t<meta name=\"twitter:label2\" content=\"Est. reading time\" \/>\n\t<meta name=\"twitter:data2\" content=\"1 minute\" \/>\n<script type=\"application\/ld+json\" class=\"yoast-schema-graph\">{\"@context\":\"https:\\\/\\\/schema.org\",\"@graph\":[{\"@type\":\"Article\",\"@id\":\"https:\\\/\\\/ciiam.org\\\/en\\\/jose-maria-alonso-ciam-un-gran-paso-adelante-del-arbitraje-iberoamericano\\\/#article\",\"isPartOf\":{\"@id\":\"https:\\\/\\\/ciiam.org\\\/en\\\/jose-maria-alonso-ciam-un-gran-paso-adelante-del-arbitraje-iberoamericano\\\/\"},\"author\":{\"name\":\"Ivan\",\"@id\":\"https:\\\/\\\/ciiam.org\\\/en\\\/#\\\/schema\\\/person\\\/b60e7c631c415dc1a3eeb7e98ac371e8\"},\"headline\":\"Jos\u00e9 Mar\u00eda Alonso: \u201cCIAM, un gran paso adelante del arbitraje iberoamericano\u201d\",\"datePublished\":\"2023-08-30T09:24:41+00:00\",\"dateModified\":\"2023-08-30T09:25:29+00:00\",\"mainEntityOfPage\":{\"@id\":\"https:\\\/\\\/ciiam.org\\\/en\\\/jose-maria-alonso-ciam-un-gran-paso-adelante-del-arbitraje-iberoamericano\\\/\"},\"wordCount\":136,\"publisher\":{\"@id\":\"https:\\\/\\\/ciiam.org\\\/en\\\/#organization\"},\"image\":{\"@id\":\"https:\\\/\\\/ciiam.org\\\/en\\\/jose-maria-alonso-ciam-un-gran-paso-adelante-del-arbitraje-iberoamericano\\\/#primaryimage\"},\"thumbnailUrl\":\"https:\\\/\\\/ciiam.org\\\/wp-content\\\/uploads\\\/2023\\\/08\\\/Jose-Maria-Alonso__-1-scaled.jpg\",\"articleSection\":[\"Actualidad\",\"Hist\u00f3rico publicaciones\"],\"inLanguage\":\"en-US\"},{\"@type\":\"WebPage\",\"@id\":\"https:\\\/\\\/ciiam.org\\\/en\\\/jose-maria-alonso-ciam-un-gran-paso-adelante-del-arbitraje-iberoamericano\\\/\",\"url\":\"https:\\\/\\\/ciiam.org\\\/en\\\/jose-maria-alonso-ciam-un-gran-paso-adelante-del-arbitraje-iberoamericano\\\/\",\"name\":\"Jos\u00e9 Mar\u00eda Alonso: \u201cCIAM, un gran paso adelante del arbitraje iberoamericano\u201d\",\"isPartOf\":{\"@id\":\"https:\\\/\\\/ciiam.org\\\/en\\\/#website\"},\"primaryImageOfPage\":{\"@id\":\"https:\\\/\\\/ciiam.org\\\/en\\\/jose-maria-alonso-ciam-un-gran-paso-adelante-del-arbitraje-iberoamericano\\\/#primaryimage\"},\"image\":{\"@id\":\"https:\\\/\\\/ciiam.org\\\/en\\\/jose-maria-alonso-ciam-un-gran-paso-adelante-del-arbitraje-iberoamericano\\\/#primaryimage\"},\"thumbnailUrl\":\"https:\\\/\\\/ciiam.org\\\/wp-content\\\/uploads\\\/2023\\\/08\\\/Jose-Maria-Alonso__-1-scaled.jpg\",\"datePublished\":\"2023-08-30T09:24:41+00:00\",\"dateModified\":\"2023-08-30T09:25:29+00:00\",\"description\":\"El presidente del CIAM ha asegurado que \u201cel arbitraje en Iberoam\u00e9rica tiene ya un recorrido, experiencia y trayectoria de reputaci\u00f3n\\\"\",\"breadcrumb\":{\"@id\":\"https:\\\/\\\/ciiam.org\\\/en\\\/jose-maria-alonso-ciam-un-gran-paso-adelante-del-arbitraje-iberoamericano\\\/#breadcrumb\"},\"inLanguage\":\"en-US\",\"potentialAction\":[{\"@type\":\"ReadAction\",\"target\":[\"https:\\\/\\\/ciiam.org\\\/en\\\/jose-maria-alonso-ciam-un-gran-paso-adelante-del-arbitraje-iberoamericano\\\/\"]}]},{\"@type\":\"ImageObject\",\"inLanguage\":\"en-US\",\"@id\":\"https:\\\/\\\/ciiam.org\\\/en\\\/jose-maria-alonso-ciam-un-gran-paso-adelante-del-arbitraje-iberoamericano\\\/#primaryimage\",\"url\":\"https:\\\/\\\/ciiam.org\\\/wp-content\\\/uploads\\\/2023\\\/08\\\/Jose-Maria-Alonso__-1-scaled.jpg\",\"contentUrl\":\"https:\\\/\\\/ciiam.org\\\/wp-content\\\/uploads\\\/2023\\\/08\\\/Jose-Maria-Alonso__-1-scaled.jpg\",\"width\":2560,\"height\":1587},{\"@type\":\"BreadcrumbList\",\"@id\":\"https:\\\/\\\/ciiam.org\\\/en\\\/jose-maria-alonso-ciam-un-gran-paso-adelante-del-arbitraje-iberoamericano\\\/#breadcrumb\",\"itemListElement\":[{\"@type\":\"ListItem\",\"position\":1,\"name\":\"CIAM\",\"item\":\"https:\\\/\\\/ciiam.org\\\/en\\\/\"},{\"@type\":\"ListItem\",\"position\":2,\"name\":\"Jos\u00e9 Mar\u00eda Alonso: \u201cCIAM, un gran paso adelante del arbitraje iberoamericano\u201d\"}]},{\"@type\":\"WebSite\",\"@id\":\"https:\\\/\\\/ciiam.org\\\/en\\\/#website\",\"url\":\"https:\\\/\\\/ciiam.org\\\/en\\\/\",\"name\":\"CIIAM\",\"description\":\"Centro Internacional e Iberoamericano de Arbitraje de Madrid\",\"publisher\":{\"@id\":\"https:\\\/\\\/ciiam.org\\\/en\\\/#organization\"},\"potentialAction\":[{\"@type\":\"SearchAction\",\"target\":{\"@type\":\"EntryPoint\",\"urlTemplate\":\"https:\\\/\\\/ciiam.org\\\/en\\\/?s={search_term_string}\"},\"query-input\":{\"@type\":\"PropertyValueSpecification\",\"valueRequired\":true,\"valueName\":\"search_term_string\"}}],\"inLanguage\":\"en-US\"},{\"@type\":\"Organization\",\"@id\":\"https:\\\/\\\/ciiam.org\\\/en\\\/#organization\",\"name\":\"Centro Internacional e Iberoamericano de Arbitraje de Madrid\",\"alternateName\":\"CIIAM\",\"url\":\"https:\\\/\\\/ciiam.org\\\/en\\\/\",\"logo\":{\"@type\":\"ImageObject\",\"inLanguage\":\"en-US\",\"@id\":\"https:\\\/\\\/ciiam.org\\\/en\\\/#\\\/schema\\\/logo\\\/image\\\/\",\"url\":\"https:\\\/\\\/ciiam.org\\\/wp-content\\\/uploads\\\/2026\\\/01\\\/favicon.png\",\"contentUrl\":\"https:\\\/\\\/ciiam.org\\\/wp-content\\\/uploads\\\/2026\\\/01\\\/favicon.png\",\"width\":500,\"height\":500,\"caption\":\"Centro Internacional e Iberoamericano de Arbitraje de Madrid\"},\"image\":{\"@id\":\"https:\\\/\\\/ciiam.org\\\/en\\\/#\\\/schema\\\/logo\\\/image\\\/\"},\"sameAs\":[\"https:\\\/\\\/www.linkedin.com\\\/company\\\/ciam-centro-internacional-arbitraje-madrid?trk=d_public_post_image\",\"https:\\\/\\\/www.youtube.com\\\/channel\\\/UCU2OI7SAQFv5uXAZ4qO4ALg\"]},{\"@type\":\"Person\",\"@id\":\"https:\\\/\\\/ciiam.org\\\/en\\\/#\\\/schema\\\/person\\\/b60e7c631c415dc1a3eeb7e98ac371e8\",\"name\":\"Ivan\",\"image\":{\"@type\":\"ImageObject\",\"inLanguage\":\"en-US\",\"@id\":\"https:\\\/\\\/secure.gravatar.com\\\/avatar\\\/c9c8079d113e4e742a50aee3024dc2534dd8ec4645734068d4a61ef031c587b5?s=96&d=mm&r=g\",\"url\":\"https:\\\/\\\/secure.gravatar.com\\\/avatar\\\/c9c8079d113e4e742a50aee3024dc2534dd8ec4645734068d4a61ef031c587b5?s=96&d=mm&r=g\",\"contentUrl\":\"https:\\\/\\\/secure.gravatar.com\\\/avatar\\\/c9c8079d113e4e742a50aee3024dc2534dd8ec4645734068d4a61ef031c587b5?s=96&d=mm&r=g\",\"caption\":\"Ivan\"},\"url\":\"https:\\\/\\\/ciiam.org\\\/en\\\/author\\\/17ivrom-cmma\\\/\"}]}<\/script>\n<!-- \/ Yoast SEO plugin. -->","yoast_head_json":{"title":"Jos\u00e9 Mar\u00eda Alonso: \u201cCIAM, un gran paso adelante del arbitraje iberoamericano\u201d","description":"El presidente del CIAM ha asegurado que \u201cel arbitraje en Iberoam\u00e9rica tiene ya un recorrido, experiencia y trayectoria de reputaci\u00f3n\"","robots":{"index":"index","follow":"follow","max-snippet":"max-snippet:-1","max-image-preview":"max-image-preview:large","max-video-preview":"max-video-preview:-1"},"canonical":"https:\/\/ciiam.org\/en\/jose-maria-alonso-ciam-un-gran-paso-adelante-del-arbitraje-iberoamericano\/","og_locale":"en_US","og_type":"article","og_title":"Jos\u00e9 Mar\u00eda Alonso: \u201cCIAM, un gran paso adelante del arbitraje iberoamericano\u201d","og_description":"El presidente del CIAM ha asegurado que \u201cel arbitraje en Iberoam\u00e9rica tiene ya un recorrido, experiencia y trayectoria de reputaci\u00f3n\"","og_url":"https:\/\/ciiam.org\/en\/jose-maria-alonso-ciam-un-gran-paso-adelante-del-arbitraje-iberoamericano\/","og_site_name":"CIIAM","article_published_time":"2023-08-30T09:24:41+00:00","article_modified_time":"2023-08-30T09:25:29+00:00","og_image":[{"width":2560,"height":1587,"url":"https:\/\/ciiam.org\/wp-content\/uploads\/2023\/08\/Jose-Maria-Alonso__-1-scaled.jpg","type":"image\/jpeg"}],"author":"Ivan","twitter_card":"summary_large_image","twitter_misc":{"Written by":"Ivan","Est. reading time":"1 minute"},"schema":{"@context":"https:\/\/schema.org","@graph":[{"@type":"Article","@id":"https:\/\/ciiam.org\/en\/jose-maria-alonso-ciam-un-gran-paso-adelante-del-arbitraje-iberoamericano\/#article","isPartOf":{"@id":"https:\/\/ciiam.org\/en\/jose-maria-alonso-ciam-un-gran-paso-adelante-del-arbitraje-iberoamericano\/"},"author":{"name":"Ivan","@id":"https:\/\/ciiam.org\/en\/#\/schema\/person\/b60e7c631c415dc1a3eeb7e98ac371e8"},"headline":"Jos\u00e9 Mar\u00eda Alonso: \u201cCIAM, un gran paso adelante del arbitraje iberoamericano\u201d","datePublished":"2023-08-30T09:24:41+00:00","dateModified":"2023-08-30T09:25:29+00:00","mainEntityOfPage":{"@id":"https:\/\/ciiam.org\/en\/jose-maria-alonso-ciam-un-gran-paso-adelante-del-arbitraje-iberoamericano\/"},"wordCount":136,"publisher":{"@id":"https:\/\/ciiam.org\/en\/#organization"},"image":{"@id":"https:\/\/ciiam.org\/en\/jose-maria-alonso-ciam-un-gran-paso-adelante-del-arbitraje-iberoamericano\/#primaryimage"},"thumbnailUrl":"https:\/\/ciiam.org\/wp-content\/uploads\/2023\/08\/Jose-Maria-Alonso__-1-scaled.jpg","articleSection":["Actualidad","Hist\u00f3rico publicaciones"],"inLanguage":"en-US"},{"@type":"WebPage","@id":"https:\/\/ciiam.org\/en\/jose-maria-alonso-ciam-un-gran-paso-adelante-del-arbitraje-iberoamericano\/","url":"https:\/\/ciiam.org\/en\/jose-maria-alonso-ciam-un-gran-paso-adelante-del-arbitraje-iberoamericano\/","name":"Jos\u00e9 Mar\u00eda Alonso: \u201cCIAM, un gran paso adelante del arbitraje iberoamericano\u201d","isPartOf":{"@id":"https:\/\/ciiam.org\/en\/#website"},"primaryImageOfPage":{"@id":"https:\/\/ciiam.org\/en\/jose-maria-alonso-ciam-un-gran-paso-adelante-del-arbitraje-iberoamericano\/#primaryimage"},"image":{"@id":"https:\/\/ciiam.org\/en\/jose-maria-alonso-ciam-un-gran-paso-adelante-del-arbitraje-iberoamericano\/#primaryimage"},"thumbnailUrl":"https:\/\/ciiam.org\/wp-content\/uploads\/2023\/08\/Jose-Maria-Alonso__-1-scaled.jpg","datePublished":"2023-08-30T09:24:41+00:00","dateModified":"2023-08-30T09:25:29+00:00","description":"El presidente del CIAM ha asegurado que \u201cel arbitraje en Iberoam\u00e9rica tiene ya un recorrido, experiencia y trayectoria de reputaci\u00f3n\"","breadcrumb":{"@id":"https:\/\/ciiam.org\/en\/jose-maria-alonso-ciam-un-gran-paso-adelante-del-arbitraje-iberoamericano\/#breadcrumb"},"inLanguage":"en-US","potentialAction":[{"@type":"ReadAction","target":["https:\/\/ciiam.org\/en\/jose-maria-alonso-ciam-un-gran-paso-adelante-del-arbitraje-iberoamericano\/"]}]},{"@type":"ImageObject","inLanguage":"en-US","@id":"https:\/\/ciiam.org\/en\/jose-maria-alonso-ciam-un-gran-paso-adelante-del-arbitraje-iberoamericano\/#primaryimage","url":"https:\/\/ciiam.org\/wp-content\/uploads\/2023\/08\/Jose-Maria-Alonso__-1-scaled.jpg","contentUrl":"https:\/\/ciiam.org\/wp-content\/uploads\/2023\/08\/Jose-Maria-Alonso__-1-scaled.jpg","width":2560,"height":1587},{"@type":"BreadcrumbList","@id":"https:\/\/ciiam.org\/en\/jose-maria-alonso-ciam-un-gran-paso-adelante-del-arbitraje-iberoamericano\/#breadcrumb","itemListElement":[{"@type":"ListItem","position":1,"name":"CIAM","item":"https:\/\/ciiam.org\/en\/"},{"@type":"ListItem","position":2,"name":"Jos\u00e9 Mar\u00eda Alonso: \u201cCIAM, un gran paso adelante del arbitraje iberoamericano\u201d"}]},{"@type":"WebSite","@id":"https:\/\/ciiam.org\/en\/#website","url":"https:\/\/ciiam.org\/en\/","name":"CIIAM","description":"Centro Internacional e Iberoamericano de Arbitraje de Madrid","publisher":{"@id":"https:\/\/ciiam.org\/en\/#organization"},"potentialAction":[{"@type":"SearchAction","target":{"@type":"EntryPoint","urlTemplate":"https:\/\/ciiam.org\/en\/?s={search_term_string}"},"query-input":{"@type":"PropertyValueSpecification","valueRequired":true,"valueName":"search_term_string"}}],"inLanguage":"en-US"},{"@type":"Organization","@id":"https:\/\/ciiam.org\/en\/#organization","name":"Centro Internacional e Iberoamericano de Arbitraje de Madrid","alternateName":"CIIAM","url":"https:\/\/ciiam.org\/en\/","logo":{"@type":"ImageObject","inLanguage":"en-US","@id":"https:\/\/ciiam.org\/en\/#\/schema\/logo\/image\/","url":"https:\/\/ciiam.org\/wp-content\/uploads\/2026\/01\/favicon.png","contentUrl":"https:\/\/ciiam.org\/wp-content\/uploads\/2026\/01\/favicon.png","width":500,"height":500,"caption":"Centro Internacional e Iberoamericano de Arbitraje de Madrid"},"image":{"@id":"https:\/\/ciiam.org\/en\/#\/schema\/logo\/image\/"},"sameAs":["https:\/\/www.linkedin.com\/company\/ciam-centro-internacional-arbitraje-madrid?trk=d_public_post_image","https:\/\/www.youtube.com\/channel\/UCU2OI7SAQFv5uXAZ4qO4ALg"]},{"@type":"Person","@id":"https:\/\/ciiam.org\/en\/#\/schema\/person\/b60e7c631c415dc1a3eeb7e98ac371e8","name":"Ivan","image":{"@type":"ImageObject","inLanguage":"en-US","@id":"https:\/\/secure.gravatar.com\/avatar\/c9c8079d113e4e742a50aee3024dc2534dd8ec4645734068d4a61ef031c587b5?s=96&d=mm&r=g","url":"https:\/\/secure.gravatar.com\/avatar\/c9c8079d113e4e742a50aee3024dc2534dd8ec4645734068d4a61ef031c587b5?s=96&d=mm&r=g","contentUrl":"https:\/\/secure.gravatar.com\/avatar\/c9c8079d113e4e742a50aee3024dc2534dd8ec4645734068d4a61ef031c587b5?s=96&d=mm&r=g","caption":"Ivan"},"url":"https:\/\/ciiam.org\/en\/author\/17ivrom-cmma\/"}]}},"_links":{"self":[{"href":"https:\/\/ciiam.org\/en\/wp-json\/wp\/v2\/posts\/19874","targetHints":{"allow":["GET"]}}],"collection":[{"href":"https:\/\/ciiam.org\/en\/wp-json\/wp\/v2\/posts"}],"about":[{"href":"https:\/\/ciiam.org\/en\/wp-json\/wp\/v2\/types\/post"}],"author":[{"embeddable":true,"href":"https:\/\/ciiam.org\/en\/wp-json\/wp\/v2\/users\/14"}],"replies":[{"embeddable":true,"href":"https:\/\/ciiam.org\/en\/wp-json\/wp\/v2\/comments?post=19874"}],"version-history":[{"count":1,"href":"https:\/\/ciiam.org\/en\/wp-json\/wp\/v2\/posts\/19874\/revisions"}],"predecessor-version":[{"id":19879,"href":"https:\/\/ciiam.org\/en\/wp-json\/wp\/v2\/posts\/19874\/revisions\/19879"}],"wp:featuredmedia":[{"embeddable":true,"href":"https:\/\/ciiam.org\/en\/wp-json\/wp\/v2\/media\/19877"}],"wp:attachment":[{"href":"https:\/\/ciiam.org\/en\/wp-json\/wp\/v2\/media?parent=19874"}],"wp:term":[{"taxonomy":"category","embeddable":true,"href":"https:\/\/ciiam.org\/en\/wp-json\/wp\/v2\/categories?post=19874"},{"taxonomy":"post_tag","embeddable":true,"href":"https:\/\/ciiam.org\/en\/wp-json\/wp\/v2\/tags?post=19874"}],"curies":[{"name":"wp","href":"https:\/\/api.w.org\/{rel}","templated":true}]}}