{"id":20638,"date":"2023-10-26T10:12:15","date_gmt":"2023-10-26T10:12:15","guid":{"rendered":"https:\/\/ciiam.org\/?p=20638"},"modified":"2023-10-26T10:12:15","modified_gmt":"2023-10-26T10:12:15","slug":"ciam-celebra-el-primer-evento-del-ciclo-de-peritos-2023-2024","status":"publish","type":"post","link":"https:\/\/ciiam.org\/en\/ciam-celebra-el-primer-evento-del-ciclo-de-peritos-2023-2024\/","title":{"rendered":"CIAM celebra el primer evento del Ciclo de Peritos 2023-2024"},"content":{"rendered":"<p>El pasado 18 de octubre celebramos el primer evento del Ciclo de Peritos 2023-2024, con un panel moderado por Juan Jes\u00fas Valderas (\u00c1lvarez &amp; Marsal), que trat\u00f3 los \u201cConflictos de inter\u00e9s y deber de revelaci\u00f3n de los peritos frente a las partes. Consecuencias de la falta de revelaci\u00f3n\u201d.<\/p>\n<p>Marta Lalaguna, secretaria general del CIAM, inaugur\u00f3 el panel presentando este tema y, a continuaci\u00f3n, los panelistas debatieron sobre \u00e9l. La mesa cont\u00f3 con las intervenciones de Alan Rozenberg, Compass Lexecon; Enrique Ca\u00f1izares, RBB Economics; Fabrizio Hern\u00e1ndez, NERA Economic Consulting, y Pedro Mar\u00edn, The Brattle Group.<\/p>\n<p>Desde CIAM queremos agradecer la colaboraci\u00f3n y patrocinio en el Ciclo de Peritos a Alvarez &amp; Marsal, Auren, BDO, The Brattle Group, Compass Lexecon, EY, @Grant Thornton, NERA Economic Consulting y RBB Economics.<\/p>\n<p>Pronto, CIAM organizar\u00e1 una nueva sesi\u00f3n.<\/p>\n","protected":false},"excerpt":{"rendered":"<p>El pasado 18 de octubre celebramos el primer evento del Ciclo de Peritos 2023-2024, con un panel moderado por Juan Jes\u00fas Valderas (\u00c1lvarez &amp; Marsal), que trat\u00f3 los \u201cConflictos de inter\u00e9s y deber de revelaci\u00f3n de los peritos frente a las partes. Consecuencias de la falta de revelaci\u00f3n\u201d. Marta Lalaguna, secretaria general del CIAM, inaugur\u00f3 [&hellip;]<\/p>\n","protected":false},"author":14,"featured_media":20639,"comment_status":"closed","ping_status":"open","sticky":false,"template":"","format":"standard","meta":{"footnotes":""},"categories":[17,97],"tags":[],"class_list":["post-20638","post","type-post","status-publish","format-standard","has-post-thumbnail","hentry","category-actualidad","category-historico-publicaciones"],"yoast_head":"<!-- This site is optimized with the Yoast SEO plugin v27.3 - https:\/\/yoast.com\/product\/yoast-seo-wordpress\/ -->\n<title>CIAM celebra el primer evento del Ciclo de Peritos 2023-2024 - CIIAM<\/title>\n<meta name=\"robots\" content=\"index, follow, max-snippet:-1, max-image-preview:large, max-video-preview:-1\" \/>\n<link rel=\"canonical\" href=\"https:\/\/ciiam.org\/en\/ciam-celebra-el-primer-evento-del-ciclo-de-peritos-2023-2024\/\" \/>\n<meta property=\"og:locale\" content=\"en_US\" \/>\n<meta property=\"og:type\" content=\"article\" \/>\n<meta property=\"og:title\" content=\"CIAM celebra el primer evento del Ciclo de Peritos 2023-2024 - CIIAM\" \/>\n<meta property=\"og:description\" content=\"El pasado 18 de octubre celebramos el primer evento del Ciclo de Peritos 2023-2024, con un panel moderado por Juan Jes\u00fas Valderas (\u00c1lvarez &amp; Marsal), que trat\u00f3 los \u201cConflictos de inter\u00e9s y deber de revelaci\u00f3n de los peritos frente a las partes. Consecuencias de la falta de revelaci\u00f3n\u201d. Marta Lalaguna, secretaria general del CIAM, inaugur\u00f3 [&hellip;]\" \/>\n<meta property=\"og:url\" content=\"https:\/\/ciiam.org\/en\/ciam-celebra-el-primer-evento-del-ciclo-de-peritos-2023-2024\/\" \/>\n<meta property=\"og:site_name\" content=\"CIIAM\" \/>\n<meta property=\"article:published_time\" content=\"2023-10-26T10:12:15+00:00\" \/>\n<meta property=\"og:image\" content=\"https:\/\/ciiam.org\/wp-content\/uploads\/2023\/10\/Mosaico-de-ponentes-1.png\" \/>\n\t<meta property=\"og:image:width\" content=\"1472\" \/>\n\t<meta property=\"og:image:height\" content=\"567\" \/>\n\t<meta property=\"og:image:type\" content=\"image\/png\" \/>\n<meta name=\"author\" content=\"Ivan\" \/>\n<meta name=\"twitter:card\" content=\"summary_large_image\" \/>\n<meta name=\"twitter:label1\" content=\"Written by\" \/>\n\t<meta name=\"twitter:data1\" content=\"Ivan\" \/>\n\t<meta name=\"twitter:label2\" content=\"Est. reading time\" \/>\n\t<meta name=\"twitter:data2\" content=\"1 minute\" \/>\n<script type=\"application\/ld+json\" class=\"yoast-schema-graph\">{\"@context\":\"https:\\\/\\\/schema.org\",\"@graph\":[{\"@type\":\"Article\",\"@id\":\"https:\\\/\\\/ciiam.org\\\/en\\\/ciam-celebra-el-primer-evento-del-ciclo-de-peritos-2023-2024\\\/#article\",\"isPartOf\":{\"@id\":\"https:\\\/\\\/ciiam.org\\\/en\\\/ciam-celebra-el-primer-evento-del-ciclo-de-peritos-2023-2024\\\/\"},\"author\":{\"name\":\"Ivan\",\"@id\":\"https:\\\/\\\/ciiam.org\\\/en\\\/#\\\/schema\\\/person\\\/b60e7c631c415dc1a3eeb7e98ac371e8\"},\"headline\":\"CIAM celebra el primer evento del Ciclo de Peritos 2023-2024\",\"datePublished\":\"2023-10-26T10:12:15+00:00\",\"mainEntityOfPage\":{\"@id\":\"https:\\\/\\\/ciiam.org\\\/en\\\/ciam-celebra-el-primer-evento-del-ciclo-de-peritos-2023-2024\\\/\"},\"wordCount\":152,\"publisher\":{\"@id\":\"https:\\\/\\\/ciiam.org\\\/en\\\/#organization\"},\"image\":{\"@id\":\"https:\\\/\\\/ciiam.org\\\/en\\\/ciam-celebra-el-primer-evento-del-ciclo-de-peritos-2023-2024\\\/#primaryimage\"},\"thumbnailUrl\":\"https:\\\/\\\/ciiam.org\\\/wp-content\\\/uploads\\\/2023\\\/10\\\/Mosaico-de-ponentes-1.png\",\"articleSection\":[\"Actualidad\",\"Hist\u00f3rico publicaciones\"],\"inLanguage\":\"en-US\"},{\"@type\":\"WebPage\",\"@id\":\"https:\\\/\\\/ciiam.org\\\/en\\\/ciam-celebra-el-primer-evento-del-ciclo-de-peritos-2023-2024\\\/\",\"url\":\"https:\\\/\\\/ciiam.org\\\/en\\\/ciam-celebra-el-primer-evento-del-ciclo-de-peritos-2023-2024\\\/\",\"name\":\"CIAM celebra el primer evento del Ciclo de Peritos 2023-2024 - CIIAM\",\"isPartOf\":{\"@id\":\"https:\\\/\\\/ciiam.org\\\/en\\\/#website\"},\"primaryImageOfPage\":{\"@id\":\"https:\\\/\\\/ciiam.org\\\/en\\\/ciam-celebra-el-primer-evento-del-ciclo-de-peritos-2023-2024\\\/#primaryimage\"},\"image\":{\"@id\":\"https:\\\/\\\/ciiam.org\\\/en\\\/ciam-celebra-el-primer-evento-del-ciclo-de-peritos-2023-2024\\\/#primaryimage\"},\"thumbnailUrl\":\"https:\\\/\\\/ciiam.org\\\/wp-content\\\/uploads\\\/2023\\\/10\\\/Mosaico-de-ponentes-1.png\",\"datePublished\":\"2023-10-26T10:12:15+00:00\",\"breadcrumb\":{\"@id\":\"https:\\\/\\\/ciiam.org\\\/en\\\/ciam-celebra-el-primer-evento-del-ciclo-de-peritos-2023-2024\\\/#breadcrumb\"},\"inLanguage\":\"en-US\",\"potentialAction\":[{\"@type\":\"ReadAction\",\"target\":[\"https:\\\/\\\/ciiam.org\\\/en\\\/ciam-celebra-el-primer-evento-del-ciclo-de-peritos-2023-2024\\\/\"]}]},{\"@type\":\"ImageObject\",\"inLanguage\":\"en-US\",\"@id\":\"https:\\\/\\\/ciiam.org\\\/en\\\/ciam-celebra-el-primer-evento-del-ciclo-de-peritos-2023-2024\\\/#primaryimage\",\"url\":\"https:\\\/\\\/ciiam.org\\\/wp-content\\\/uploads\\\/2023\\\/10\\\/Mosaico-de-ponentes-1.png\",\"contentUrl\":\"https:\\\/\\\/ciiam.org\\\/wp-content\\\/uploads\\\/2023\\\/10\\\/Mosaico-de-ponentes-1.png\",\"width\":1472,\"height\":567,\"caption\":\"CIAM celebra el primer evento del Ciclo de Peritos 2023-3024\"},{\"@type\":\"BreadcrumbList\",\"@id\":\"https:\\\/\\\/ciiam.org\\\/en\\\/ciam-celebra-el-primer-evento-del-ciclo-de-peritos-2023-2024\\\/#breadcrumb\",\"itemListElement\":[{\"@type\":\"ListItem\",\"position\":1,\"name\":\"CIAM\",\"item\":\"https:\\\/\\\/ciiam.org\\\/en\\\/\"},{\"@type\":\"ListItem\",\"position\":2,\"name\":\"CIAM celebra el primer evento del Ciclo de Peritos 2023-2024\"}]},{\"@type\":\"WebSite\",\"@id\":\"https:\\\/\\\/ciiam.org\\\/en\\\/#website\",\"url\":\"https:\\\/\\\/ciiam.org\\\/en\\\/\",\"name\":\"CIIAM\",\"description\":\"Centro Internacional e Iberoamericano de Arbitraje de Madrid\",\"publisher\":{\"@id\":\"https:\\\/\\\/ciiam.org\\\/en\\\/#organization\"},\"potentialAction\":[{\"@type\":\"SearchAction\",\"target\":{\"@type\":\"EntryPoint\",\"urlTemplate\":\"https:\\\/\\\/ciiam.org\\\/en\\\/?s={search_term_string}\"},\"query-input\":{\"@type\":\"PropertyValueSpecification\",\"valueRequired\":true,\"valueName\":\"search_term_string\"}}],\"inLanguage\":\"en-US\"},{\"@type\":\"Organization\",\"@id\":\"https:\\\/\\\/ciiam.org\\\/en\\\/#organization\",\"name\":\"Centro Internacional e Iberoamericano de Arbitraje de Madrid\",\"alternateName\":\"CIIAM\",\"url\":\"https:\\\/\\\/ciiam.org\\\/en\\\/\",\"logo\":{\"@type\":\"ImageObject\",\"inLanguage\":\"en-US\",\"@id\":\"https:\\\/\\\/ciiam.org\\\/en\\\/#\\\/schema\\\/logo\\\/image\\\/\",\"url\":\"https:\\\/\\\/ciiam.org\\\/wp-content\\\/uploads\\\/2026\\\/01\\\/favicon.png\",\"contentUrl\":\"https:\\\/\\\/ciiam.org\\\/wp-content\\\/uploads\\\/2026\\\/01\\\/favicon.png\",\"width\":500,\"height\":500,\"caption\":\"Centro Internacional e Iberoamericano de Arbitraje de Madrid\"},\"image\":{\"@id\":\"https:\\\/\\\/ciiam.org\\\/en\\\/#\\\/schema\\\/logo\\\/image\\\/\"},\"sameAs\":[\"https:\\\/\\\/www.linkedin.com\\\/company\\\/ciam-centro-internacional-arbitraje-madrid?trk=d_public_post_image\",\"https:\\\/\\\/www.youtube.com\\\/channel\\\/UCU2OI7SAQFv5uXAZ4qO4ALg\"]},{\"@type\":\"Person\",\"@id\":\"https:\\\/\\\/ciiam.org\\\/en\\\/#\\\/schema\\\/person\\\/b60e7c631c415dc1a3eeb7e98ac371e8\",\"name\":\"Ivan\",\"image\":{\"@type\":\"ImageObject\",\"inLanguage\":\"en-US\",\"@id\":\"https:\\\/\\\/secure.gravatar.com\\\/avatar\\\/c9c8079d113e4e742a50aee3024dc2534dd8ec4645734068d4a61ef031c587b5?s=96&d=mm&r=g\",\"url\":\"https:\\\/\\\/secure.gravatar.com\\\/avatar\\\/c9c8079d113e4e742a50aee3024dc2534dd8ec4645734068d4a61ef031c587b5?s=96&d=mm&r=g\",\"contentUrl\":\"https:\\\/\\\/secure.gravatar.com\\\/avatar\\\/c9c8079d113e4e742a50aee3024dc2534dd8ec4645734068d4a61ef031c587b5?s=96&d=mm&r=g\",\"caption\":\"Ivan\"},\"url\":\"https:\\\/\\\/ciiam.org\\\/en\\\/author\\\/17ivrom-cmma\\\/\"}]}<\/script>\n<!-- \/ Yoast SEO plugin. -->","yoast_head_json":{"title":"CIAM celebra el primer evento del Ciclo de Peritos 2023-2024 - CIIAM","robots":{"index":"index","follow":"follow","max-snippet":"max-snippet:-1","max-image-preview":"max-image-preview:large","max-video-preview":"max-video-preview:-1"},"canonical":"https:\/\/ciiam.org\/en\/ciam-celebra-el-primer-evento-del-ciclo-de-peritos-2023-2024\/","og_locale":"en_US","og_type":"article","og_title":"CIAM celebra el primer evento del Ciclo de Peritos 2023-2024 - CIIAM","og_description":"El pasado 18 de octubre celebramos el primer evento del Ciclo de Peritos 2023-2024, con un panel moderado por Juan Jes\u00fas Valderas (\u00c1lvarez &amp; Marsal), que trat\u00f3 los \u201cConflictos de inter\u00e9s y deber de revelaci\u00f3n de los peritos frente a las partes. Consecuencias de la falta de revelaci\u00f3n\u201d. Marta Lalaguna, secretaria general del CIAM, inaugur\u00f3 [&hellip;]","og_url":"https:\/\/ciiam.org\/en\/ciam-celebra-el-primer-evento-del-ciclo-de-peritos-2023-2024\/","og_site_name":"CIIAM","article_published_time":"2023-10-26T10:12:15+00:00","og_image":[{"width":1472,"height":567,"url":"https:\/\/ciiam.org\/wp-content\/uploads\/2023\/10\/Mosaico-de-ponentes-1.png","type":"image\/png"}],"author":"Ivan","twitter_card":"summary_large_image","twitter_misc":{"Written by":"Ivan","Est. reading time":"1 minute"},"schema":{"@context":"https:\/\/schema.org","@graph":[{"@type":"Article","@id":"https:\/\/ciiam.org\/en\/ciam-celebra-el-primer-evento-del-ciclo-de-peritos-2023-2024\/#article","isPartOf":{"@id":"https:\/\/ciiam.org\/en\/ciam-celebra-el-primer-evento-del-ciclo-de-peritos-2023-2024\/"},"author":{"name":"Ivan","@id":"https:\/\/ciiam.org\/en\/#\/schema\/person\/b60e7c631c415dc1a3eeb7e98ac371e8"},"headline":"CIAM celebra el primer evento del Ciclo de Peritos 2023-2024","datePublished":"2023-10-26T10:12:15+00:00","mainEntityOfPage":{"@id":"https:\/\/ciiam.org\/en\/ciam-celebra-el-primer-evento-del-ciclo-de-peritos-2023-2024\/"},"wordCount":152,"publisher":{"@id":"https:\/\/ciiam.org\/en\/#organization"},"image":{"@id":"https:\/\/ciiam.org\/en\/ciam-celebra-el-primer-evento-del-ciclo-de-peritos-2023-2024\/#primaryimage"},"thumbnailUrl":"https:\/\/ciiam.org\/wp-content\/uploads\/2023\/10\/Mosaico-de-ponentes-1.png","articleSection":["Actualidad","Hist\u00f3rico publicaciones"],"inLanguage":"en-US"},{"@type":"WebPage","@id":"https:\/\/ciiam.org\/en\/ciam-celebra-el-primer-evento-del-ciclo-de-peritos-2023-2024\/","url":"https:\/\/ciiam.org\/en\/ciam-celebra-el-primer-evento-del-ciclo-de-peritos-2023-2024\/","name":"CIAM celebra el primer evento del Ciclo de Peritos 2023-2024 - CIIAM","isPartOf":{"@id":"https:\/\/ciiam.org\/en\/#website"},"primaryImageOfPage":{"@id":"https:\/\/ciiam.org\/en\/ciam-celebra-el-primer-evento-del-ciclo-de-peritos-2023-2024\/#primaryimage"},"image":{"@id":"https:\/\/ciiam.org\/en\/ciam-celebra-el-primer-evento-del-ciclo-de-peritos-2023-2024\/#primaryimage"},"thumbnailUrl":"https:\/\/ciiam.org\/wp-content\/uploads\/2023\/10\/Mosaico-de-ponentes-1.png","datePublished":"2023-10-26T10:12:15+00:00","breadcrumb":{"@id":"https:\/\/ciiam.org\/en\/ciam-celebra-el-primer-evento-del-ciclo-de-peritos-2023-2024\/#breadcrumb"},"inLanguage":"en-US","potentialAction":[{"@type":"ReadAction","target":["https:\/\/ciiam.org\/en\/ciam-celebra-el-primer-evento-del-ciclo-de-peritos-2023-2024\/"]}]},{"@type":"ImageObject","inLanguage":"en-US","@id":"https:\/\/ciiam.org\/en\/ciam-celebra-el-primer-evento-del-ciclo-de-peritos-2023-2024\/#primaryimage","url":"https:\/\/ciiam.org\/wp-content\/uploads\/2023\/10\/Mosaico-de-ponentes-1.png","contentUrl":"https:\/\/ciiam.org\/wp-content\/uploads\/2023\/10\/Mosaico-de-ponentes-1.png","width":1472,"height":567,"caption":"CIAM celebra el primer evento del Ciclo de Peritos 2023-3024"},{"@type":"BreadcrumbList","@id":"https:\/\/ciiam.org\/en\/ciam-celebra-el-primer-evento-del-ciclo-de-peritos-2023-2024\/#breadcrumb","itemListElement":[{"@type":"ListItem","position":1,"name":"CIAM","item":"https:\/\/ciiam.org\/en\/"},{"@type":"ListItem","position":2,"name":"CIAM celebra el primer evento del Ciclo de Peritos 2023-2024"}]},{"@type":"WebSite","@id":"https:\/\/ciiam.org\/en\/#website","url":"https:\/\/ciiam.org\/en\/","name":"CIIAM","description":"Centro Internacional e Iberoamericano de Arbitraje de Madrid","publisher":{"@id":"https:\/\/ciiam.org\/en\/#organization"},"potentialAction":[{"@type":"SearchAction","target":{"@type":"EntryPoint","urlTemplate":"https:\/\/ciiam.org\/en\/?s={search_term_string}"},"query-input":{"@type":"PropertyValueSpecification","valueRequired":true,"valueName":"search_term_string"}}],"inLanguage":"en-US"},{"@type":"Organization","@id":"https:\/\/ciiam.org\/en\/#organization","name":"Centro Internacional e Iberoamericano de Arbitraje de Madrid","alternateName":"CIIAM","url":"https:\/\/ciiam.org\/en\/","logo":{"@type":"ImageObject","inLanguage":"en-US","@id":"https:\/\/ciiam.org\/en\/#\/schema\/logo\/image\/","url":"https:\/\/ciiam.org\/wp-content\/uploads\/2026\/01\/favicon.png","contentUrl":"https:\/\/ciiam.org\/wp-content\/uploads\/2026\/01\/favicon.png","width":500,"height":500,"caption":"Centro Internacional e Iberoamericano de Arbitraje de Madrid"},"image":{"@id":"https:\/\/ciiam.org\/en\/#\/schema\/logo\/image\/"},"sameAs":["https:\/\/www.linkedin.com\/company\/ciam-centro-internacional-arbitraje-madrid?trk=d_public_post_image","https:\/\/www.youtube.com\/channel\/UCU2OI7SAQFv5uXAZ4qO4ALg"]},{"@type":"Person","@id":"https:\/\/ciiam.org\/en\/#\/schema\/person\/b60e7c631c415dc1a3eeb7e98ac371e8","name":"Ivan","image":{"@type":"ImageObject","inLanguage":"en-US","@id":"https:\/\/secure.gravatar.com\/avatar\/c9c8079d113e4e742a50aee3024dc2534dd8ec4645734068d4a61ef031c587b5?s=96&d=mm&r=g","url":"https:\/\/secure.gravatar.com\/avatar\/c9c8079d113e4e742a50aee3024dc2534dd8ec4645734068d4a61ef031c587b5?s=96&d=mm&r=g","contentUrl":"https:\/\/secure.gravatar.com\/avatar\/c9c8079d113e4e742a50aee3024dc2534dd8ec4645734068d4a61ef031c587b5?s=96&d=mm&r=g","caption":"Ivan"},"url":"https:\/\/ciiam.org\/en\/author\/17ivrom-cmma\/"}]}},"_links":{"self":[{"href":"https:\/\/ciiam.org\/en\/wp-json\/wp\/v2\/posts\/20638","targetHints":{"allow":["GET"]}}],"collection":[{"href":"https:\/\/ciiam.org\/en\/wp-json\/wp\/v2\/posts"}],"about":[{"href":"https:\/\/ciiam.org\/en\/wp-json\/wp\/v2\/types\/post"}],"author":[{"embeddable":true,"href":"https:\/\/ciiam.org\/en\/wp-json\/wp\/v2\/users\/14"}],"replies":[{"embeddable":true,"href":"https:\/\/ciiam.org\/en\/wp-json\/wp\/v2\/comments?post=20638"}],"version-history":[{"count":1,"href":"https:\/\/ciiam.org\/en\/wp-json\/wp\/v2\/posts\/20638\/revisions"}],"predecessor-version":[{"id":20641,"href":"https:\/\/ciiam.org\/en\/wp-json\/wp\/v2\/posts\/20638\/revisions\/20641"}],"wp:featuredmedia":[{"embeddable":true,"href":"https:\/\/ciiam.org\/en\/wp-json\/wp\/v2\/media\/20639"}],"wp:attachment":[{"href":"https:\/\/ciiam.org\/en\/wp-json\/wp\/v2\/media?parent=20638"}],"wp:term":[{"taxonomy":"category","embeddable":true,"href":"https:\/\/ciiam.org\/en\/wp-json\/wp\/v2\/categories?post=20638"},{"taxonomy":"post_tag","embeddable":true,"href":"https:\/\/ciiam.org\/en\/wp-json\/wp\/v2\/tags?post=20638"}],"curies":[{"name":"wp","href":"https:\/\/api.w.org\/{rel}","templated":true}]}}