{"id":20653,"date":"2023-10-30T13:11:30","date_gmt":"2023-10-30T13:11:30","guid":{"rendered":"https:\/\/ciiam.org\/?p=20653"},"modified":"2023-11-07T13:59:57","modified_gmt":"2023-11-07T13:59:57","slug":"ciam-participa-en-el-67o-congreso-anual-de-la-uia","status":"publish","type":"post","link":"https:\/\/ciiam.org\/en\/ciam-participa-en-el-67o-congreso-anual-de-la-uia\/","title":{"rendered":"CIAM participa en el 67\u00ba Congreso Anual de la UIA"},"content":{"rendered":"<p>Desde CIAM estamos felices de haber apoyado el 67\u00ba Congreso Anual de la UIA, que tuvo lugar en Roma del 25 al 29 de octubre de 2023 y que, con m\u00e1s de 900 asistentes, fue el encuentro perfecto para compartir experiencias entre abogados en una atm\u00f3sfera totalmente internacional.<\/p>\n<p>CIAM patrocin\u00f3 las sesiones de Arbitraje Internacional que versaron sobre \u201cArbitraje e insolvencia\u201d y \u201c\u00daltimos avances en arbitraje internacional\u201d, que contaron con la moderaci\u00f3n de andrea carlevaris y Veit \u00d6hlberger y con los siguientes panelistas: Juliya Arbisman de Steptoe, Christian Borris de Borris Hennecke Kneisel, Cecilia Carrara de Legance, An\u00edbal Sabater (miembro de la Comisi\u00f3n de Recusaciones de CIAM), Vasuda Sinha de Freshfields y Miguel Virgos de Virg\u00f3s Arbitration.<\/p>\n<p>La vicepresidenta de CIAM, Urquiola De Palacio, finaliz\u00f3 su mandato como Presidente de la UIA a lo largo de 2023 en el que, tras una intensa labor y numerosos viajes, ha logrado impulsar los objetivos de dicha organizaci\u00f3n que son, principalmente, la promoci\u00f3n del estado de Derecho y la posibilidad para sus miembros de crear una red de desarrollo profesional, de adquisici\u00f3n de conocimiento, y de creaci\u00f3n de redes entre abogados de todo el mundo.<\/p>\n<p>Al congreso la acompa\u00f1aron el vicepresidente de CIAM, Juan Serrada Hierro, el vicesecretario de CIAM, Paco Ruiz Risue\u00f1o y la secretaria general de CIAM, Marta Lalaguna Holzwarth.<\/p>\n","protected":false},"excerpt":{"rendered":"<p>Desde CIAM estamos felices de haber apoyado el 67\u00ba Congreso Anual de la UIA, que tuvo lugar en Roma del 25 al 29 de octubre de 2023 y que, con m\u00e1s de 900 asistentes, fue el encuentro perfecto para compartir experiencias entre abogados en una atm\u00f3sfera totalmente internacional. CIAM patrocin\u00f3 las sesiones de Arbitraje Internacional [&hellip;]<\/p>\n","protected":false},"author":14,"featured_media":20654,"comment_status":"closed","ping_status":"open","sticky":false,"template":"","format":"standard","meta":{"footnotes":""},"categories":[17,97],"tags":[],"class_list":["post-20653","post","type-post","status-publish","format-standard","has-post-thumbnail","hentry","category-actualidad","category-historico-publicaciones"],"yoast_head":"<!-- This site is optimized with the Yoast SEO plugin v27.3 - https:\/\/yoast.com\/product\/yoast-seo-wordpress\/ -->\n<title>CIAM participa en el 67\u00ba Congreso Anual de la UIA - CIIAM<\/title>\n<meta name=\"description\" content=\"CIAM participa en el 67\u00ba Congreso Anual de la UIA, el encuentro perfecto para compartir experiencias entre abogados en una atm\u00f3sfera internacional\" \/>\n<meta name=\"robots\" content=\"index, follow, max-snippet:-1, max-image-preview:large, max-video-preview:-1\" \/>\n<link rel=\"canonical\" href=\"https:\/\/ciiam.org\/en\/ciam-participa-en-el-67o-congreso-anual-de-la-uia\/\" \/>\n<meta property=\"og:locale\" content=\"en_US\" \/>\n<meta property=\"og:type\" content=\"article\" \/>\n<meta property=\"og:title\" content=\"CIAM participa en el 67\u00ba Congreso Anual de la UIA - CIIAM\" \/>\n<meta property=\"og:description\" content=\"CIAM participa en el 67\u00ba Congreso Anual de la UIA, el encuentro perfecto para compartir experiencias entre abogados en una atm\u00f3sfera internacional\" \/>\n<meta property=\"og:url\" content=\"https:\/\/ciiam.org\/en\/ciam-participa-en-el-67o-congreso-anual-de-la-uia\/\" \/>\n<meta property=\"og:site_name\" content=\"CIIAM\" \/>\n<meta property=\"article:published_time\" content=\"2023-10-30T13:11:30+00:00\" \/>\n<meta property=\"article:modified_time\" content=\"2023-11-07T13:59:57+00:00\" \/>\n<meta property=\"og:image\" content=\"https:\/\/ciiam.org\/wp-content\/uploads\/2023\/11\/1699267702921.jpg\" \/>\n\t<meta property=\"og:image:width\" content=\"800\" \/>\n\t<meta property=\"og:image:height\" content=\"600\" \/>\n\t<meta property=\"og:image:type\" content=\"image\/jpeg\" \/>\n<meta name=\"author\" content=\"Ivan\" \/>\n<meta name=\"twitter:card\" content=\"summary_large_image\" \/>\n<meta name=\"twitter:label1\" content=\"Written by\" \/>\n\t<meta name=\"twitter:data1\" content=\"Ivan\" \/>\n\t<meta name=\"twitter:label2\" content=\"Est. reading time\" \/>\n\t<meta name=\"twitter:data2\" content=\"2 minutes\" \/>\n<script type=\"application\/ld+json\" class=\"yoast-schema-graph\">{\"@context\":\"https:\\\/\\\/schema.org\",\"@graph\":[{\"@type\":\"Article\",\"@id\":\"https:\\\/\\\/ciiam.org\\\/en\\\/ciam-participa-en-el-67o-congreso-anual-de-la-uia\\\/#article\",\"isPartOf\":{\"@id\":\"https:\\\/\\\/ciiam.org\\\/en\\\/ciam-participa-en-el-67o-congreso-anual-de-la-uia\\\/\"},\"author\":{\"name\":\"Ivan\",\"@id\":\"https:\\\/\\\/ciiam.org\\\/en\\\/#\\\/schema\\\/person\\\/b60e7c631c415dc1a3eeb7e98ac371e8\"},\"headline\":\"CIAM participa en el 67\u00ba Congreso Anual de la UIA\",\"datePublished\":\"2023-10-30T13:11:30+00:00\",\"dateModified\":\"2023-11-07T13:59:57+00:00\",\"mainEntityOfPage\":{\"@id\":\"https:\\\/\\\/ciiam.org\\\/en\\\/ciam-participa-en-el-67o-congreso-anual-de-la-uia\\\/\"},\"wordCount\":234,\"publisher\":{\"@id\":\"https:\\\/\\\/ciiam.org\\\/en\\\/#organization\"},\"image\":{\"@id\":\"https:\\\/\\\/ciiam.org\\\/en\\\/ciam-participa-en-el-67o-congreso-anual-de-la-uia\\\/#primaryimage\"},\"thumbnailUrl\":\"https:\\\/\\\/ciiam.org\\\/wp-content\\\/uploads\\\/2023\\\/11\\\/1699267702921.jpg\",\"articleSection\":[\"Actualidad\",\"Hist\u00f3rico publicaciones\"],\"inLanguage\":\"en-US\"},{\"@type\":\"WebPage\",\"@id\":\"https:\\\/\\\/ciiam.org\\\/en\\\/ciam-participa-en-el-67o-congreso-anual-de-la-uia\\\/\",\"url\":\"https:\\\/\\\/ciiam.org\\\/en\\\/ciam-participa-en-el-67o-congreso-anual-de-la-uia\\\/\",\"name\":\"CIAM participa en el 67\u00ba Congreso Anual de la UIA - CIIAM\",\"isPartOf\":{\"@id\":\"https:\\\/\\\/ciiam.org\\\/en\\\/#website\"},\"primaryImageOfPage\":{\"@id\":\"https:\\\/\\\/ciiam.org\\\/en\\\/ciam-participa-en-el-67o-congreso-anual-de-la-uia\\\/#primaryimage\"},\"image\":{\"@id\":\"https:\\\/\\\/ciiam.org\\\/en\\\/ciam-participa-en-el-67o-congreso-anual-de-la-uia\\\/#primaryimage\"},\"thumbnailUrl\":\"https:\\\/\\\/ciiam.org\\\/wp-content\\\/uploads\\\/2023\\\/11\\\/1699267702921.jpg\",\"datePublished\":\"2023-10-30T13:11:30+00:00\",\"dateModified\":\"2023-11-07T13:59:57+00:00\",\"description\":\"CIAM participa en el 67\u00ba Congreso Anual de la UIA, el encuentro perfecto para compartir experiencias entre abogados en una atm\u00f3sfera internacional\",\"breadcrumb\":{\"@id\":\"https:\\\/\\\/ciiam.org\\\/en\\\/ciam-participa-en-el-67o-congreso-anual-de-la-uia\\\/#breadcrumb\"},\"inLanguage\":\"en-US\",\"potentialAction\":[{\"@type\":\"ReadAction\",\"target\":[\"https:\\\/\\\/ciiam.org\\\/en\\\/ciam-participa-en-el-67o-congreso-anual-de-la-uia\\\/\"]}]},{\"@type\":\"ImageObject\",\"inLanguage\":\"en-US\",\"@id\":\"https:\\\/\\\/ciiam.org\\\/en\\\/ciam-participa-en-el-67o-congreso-anual-de-la-uia\\\/#primaryimage\",\"url\":\"https:\\\/\\\/ciiam.org\\\/wp-content\\\/uploads\\\/2023\\\/11\\\/1699267702921.jpg\",\"contentUrl\":\"https:\\\/\\\/ciiam.org\\\/wp-content\\\/uploads\\\/2023\\\/11\\\/1699267702921.jpg\",\"width\":800,\"height\":600,\"caption\":\"67\u00ba Congreso Anual de la UIA\"},{\"@type\":\"BreadcrumbList\",\"@id\":\"https:\\\/\\\/ciiam.org\\\/en\\\/ciam-participa-en-el-67o-congreso-anual-de-la-uia\\\/#breadcrumb\",\"itemListElement\":[{\"@type\":\"ListItem\",\"position\":1,\"name\":\"CIAM\",\"item\":\"https:\\\/\\\/ciiam.org\\\/en\\\/\"},{\"@type\":\"ListItem\",\"position\":2,\"name\":\"CIAM participa en el 67\u00ba Congreso Anual de la UIA\"}]},{\"@type\":\"WebSite\",\"@id\":\"https:\\\/\\\/ciiam.org\\\/en\\\/#website\",\"url\":\"https:\\\/\\\/ciiam.org\\\/en\\\/\",\"name\":\"CIIAM\",\"description\":\"Centro Internacional e Iberoamericano de Arbitraje de Madrid\",\"publisher\":{\"@id\":\"https:\\\/\\\/ciiam.org\\\/en\\\/#organization\"},\"potentialAction\":[{\"@type\":\"SearchAction\",\"target\":{\"@type\":\"EntryPoint\",\"urlTemplate\":\"https:\\\/\\\/ciiam.org\\\/en\\\/?s={search_term_string}\"},\"query-input\":{\"@type\":\"PropertyValueSpecification\",\"valueRequired\":true,\"valueName\":\"search_term_string\"}}],\"inLanguage\":\"en-US\"},{\"@type\":\"Organization\",\"@id\":\"https:\\\/\\\/ciiam.org\\\/en\\\/#organization\",\"name\":\"Centro Internacional e Iberoamericano de Arbitraje de Madrid\",\"alternateName\":\"CIIAM\",\"url\":\"https:\\\/\\\/ciiam.org\\\/en\\\/\",\"logo\":{\"@type\":\"ImageObject\",\"inLanguage\":\"en-US\",\"@id\":\"https:\\\/\\\/ciiam.org\\\/en\\\/#\\\/schema\\\/logo\\\/image\\\/\",\"url\":\"https:\\\/\\\/ciiam.org\\\/wp-content\\\/uploads\\\/2026\\\/01\\\/favicon.png\",\"contentUrl\":\"https:\\\/\\\/ciiam.org\\\/wp-content\\\/uploads\\\/2026\\\/01\\\/favicon.png\",\"width\":500,\"height\":500,\"caption\":\"Centro Internacional e Iberoamericano de Arbitraje de Madrid\"},\"image\":{\"@id\":\"https:\\\/\\\/ciiam.org\\\/en\\\/#\\\/schema\\\/logo\\\/image\\\/\"},\"sameAs\":[\"https:\\\/\\\/www.linkedin.com\\\/company\\\/ciam-centro-internacional-arbitraje-madrid?trk=d_public_post_image\",\"https:\\\/\\\/www.youtube.com\\\/channel\\\/UCU2OI7SAQFv5uXAZ4qO4ALg\"]},{\"@type\":\"Person\",\"@id\":\"https:\\\/\\\/ciiam.org\\\/en\\\/#\\\/schema\\\/person\\\/b60e7c631c415dc1a3eeb7e98ac371e8\",\"name\":\"Ivan\",\"image\":{\"@type\":\"ImageObject\",\"inLanguage\":\"en-US\",\"@id\":\"https:\\\/\\\/secure.gravatar.com\\\/avatar\\\/c9c8079d113e4e742a50aee3024dc2534dd8ec4645734068d4a61ef031c587b5?s=96&d=mm&r=g\",\"url\":\"https:\\\/\\\/secure.gravatar.com\\\/avatar\\\/c9c8079d113e4e742a50aee3024dc2534dd8ec4645734068d4a61ef031c587b5?s=96&d=mm&r=g\",\"contentUrl\":\"https:\\\/\\\/secure.gravatar.com\\\/avatar\\\/c9c8079d113e4e742a50aee3024dc2534dd8ec4645734068d4a61ef031c587b5?s=96&d=mm&r=g\",\"caption\":\"Ivan\"},\"url\":\"https:\\\/\\\/ciiam.org\\\/en\\\/author\\\/17ivrom-cmma\\\/\"}]}<\/script>\n<!-- \/ Yoast SEO plugin. -->","yoast_head_json":{"title":"CIAM participa en el 67\u00ba Congreso Anual de la UIA - CIIAM","description":"CIAM participa en el 67\u00ba Congreso Anual de la UIA, el encuentro perfecto para compartir experiencias entre abogados en una atm\u00f3sfera internacional","robots":{"index":"index","follow":"follow","max-snippet":"max-snippet:-1","max-image-preview":"max-image-preview:large","max-video-preview":"max-video-preview:-1"},"canonical":"https:\/\/ciiam.org\/en\/ciam-participa-en-el-67o-congreso-anual-de-la-uia\/","og_locale":"en_US","og_type":"article","og_title":"CIAM participa en el 67\u00ba Congreso Anual de la UIA - CIIAM","og_description":"CIAM participa en el 67\u00ba Congreso Anual de la UIA, el encuentro perfecto para compartir experiencias entre abogados en una atm\u00f3sfera internacional","og_url":"https:\/\/ciiam.org\/en\/ciam-participa-en-el-67o-congreso-anual-de-la-uia\/","og_site_name":"CIIAM","article_published_time":"2023-10-30T13:11:30+00:00","article_modified_time":"2023-11-07T13:59:57+00:00","og_image":[{"width":800,"height":600,"url":"https:\/\/ciiam.org\/wp-content\/uploads\/2023\/11\/1699267702921.jpg","type":"image\/jpeg"}],"author":"Ivan","twitter_card":"summary_large_image","twitter_misc":{"Written by":"Ivan","Est. reading time":"2 minutes"},"schema":{"@context":"https:\/\/schema.org","@graph":[{"@type":"Article","@id":"https:\/\/ciiam.org\/en\/ciam-participa-en-el-67o-congreso-anual-de-la-uia\/#article","isPartOf":{"@id":"https:\/\/ciiam.org\/en\/ciam-participa-en-el-67o-congreso-anual-de-la-uia\/"},"author":{"name":"Ivan","@id":"https:\/\/ciiam.org\/en\/#\/schema\/person\/b60e7c631c415dc1a3eeb7e98ac371e8"},"headline":"CIAM participa en el 67\u00ba Congreso Anual de la UIA","datePublished":"2023-10-30T13:11:30+00:00","dateModified":"2023-11-07T13:59:57+00:00","mainEntityOfPage":{"@id":"https:\/\/ciiam.org\/en\/ciam-participa-en-el-67o-congreso-anual-de-la-uia\/"},"wordCount":234,"publisher":{"@id":"https:\/\/ciiam.org\/en\/#organization"},"image":{"@id":"https:\/\/ciiam.org\/en\/ciam-participa-en-el-67o-congreso-anual-de-la-uia\/#primaryimage"},"thumbnailUrl":"https:\/\/ciiam.org\/wp-content\/uploads\/2023\/11\/1699267702921.jpg","articleSection":["Actualidad","Hist\u00f3rico publicaciones"],"inLanguage":"en-US"},{"@type":"WebPage","@id":"https:\/\/ciiam.org\/en\/ciam-participa-en-el-67o-congreso-anual-de-la-uia\/","url":"https:\/\/ciiam.org\/en\/ciam-participa-en-el-67o-congreso-anual-de-la-uia\/","name":"CIAM participa en el 67\u00ba Congreso Anual de la UIA - CIIAM","isPartOf":{"@id":"https:\/\/ciiam.org\/en\/#website"},"primaryImageOfPage":{"@id":"https:\/\/ciiam.org\/en\/ciam-participa-en-el-67o-congreso-anual-de-la-uia\/#primaryimage"},"image":{"@id":"https:\/\/ciiam.org\/en\/ciam-participa-en-el-67o-congreso-anual-de-la-uia\/#primaryimage"},"thumbnailUrl":"https:\/\/ciiam.org\/wp-content\/uploads\/2023\/11\/1699267702921.jpg","datePublished":"2023-10-30T13:11:30+00:00","dateModified":"2023-11-07T13:59:57+00:00","description":"CIAM participa en el 67\u00ba Congreso Anual de la UIA, el encuentro perfecto para compartir experiencias entre abogados en una atm\u00f3sfera internacional","breadcrumb":{"@id":"https:\/\/ciiam.org\/en\/ciam-participa-en-el-67o-congreso-anual-de-la-uia\/#breadcrumb"},"inLanguage":"en-US","potentialAction":[{"@type":"ReadAction","target":["https:\/\/ciiam.org\/en\/ciam-participa-en-el-67o-congreso-anual-de-la-uia\/"]}]},{"@type":"ImageObject","inLanguage":"en-US","@id":"https:\/\/ciiam.org\/en\/ciam-participa-en-el-67o-congreso-anual-de-la-uia\/#primaryimage","url":"https:\/\/ciiam.org\/wp-content\/uploads\/2023\/11\/1699267702921.jpg","contentUrl":"https:\/\/ciiam.org\/wp-content\/uploads\/2023\/11\/1699267702921.jpg","width":800,"height":600,"caption":"67\u00ba Congreso Anual de la UIA"},{"@type":"BreadcrumbList","@id":"https:\/\/ciiam.org\/en\/ciam-participa-en-el-67o-congreso-anual-de-la-uia\/#breadcrumb","itemListElement":[{"@type":"ListItem","position":1,"name":"CIAM","item":"https:\/\/ciiam.org\/en\/"},{"@type":"ListItem","position":2,"name":"CIAM participa en el 67\u00ba Congreso Anual de la UIA"}]},{"@type":"WebSite","@id":"https:\/\/ciiam.org\/en\/#website","url":"https:\/\/ciiam.org\/en\/","name":"CIIAM","description":"Centro Internacional e Iberoamericano de Arbitraje de Madrid","publisher":{"@id":"https:\/\/ciiam.org\/en\/#organization"},"potentialAction":[{"@type":"SearchAction","target":{"@type":"EntryPoint","urlTemplate":"https:\/\/ciiam.org\/en\/?s={search_term_string}"},"query-input":{"@type":"PropertyValueSpecification","valueRequired":true,"valueName":"search_term_string"}}],"inLanguage":"en-US"},{"@type":"Organization","@id":"https:\/\/ciiam.org\/en\/#organization","name":"Centro Internacional e Iberoamericano de Arbitraje de Madrid","alternateName":"CIIAM","url":"https:\/\/ciiam.org\/en\/","logo":{"@type":"ImageObject","inLanguage":"en-US","@id":"https:\/\/ciiam.org\/en\/#\/schema\/logo\/image\/","url":"https:\/\/ciiam.org\/wp-content\/uploads\/2026\/01\/favicon.png","contentUrl":"https:\/\/ciiam.org\/wp-content\/uploads\/2026\/01\/favicon.png","width":500,"height":500,"caption":"Centro Internacional e Iberoamericano de Arbitraje de Madrid"},"image":{"@id":"https:\/\/ciiam.org\/en\/#\/schema\/logo\/image\/"},"sameAs":["https:\/\/www.linkedin.com\/company\/ciam-centro-internacional-arbitraje-madrid?trk=d_public_post_image","https:\/\/www.youtube.com\/channel\/UCU2OI7SAQFv5uXAZ4qO4ALg"]},{"@type":"Person","@id":"https:\/\/ciiam.org\/en\/#\/schema\/person\/b60e7c631c415dc1a3eeb7e98ac371e8","name":"Ivan","image":{"@type":"ImageObject","inLanguage":"en-US","@id":"https:\/\/secure.gravatar.com\/avatar\/c9c8079d113e4e742a50aee3024dc2534dd8ec4645734068d4a61ef031c587b5?s=96&d=mm&r=g","url":"https:\/\/secure.gravatar.com\/avatar\/c9c8079d113e4e742a50aee3024dc2534dd8ec4645734068d4a61ef031c587b5?s=96&d=mm&r=g","contentUrl":"https:\/\/secure.gravatar.com\/avatar\/c9c8079d113e4e742a50aee3024dc2534dd8ec4645734068d4a61ef031c587b5?s=96&d=mm&r=g","caption":"Ivan"},"url":"https:\/\/ciiam.org\/en\/author\/17ivrom-cmma\/"}]}},"_links":{"self":[{"href":"https:\/\/ciiam.org\/en\/wp-json\/wp\/v2\/posts\/20653","targetHints":{"allow":["GET"]}}],"collection":[{"href":"https:\/\/ciiam.org\/en\/wp-json\/wp\/v2\/posts"}],"about":[{"href":"https:\/\/ciiam.org\/en\/wp-json\/wp\/v2\/types\/post"}],"author":[{"embeddable":true,"href":"https:\/\/ciiam.org\/en\/wp-json\/wp\/v2\/users\/14"}],"replies":[{"embeddable":true,"href":"https:\/\/ciiam.org\/en\/wp-json\/wp\/v2\/comments?post=20653"}],"version-history":[{"count":1,"href":"https:\/\/ciiam.org\/en\/wp-json\/wp\/v2\/posts\/20653\/revisions"}],"predecessor-version":[{"id":20656,"href":"https:\/\/ciiam.org\/en\/wp-json\/wp\/v2\/posts\/20653\/revisions\/20656"}],"wp:featuredmedia":[{"embeddable":true,"href":"https:\/\/ciiam.org\/en\/wp-json\/wp\/v2\/media\/20654"}],"wp:attachment":[{"href":"https:\/\/ciiam.org\/en\/wp-json\/wp\/v2\/media?parent=20653"}],"wp:term":[{"taxonomy":"category","embeddable":true,"href":"https:\/\/ciiam.org\/en\/wp-json\/wp\/v2\/categories?post=20653"},{"taxonomy":"post_tag","embeddable":true,"href":"https:\/\/ciiam.org\/en\/wp-json\/wp\/v2\/tags?post=20653"}],"curies":[{"name":"wp","href":"https:\/\/api.w.org\/{rel}","templated":true}]}}