{"id":23568,"date":"2024-02-19T09:07:53","date_gmt":"2024-02-19T09:07:53","guid":{"rendered":"https:\/\/ciiam.org\/?p=23568"},"modified":"2024-02-19T15:15:28","modified_gmt":"2024-02-19T15:15:28","slug":"ciam-y-la-secretaria-de-estado-para-iberoamerica-y-el-caribe-y-el-espanol-en-el-mundo-destacan-la-importancia-del-espanol-en-el-mundo-juridico","status":"publish","type":"post","link":"https:\/\/ciiam.org\/en\/ciam-y-la-secretaria-de-estado-para-iberoamerica-y-el-caribe-y-el-espanol-en-el-mundo-destacan-la-importancia-del-espanol-en-el-mundo-juridico\/","title":{"rendered":"CIAM y la Secretar\u00eda de Estado para Iberoam\u00e9rica y el Caribe y el Espa\u00f1ol en el Mundo destacan la importancia del espa\u00f1ol en el mundo jur\u00eddico"},"content":{"rendered":"<p>El pasado 14 de febrero, nuestro Presidente,\u00a0<a href=\"https:\/\/www.linkedin.com\/in\/ACoAABD0i74BKH9IUE3gmzIsAttG2rT5lrlQcGc\" data-attribute-index=\"0\" data-entity-type=\"MINI_PROFILE\">Jos\u00e9 Mar\u00eda Alonso<\/a>, y nuestra Secretaria General,\u00a0<a href=\"https:\/\/www.linkedin.com\/in\/ACoAABj4qk8BmTZL4A_v_KEu2oCOGcFTb_jFASo\" data-attribute-index=\"2\" data-entity-type=\"MINI_PROFILE\">Marta Lalaguna Holzwarth<\/a>, se reunieron con Susana Sumelzo, Secretaria de Estado para Iberoam\u00e9rica y el Caribe y el Espa\u00f1ol en el Mundo, y\u00a0<a href=\"https:\/\/www.linkedin.com\/in\/ACoAAA-AyyUBX_r-1LF0H9qaHQsCFW-PhRxRGFw\" data-attribute-index=\"4\" data-entity-type=\"MINI_PROFILE\">Guillermo Escribano Manzano<\/a>, Director General del Espa\u00f1ol en el Mundo.<\/p>\n<p>En la reuni\u00f3n discutieron la importancia que tiene el espa\u00f1ol en el mundo jur\u00eddico, el papel esencial que debe cumplir en el futuro, y el rol de CIAM, como centro de arbitraje internacional, en impulsar su uso.<\/p>\n<p>&nbsp;<\/p>\n","protected":false},"excerpt":{"rendered":"<p>El pasado 14 de febrero, nuestro Presidente,\u00a0Jos\u00e9 Mar\u00eda Alonso, y nuestra Secretaria General,\u00a0Marta Lalaguna Holzwarth, se reunieron con Susana Sumelzo, Secretaria de Estado para Iberoam\u00e9rica y el Caribe y el Espa\u00f1ol en el Mundo, y\u00a0Guillermo Escribano Manzano, Director General del Espa\u00f1ol en el Mundo. En la reuni\u00f3n discutieron la importancia que tiene el espa\u00f1ol en [&hellip;]<\/p>\n","protected":false},"author":14,"featured_media":23578,"comment_status":"closed","ping_status":"open","sticky":false,"template":"","format":"standard","meta":{"footnotes":""},"categories":[17],"tags":[],"class_list":["post-23568","post","type-post","status-publish","format-standard","has-post-thumbnail","hentry","category-actualidad"],"yoast_head":"<!-- This site is optimized with the Yoast SEO plugin v27.3 - https:\/\/yoast.com\/product\/yoast-seo-wordpress\/ -->\n<title>CIAM y la Secretar\u00eda de Estado para Iberoam\u00e9rica, y el Caribe y el Espa\u00f1ol en el Mundo destacan la importancia del espa\u00f1ol en el mundo jur\u00eddico<\/title>\n<meta name=\"robots\" content=\"index, follow, max-snippet:-1, max-image-preview:large, max-video-preview:-1\" \/>\n<link rel=\"canonical\" href=\"https:\/\/ciiam.org\/en\/ciam-y-la-secretaria-de-estado-para-iberoamerica-y-el-caribe-y-el-espanol-en-el-mundo-destacan-la-importancia-del-espanol-en-el-mundo-juridico\/\" \/>\n<meta property=\"og:locale\" content=\"en_US\" \/>\n<meta property=\"og:type\" content=\"article\" \/>\n<meta property=\"og:title\" content=\"CIAM y la Secretar\u00eda de Estado para Iberoam\u00e9rica, y el Caribe y el Espa\u00f1ol en el Mundo destacan la importancia del espa\u00f1ol en el mundo jur\u00eddico\" \/>\n<meta property=\"og:description\" content=\"El pasado 14 de febrero, nuestro Presidente,\u00a0Jos\u00e9 Mar\u00eda Alonso, y nuestra Secretaria General,\u00a0Marta Lalaguna Holzwarth, se reunieron con Susana Sumelzo, Secretaria de Estado para Iberoam\u00e9rica y el Caribe y el Espa\u00f1ol en el Mundo, y\u00a0Guillermo Escribano Manzano, Director General del Espa\u00f1ol en el Mundo. En la reuni\u00f3n discutieron la importancia que tiene el espa\u00f1ol en [&hellip;]\" \/>\n<meta property=\"og:url\" content=\"https:\/\/ciiam.org\/en\/ciam-y-la-secretaria-de-estado-para-iberoamerica-y-el-caribe-y-el-espanol-en-el-mundo-destacan-la-importancia-del-espanol-en-el-mundo-juridico\/\" \/>\n<meta property=\"og:site_name\" content=\"CIIAM\" \/>\n<meta property=\"article:published_time\" content=\"2024-02-19T09:07:53+00:00\" \/>\n<meta property=\"article:modified_time\" content=\"2024-02-19T15:15:28+00:00\" \/>\n<meta property=\"og:image\" content=\"https:\/\/ciiam.org\/wp-content\/uploads\/2024\/02\/grande-1024x767.png\" \/>\n\t<meta property=\"og:image:width\" content=\"1024\" \/>\n\t<meta property=\"og:image:height\" content=\"767\" \/>\n\t<meta property=\"og:image:type\" content=\"image\/png\" \/>\n<meta name=\"author\" content=\"Ivan\" \/>\n<meta name=\"twitter:card\" content=\"summary_large_image\" \/>\n<meta name=\"twitter:label1\" content=\"Written by\" \/>\n\t<meta name=\"twitter:data1\" content=\"Ivan\" \/>\n\t<meta name=\"twitter:label2\" content=\"Est. reading time\" \/>\n\t<meta name=\"twitter:data2\" content=\"1 minute\" \/>\n<script type=\"application\/ld+json\" class=\"yoast-schema-graph\">{\"@context\":\"https:\\\/\\\/schema.org\",\"@graph\":[{\"@type\":\"Article\",\"@id\":\"https:\\\/\\\/ciiam.org\\\/en\\\/ciam-y-la-secretaria-de-estado-para-iberoamerica-y-el-caribe-y-el-espanol-en-el-mundo-destacan-la-importancia-del-espanol-en-el-mundo-juridico\\\/#article\",\"isPartOf\":{\"@id\":\"https:\\\/\\\/ciiam.org\\\/en\\\/ciam-y-la-secretaria-de-estado-para-iberoamerica-y-el-caribe-y-el-espanol-en-el-mundo-destacan-la-importancia-del-espanol-en-el-mundo-juridico\\\/\"},\"author\":{\"name\":\"Ivan\",\"@id\":\"https:\\\/\\\/ciiam.org\\\/en\\\/#\\\/schema\\\/person\\\/b60e7c631c415dc1a3eeb7e98ac371e8\"},\"headline\":\"CIAM y la Secretar\u00eda de Estado para Iberoam\u00e9rica y el Caribe y el Espa\u00f1ol en el Mundo destacan la importancia del espa\u00f1ol en el mundo jur\u00eddico\",\"datePublished\":\"2024-02-19T09:07:53+00:00\",\"dateModified\":\"2024-02-19T15:15:28+00:00\",\"mainEntityOfPage\":{\"@id\":\"https:\\\/\\\/ciiam.org\\\/en\\\/ciam-y-la-secretaria-de-estado-para-iberoamerica-y-el-caribe-y-el-espanol-en-el-mundo-destacan-la-importancia-del-espanol-en-el-mundo-juridico\\\/\"},\"wordCount\":122,\"publisher\":{\"@id\":\"https:\\\/\\\/ciiam.org\\\/en\\\/#organization\"},\"image\":{\"@id\":\"https:\\\/\\\/ciiam.org\\\/en\\\/ciam-y-la-secretaria-de-estado-para-iberoamerica-y-el-caribe-y-el-espanol-en-el-mundo-destacan-la-importancia-del-espanol-en-el-mundo-juridico\\\/#primaryimage\"},\"thumbnailUrl\":\"https:\\\/\\\/ciiam.org\\\/wp-content\\\/uploads\\\/2024\\\/02\\\/grande.png\",\"articleSection\":[\"Actualidad\"],\"inLanguage\":\"en-US\"},{\"@type\":\"WebPage\",\"@id\":\"https:\\\/\\\/ciiam.org\\\/en\\\/ciam-y-la-secretaria-de-estado-para-iberoamerica-y-el-caribe-y-el-espanol-en-el-mundo-destacan-la-importancia-del-espanol-en-el-mundo-juridico\\\/\",\"url\":\"https:\\\/\\\/ciiam.org\\\/en\\\/ciam-y-la-secretaria-de-estado-para-iberoamerica-y-el-caribe-y-el-espanol-en-el-mundo-destacan-la-importancia-del-espanol-en-el-mundo-juridico\\\/\",\"name\":\"CIAM y la Secretar\u00eda de Estado para Iberoam\u00e9rica, y el Caribe y el Espa\u00f1ol en el Mundo destacan la importancia del espa\u00f1ol en el mundo jur\u00eddico\",\"isPartOf\":{\"@id\":\"https:\\\/\\\/ciiam.org\\\/en\\\/#website\"},\"primaryImageOfPage\":{\"@id\":\"https:\\\/\\\/ciiam.org\\\/en\\\/ciam-y-la-secretaria-de-estado-para-iberoamerica-y-el-caribe-y-el-espanol-en-el-mundo-destacan-la-importancia-del-espanol-en-el-mundo-juridico\\\/#primaryimage\"},\"image\":{\"@id\":\"https:\\\/\\\/ciiam.org\\\/en\\\/ciam-y-la-secretaria-de-estado-para-iberoamerica-y-el-caribe-y-el-espanol-en-el-mundo-destacan-la-importancia-del-espanol-en-el-mundo-juridico\\\/#primaryimage\"},\"thumbnailUrl\":\"https:\\\/\\\/ciiam.org\\\/wp-content\\\/uploads\\\/2024\\\/02\\\/grande.png\",\"datePublished\":\"2024-02-19T09:07:53+00:00\",\"dateModified\":\"2024-02-19T15:15:28+00:00\",\"breadcrumb\":{\"@id\":\"https:\\\/\\\/ciiam.org\\\/en\\\/ciam-y-la-secretaria-de-estado-para-iberoamerica-y-el-caribe-y-el-espanol-en-el-mundo-destacan-la-importancia-del-espanol-en-el-mundo-juridico\\\/#breadcrumb\"},\"inLanguage\":\"en-US\",\"potentialAction\":[{\"@type\":\"ReadAction\",\"target\":[\"https:\\\/\\\/ciiam.org\\\/en\\\/ciam-y-la-secretaria-de-estado-para-iberoamerica-y-el-caribe-y-el-espanol-en-el-mundo-destacan-la-importancia-del-espanol-en-el-mundo-juridico\\\/\"]}]},{\"@type\":\"ImageObject\",\"inLanguage\":\"en-US\",\"@id\":\"https:\\\/\\\/ciiam.org\\\/en\\\/ciam-y-la-secretaria-de-estado-para-iberoamerica-y-el-caribe-y-el-espanol-en-el-mundo-destacan-la-importancia-del-espanol-en-el-mundo-juridico\\\/#primaryimage\",\"url\":\"https:\\\/\\\/ciiam.org\\\/wp-content\\\/uploads\\\/2024\\\/02\\\/grande.png\",\"contentUrl\":\"https:\\\/\\\/ciiam.org\\\/wp-content\\\/uploads\\\/2024\\\/02\\\/grande.png\",\"width\":1571,\"height\":1177},{\"@type\":\"BreadcrumbList\",\"@id\":\"https:\\\/\\\/ciiam.org\\\/en\\\/ciam-y-la-secretaria-de-estado-para-iberoamerica-y-el-caribe-y-el-espanol-en-el-mundo-destacan-la-importancia-del-espanol-en-el-mundo-juridico\\\/#breadcrumb\",\"itemListElement\":[{\"@type\":\"ListItem\",\"position\":1,\"name\":\"CIAM\",\"item\":\"https:\\\/\\\/ciiam.org\\\/en\\\/\"},{\"@type\":\"ListItem\",\"position\":2,\"name\":\"CIAM y la Secretar\u00eda de Estado para Iberoam\u00e9rica y el Caribe y el Espa\u00f1ol en el Mundo destacan la importancia del espa\u00f1ol en el mundo jur\u00eddico\"}]},{\"@type\":\"WebSite\",\"@id\":\"https:\\\/\\\/ciiam.org\\\/en\\\/#website\",\"url\":\"https:\\\/\\\/ciiam.org\\\/en\\\/\",\"name\":\"CIIAM\",\"description\":\"Centro Internacional e Iberoamericano de Arbitraje de Madrid\",\"publisher\":{\"@id\":\"https:\\\/\\\/ciiam.org\\\/en\\\/#organization\"},\"potentialAction\":[{\"@type\":\"SearchAction\",\"target\":{\"@type\":\"EntryPoint\",\"urlTemplate\":\"https:\\\/\\\/ciiam.org\\\/en\\\/?s={search_term_string}\"},\"query-input\":{\"@type\":\"PropertyValueSpecification\",\"valueRequired\":true,\"valueName\":\"search_term_string\"}}],\"inLanguage\":\"en-US\"},{\"@type\":\"Organization\",\"@id\":\"https:\\\/\\\/ciiam.org\\\/en\\\/#organization\",\"name\":\"Centro Internacional e Iberoamericano de Arbitraje de Madrid\",\"alternateName\":\"CIIAM\",\"url\":\"https:\\\/\\\/ciiam.org\\\/en\\\/\",\"logo\":{\"@type\":\"ImageObject\",\"inLanguage\":\"en-US\",\"@id\":\"https:\\\/\\\/ciiam.org\\\/en\\\/#\\\/schema\\\/logo\\\/image\\\/\",\"url\":\"https:\\\/\\\/ciiam.org\\\/wp-content\\\/uploads\\\/2026\\\/01\\\/favicon.png\",\"contentUrl\":\"https:\\\/\\\/ciiam.org\\\/wp-content\\\/uploads\\\/2026\\\/01\\\/favicon.png\",\"width\":500,\"height\":500,\"caption\":\"Centro Internacional e Iberoamericano de Arbitraje de Madrid\"},\"image\":{\"@id\":\"https:\\\/\\\/ciiam.org\\\/en\\\/#\\\/schema\\\/logo\\\/image\\\/\"},\"sameAs\":[\"https:\\\/\\\/www.linkedin.com\\\/company\\\/ciam-centro-internacional-arbitraje-madrid?trk=d_public_post_image\",\"https:\\\/\\\/www.youtube.com\\\/channel\\\/UCU2OI7SAQFv5uXAZ4qO4ALg\"]},{\"@type\":\"Person\",\"@id\":\"https:\\\/\\\/ciiam.org\\\/en\\\/#\\\/schema\\\/person\\\/b60e7c631c415dc1a3eeb7e98ac371e8\",\"name\":\"Ivan\",\"image\":{\"@type\":\"ImageObject\",\"inLanguage\":\"en-US\",\"@id\":\"https:\\\/\\\/secure.gravatar.com\\\/avatar\\\/c9c8079d113e4e742a50aee3024dc2534dd8ec4645734068d4a61ef031c587b5?s=96&d=mm&r=g\",\"url\":\"https:\\\/\\\/secure.gravatar.com\\\/avatar\\\/c9c8079d113e4e742a50aee3024dc2534dd8ec4645734068d4a61ef031c587b5?s=96&d=mm&r=g\",\"contentUrl\":\"https:\\\/\\\/secure.gravatar.com\\\/avatar\\\/c9c8079d113e4e742a50aee3024dc2534dd8ec4645734068d4a61ef031c587b5?s=96&d=mm&r=g\",\"caption\":\"Ivan\"},\"url\":\"https:\\\/\\\/ciiam.org\\\/en\\\/author\\\/17ivrom-cmma\\\/\"}]}<\/script>\n<!-- \/ Yoast SEO plugin. -->","yoast_head_json":{"title":"CIAM y la Secretar\u00eda de Estado para Iberoam\u00e9rica, y el Caribe y el Espa\u00f1ol en el Mundo destacan la importancia del espa\u00f1ol en el mundo jur\u00eddico","robots":{"index":"index","follow":"follow","max-snippet":"max-snippet:-1","max-image-preview":"max-image-preview:large","max-video-preview":"max-video-preview:-1"},"canonical":"https:\/\/ciiam.org\/en\/ciam-y-la-secretaria-de-estado-para-iberoamerica-y-el-caribe-y-el-espanol-en-el-mundo-destacan-la-importancia-del-espanol-en-el-mundo-juridico\/","og_locale":"en_US","og_type":"article","og_title":"CIAM y la Secretar\u00eda de Estado para Iberoam\u00e9rica, y el Caribe y el Espa\u00f1ol en el Mundo destacan la importancia del espa\u00f1ol en el mundo jur\u00eddico","og_description":"El pasado 14 de febrero, nuestro Presidente,\u00a0Jos\u00e9 Mar\u00eda Alonso, y nuestra Secretaria General,\u00a0Marta Lalaguna Holzwarth, se reunieron con Susana Sumelzo, Secretaria de Estado para Iberoam\u00e9rica y el Caribe y el Espa\u00f1ol en el Mundo, y\u00a0Guillermo Escribano Manzano, Director General del Espa\u00f1ol en el Mundo. En la reuni\u00f3n discutieron la importancia que tiene el espa\u00f1ol en [&hellip;]","og_url":"https:\/\/ciiam.org\/en\/ciam-y-la-secretaria-de-estado-para-iberoamerica-y-el-caribe-y-el-espanol-en-el-mundo-destacan-la-importancia-del-espanol-en-el-mundo-juridico\/","og_site_name":"CIIAM","article_published_time":"2024-02-19T09:07:53+00:00","article_modified_time":"2024-02-19T15:15:28+00:00","og_image":[{"width":1024,"height":767,"url":"https:\/\/ciiam.org\/wp-content\/uploads\/2024\/02\/grande-1024x767.png","type":"image\/png"}],"author":"Ivan","twitter_card":"summary_large_image","twitter_misc":{"Written by":"Ivan","Est. reading time":"1 minute"},"schema":{"@context":"https:\/\/schema.org","@graph":[{"@type":"Article","@id":"https:\/\/ciiam.org\/en\/ciam-y-la-secretaria-de-estado-para-iberoamerica-y-el-caribe-y-el-espanol-en-el-mundo-destacan-la-importancia-del-espanol-en-el-mundo-juridico\/#article","isPartOf":{"@id":"https:\/\/ciiam.org\/en\/ciam-y-la-secretaria-de-estado-para-iberoamerica-y-el-caribe-y-el-espanol-en-el-mundo-destacan-la-importancia-del-espanol-en-el-mundo-juridico\/"},"author":{"name":"Ivan","@id":"https:\/\/ciiam.org\/en\/#\/schema\/person\/b60e7c631c415dc1a3eeb7e98ac371e8"},"headline":"CIAM y la Secretar\u00eda de Estado para Iberoam\u00e9rica y el Caribe y el Espa\u00f1ol en el Mundo destacan la importancia del espa\u00f1ol en el mundo jur\u00eddico","datePublished":"2024-02-19T09:07:53+00:00","dateModified":"2024-02-19T15:15:28+00:00","mainEntityOfPage":{"@id":"https:\/\/ciiam.org\/en\/ciam-y-la-secretaria-de-estado-para-iberoamerica-y-el-caribe-y-el-espanol-en-el-mundo-destacan-la-importancia-del-espanol-en-el-mundo-juridico\/"},"wordCount":122,"publisher":{"@id":"https:\/\/ciiam.org\/en\/#organization"},"image":{"@id":"https:\/\/ciiam.org\/en\/ciam-y-la-secretaria-de-estado-para-iberoamerica-y-el-caribe-y-el-espanol-en-el-mundo-destacan-la-importancia-del-espanol-en-el-mundo-juridico\/#primaryimage"},"thumbnailUrl":"https:\/\/ciiam.org\/wp-content\/uploads\/2024\/02\/grande.png","articleSection":["Actualidad"],"inLanguage":"en-US"},{"@type":"WebPage","@id":"https:\/\/ciiam.org\/en\/ciam-y-la-secretaria-de-estado-para-iberoamerica-y-el-caribe-y-el-espanol-en-el-mundo-destacan-la-importancia-del-espanol-en-el-mundo-juridico\/","url":"https:\/\/ciiam.org\/en\/ciam-y-la-secretaria-de-estado-para-iberoamerica-y-el-caribe-y-el-espanol-en-el-mundo-destacan-la-importancia-del-espanol-en-el-mundo-juridico\/","name":"CIAM y la Secretar\u00eda de Estado para Iberoam\u00e9rica, y el Caribe y el Espa\u00f1ol en el Mundo destacan la importancia del espa\u00f1ol en el mundo jur\u00eddico","isPartOf":{"@id":"https:\/\/ciiam.org\/en\/#website"},"primaryImageOfPage":{"@id":"https:\/\/ciiam.org\/en\/ciam-y-la-secretaria-de-estado-para-iberoamerica-y-el-caribe-y-el-espanol-en-el-mundo-destacan-la-importancia-del-espanol-en-el-mundo-juridico\/#primaryimage"},"image":{"@id":"https:\/\/ciiam.org\/en\/ciam-y-la-secretaria-de-estado-para-iberoamerica-y-el-caribe-y-el-espanol-en-el-mundo-destacan-la-importancia-del-espanol-en-el-mundo-juridico\/#primaryimage"},"thumbnailUrl":"https:\/\/ciiam.org\/wp-content\/uploads\/2024\/02\/grande.png","datePublished":"2024-02-19T09:07:53+00:00","dateModified":"2024-02-19T15:15:28+00:00","breadcrumb":{"@id":"https:\/\/ciiam.org\/en\/ciam-y-la-secretaria-de-estado-para-iberoamerica-y-el-caribe-y-el-espanol-en-el-mundo-destacan-la-importancia-del-espanol-en-el-mundo-juridico\/#breadcrumb"},"inLanguage":"en-US","potentialAction":[{"@type":"ReadAction","target":["https:\/\/ciiam.org\/en\/ciam-y-la-secretaria-de-estado-para-iberoamerica-y-el-caribe-y-el-espanol-en-el-mundo-destacan-la-importancia-del-espanol-en-el-mundo-juridico\/"]}]},{"@type":"ImageObject","inLanguage":"en-US","@id":"https:\/\/ciiam.org\/en\/ciam-y-la-secretaria-de-estado-para-iberoamerica-y-el-caribe-y-el-espanol-en-el-mundo-destacan-la-importancia-del-espanol-en-el-mundo-juridico\/#primaryimage","url":"https:\/\/ciiam.org\/wp-content\/uploads\/2024\/02\/grande.png","contentUrl":"https:\/\/ciiam.org\/wp-content\/uploads\/2024\/02\/grande.png","width":1571,"height":1177},{"@type":"BreadcrumbList","@id":"https:\/\/ciiam.org\/en\/ciam-y-la-secretaria-de-estado-para-iberoamerica-y-el-caribe-y-el-espanol-en-el-mundo-destacan-la-importancia-del-espanol-en-el-mundo-juridico\/#breadcrumb","itemListElement":[{"@type":"ListItem","position":1,"name":"CIAM","item":"https:\/\/ciiam.org\/en\/"},{"@type":"ListItem","position":2,"name":"CIAM y la Secretar\u00eda de Estado para Iberoam\u00e9rica y el Caribe y el Espa\u00f1ol en el Mundo destacan la importancia del espa\u00f1ol en el mundo jur\u00eddico"}]},{"@type":"WebSite","@id":"https:\/\/ciiam.org\/en\/#website","url":"https:\/\/ciiam.org\/en\/","name":"CIIAM","description":"Centro Internacional e Iberoamericano de Arbitraje de Madrid","publisher":{"@id":"https:\/\/ciiam.org\/en\/#organization"},"potentialAction":[{"@type":"SearchAction","target":{"@type":"EntryPoint","urlTemplate":"https:\/\/ciiam.org\/en\/?s={search_term_string}"},"query-input":{"@type":"PropertyValueSpecification","valueRequired":true,"valueName":"search_term_string"}}],"inLanguage":"en-US"},{"@type":"Organization","@id":"https:\/\/ciiam.org\/en\/#organization","name":"Centro Internacional e Iberoamericano de Arbitraje de Madrid","alternateName":"CIIAM","url":"https:\/\/ciiam.org\/en\/","logo":{"@type":"ImageObject","inLanguage":"en-US","@id":"https:\/\/ciiam.org\/en\/#\/schema\/logo\/image\/","url":"https:\/\/ciiam.org\/wp-content\/uploads\/2026\/01\/favicon.png","contentUrl":"https:\/\/ciiam.org\/wp-content\/uploads\/2026\/01\/favicon.png","width":500,"height":500,"caption":"Centro Internacional e Iberoamericano de Arbitraje de Madrid"},"image":{"@id":"https:\/\/ciiam.org\/en\/#\/schema\/logo\/image\/"},"sameAs":["https:\/\/www.linkedin.com\/company\/ciam-centro-internacional-arbitraje-madrid?trk=d_public_post_image","https:\/\/www.youtube.com\/channel\/UCU2OI7SAQFv5uXAZ4qO4ALg"]},{"@type":"Person","@id":"https:\/\/ciiam.org\/en\/#\/schema\/person\/b60e7c631c415dc1a3eeb7e98ac371e8","name":"Ivan","image":{"@type":"ImageObject","inLanguage":"en-US","@id":"https:\/\/secure.gravatar.com\/avatar\/c9c8079d113e4e742a50aee3024dc2534dd8ec4645734068d4a61ef031c587b5?s=96&d=mm&r=g","url":"https:\/\/secure.gravatar.com\/avatar\/c9c8079d113e4e742a50aee3024dc2534dd8ec4645734068d4a61ef031c587b5?s=96&d=mm&r=g","contentUrl":"https:\/\/secure.gravatar.com\/avatar\/c9c8079d113e4e742a50aee3024dc2534dd8ec4645734068d4a61ef031c587b5?s=96&d=mm&r=g","caption":"Ivan"},"url":"https:\/\/ciiam.org\/en\/author\/17ivrom-cmma\/"}]}},"_links":{"self":[{"href":"https:\/\/ciiam.org\/en\/wp-json\/wp\/v2\/posts\/23568","targetHints":{"allow":["GET"]}}],"collection":[{"href":"https:\/\/ciiam.org\/en\/wp-json\/wp\/v2\/posts"}],"about":[{"href":"https:\/\/ciiam.org\/en\/wp-json\/wp\/v2\/types\/post"}],"author":[{"embeddable":true,"href":"https:\/\/ciiam.org\/en\/wp-json\/wp\/v2\/users\/14"}],"replies":[{"embeddable":true,"href":"https:\/\/ciiam.org\/en\/wp-json\/wp\/v2\/comments?post=23568"}],"version-history":[{"count":6,"href":"https:\/\/ciiam.org\/en\/wp-json\/wp\/v2\/posts\/23568\/revisions"}],"predecessor-version":[{"id":23587,"href":"https:\/\/ciiam.org\/en\/wp-json\/wp\/v2\/posts\/23568\/revisions\/23587"}],"wp:featuredmedia":[{"embeddable":true,"href":"https:\/\/ciiam.org\/en\/wp-json\/wp\/v2\/media\/23578"}],"wp:attachment":[{"href":"https:\/\/ciiam.org\/en\/wp-json\/wp\/v2\/media?parent=23568"}],"wp:term":[{"taxonomy":"category","embeddable":true,"href":"https:\/\/ciiam.org\/en\/wp-json\/wp\/v2\/categories?post=23568"},{"taxonomy":"post_tag","embeddable":true,"href":"https:\/\/ciiam.org\/en\/wp-json\/wp\/v2\/tags?post=23568"}],"curies":[{"name":"wp","href":"https:\/\/api.w.org\/{rel}","templated":true}]}}