{"id":24780,"date":"2024-03-08T11:52:22","date_gmt":"2024-03-08T11:52:22","guid":{"rendered":"https:\/\/ciiam.org\/?p=24780"},"modified":"2026-01-15T19:20:02","modified_gmt":"2026-01-15T19:20:02","slug":"ciam-y-ciar-se-alian-para-crear-un-centro-de-arbitraje-de-referencia-en-iberoamerica","status":"publish","type":"post","link":"https:\/\/ciiam.org\/en\/ciam-y-ciar-se-alian-para-crear-un-centro-de-arbitraje-de-referencia-en-iberoamerica\/","title":{"rendered":"CIAM y CIAR se al\u00edan para crear un centro de arbitraje de referencia en Iberoam\u00e9rica"},"content":{"rendered":"<ul>\n<li>La nueva instituci\u00f3n ofrecer\u00e1 servicios de administraci\u00f3n de arbitrajes internacionales con el enfoque puesto en el \u00e1mbito iberoamericano y en las peque\u00f1as y medianas empresas<\/li>\n<li>Adem\u00e1s de su sede en Madrid, CIIAM contar\u00e1 con dos oficinas en San Jos\u00e9 de Costa Rica y S\u00e3o Paulo<\/li>\n<\/ul>\n<p><strong>Madrid, <\/strong><strong>8 de marzo de 2024. <\/strong>El Centro Internacional de Arbitraje de Madrid (CIAM) y el Centro Iberoamericano de Arbitraje (CIAR) han firmado una alianza estrat\u00e9gica para aunar esfuerzos y convertirse en el centro de arbitraje de referencia en Iberoam\u00e9rica gracias a su cercan\u00eda, agilidad, seguridad y modernidad.<\/p>\n<p>La instituci\u00f3n, que a partir de ahora se denominar\u00e1 CIIAM, continuar\u00e1 ofreciendo servicios de administraci\u00f3n de arbitrajes internacionales con un especial enfoque en el \u00e1mbito iberoamericano y en las pymes, con el objetivo de que ayude a fortalecer el liderazgo internacional de las empresas espa\u00f1olas y latinoamericanas.<\/p>\n<p>A trav\u00e9s de esta alianza, CIAR se configura como socio estrat\u00e9gico e integrar\u00e1 toda su actividad arbitral en CIIAM. De esta manera, CIAR destinar\u00e1 todos sus recursos actuales y futuros en la nueva instituci\u00f3n, lo que incluye la cesi\u00f3n de toda su actividad arbitral y relativa a cualquier mecanismo de resoluci\u00f3n de disputas actuales y aquellas que pueda tener en un futuro a CIIAM, as\u00ed como todos los medios humanos, materiales y econ\u00f3micos de los que dispone para el buen funcionamiento de la alianza.<\/p>\n<p><img fetchpriority=\"high\" decoding=\"async\" class=\"aligncenter wp-image-34867 size-large\" src=\"https:\/\/ciiam.org\/wp-content\/uploads\/2024\/03\/CIAM-CIAR-Foto-Familia-1-1536x1024-1-1024x683.jpg\" alt=\"\" width=\"1024\" height=\"683\" srcset=\"https:\/\/ciiam.org\/wp-content\/uploads\/2024\/03\/CIAM-CIAR-Foto-Familia-1-1536x1024-1-1024x683.jpg 1024w, https:\/\/ciiam.org\/wp-content\/uploads\/2024\/03\/CIAM-CIAR-Foto-Familia-1-1536x1024-1-300x200.jpg 300w, https:\/\/ciiam.org\/wp-content\/uploads\/2024\/03\/CIAM-CIAR-Foto-Familia-1-1536x1024-1-768x512.jpg 768w, https:\/\/ciiam.org\/wp-content\/uploads\/2024\/03\/CIAM-CIAR-Foto-Familia-1-1536x1024-1-391x260.jpg 391w, https:\/\/ciiam.org\/wp-content\/uploads\/2024\/03\/CIAM-CIAR-Foto-Familia-1-1536x1024-1.jpg 1536w\" sizes=\"(max-width: 1024px) 100vw, 1024px\" \/><\/p>\n<p>El alcalde de Madrid, <strong>Jos\u00e9 Luis Mart\u00ednez-Almeida<\/strong>, ha inaugurado el acto de presentaci\u00f3n de la Alianza resaltando que se trata de \u201cuna uni\u00f3n natural entre dos cortes de arbitraje, una nacida de la sociedad civil de Madrid, y otra que encarna a la Secretar\u00eda General Iberoamericana, gran amiga de la ciudad. \u00a0Madrid es la capital de Iberoam\u00e9rica en Europa. Somos el puente entre el empresariado de Espa\u00f1a y tambi\u00e9n de Europa, y el empresariado de Iberoam\u00e9rica\u201d.<\/p>\n<p>Por su parte, <strong>Andr\u00e9s Allamand<\/strong>, secretario general Iberoamericano, ha llamado la atenci\u00f3n sobre la importancia de este acuerdo porque \u201cen un mundo en el que la \u00fanica constante es el cambio, tener aliados que compartan principios es m\u00e1s importante que nunca. Para incentivar la seguridad jur\u00eddica hay que crear marcos jur\u00eddicos permanentes, estables y predecibles, y a trav\u00e9s de mecanismos de resoluci\u00f3n de controversias que sean independientes de los poderes pol\u00edticos, de las partes y de los grupos de presi\u00f3n. Esto es lo que aporta el arbitraje\u201d.<\/p>\n<p>El presidente de CIIAM, <strong>Jos\u00e9 Mar\u00eda Alonso<\/strong>, ha subrayado la vocaci\u00f3n iberoamericana de la instituci\u00f3n: \u201cLos arbitrajes con partes iberoamericanas suponen el 25% de los que se realizan en el mundo. Compartimos una misma lengua y un derecho muy similar. Esto nos hace una aut\u00e9ntica potencia\u201d.<\/p>\n<p>Por su parte, el vicepresidente de CIIAM, <strong>Javier \u00cdscar<\/strong>, se ha mostrado convencido de que \u201cCIIAM va a convertirse en la instituci\u00f3n de referencia del arbitraje internacional. Queremos ser un centro iberoamericano que d\u00e9 respuesta a los problemas de nuestra regi\u00f3n, un mercado de 800 millones de personas que hablan espa\u00f1ol, la segunda lengua m\u00e1s utilizada en el mundo despu\u00e9s del ingl\u00e9s\u201d.<\/p>\n<p>En el cierre del acto, el presidente de la Asociaci\u00f3n para el Arbitraje Internacional de Madrid, <strong>Juan Serrada, <\/strong>ha destacado que \u201ca los promotores de esta iniciativa nos han guiado dos premisas: la voluntariedad y la actuaci\u00f3n desinteresada. \u00a0Todo ello con la finalidad de alcanzar la meta com\u00fan de consolidar una instituci\u00f3n reconocida internacionalmente que es un orgullo para los abogados y las empresas espa\u00f1olas e iberoamericanas\u201d.<\/p>\n<p>&nbsp;<\/p>\n<p><strong>Acuerdo CIIAM<\/strong><\/p>\n<p>CIAR integrar\u00e1 toda su actividad arbitral relativa a cualquier mecanismo de resoluci\u00f3n de disputas que tenga en la actualidad, como aquella que pudiera tener en un futuro en CIIAM. Ello comprende la administraci\u00f3n de potenciales arbitrajes y mediaciones sujetos a convenio CIAR, as\u00ed como toda actividad de difusi\u00f3n.<\/p>\n<p>La actividad relativa a la administraci\u00f3n de los procedimientos arbitrales se regir\u00e1 por el Reglamento de CIAM, que entr\u00f3 en vigor el 1 de enero de 2024 y en el que CIAR fue invitada a aportar ideas y sugerencias, y que pasar\u00e1 a llamarse Reglamento CIIAM, con sus anexos y notas de funcionamiento interno.<\/p>\n<p>Seg\u00fan establece en el acuerdo, se incorporar\u00e1n al Pleno de CIIAM progresivamente dos miembros m\u00e1s: Javier \u00cdscar, que asumir\u00e1 la Vicepresidencia de CIIAM -junto con los actuales vicepresidentes Juan Serrada, Elena Otero-Novas y Urquiola de Palacio-, y Elena Baraldi, secretaria general de CIAR. Posteriormente, se incorporar\u00e1n dos miembros m\u00e1s a propuesta de CIAR y existe un compromiso de lograr un equilibrio con miembros iberoamericanos y europeos.<\/p>\n<p>Toda la administraci\u00f3n de casos seguir\u00e1 llev\u00e1ndose a cabo con el equipo de CIAM, que mantendr\u00e1 la Secretar\u00eda General con Marta Lalaguna al frente.<\/p>\n<p>CIIAM tendr\u00e1 su sede en el Palacio de Santo\u00f1a en Madrid, que ser\u00e1 el domicilio desde el que se administrar\u00e1n todos los arbitrajes de CIIAM. Adem\u00e1s, contar\u00e1 con dos oficinas en San Jos\u00e9 de Costa Rica y en Sao Paulo.<\/p>\n<p>La alianza CIIAM se enmarca en un contexto prometedor: por un lado, Madrid se posiciona como un polo de atracci\u00f3n en el \u00e1mbito empresarial y jur\u00eddico gracias a la llegada de multinacionales de todo tipo, fondos de inversi\u00f3n y delegaciones de despachos de abogados de gran peso y prestigio internacional; y por otro lado, Iberoam\u00e9rica, se ha convertido en una de las regiones m\u00e1s din\u00e1micas del mundo del arbitraje gracias a su desarrollo y su enorme potencial econ\u00f3mico.<\/p>\n<p>El Centro Internacional de Arbitraje de Madrid (CIAM) inici\u00f3 su actividad el 1 de enero de 2020 para ofrecer un servicio independiente, transparente y eficiente de administraci\u00f3n de procedimientos arbitrales internacionales y es el resultado de la fusi\u00f3n de la actividad internacional de la Corte de Arbitraje de Madrid, la Corte Civil y Mercantil de Arbitraje y la Corte Espa\u00f1ola de Arbitraje, a las que se uni\u00f3 la Corte de Arbitraje del Ilustre Colegio de Abogados de Madrid como socio estrat\u00e9gico.<\/p>\n<p>Por su parte, el Centro Iberoamericano de Arbitraje (CIAR) es una corporaci\u00f3n de derecho privado creada en febrero de 2015 y que naci\u00f3 del mandato de las Cumbres Iberoamericanas de jefes y jefas de Estado y de Gobierno mediante el acuerdo de las C\u00e1maras y Organizaciones Empresariales y de Comercio, as\u00ed como de los Colegios y de las principales asociaciones de Abogados de Iberoam\u00e9rica.<\/p>\n","protected":false},"excerpt":{"rendered":"<p>La nueva instituci\u00f3n ofrecer\u00e1 servicios de administraci\u00f3n de arbitrajes internacionales con el enfoque puesto en el \u00e1mbito iberoamericano y en las peque\u00f1as y medianas empresas Adem\u00e1s de su sede en Madrid, CIIAM contar\u00e1 con dos oficinas en San Jos\u00e9 de Costa Rica y S\u00e3o Paulo Madrid, 8 de marzo de 2024. El Centro Internacional de [&hellip;]<\/p>\n","protected":false},"author":14,"featured_media":34866,"comment_status":"closed","ping_status":"open","sticky":false,"template":"","format":"standard","meta":{"footnotes":""},"categories":[17,97],"tags":[],"class_list":["post-24780","post","type-post","status-publish","format-standard","has-post-thumbnail","hentry","category-actualidad","category-historico-publicaciones"],"yoast_head":"<!-- This site is optimized with the Yoast SEO plugin v27.3 - https:\/\/yoast.com\/product\/yoast-seo-wordpress\/ -->\n<title>CIAM y CIAR se al\u00edan en un centro de arbitraje de referencia<\/title>\n<meta name=\"description\" content=\"CIAM y CIAR han firmado una alianza estrat\u00e9gica para aunar esfuerzos y convertirse en el centro de arbitraje de referencia\" \/>\n<meta name=\"robots\" content=\"index, follow, max-snippet:-1, max-image-preview:large, max-video-preview:-1\" \/>\n<link rel=\"canonical\" href=\"https:\/\/ciiam.org\/en\/ciam-y-ciar-se-alian-para-crear-un-centro-de-arbitraje-de-referencia-en-iberoamerica\/\" \/>\n<meta property=\"og:locale\" content=\"en_US\" \/>\n<meta property=\"og:type\" content=\"article\" \/>\n<meta property=\"og:title\" content=\"CIAM y CIAR se al\u00edan en un centro de arbitraje de referencia\" \/>\n<meta property=\"og:description\" content=\"CIAM y CIAR han firmado una alianza estrat\u00e9gica para aunar esfuerzos y convertirse en el centro de arbitraje de referencia\" \/>\n<meta property=\"og:url\" content=\"https:\/\/ciiam.org\/en\/ciam-y-ciar-se-alian-para-crear-un-centro-de-arbitraje-de-referencia-en-iberoamerica\/\" \/>\n<meta property=\"og:site_name\" content=\"CIIAM\" \/>\n<meta property=\"article:published_time\" content=\"2024-03-08T11:52:22+00:00\" \/>\n<meta property=\"article:modified_time\" content=\"2026-01-15T19:20:02+00:00\" \/>\n<meta property=\"og:image\" content=\"https:\/\/ciiam.org\/wp-content\/uploads\/2024\/03\/CIAM-CIAR-Firma-1024x683-1.jpg\" \/>\n\t<meta property=\"og:image:width\" content=\"1024\" \/>\n\t<meta property=\"og:image:height\" content=\"683\" \/>\n\t<meta property=\"og:image:type\" content=\"image\/jpeg\" \/>\n<meta name=\"author\" content=\"Ivan\" \/>\n<meta name=\"twitter:card\" content=\"summary_large_image\" \/>\n<meta name=\"twitter:label1\" content=\"Written by\" \/>\n\t<meta name=\"twitter:data1\" content=\"Ivan\" \/>\n\t<meta name=\"twitter:label2\" content=\"Est. reading time\" \/>\n\t<meta name=\"twitter:data2\" content=\"6 minutes\" \/>\n<script type=\"application\/ld+json\" class=\"yoast-schema-graph\">{\"@context\":\"https:\\\/\\\/schema.org\",\"@graph\":[{\"@type\":\"Article\",\"@id\":\"https:\\\/\\\/ciiam.org\\\/en\\\/ciam-y-ciar-se-alian-para-crear-un-centro-de-arbitraje-de-referencia-en-iberoamerica\\\/#article\",\"isPartOf\":{\"@id\":\"https:\\\/\\\/ciiam.org\\\/en\\\/ciam-y-ciar-se-alian-para-crear-un-centro-de-arbitraje-de-referencia-en-iberoamerica\\\/\"},\"author\":{\"name\":\"Ivan\",\"@id\":\"https:\\\/\\\/ciiam.org\\\/en\\\/#\\\/schema\\\/person\\\/b60e7c631c415dc1a3eeb7e98ac371e8\"},\"headline\":\"CIAM y CIAR se al\u00edan para crear un centro de arbitraje de referencia en Iberoam\u00e9rica\",\"datePublished\":\"2024-03-08T11:52:22+00:00\",\"dateModified\":\"2026-01-15T19:20:02+00:00\",\"mainEntityOfPage\":{\"@id\":\"https:\\\/\\\/ciiam.org\\\/en\\\/ciam-y-ciar-se-alian-para-crear-un-centro-de-arbitraje-de-referencia-en-iberoamerica\\\/\"},\"wordCount\":1106,\"publisher\":{\"@id\":\"https:\\\/\\\/ciiam.org\\\/en\\\/#organization\"},\"image\":{\"@id\":\"https:\\\/\\\/ciiam.org\\\/en\\\/ciam-y-ciar-se-alian-para-crear-un-centro-de-arbitraje-de-referencia-en-iberoamerica\\\/#primaryimage\"},\"thumbnailUrl\":\"https:\\\/\\\/ciiam.org\\\/wp-content\\\/uploads\\\/2024\\\/03\\\/CIAM-CIAR-Firma-1024x683-1.jpg\",\"articleSection\":[\"Actualidad\",\"Hist\u00f3rico publicaciones\"],\"inLanguage\":\"en-US\"},{\"@type\":\"WebPage\",\"@id\":\"https:\\\/\\\/ciiam.org\\\/en\\\/ciam-y-ciar-se-alian-para-crear-un-centro-de-arbitraje-de-referencia-en-iberoamerica\\\/\",\"url\":\"https:\\\/\\\/ciiam.org\\\/en\\\/ciam-y-ciar-se-alian-para-crear-un-centro-de-arbitraje-de-referencia-en-iberoamerica\\\/\",\"name\":\"CIAM y CIAR se al\u00edan en un centro de arbitraje de referencia\",\"isPartOf\":{\"@id\":\"https:\\\/\\\/ciiam.org\\\/en\\\/#website\"},\"primaryImageOfPage\":{\"@id\":\"https:\\\/\\\/ciiam.org\\\/en\\\/ciam-y-ciar-se-alian-para-crear-un-centro-de-arbitraje-de-referencia-en-iberoamerica\\\/#primaryimage\"},\"image\":{\"@id\":\"https:\\\/\\\/ciiam.org\\\/en\\\/ciam-y-ciar-se-alian-para-crear-un-centro-de-arbitraje-de-referencia-en-iberoamerica\\\/#primaryimage\"},\"thumbnailUrl\":\"https:\\\/\\\/ciiam.org\\\/wp-content\\\/uploads\\\/2024\\\/03\\\/CIAM-CIAR-Firma-1024x683-1.jpg\",\"datePublished\":\"2024-03-08T11:52:22+00:00\",\"dateModified\":\"2026-01-15T19:20:02+00:00\",\"description\":\"CIAM y CIAR han firmado una alianza estrat\u00e9gica para aunar esfuerzos y convertirse en el centro de arbitraje de referencia\",\"breadcrumb\":{\"@id\":\"https:\\\/\\\/ciiam.org\\\/en\\\/ciam-y-ciar-se-alian-para-crear-un-centro-de-arbitraje-de-referencia-en-iberoamerica\\\/#breadcrumb\"},\"inLanguage\":\"en-US\",\"potentialAction\":[{\"@type\":\"ReadAction\",\"target\":[\"https:\\\/\\\/ciiam.org\\\/en\\\/ciam-y-ciar-se-alian-para-crear-un-centro-de-arbitraje-de-referencia-en-iberoamerica\\\/\"]}]},{\"@type\":\"ImageObject\",\"inLanguage\":\"en-US\",\"@id\":\"https:\\\/\\\/ciiam.org\\\/en\\\/ciam-y-ciar-se-alian-para-crear-un-centro-de-arbitraje-de-referencia-en-iberoamerica\\\/#primaryimage\",\"url\":\"https:\\\/\\\/ciiam.org\\\/wp-content\\\/uploads\\\/2024\\\/03\\\/CIAM-CIAR-Firma-1024x683-1.jpg\",\"contentUrl\":\"https:\\\/\\\/ciiam.org\\\/wp-content\\\/uploads\\\/2024\\\/03\\\/CIAM-CIAR-Firma-1024x683-1.jpg\",\"width\":1024,\"height\":683},{\"@type\":\"BreadcrumbList\",\"@id\":\"https:\\\/\\\/ciiam.org\\\/en\\\/ciam-y-ciar-se-alian-para-crear-un-centro-de-arbitraje-de-referencia-en-iberoamerica\\\/#breadcrumb\",\"itemListElement\":[{\"@type\":\"ListItem\",\"position\":1,\"name\":\"CIAM\",\"item\":\"https:\\\/\\\/ciiam.org\\\/en\\\/\"},{\"@type\":\"ListItem\",\"position\":2,\"name\":\"CIAM y CIAR se al\u00edan para crear un centro de arbitraje de referencia en Iberoam\u00e9rica\"}]},{\"@type\":\"WebSite\",\"@id\":\"https:\\\/\\\/ciiam.org\\\/en\\\/#website\",\"url\":\"https:\\\/\\\/ciiam.org\\\/en\\\/\",\"name\":\"CIIAM\",\"description\":\"Centro Internacional e Iberoamericano de Arbitraje de Madrid\",\"publisher\":{\"@id\":\"https:\\\/\\\/ciiam.org\\\/en\\\/#organization\"},\"potentialAction\":[{\"@type\":\"SearchAction\",\"target\":{\"@type\":\"EntryPoint\",\"urlTemplate\":\"https:\\\/\\\/ciiam.org\\\/en\\\/?s={search_term_string}\"},\"query-input\":{\"@type\":\"PropertyValueSpecification\",\"valueRequired\":true,\"valueName\":\"search_term_string\"}}],\"inLanguage\":\"en-US\"},{\"@type\":\"Organization\",\"@id\":\"https:\\\/\\\/ciiam.org\\\/en\\\/#organization\",\"name\":\"Centro Internacional e Iberoamericano de Arbitraje de Madrid\",\"alternateName\":\"CIIAM\",\"url\":\"https:\\\/\\\/ciiam.org\\\/en\\\/\",\"logo\":{\"@type\":\"ImageObject\",\"inLanguage\":\"en-US\",\"@id\":\"https:\\\/\\\/ciiam.org\\\/en\\\/#\\\/schema\\\/logo\\\/image\\\/\",\"url\":\"https:\\\/\\\/ciiam.org\\\/wp-content\\\/uploads\\\/2026\\\/01\\\/favicon.png\",\"contentUrl\":\"https:\\\/\\\/ciiam.org\\\/wp-content\\\/uploads\\\/2026\\\/01\\\/favicon.png\",\"width\":500,\"height\":500,\"caption\":\"Centro Internacional e Iberoamericano de Arbitraje de Madrid\"},\"image\":{\"@id\":\"https:\\\/\\\/ciiam.org\\\/en\\\/#\\\/schema\\\/logo\\\/image\\\/\"},\"sameAs\":[\"https:\\\/\\\/www.linkedin.com\\\/company\\\/ciam-centro-internacional-arbitraje-madrid?trk=d_public_post_image\",\"https:\\\/\\\/www.youtube.com\\\/channel\\\/UCU2OI7SAQFv5uXAZ4qO4ALg\"]},{\"@type\":\"Person\",\"@id\":\"https:\\\/\\\/ciiam.org\\\/en\\\/#\\\/schema\\\/person\\\/b60e7c631c415dc1a3eeb7e98ac371e8\",\"name\":\"Ivan\",\"image\":{\"@type\":\"ImageObject\",\"inLanguage\":\"en-US\",\"@id\":\"https:\\\/\\\/secure.gravatar.com\\\/avatar\\\/c9c8079d113e4e742a50aee3024dc2534dd8ec4645734068d4a61ef031c587b5?s=96&d=mm&r=g\",\"url\":\"https:\\\/\\\/secure.gravatar.com\\\/avatar\\\/c9c8079d113e4e742a50aee3024dc2534dd8ec4645734068d4a61ef031c587b5?s=96&d=mm&r=g\",\"contentUrl\":\"https:\\\/\\\/secure.gravatar.com\\\/avatar\\\/c9c8079d113e4e742a50aee3024dc2534dd8ec4645734068d4a61ef031c587b5?s=96&d=mm&r=g\",\"caption\":\"Ivan\"},\"url\":\"https:\\\/\\\/ciiam.org\\\/en\\\/author\\\/17ivrom-cmma\\\/\"}]}<\/script>\n<!-- \/ Yoast SEO plugin. -->","yoast_head_json":{"title":"CIAM y CIAR se al\u00edan en un centro de arbitraje de referencia","description":"CIAM y CIAR han firmado una alianza estrat\u00e9gica para aunar esfuerzos y convertirse en el centro de arbitraje de referencia","robots":{"index":"index","follow":"follow","max-snippet":"max-snippet:-1","max-image-preview":"max-image-preview:large","max-video-preview":"max-video-preview:-1"},"canonical":"https:\/\/ciiam.org\/en\/ciam-y-ciar-se-alian-para-crear-un-centro-de-arbitraje-de-referencia-en-iberoamerica\/","og_locale":"en_US","og_type":"article","og_title":"CIAM y CIAR se al\u00edan en un centro de arbitraje de referencia","og_description":"CIAM y CIAR han firmado una alianza estrat\u00e9gica para aunar esfuerzos y convertirse en el centro de arbitraje de referencia","og_url":"https:\/\/ciiam.org\/en\/ciam-y-ciar-se-alian-para-crear-un-centro-de-arbitraje-de-referencia-en-iberoamerica\/","og_site_name":"CIIAM","article_published_time":"2024-03-08T11:52:22+00:00","article_modified_time":"2026-01-15T19:20:02+00:00","og_image":[{"width":1024,"height":683,"url":"https:\/\/ciiam.org\/wp-content\/uploads\/2024\/03\/CIAM-CIAR-Firma-1024x683-1.jpg","type":"image\/jpeg"}],"author":"Ivan","twitter_card":"summary_large_image","twitter_misc":{"Written by":"Ivan","Est. reading time":"6 minutes"},"schema":{"@context":"https:\/\/schema.org","@graph":[{"@type":"Article","@id":"https:\/\/ciiam.org\/en\/ciam-y-ciar-se-alian-para-crear-un-centro-de-arbitraje-de-referencia-en-iberoamerica\/#article","isPartOf":{"@id":"https:\/\/ciiam.org\/en\/ciam-y-ciar-se-alian-para-crear-un-centro-de-arbitraje-de-referencia-en-iberoamerica\/"},"author":{"name":"Ivan","@id":"https:\/\/ciiam.org\/en\/#\/schema\/person\/b60e7c631c415dc1a3eeb7e98ac371e8"},"headline":"CIAM y CIAR se al\u00edan para crear un centro de arbitraje de referencia en Iberoam\u00e9rica","datePublished":"2024-03-08T11:52:22+00:00","dateModified":"2026-01-15T19:20:02+00:00","mainEntityOfPage":{"@id":"https:\/\/ciiam.org\/en\/ciam-y-ciar-se-alian-para-crear-un-centro-de-arbitraje-de-referencia-en-iberoamerica\/"},"wordCount":1106,"publisher":{"@id":"https:\/\/ciiam.org\/en\/#organization"},"image":{"@id":"https:\/\/ciiam.org\/en\/ciam-y-ciar-se-alian-para-crear-un-centro-de-arbitraje-de-referencia-en-iberoamerica\/#primaryimage"},"thumbnailUrl":"https:\/\/ciiam.org\/wp-content\/uploads\/2024\/03\/CIAM-CIAR-Firma-1024x683-1.jpg","articleSection":["Actualidad","Hist\u00f3rico publicaciones"],"inLanguage":"en-US"},{"@type":"WebPage","@id":"https:\/\/ciiam.org\/en\/ciam-y-ciar-se-alian-para-crear-un-centro-de-arbitraje-de-referencia-en-iberoamerica\/","url":"https:\/\/ciiam.org\/en\/ciam-y-ciar-se-alian-para-crear-un-centro-de-arbitraje-de-referencia-en-iberoamerica\/","name":"CIAM y CIAR se al\u00edan en un centro de arbitraje de referencia","isPartOf":{"@id":"https:\/\/ciiam.org\/en\/#website"},"primaryImageOfPage":{"@id":"https:\/\/ciiam.org\/en\/ciam-y-ciar-se-alian-para-crear-un-centro-de-arbitraje-de-referencia-en-iberoamerica\/#primaryimage"},"image":{"@id":"https:\/\/ciiam.org\/en\/ciam-y-ciar-se-alian-para-crear-un-centro-de-arbitraje-de-referencia-en-iberoamerica\/#primaryimage"},"thumbnailUrl":"https:\/\/ciiam.org\/wp-content\/uploads\/2024\/03\/CIAM-CIAR-Firma-1024x683-1.jpg","datePublished":"2024-03-08T11:52:22+00:00","dateModified":"2026-01-15T19:20:02+00:00","description":"CIAM y CIAR han firmado una alianza estrat\u00e9gica para aunar esfuerzos y convertirse en el centro de arbitraje de referencia","breadcrumb":{"@id":"https:\/\/ciiam.org\/en\/ciam-y-ciar-se-alian-para-crear-un-centro-de-arbitraje-de-referencia-en-iberoamerica\/#breadcrumb"},"inLanguage":"en-US","potentialAction":[{"@type":"ReadAction","target":["https:\/\/ciiam.org\/en\/ciam-y-ciar-se-alian-para-crear-un-centro-de-arbitraje-de-referencia-en-iberoamerica\/"]}]},{"@type":"ImageObject","inLanguage":"en-US","@id":"https:\/\/ciiam.org\/en\/ciam-y-ciar-se-alian-para-crear-un-centro-de-arbitraje-de-referencia-en-iberoamerica\/#primaryimage","url":"https:\/\/ciiam.org\/wp-content\/uploads\/2024\/03\/CIAM-CIAR-Firma-1024x683-1.jpg","contentUrl":"https:\/\/ciiam.org\/wp-content\/uploads\/2024\/03\/CIAM-CIAR-Firma-1024x683-1.jpg","width":1024,"height":683},{"@type":"BreadcrumbList","@id":"https:\/\/ciiam.org\/en\/ciam-y-ciar-se-alian-para-crear-un-centro-de-arbitraje-de-referencia-en-iberoamerica\/#breadcrumb","itemListElement":[{"@type":"ListItem","position":1,"name":"CIAM","item":"https:\/\/ciiam.org\/en\/"},{"@type":"ListItem","position":2,"name":"CIAM y CIAR se al\u00edan para crear un centro de arbitraje de referencia en Iberoam\u00e9rica"}]},{"@type":"WebSite","@id":"https:\/\/ciiam.org\/en\/#website","url":"https:\/\/ciiam.org\/en\/","name":"CIIAM","description":"Centro Internacional e Iberoamericano de Arbitraje de Madrid","publisher":{"@id":"https:\/\/ciiam.org\/en\/#organization"},"potentialAction":[{"@type":"SearchAction","target":{"@type":"EntryPoint","urlTemplate":"https:\/\/ciiam.org\/en\/?s={search_term_string}"},"query-input":{"@type":"PropertyValueSpecification","valueRequired":true,"valueName":"search_term_string"}}],"inLanguage":"en-US"},{"@type":"Organization","@id":"https:\/\/ciiam.org\/en\/#organization","name":"Centro Internacional e Iberoamericano de Arbitraje de Madrid","alternateName":"CIIAM","url":"https:\/\/ciiam.org\/en\/","logo":{"@type":"ImageObject","inLanguage":"en-US","@id":"https:\/\/ciiam.org\/en\/#\/schema\/logo\/image\/","url":"https:\/\/ciiam.org\/wp-content\/uploads\/2026\/01\/favicon.png","contentUrl":"https:\/\/ciiam.org\/wp-content\/uploads\/2026\/01\/favicon.png","width":500,"height":500,"caption":"Centro Internacional e Iberoamericano de Arbitraje de Madrid"},"image":{"@id":"https:\/\/ciiam.org\/en\/#\/schema\/logo\/image\/"},"sameAs":["https:\/\/www.linkedin.com\/company\/ciam-centro-internacional-arbitraje-madrid?trk=d_public_post_image","https:\/\/www.youtube.com\/channel\/UCU2OI7SAQFv5uXAZ4qO4ALg"]},{"@type":"Person","@id":"https:\/\/ciiam.org\/en\/#\/schema\/person\/b60e7c631c415dc1a3eeb7e98ac371e8","name":"Ivan","image":{"@type":"ImageObject","inLanguage":"en-US","@id":"https:\/\/secure.gravatar.com\/avatar\/c9c8079d113e4e742a50aee3024dc2534dd8ec4645734068d4a61ef031c587b5?s=96&d=mm&r=g","url":"https:\/\/secure.gravatar.com\/avatar\/c9c8079d113e4e742a50aee3024dc2534dd8ec4645734068d4a61ef031c587b5?s=96&d=mm&r=g","contentUrl":"https:\/\/secure.gravatar.com\/avatar\/c9c8079d113e4e742a50aee3024dc2534dd8ec4645734068d4a61ef031c587b5?s=96&d=mm&r=g","caption":"Ivan"},"url":"https:\/\/ciiam.org\/en\/author\/17ivrom-cmma\/"}]}},"_links":{"self":[{"href":"https:\/\/ciiam.org\/en\/wp-json\/wp\/v2\/posts\/24780","targetHints":{"allow":["GET"]}}],"collection":[{"href":"https:\/\/ciiam.org\/en\/wp-json\/wp\/v2\/posts"}],"about":[{"href":"https:\/\/ciiam.org\/en\/wp-json\/wp\/v2\/types\/post"}],"author":[{"embeddable":true,"href":"https:\/\/ciiam.org\/en\/wp-json\/wp\/v2\/users\/14"}],"replies":[{"embeddable":true,"href":"https:\/\/ciiam.org\/en\/wp-json\/wp\/v2\/comments?post=24780"}],"version-history":[{"count":6,"href":"https:\/\/ciiam.org\/en\/wp-json\/wp\/v2\/posts\/24780\/revisions"}],"predecessor-version":[{"id":34869,"href":"https:\/\/ciiam.org\/en\/wp-json\/wp\/v2\/posts\/24780\/revisions\/34869"}],"wp:featuredmedia":[{"embeddable":true,"href":"https:\/\/ciiam.org\/en\/wp-json\/wp\/v2\/media\/34866"}],"wp:attachment":[{"href":"https:\/\/ciiam.org\/en\/wp-json\/wp\/v2\/media?parent=24780"}],"wp:term":[{"taxonomy":"category","embeddable":true,"href":"https:\/\/ciiam.org\/en\/wp-json\/wp\/v2\/categories?post=24780"},{"taxonomy":"post_tag","embeddable":true,"href":"https:\/\/ciiam.org\/en\/wp-json\/wp\/v2\/tags?post=24780"}],"curies":[{"name":"wp","href":"https:\/\/api.w.org\/{rel}","templated":true}]}}