{"id":26849,"date":"2024-06-12T07:15:23","date_gmt":"2024-06-12T07:15:23","guid":{"rendered":"https:\/\/ciiam.org\/?p=26849"},"modified":"2024-07-30T07:22:07","modified_gmt":"2024-07-30T07:22:07","slug":"jose-maria-alonso-participa-en-el-xviii-congreso-internacional-del-ceia","status":"publish","type":"post","link":"https:\/\/ciiam.org\/en\/jose-maria-alonso-participa-en-el-xviii-congreso-internacional-del-ceia\/","title":{"rendered":"Jos\u00e9 Mar\u00eda Alonso participa en el XVIII Congreso Internacional del CEIA"},"content":{"rendered":"<p>El pasado martes 11 de junio tuvo lugar el XVIII Congreso Internacional del Club Espa\u00f1ol e Iberoamericano del Arbitraje (CEIA) en el que particip\u00f3 CIIAM, al igual que la edici\u00f3n anterior, como patrocinador platino.<\/p>\n<p>En primer lugar, el presidente de la instituci\u00f3n, Jos\u00e9 Mar\u00eda Alonso, present\u00f3 los trabajos del Grupo III de UNCITRAL, representando al Centro Internacional de Arbitraje de Madrid y al Centro Iberoamericano de Arbitraje (CIAM &#8211; CIAR).\u00a0Asimismo, la letrada Mar\u00eda Arias Navarro particip\u00f3 como ponente en el Taller del XVII Encuentro CEIA-40: \u201cEstado del Arbitraje Internacional: Oportunidades para j\u00f3venes profesionales\u201d, junto a Celia Ca\u00f1ete y Carlos Gonz\u00e1lez-Bueno.<\/p>\n<p>Finalmente, durante la tarde del CEIA mujeres, la letrada Mar\u00eda Paula Jij\u00f3n tuvo la oportunidad de entrevistar a las \u00e1rbitros independientes Mar\u00eda Jos\u00e9 Men\u00e9ndez Arias y Mercedes Fern\u00e1ndez.<\/p>\n<p>CIIAM transmite su agradecimiento a CEIA Mujeres, en concreto a Elena Guti\u00e9rrez Garc\u00eda de Cort\u00e1zar, presidenta de la Comisi\u00f3n de Mujeres CEIA, y a todas las vocales, incluyendo a la vicepresidenta Urquiola De Palacio, por su liderazgo inspirador y su compromiso con la inclusi\u00f3n y la equidad en la profesi\u00f3n legal. As\u00ed como al Club, a todos los organizadores, los participantes y asistentes por su apoyo y por contribuir al \u00e9xito de este evento.<\/p>\n","protected":false},"excerpt":{"rendered":"<p>El pasado martes 11 de junio tuvo lugar el XVIII Congreso Internacional del Club Espa\u00f1ol e Iberoamericano del Arbitraje (CEIA) en el que particip\u00f3 CIIAM, al igual que la edici\u00f3n anterior, como patrocinador platino. En primer lugar, el presidente de la instituci\u00f3n, Jos\u00e9 Mar\u00eda Alonso, present\u00f3 los trabajos del Grupo III de UNCITRAL, representando al [&hellip;]<\/p>\n","protected":false},"author":18,"featured_media":26850,"comment_status":"closed","ping_status":"open","sticky":false,"template":"","format":"standard","meta":{"footnotes":""},"categories":[17],"tags":[],"class_list":["post-26849","post","type-post","status-publish","format-standard","has-post-thumbnail","hentry","category-actualidad"],"yoast_head":"<!-- This site is optimized with the Yoast SEO plugin v27.3 - https:\/\/yoast.com\/product\/yoast-seo-wordpress\/ -->\n<title>Jos\u00e9 Mar\u00eda Alonso participa en el XVIII Congreso Internacional del CEIA<\/title>\n<meta name=\"description\" content=\"Este junio tuvo lugar el XVIII Congreso Internacional del Club Espa\u00f1ol e Iberoamericano del Arbitraje (CEIA) en el que particip\u00f3 CIIAM\" \/>\n<meta name=\"robots\" content=\"index, follow, max-snippet:-1, max-image-preview:large, max-video-preview:-1\" \/>\n<link rel=\"canonical\" href=\"https:\/\/ciiam.org\/en\/jose-maria-alonso-participa-en-el-xviii-congreso-internacional-del-ceia\/\" \/>\n<meta property=\"og:locale\" content=\"en_US\" \/>\n<meta property=\"og:type\" content=\"article\" \/>\n<meta property=\"og:title\" content=\"Jos\u00e9 Mar\u00eda Alonso participa en el XVIII Congreso Internacional del CEIA\" \/>\n<meta property=\"og:description\" content=\"Este junio tuvo lugar el XVIII Congreso Internacional del Club Espa\u00f1ol e Iberoamericano del Arbitraje (CEIA) en el que particip\u00f3 CIIAM\" \/>\n<meta property=\"og:url\" content=\"https:\/\/ciiam.org\/en\/jose-maria-alonso-participa-en-el-xviii-congreso-internacional-del-ceia\/\" \/>\n<meta property=\"og:site_name\" content=\"CIIAM\" \/>\n<meta property=\"article:published_time\" content=\"2024-06-12T07:15:23+00:00\" \/>\n<meta property=\"article:modified_time\" content=\"2024-07-30T07:22:07+00:00\" \/>\n<meta property=\"og:image\" content=\"https:\/\/ciiam.org\/wp-content\/uploads\/2024\/07\/1718615611958.jpg\" \/>\n\t<meta property=\"og:image:width\" content=\"1340\" \/>\n\t<meta property=\"og:image:height\" content=\"736\" \/>\n\t<meta property=\"og:image:type\" content=\"image\/jpeg\" \/>\n<meta name=\"author\" content=\"P. Moraleda\" \/>\n<meta name=\"twitter:card\" content=\"summary_large_image\" \/>\n<meta name=\"twitter:label1\" content=\"Written by\" \/>\n\t<meta name=\"twitter:data1\" content=\"P. Moraleda\" \/>\n\t<meta name=\"twitter:label2\" content=\"Est. reading time\" \/>\n\t<meta name=\"twitter:data2\" content=\"2 minutes\" \/>\n<script type=\"application\/ld+json\" class=\"yoast-schema-graph\">{\"@context\":\"https:\\\/\\\/schema.org\",\"@graph\":[{\"@type\":\"Article\",\"@id\":\"https:\\\/\\\/ciiam.org\\\/en\\\/jose-maria-alonso-participa-en-el-xviii-congreso-internacional-del-ceia\\\/#article\",\"isPartOf\":{\"@id\":\"https:\\\/\\\/ciiam.org\\\/en\\\/jose-maria-alonso-participa-en-el-xviii-congreso-internacional-del-ceia\\\/\"},\"author\":{\"name\":\"P. Moraleda\",\"@id\":\"https:\\\/\\\/ciiam.org\\\/en\\\/#\\\/schema\\\/person\\\/d11b69fd6be9dfb32edb8758b44c599f\"},\"headline\":\"Jos\u00e9 Mar\u00eda Alonso participa en el XVIII Congreso Internacional del CEIA\",\"datePublished\":\"2024-06-12T07:15:23+00:00\",\"dateModified\":\"2024-07-30T07:22:07+00:00\",\"mainEntityOfPage\":{\"@id\":\"https:\\\/\\\/ciiam.org\\\/en\\\/jose-maria-alonso-participa-en-el-xviii-congreso-internacional-del-ceia\\\/\"},\"wordCount\":233,\"publisher\":{\"@id\":\"https:\\\/\\\/ciiam.org\\\/en\\\/#organization\"},\"image\":{\"@id\":\"https:\\\/\\\/ciiam.org\\\/en\\\/jose-maria-alonso-participa-en-el-xviii-congreso-internacional-del-ceia\\\/#primaryimage\"},\"thumbnailUrl\":\"https:\\\/\\\/ciiam.org\\\/wp-content\\\/uploads\\\/2024\\\/07\\\/1718615611958.jpg\",\"articleSection\":[\"Actualidad\"],\"inLanguage\":\"en-US\"},{\"@type\":\"WebPage\",\"@id\":\"https:\\\/\\\/ciiam.org\\\/en\\\/jose-maria-alonso-participa-en-el-xviii-congreso-internacional-del-ceia\\\/\",\"url\":\"https:\\\/\\\/ciiam.org\\\/en\\\/jose-maria-alonso-participa-en-el-xviii-congreso-internacional-del-ceia\\\/\",\"name\":\"Jos\u00e9 Mar\u00eda Alonso participa en el XVIII Congreso Internacional del CEIA\",\"isPartOf\":{\"@id\":\"https:\\\/\\\/ciiam.org\\\/en\\\/#website\"},\"primaryImageOfPage\":{\"@id\":\"https:\\\/\\\/ciiam.org\\\/en\\\/jose-maria-alonso-participa-en-el-xviii-congreso-internacional-del-ceia\\\/#primaryimage\"},\"image\":{\"@id\":\"https:\\\/\\\/ciiam.org\\\/en\\\/jose-maria-alonso-participa-en-el-xviii-congreso-internacional-del-ceia\\\/#primaryimage\"},\"thumbnailUrl\":\"https:\\\/\\\/ciiam.org\\\/wp-content\\\/uploads\\\/2024\\\/07\\\/1718615611958.jpg\",\"datePublished\":\"2024-06-12T07:15:23+00:00\",\"dateModified\":\"2024-07-30T07:22:07+00:00\",\"description\":\"Este junio tuvo lugar el XVIII Congreso Internacional del Club Espa\u00f1ol e Iberoamericano del Arbitraje (CEIA) en el que particip\u00f3 CIIAM\",\"breadcrumb\":{\"@id\":\"https:\\\/\\\/ciiam.org\\\/en\\\/jose-maria-alonso-participa-en-el-xviii-congreso-internacional-del-ceia\\\/#breadcrumb\"},\"inLanguage\":\"en-US\",\"potentialAction\":[{\"@type\":\"ReadAction\",\"target\":[\"https:\\\/\\\/ciiam.org\\\/en\\\/jose-maria-alonso-participa-en-el-xviii-congreso-internacional-del-ceia\\\/\"]}]},{\"@type\":\"ImageObject\",\"inLanguage\":\"en-US\",\"@id\":\"https:\\\/\\\/ciiam.org\\\/en\\\/jose-maria-alonso-participa-en-el-xviii-congreso-internacional-del-ceia\\\/#primaryimage\",\"url\":\"https:\\\/\\\/ciiam.org\\\/wp-content\\\/uploads\\\/2024\\\/07\\\/1718615611958.jpg\",\"contentUrl\":\"https:\\\/\\\/ciiam.org\\\/wp-content\\\/uploads\\\/2024\\\/07\\\/1718615611958.jpg\",\"width\":1340,\"height\":736},{\"@type\":\"BreadcrumbList\",\"@id\":\"https:\\\/\\\/ciiam.org\\\/en\\\/jose-maria-alonso-participa-en-el-xviii-congreso-internacional-del-ceia\\\/#breadcrumb\",\"itemListElement\":[{\"@type\":\"ListItem\",\"position\":1,\"name\":\"CIAM\",\"item\":\"https:\\\/\\\/ciiam.org\\\/en\\\/\"},{\"@type\":\"ListItem\",\"position\":2,\"name\":\"Jos\u00e9 Mar\u00eda Alonso participa en el XVIII Congreso Internacional del CEIA\"}]},{\"@type\":\"WebSite\",\"@id\":\"https:\\\/\\\/ciiam.org\\\/en\\\/#website\",\"url\":\"https:\\\/\\\/ciiam.org\\\/en\\\/\",\"name\":\"CIIAM\",\"description\":\"Centro Internacional e Iberoamericano de Arbitraje de Madrid\",\"publisher\":{\"@id\":\"https:\\\/\\\/ciiam.org\\\/en\\\/#organization\"},\"potentialAction\":[{\"@type\":\"SearchAction\",\"target\":{\"@type\":\"EntryPoint\",\"urlTemplate\":\"https:\\\/\\\/ciiam.org\\\/en\\\/?s={search_term_string}\"},\"query-input\":{\"@type\":\"PropertyValueSpecification\",\"valueRequired\":true,\"valueName\":\"search_term_string\"}}],\"inLanguage\":\"en-US\"},{\"@type\":\"Organization\",\"@id\":\"https:\\\/\\\/ciiam.org\\\/en\\\/#organization\",\"name\":\"Centro Internacional e Iberoamericano de Arbitraje de Madrid\",\"alternateName\":\"CIIAM\",\"url\":\"https:\\\/\\\/ciiam.org\\\/en\\\/\",\"logo\":{\"@type\":\"ImageObject\",\"inLanguage\":\"en-US\",\"@id\":\"https:\\\/\\\/ciiam.org\\\/en\\\/#\\\/schema\\\/logo\\\/image\\\/\",\"url\":\"https:\\\/\\\/ciiam.org\\\/wp-content\\\/uploads\\\/2026\\\/01\\\/favicon.png\",\"contentUrl\":\"https:\\\/\\\/ciiam.org\\\/wp-content\\\/uploads\\\/2026\\\/01\\\/favicon.png\",\"width\":500,\"height\":500,\"caption\":\"Centro Internacional e Iberoamericano de Arbitraje de Madrid\"},\"image\":{\"@id\":\"https:\\\/\\\/ciiam.org\\\/en\\\/#\\\/schema\\\/logo\\\/image\\\/\"},\"sameAs\":[\"https:\\\/\\\/www.linkedin.com\\\/company\\\/ciam-centro-internacional-arbitraje-madrid?trk=d_public_post_image\",\"https:\\\/\\\/www.youtube.com\\\/channel\\\/UCU2OI7SAQFv5uXAZ4qO4ALg\"]},{\"@type\":\"Person\",\"@id\":\"https:\\\/\\\/ciiam.org\\\/en\\\/#\\\/schema\\\/person\\\/d11b69fd6be9dfb32edb8758b44c599f\",\"name\":\"P. Moraleda\",\"image\":{\"@type\":\"ImageObject\",\"inLanguage\":\"en-US\",\"@id\":\"https:\\\/\\\/secure.gravatar.com\\\/avatar\\\/fe6c4f5a609355ad487e648d2b4aebf57a2fa1e7508fc4a6bd1d2b5420b286df?s=96&d=mm&r=g\",\"url\":\"https:\\\/\\\/secure.gravatar.com\\\/avatar\\\/fe6c4f5a609355ad487e648d2b4aebf57a2fa1e7508fc4a6bd1d2b5420b286df?s=96&d=mm&r=g\",\"contentUrl\":\"https:\\\/\\\/secure.gravatar.com\\\/avatar\\\/fe6c4f5a609355ad487e648d2b4aebf57a2fa1e7508fc4a6bd1d2b5420b286df?s=96&d=mm&r=g\",\"caption\":\"P. Moraleda\"},\"url\":\"https:\\\/\\\/ciiam.org\\\/en\\\/author\\\/3on1a-0sed-24\\\/\"}]}<\/script>\n<!-- \/ Yoast SEO plugin. -->","yoast_head_json":{"title":"Jos\u00e9 Mar\u00eda Alonso participa en el XVIII Congreso Internacional del CEIA","description":"Este junio tuvo lugar el XVIII Congreso Internacional del Club Espa\u00f1ol e Iberoamericano del Arbitraje (CEIA) en el que particip\u00f3 CIIAM","robots":{"index":"index","follow":"follow","max-snippet":"max-snippet:-1","max-image-preview":"max-image-preview:large","max-video-preview":"max-video-preview:-1"},"canonical":"https:\/\/ciiam.org\/en\/jose-maria-alonso-participa-en-el-xviii-congreso-internacional-del-ceia\/","og_locale":"en_US","og_type":"article","og_title":"Jos\u00e9 Mar\u00eda Alonso participa en el XVIII Congreso Internacional del CEIA","og_description":"Este junio tuvo lugar el XVIII Congreso Internacional del Club Espa\u00f1ol e Iberoamericano del Arbitraje (CEIA) en el que particip\u00f3 CIIAM","og_url":"https:\/\/ciiam.org\/en\/jose-maria-alonso-participa-en-el-xviii-congreso-internacional-del-ceia\/","og_site_name":"CIIAM","article_published_time":"2024-06-12T07:15:23+00:00","article_modified_time":"2024-07-30T07:22:07+00:00","og_image":[{"width":1340,"height":736,"url":"https:\/\/ciiam.org\/wp-content\/uploads\/2024\/07\/1718615611958.jpg","type":"image\/jpeg"}],"author":"P. Moraleda","twitter_card":"summary_large_image","twitter_misc":{"Written by":"P. Moraleda","Est. reading time":"2 minutes"},"schema":{"@context":"https:\/\/schema.org","@graph":[{"@type":"Article","@id":"https:\/\/ciiam.org\/en\/jose-maria-alonso-participa-en-el-xviii-congreso-internacional-del-ceia\/#article","isPartOf":{"@id":"https:\/\/ciiam.org\/en\/jose-maria-alonso-participa-en-el-xviii-congreso-internacional-del-ceia\/"},"author":{"name":"P. Moraleda","@id":"https:\/\/ciiam.org\/en\/#\/schema\/person\/d11b69fd6be9dfb32edb8758b44c599f"},"headline":"Jos\u00e9 Mar\u00eda Alonso participa en el XVIII Congreso Internacional del CEIA","datePublished":"2024-06-12T07:15:23+00:00","dateModified":"2024-07-30T07:22:07+00:00","mainEntityOfPage":{"@id":"https:\/\/ciiam.org\/en\/jose-maria-alonso-participa-en-el-xviii-congreso-internacional-del-ceia\/"},"wordCount":233,"publisher":{"@id":"https:\/\/ciiam.org\/en\/#organization"},"image":{"@id":"https:\/\/ciiam.org\/en\/jose-maria-alonso-participa-en-el-xviii-congreso-internacional-del-ceia\/#primaryimage"},"thumbnailUrl":"https:\/\/ciiam.org\/wp-content\/uploads\/2024\/07\/1718615611958.jpg","articleSection":["Actualidad"],"inLanguage":"en-US"},{"@type":"WebPage","@id":"https:\/\/ciiam.org\/en\/jose-maria-alonso-participa-en-el-xviii-congreso-internacional-del-ceia\/","url":"https:\/\/ciiam.org\/en\/jose-maria-alonso-participa-en-el-xviii-congreso-internacional-del-ceia\/","name":"Jos\u00e9 Mar\u00eda Alonso participa en el XVIII Congreso Internacional del CEIA","isPartOf":{"@id":"https:\/\/ciiam.org\/en\/#website"},"primaryImageOfPage":{"@id":"https:\/\/ciiam.org\/en\/jose-maria-alonso-participa-en-el-xviii-congreso-internacional-del-ceia\/#primaryimage"},"image":{"@id":"https:\/\/ciiam.org\/en\/jose-maria-alonso-participa-en-el-xviii-congreso-internacional-del-ceia\/#primaryimage"},"thumbnailUrl":"https:\/\/ciiam.org\/wp-content\/uploads\/2024\/07\/1718615611958.jpg","datePublished":"2024-06-12T07:15:23+00:00","dateModified":"2024-07-30T07:22:07+00:00","description":"Este junio tuvo lugar el XVIII Congreso Internacional del Club Espa\u00f1ol e Iberoamericano del Arbitraje (CEIA) en el que particip\u00f3 CIIAM","breadcrumb":{"@id":"https:\/\/ciiam.org\/en\/jose-maria-alonso-participa-en-el-xviii-congreso-internacional-del-ceia\/#breadcrumb"},"inLanguage":"en-US","potentialAction":[{"@type":"ReadAction","target":["https:\/\/ciiam.org\/en\/jose-maria-alonso-participa-en-el-xviii-congreso-internacional-del-ceia\/"]}]},{"@type":"ImageObject","inLanguage":"en-US","@id":"https:\/\/ciiam.org\/en\/jose-maria-alonso-participa-en-el-xviii-congreso-internacional-del-ceia\/#primaryimage","url":"https:\/\/ciiam.org\/wp-content\/uploads\/2024\/07\/1718615611958.jpg","contentUrl":"https:\/\/ciiam.org\/wp-content\/uploads\/2024\/07\/1718615611958.jpg","width":1340,"height":736},{"@type":"BreadcrumbList","@id":"https:\/\/ciiam.org\/en\/jose-maria-alonso-participa-en-el-xviii-congreso-internacional-del-ceia\/#breadcrumb","itemListElement":[{"@type":"ListItem","position":1,"name":"CIAM","item":"https:\/\/ciiam.org\/en\/"},{"@type":"ListItem","position":2,"name":"Jos\u00e9 Mar\u00eda Alonso participa en el XVIII Congreso Internacional del CEIA"}]},{"@type":"WebSite","@id":"https:\/\/ciiam.org\/en\/#website","url":"https:\/\/ciiam.org\/en\/","name":"CIIAM","description":"Centro Internacional e Iberoamericano de Arbitraje de Madrid","publisher":{"@id":"https:\/\/ciiam.org\/en\/#organization"},"potentialAction":[{"@type":"SearchAction","target":{"@type":"EntryPoint","urlTemplate":"https:\/\/ciiam.org\/en\/?s={search_term_string}"},"query-input":{"@type":"PropertyValueSpecification","valueRequired":true,"valueName":"search_term_string"}}],"inLanguage":"en-US"},{"@type":"Organization","@id":"https:\/\/ciiam.org\/en\/#organization","name":"Centro Internacional e Iberoamericano de Arbitraje de Madrid","alternateName":"CIIAM","url":"https:\/\/ciiam.org\/en\/","logo":{"@type":"ImageObject","inLanguage":"en-US","@id":"https:\/\/ciiam.org\/en\/#\/schema\/logo\/image\/","url":"https:\/\/ciiam.org\/wp-content\/uploads\/2026\/01\/favicon.png","contentUrl":"https:\/\/ciiam.org\/wp-content\/uploads\/2026\/01\/favicon.png","width":500,"height":500,"caption":"Centro Internacional e Iberoamericano de Arbitraje de Madrid"},"image":{"@id":"https:\/\/ciiam.org\/en\/#\/schema\/logo\/image\/"},"sameAs":["https:\/\/www.linkedin.com\/company\/ciam-centro-internacional-arbitraje-madrid?trk=d_public_post_image","https:\/\/www.youtube.com\/channel\/UCU2OI7SAQFv5uXAZ4qO4ALg"]},{"@type":"Person","@id":"https:\/\/ciiam.org\/en\/#\/schema\/person\/d11b69fd6be9dfb32edb8758b44c599f","name":"P. Moraleda","image":{"@type":"ImageObject","inLanguage":"en-US","@id":"https:\/\/secure.gravatar.com\/avatar\/fe6c4f5a609355ad487e648d2b4aebf57a2fa1e7508fc4a6bd1d2b5420b286df?s=96&d=mm&r=g","url":"https:\/\/secure.gravatar.com\/avatar\/fe6c4f5a609355ad487e648d2b4aebf57a2fa1e7508fc4a6bd1d2b5420b286df?s=96&d=mm&r=g","contentUrl":"https:\/\/secure.gravatar.com\/avatar\/fe6c4f5a609355ad487e648d2b4aebf57a2fa1e7508fc4a6bd1d2b5420b286df?s=96&d=mm&r=g","caption":"P. Moraleda"},"url":"https:\/\/ciiam.org\/en\/author\/3on1a-0sed-24\/"}]}},"_links":{"self":[{"href":"https:\/\/ciiam.org\/en\/wp-json\/wp\/v2\/posts\/26849","targetHints":{"allow":["GET"]}}],"collection":[{"href":"https:\/\/ciiam.org\/en\/wp-json\/wp\/v2\/posts"}],"about":[{"href":"https:\/\/ciiam.org\/en\/wp-json\/wp\/v2\/types\/post"}],"author":[{"embeddable":true,"href":"https:\/\/ciiam.org\/en\/wp-json\/wp\/v2\/users\/18"}],"replies":[{"embeddable":true,"href":"https:\/\/ciiam.org\/en\/wp-json\/wp\/v2\/comments?post=26849"}],"version-history":[{"count":1,"href":"https:\/\/ciiam.org\/en\/wp-json\/wp\/v2\/posts\/26849\/revisions"}],"predecessor-version":[{"id":26852,"href":"https:\/\/ciiam.org\/en\/wp-json\/wp\/v2\/posts\/26849\/revisions\/26852"}],"wp:featuredmedia":[{"embeddable":true,"href":"https:\/\/ciiam.org\/en\/wp-json\/wp\/v2\/media\/26850"}],"wp:attachment":[{"href":"https:\/\/ciiam.org\/en\/wp-json\/wp\/v2\/media?parent=26849"}],"wp:term":[{"taxonomy":"category","embeddable":true,"href":"https:\/\/ciiam.org\/en\/wp-json\/wp\/v2\/categories?post=26849"},{"taxonomy":"post_tag","embeddable":true,"href":"https:\/\/ciiam.org\/en\/wp-json\/wp\/v2\/tags?post=26849"}],"curies":[{"name":"wp","href":"https:\/\/api.w.org\/{rel}","templated":true}]}}