{"id":26853,"date":"2024-07-15T07:22:28","date_gmt":"2024-07-15T07:22:28","guid":{"rendered":"https:\/\/ciiam.org\/?p=26853"},"modified":"2024-07-30T07:28:31","modified_gmt":"2024-07-30T07:28:31","slug":"el-vicesecretario-de-CIIAM-interviene-en-la-asamblea-de-camaras-de-comercio-en-el-exterior","status":"publish","type":"post","link":"https:\/\/ciiam.org\/en\/el-vicesecretario-de-CIIAM-interviene-en-la-asamblea-de-camaras-de-comercio-en-el-exterior\/","title":{"rendered":"El vicesecretario de CIIAM interviene en la Asamblea de C\u00e1maras de Comercio en el exterior"},"content":{"rendered":"<p>Adolfo D\u00edaz-Ambrona, vicesecretario de CIIAM, ha intervenido en la Asamblea de C\u00e1maras Oficiales de Comercio Espa\u00f1olas en el Extranjero en C\u00e1mara de Comercio de Espa\u00f1a, donde ha explicado ante la red de C\u00e1maras en el Exterior la importancia de CIIAM como centro de referencia del arbitraje iberoamericano.<\/p>\n<p>Durante su intervenci\u00f3n ha afirmado que \u200b\u200b\u201cen 2030 esperamos ser una corte de referencia internacional en todo el mundo. Para ello, en el siguiente periodo queremos redoblar los esfuerzos materiales, econ\u00f3micos y humanos para que CIIAM est\u00e9 a la altura del resto de cortes internacionales\u201d. D\u00edaz-Ambrona ha continuado\u00a0\u200b\u201cbuena prueba de nuestros esfuerzos es que otras cortes iberoamericanas miran con enorme inter\u00e9s a CIIAM\u201d.<\/p>\n","protected":false},"excerpt":{"rendered":"<p>Adolfo D\u00edaz-Ambrona, vicesecretario de CIIAM, ha intervenido en la Asamblea de C\u00e1maras Oficiales de Comercio Espa\u00f1olas en el Extranjero en C\u00e1mara de Comercio de Espa\u00f1a, donde ha explicado ante la red de C\u00e1maras en el Exterior la importancia de CIIAM como centro de referencia del arbitraje iberoamericano. Durante su intervenci\u00f3n ha afirmado que \u200b\u200b\u201cen 2030 [&hellip;]<\/p>\n","protected":false},"author":18,"featured_media":26854,"comment_status":"closed","ping_status":"open","sticky":false,"template":"","format":"standard","meta":{"footnotes":""},"categories":[17],"tags":[],"class_list":["post-26853","post","type-post","status-publish","format-standard","has-post-thumbnail","hentry","category-actualidad"],"yoast_head":"<!-- This site is optimized with the Yoast SEO plugin v27.3 - https:\/\/yoast.com\/product\/yoast-seo-wordpress\/ -->\n<title>El vicesecretario de CIIAM interviene en la Asamblea de C\u00e1maras de Comercio en el exterior<\/title>\n<meta name=\"description\" content=\"Adolfo D\u00edaz-Ambrona, vicesecretario de CIIAM, ha intervenido en la Asamblea de C\u00e1maras de Comercioen el extranjero\" \/>\n<meta name=\"robots\" content=\"index, follow, max-snippet:-1, max-image-preview:large, max-video-preview:-1\" \/>\n<link rel=\"canonical\" href=\"https:\/\/ciiam.org\/en\/el-vicesecretario-de-CIIAM-interviene-en-la-asamblea-de-camaras-de-comercio-en-el-exterior\/\" \/>\n<meta property=\"og:locale\" content=\"en_US\" \/>\n<meta property=\"og:type\" content=\"article\" \/>\n<meta property=\"og:title\" content=\"El vicesecretario de CIIAM interviene en la Asamblea de C\u00e1maras de Comercio en el exterior\" \/>\n<meta property=\"og:description\" content=\"Adolfo D\u00edaz-Ambrona, vicesecretario de CIIAM, ha intervenido en la Asamblea de C\u00e1maras de Comercioen el extranjero\" \/>\n<meta property=\"og:url\" content=\"https:\/\/ciiam.org\/en\/el-vicesecretario-de-CIIAM-interviene-en-la-asamblea-de-camaras-de-comercio-en-el-exterior\/\" \/>\n<meta property=\"og:site_name\" content=\"CIIAM\" \/>\n<meta property=\"article:published_time\" content=\"2024-07-15T07:22:28+00:00\" \/>\n<meta property=\"article:modified_time\" content=\"2024-07-30T07:28:31+00:00\" \/>\n<meta property=\"og:image\" content=\"https:\/\/ciiam.org\/wp-content\/uploads\/2024\/07\/1720600841205.jpg\" \/>\n\t<meta property=\"og:image:width\" content=\"800\" \/>\n\t<meta property=\"og:image:height\" content=\"533\" \/>\n\t<meta property=\"og:image:type\" content=\"image\/jpeg\" \/>\n<meta name=\"author\" content=\"P. Moraleda\" \/>\n<meta name=\"twitter:card\" content=\"summary_large_image\" \/>\n<meta name=\"twitter:label1\" content=\"Written by\" \/>\n\t<meta name=\"twitter:data1\" content=\"P. Moraleda\" \/>\n\t<meta name=\"twitter:label2\" content=\"Est. reading time\" \/>\n\t<meta name=\"twitter:data2\" content=\"1 minute\" \/>\n<script type=\"application\/ld+json\" class=\"yoast-schema-graph\">{\"@context\":\"https:\\\/\\\/schema.org\",\"@graph\":[{\"@type\":\"Article\",\"@id\":\"https:\\\/\\\/ciiam.org\\\/en\\\/el-vicesecretario-de-CIIAM-interviene-en-la-asamblea-de-camaras-de-comercio-en-el-exterior\\\/#article\",\"isPartOf\":{\"@id\":\"https:\\\/\\\/ciiam.org\\\/en\\\/el-vicesecretario-de-CIIAM-interviene-en-la-asamblea-de-camaras-de-comercio-en-el-exterior\\\/\"},\"author\":{\"name\":\"P. Moraleda\",\"@id\":\"https:\\\/\\\/ciiam.org\\\/en\\\/#\\\/schema\\\/person\\\/d11b69fd6be9dfb32edb8758b44c599f\"},\"headline\":\"El vicesecretario de CIIAM interviene en la Asamblea de C\u00e1maras de Comercio en el exterior\",\"datePublished\":\"2024-07-15T07:22:28+00:00\",\"dateModified\":\"2024-07-30T07:28:31+00:00\",\"mainEntityOfPage\":{\"@id\":\"https:\\\/\\\/ciiam.org\\\/en\\\/el-vicesecretario-de-CIIAM-interviene-en-la-asamblea-de-camaras-de-comercio-en-el-exterior\\\/\"},\"wordCount\":136,\"publisher\":{\"@id\":\"https:\\\/\\\/ciiam.org\\\/en\\\/#organization\"},\"image\":{\"@id\":\"https:\\\/\\\/ciiam.org\\\/en\\\/el-vicesecretario-de-CIIAM-interviene-en-la-asamblea-de-camaras-de-comercio-en-el-exterior\\\/#primaryimage\"},\"thumbnailUrl\":\"https:\\\/\\\/ciiam.org\\\/wp-content\\\/uploads\\\/2024\\\/07\\\/1720600841205.jpg\",\"articleSection\":[\"Actualidad\"],\"inLanguage\":\"en-US\"},{\"@type\":\"WebPage\",\"@id\":\"https:\\\/\\\/ciiam.org\\\/en\\\/el-vicesecretario-de-CIIAM-interviene-en-la-asamblea-de-camaras-de-comercio-en-el-exterior\\\/\",\"url\":\"https:\\\/\\\/ciiam.org\\\/en\\\/el-vicesecretario-de-CIIAM-interviene-en-la-asamblea-de-camaras-de-comercio-en-el-exterior\\\/\",\"name\":\"El vicesecretario de CIIAM interviene en la Asamblea de C\u00e1maras de Comercio en el exterior\",\"isPartOf\":{\"@id\":\"https:\\\/\\\/ciiam.org\\\/en\\\/#website\"},\"primaryImageOfPage\":{\"@id\":\"https:\\\/\\\/ciiam.org\\\/en\\\/el-vicesecretario-de-CIIAM-interviene-en-la-asamblea-de-camaras-de-comercio-en-el-exterior\\\/#primaryimage\"},\"image\":{\"@id\":\"https:\\\/\\\/ciiam.org\\\/en\\\/el-vicesecretario-de-CIIAM-interviene-en-la-asamblea-de-camaras-de-comercio-en-el-exterior\\\/#primaryimage\"},\"thumbnailUrl\":\"https:\\\/\\\/ciiam.org\\\/wp-content\\\/uploads\\\/2024\\\/07\\\/1720600841205.jpg\",\"datePublished\":\"2024-07-15T07:22:28+00:00\",\"dateModified\":\"2024-07-30T07:28:31+00:00\",\"description\":\"Adolfo D\u00edaz-Ambrona, vicesecretario de CIIAM, ha intervenido en la Asamblea de C\u00e1maras de Comercioen el extranjero\",\"breadcrumb\":{\"@id\":\"https:\\\/\\\/ciiam.org\\\/en\\\/el-vicesecretario-de-CIIAM-interviene-en-la-asamblea-de-camaras-de-comercio-en-el-exterior\\\/#breadcrumb\"},\"inLanguage\":\"en-US\",\"potentialAction\":[{\"@type\":\"ReadAction\",\"target\":[\"https:\\\/\\\/ciiam.org\\\/en\\\/el-vicesecretario-de-CIIAM-interviene-en-la-asamblea-de-camaras-de-comercio-en-el-exterior\\\/\"]}]},{\"@type\":\"ImageObject\",\"inLanguage\":\"en-US\",\"@id\":\"https:\\\/\\\/ciiam.org\\\/en\\\/el-vicesecretario-de-CIIAM-interviene-en-la-asamblea-de-camaras-de-comercio-en-el-exterior\\\/#primaryimage\",\"url\":\"https:\\\/\\\/ciiam.org\\\/wp-content\\\/uploads\\\/2024\\\/07\\\/1720600841205.jpg\",\"contentUrl\":\"https:\\\/\\\/ciiam.org\\\/wp-content\\\/uploads\\\/2024\\\/07\\\/1720600841205.jpg\",\"width\":800,\"height\":533},{\"@type\":\"BreadcrumbList\",\"@id\":\"https:\\\/\\\/ciiam.org\\\/en\\\/el-vicesecretario-de-CIIAM-interviene-en-la-asamblea-de-camaras-de-comercio-en-el-exterior\\\/#breadcrumb\",\"itemListElement\":[{\"@type\":\"ListItem\",\"position\":1,\"name\":\"CIAM\",\"item\":\"https:\\\/\\\/ciiam.org\\\/en\\\/\"},{\"@type\":\"ListItem\",\"position\":2,\"name\":\"El vicesecretario de CIIAM interviene en la Asamblea de C\u00e1maras de Comercio en el exterior\"}]},{\"@type\":\"WebSite\",\"@id\":\"https:\\\/\\\/ciiam.org\\\/en\\\/#website\",\"url\":\"https:\\\/\\\/ciiam.org\\\/en\\\/\",\"name\":\"CIIAM\",\"description\":\"Centro Internacional e Iberoamericano de Arbitraje de Madrid\",\"publisher\":{\"@id\":\"https:\\\/\\\/ciiam.org\\\/en\\\/#organization\"},\"potentialAction\":[{\"@type\":\"SearchAction\",\"target\":{\"@type\":\"EntryPoint\",\"urlTemplate\":\"https:\\\/\\\/ciiam.org\\\/en\\\/?s={search_term_string}\"},\"query-input\":{\"@type\":\"PropertyValueSpecification\",\"valueRequired\":true,\"valueName\":\"search_term_string\"}}],\"inLanguage\":\"en-US\"},{\"@type\":\"Organization\",\"@id\":\"https:\\\/\\\/ciiam.org\\\/en\\\/#organization\",\"name\":\"Centro Internacional e Iberoamericano de Arbitraje de Madrid\",\"alternateName\":\"CIIAM\",\"url\":\"https:\\\/\\\/ciiam.org\\\/en\\\/\",\"logo\":{\"@type\":\"ImageObject\",\"inLanguage\":\"en-US\",\"@id\":\"https:\\\/\\\/ciiam.org\\\/en\\\/#\\\/schema\\\/logo\\\/image\\\/\",\"url\":\"https:\\\/\\\/ciiam.org\\\/wp-content\\\/uploads\\\/2026\\\/01\\\/favicon.png\",\"contentUrl\":\"https:\\\/\\\/ciiam.org\\\/wp-content\\\/uploads\\\/2026\\\/01\\\/favicon.png\",\"width\":500,\"height\":500,\"caption\":\"Centro Internacional e Iberoamericano de Arbitraje de Madrid\"},\"image\":{\"@id\":\"https:\\\/\\\/ciiam.org\\\/en\\\/#\\\/schema\\\/logo\\\/image\\\/\"},\"sameAs\":[\"https:\\\/\\\/www.linkedin.com\\\/company\\\/ciam-centro-internacional-arbitraje-madrid?trk=d_public_post_image\",\"https:\\\/\\\/www.youtube.com\\\/channel\\\/UCU2OI7SAQFv5uXAZ4qO4ALg\"]},{\"@type\":\"Person\",\"@id\":\"https:\\\/\\\/ciiam.org\\\/en\\\/#\\\/schema\\\/person\\\/d11b69fd6be9dfb32edb8758b44c599f\",\"name\":\"P. Moraleda\",\"image\":{\"@type\":\"ImageObject\",\"inLanguage\":\"en-US\",\"@id\":\"https:\\\/\\\/secure.gravatar.com\\\/avatar\\\/fe6c4f5a609355ad487e648d2b4aebf57a2fa1e7508fc4a6bd1d2b5420b286df?s=96&d=mm&r=g\",\"url\":\"https:\\\/\\\/secure.gravatar.com\\\/avatar\\\/fe6c4f5a609355ad487e648d2b4aebf57a2fa1e7508fc4a6bd1d2b5420b286df?s=96&d=mm&r=g\",\"contentUrl\":\"https:\\\/\\\/secure.gravatar.com\\\/avatar\\\/fe6c4f5a609355ad487e648d2b4aebf57a2fa1e7508fc4a6bd1d2b5420b286df?s=96&d=mm&r=g\",\"caption\":\"P. Moraleda\"},\"url\":\"https:\\\/\\\/ciiam.org\\\/en\\\/author\\\/3on1a-0sed-24\\\/\"}]}<\/script>\n<!-- \/ Yoast SEO plugin. -->","yoast_head_json":{"title":"El vicesecretario de CIIAM interviene en la Asamblea de C\u00e1maras de Comercio en el exterior","description":"Adolfo D\u00edaz-Ambrona, vicesecretario de CIIAM, ha intervenido en la Asamblea de C\u00e1maras de Comercioen el extranjero","robots":{"index":"index","follow":"follow","max-snippet":"max-snippet:-1","max-image-preview":"max-image-preview:large","max-video-preview":"max-video-preview:-1"},"canonical":"https:\/\/ciiam.org\/en\/el-vicesecretario-de-CIIAM-interviene-en-la-asamblea-de-camaras-de-comercio-en-el-exterior\/","og_locale":"en_US","og_type":"article","og_title":"El vicesecretario de CIIAM interviene en la Asamblea de C\u00e1maras de Comercio en el exterior","og_description":"Adolfo D\u00edaz-Ambrona, vicesecretario de CIIAM, ha intervenido en la Asamblea de C\u00e1maras de Comercioen el extranjero","og_url":"https:\/\/ciiam.org\/en\/el-vicesecretario-de-CIIAM-interviene-en-la-asamblea-de-camaras-de-comercio-en-el-exterior\/","og_site_name":"CIIAM","article_published_time":"2024-07-15T07:22:28+00:00","article_modified_time":"2024-07-30T07:28:31+00:00","og_image":[{"width":800,"height":533,"url":"https:\/\/ciiam.org\/wp-content\/uploads\/2024\/07\/1720600841205.jpg","type":"image\/jpeg"}],"author":"P. Moraleda","twitter_card":"summary_large_image","twitter_misc":{"Written by":"P. Moraleda","Est. reading time":"1 minute"},"schema":{"@context":"https:\/\/schema.org","@graph":[{"@type":"Article","@id":"https:\/\/ciiam.org\/en\/el-vicesecretario-de-CIIAM-interviene-en-la-asamblea-de-camaras-de-comercio-en-el-exterior\/#article","isPartOf":{"@id":"https:\/\/ciiam.org\/en\/el-vicesecretario-de-CIIAM-interviene-en-la-asamblea-de-camaras-de-comercio-en-el-exterior\/"},"author":{"name":"P. Moraleda","@id":"https:\/\/ciiam.org\/en\/#\/schema\/person\/d11b69fd6be9dfb32edb8758b44c599f"},"headline":"El vicesecretario de CIIAM interviene en la Asamblea de C\u00e1maras de Comercio en el exterior","datePublished":"2024-07-15T07:22:28+00:00","dateModified":"2024-07-30T07:28:31+00:00","mainEntityOfPage":{"@id":"https:\/\/ciiam.org\/en\/el-vicesecretario-de-CIIAM-interviene-en-la-asamblea-de-camaras-de-comercio-en-el-exterior\/"},"wordCount":136,"publisher":{"@id":"https:\/\/ciiam.org\/en\/#organization"},"image":{"@id":"https:\/\/ciiam.org\/en\/el-vicesecretario-de-CIIAM-interviene-en-la-asamblea-de-camaras-de-comercio-en-el-exterior\/#primaryimage"},"thumbnailUrl":"https:\/\/ciiam.org\/wp-content\/uploads\/2024\/07\/1720600841205.jpg","articleSection":["Actualidad"],"inLanguage":"en-US"},{"@type":"WebPage","@id":"https:\/\/ciiam.org\/en\/el-vicesecretario-de-CIIAM-interviene-en-la-asamblea-de-camaras-de-comercio-en-el-exterior\/","url":"https:\/\/ciiam.org\/en\/el-vicesecretario-de-CIIAM-interviene-en-la-asamblea-de-camaras-de-comercio-en-el-exterior\/","name":"El vicesecretario de CIIAM interviene en la Asamblea de C\u00e1maras de Comercio en el exterior","isPartOf":{"@id":"https:\/\/ciiam.org\/en\/#website"},"primaryImageOfPage":{"@id":"https:\/\/ciiam.org\/en\/el-vicesecretario-de-CIIAM-interviene-en-la-asamblea-de-camaras-de-comercio-en-el-exterior\/#primaryimage"},"image":{"@id":"https:\/\/ciiam.org\/en\/el-vicesecretario-de-CIIAM-interviene-en-la-asamblea-de-camaras-de-comercio-en-el-exterior\/#primaryimage"},"thumbnailUrl":"https:\/\/ciiam.org\/wp-content\/uploads\/2024\/07\/1720600841205.jpg","datePublished":"2024-07-15T07:22:28+00:00","dateModified":"2024-07-30T07:28:31+00:00","description":"Adolfo D\u00edaz-Ambrona, vicesecretario de CIIAM, ha intervenido en la Asamblea de C\u00e1maras de Comercioen el extranjero","breadcrumb":{"@id":"https:\/\/ciiam.org\/en\/el-vicesecretario-de-CIIAM-interviene-en-la-asamblea-de-camaras-de-comercio-en-el-exterior\/#breadcrumb"},"inLanguage":"en-US","potentialAction":[{"@type":"ReadAction","target":["https:\/\/ciiam.org\/en\/el-vicesecretario-de-CIIAM-interviene-en-la-asamblea-de-camaras-de-comercio-en-el-exterior\/"]}]},{"@type":"ImageObject","inLanguage":"en-US","@id":"https:\/\/ciiam.org\/en\/el-vicesecretario-de-CIIAM-interviene-en-la-asamblea-de-camaras-de-comercio-en-el-exterior\/#primaryimage","url":"https:\/\/ciiam.org\/wp-content\/uploads\/2024\/07\/1720600841205.jpg","contentUrl":"https:\/\/ciiam.org\/wp-content\/uploads\/2024\/07\/1720600841205.jpg","width":800,"height":533},{"@type":"BreadcrumbList","@id":"https:\/\/ciiam.org\/en\/el-vicesecretario-de-CIIAM-interviene-en-la-asamblea-de-camaras-de-comercio-en-el-exterior\/#breadcrumb","itemListElement":[{"@type":"ListItem","position":1,"name":"CIAM","item":"https:\/\/ciiam.org\/en\/"},{"@type":"ListItem","position":2,"name":"El vicesecretario de CIIAM interviene en la Asamblea de C\u00e1maras de Comercio en el exterior"}]},{"@type":"WebSite","@id":"https:\/\/ciiam.org\/en\/#website","url":"https:\/\/ciiam.org\/en\/","name":"CIIAM","description":"Centro Internacional e Iberoamericano de Arbitraje de Madrid","publisher":{"@id":"https:\/\/ciiam.org\/en\/#organization"},"potentialAction":[{"@type":"SearchAction","target":{"@type":"EntryPoint","urlTemplate":"https:\/\/ciiam.org\/en\/?s={search_term_string}"},"query-input":{"@type":"PropertyValueSpecification","valueRequired":true,"valueName":"search_term_string"}}],"inLanguage":"en-US"},{"@type":"Organization","@id":"https:\/\/ciiam.org\/en\/#organization","name":"Centro Internacional e Iberoamericano de Arbitraje de Madrid","alternateName":"CIIAM","url":"https:\/\/ciiam.org\/en\/","logo":{"@type":"ImageObject","inLanguage":"en-US","@id":"https:\/\/ciiam.org\/en\/#\/schema\/logo\/image\/","url":"https:\/\/ciiam.org\/wp-content\/uploads\/2026\/01\/favicon.png","contentUrl":"https:\/\/ciiam.org\/wp-content\/uploads\/2026\/01\/favicon.png","width":500,"height":500,"caption":"Centro Internacional e Iberoamericano de Arbitraje de Madrid"},"image":{"@id":"https:\/\/ciiam.org\/en\/#\/schema\/logo\/image\/"},"sameAs":["https:\/\/www.linkedin.com\/company\/ciam-centro-internacional-arbitraje-madrid?trk=d_public_post_image","https:\/\/www.youtube.com\/channel\/UCU2OI7SAQFv5uXAZ4qO4ALg"]},{"@type":"Person","@id":"https:\/\/ciiam.org\/en\/#\/schema\/person\/d11b69fd6be9dfb32edb8758b44c599f","name":"P. Moraleda","image":{"@type":"ImageObject","inLanguage":"en-US","@id":"https:\/\/secure.gravatar.com\/avatar\/fe6c4f5a609355ad487e648d2b4aebf57a2fa1e7508fc4a6bd1d2b5420b286df?s=96&d=mm&r=g","url":"https:\/\/secure.gravatar.com\/avatar\/fe6c4f5a609355ad487e648d2b4aebf57a2fa1e7508fc4a6bd1d2b5420b286df?s=96&d=mm&r=g","contentUrl":"https:\/\/secure.gravatar.com\/avatar\/fe6c4f5a609355ad487e648d2b4aebf57a2fa1e7508fc4a6bd1d2b5420b286df?s=96&d=mm&r=g","caption":"P. Moraleda"},"url":"https:\/\/ciiam.org\/en\/author\/3on1a-0sed-24\/"}]}},"_links":{"self":[{"href":"https:\/\/ciiam.org\/en\/wp-json\/wp\/v2\/posts\/26853","targetHints":{"allow":["GET"]}}],"collection":[{"href":"https:\/\/ciiam.org\/en\/wp-json\/wp\/v2\/posts"}],"about":[{"href":"https:\/\/ciiam.org\/en\/wp-json\/wp\/v2\/types\/post"}],"author":[{"embeddable":true,"href":"https:\/\/ciiam.org\/en\/wp-json\/wp\/v2\/users\/18"}],"replies":[{"embeddable":true,"href":"https:\/\/ciiam.org\/en\/wp-json\/wp\/v2\/comments?post=26853"}],"version-history":[{"count":1,"href":"https:\/\/ciiam.org\/en\/wp-json\/wp\/v2\/posts\/26853\/revisions"}],"predecessor-version":[{"id":26856,"href":"https:\/\/ciiam.org\/en\/wp-json\/wp\/v2\/posts\/26853\/revisions\/26856"}],"wp:featuredmedia":[{"embeddable":true,"href":"https:\/\/ciiam.org\/en\/wp-json\/wp\/v2\/media\/26854"}],"wp:attachment":[{"href":"https:\/\/ciiam.org\/en\/wp-json\/wp\/v2\/media?parent=26853"}],"wp:term":[{"taxonomy":"category","embeddable":true,"href":"https:\/\/ciiam.org\/en\/wp-json\/wp\/v2\/categories?post=26853"},{"taxonomy":"post_tag","embeddable":true,"href":"https:\/\/ciiam.org\/en\/wp-json\/wp\/v2\/tags?post=26853"}],"curies":[{"name":"wp","href":"https:\/\/api.w.org\/{rel}","templated":true}]}}