{"id":26866,"date":"2024-07-10T07:59:36","date_gmt":"2024-07-10T07:59:36","guid":{"rendered":"https:\/\/ciiam.org\/?p=26866"},"modified":"2024-07-30T08:32:18","modified_gmt":"2024-07-30T08:32:18","slug":"CIIAM-organiza-el-evento-una-mirada-comparativa-a-la-practica-arbitral-en-alemania-espana-y-latinoamerica","status":"publish","type":"post","link":"https:\/\/ciiam.org\/en\/CIIAM-organiza-el-evento-una-mirada-comparativa-a-la-practica-arbitral-en-alemania-espana-y-latinoamerica\/","title":{"rendered":"CIIAM organiza el evento \u201cUna mirada comparativa a la pr\u00e1ctica arbitral en Alemania, Espa\u00f1a y Latinoam\u00e9rica\u201d"},"content":{"rendered":"<p>CIIAM organiza, en colaboraci\u00f3n con Deutsche Institution f\u00fcr Schiedsgerichtsbarkeit e.V. (DIS) German Arbitration Institute y el Club Espa\u00f1ol e Iberoamericano del Arbitraje (CEIA), el evento \u201cUna mirada comparativa a la pr\u00e1ctica arbitral en Alemania, Espa\u00f1a y Latinoam\u00e9rica\u201d. Esta jornada, parte de los Berlin Dispute Resolution Days, se llevar\u00e1 a cabo el 11 de septiembre de 2024, desde las 9:00h hasta las 14:00h (CEST) en la Embajada de Espa\u00f1a en Berl\u00edn. Participar\u00e1n destacados expertos en arbitraje que compartir\u00e1n sus conocimientos y experiencias sobre las pr\u00e1cticas arbitrales en estas regiones.<\/p>\n<p>Para inscribirte, puedes enviar un correo a <a class=\"app-aware-link \" href=\"mailto:administracion@clubarbitraje.com\" target=\"_self\" data-test-app-aware-link=\"\" rel=\"noopener\">administracion@clubarbitraje.com<\/a>. El aforo es limitado, as\u00ed que aseg\u00farate de reservar tu lugar con antelaci\u00f3n.<\/p>\n","protected":false},"excerpt":{"rendered":"<p>CIIAM organiza, en colaboraci\u00f3n con Deutsche Institution f\u00fcr Schiedsgerichtsbarkeit e.V. (DIS) German Arbitration Institute y el Club Espa\u00f1ol e Iberoamericano del Arbitraje (CEIA), el evento \u201cUna mirada comparativa a la pr\u00e1ctica arbitral en Alemania, Espa\u00f1a y Latinoam\u00e9rica\u201d. Esta jornada, parte de los Berlin Dispute Resolution Days, se llevar\u00e1 a cabo el 11 de septiembre de [&hellip;]<\/p>\n","protected":false},"author":18,"featured_media":26867,"comment_status":"closed","ping_status":"open","sticky":false,"template":"","format":"standard","meta":{"footnotes":""},"categories":[17],"tags":[],"class_list":["post-26866","post","type-post","status-publish","format-standard","has-post-thumbnail","hentry","category-actualidad"],"yoast_head":"<!-- This site is optimized with the Yoast SEO plugin v27.3 - https:\/\/yoast.com\/product\/yoast-seo-wordpress\/ -->\n<title>CIIAM organiza el evento \u201cUna mirada comparativa a la pr\u00e1ctica arbitral en Alemania, Espa\u00f1a y Latinoam\u00e9rica\u201d<\/title>\n<meta name=\"description\" content=\"CIIAM organiza el evento \u201cUna mirada comparativa a la pr\u00e1ctica arbitral en Alemania, Espa\u00f1a y Latinoam\u00e9rica\u201d\" \/>\n<meta name=\"robots\" content=\"index, follow, max-snippet:-1, max-image-preview:large, max-video-preview:-1\" \/>\n<link rel=\"canonical\" href=\"https:\/\/ciiam.org\/en\/CIIAM-organiza-el-evento-una-mirada-comparativa-a-la-practica-arbitral-en-alemania-espana-y-latinoamerica\/\" \/>\n<meta property=\"og:locale\" content=\"en_US\" \/>\n<meta property=\"og:type\" content=\"article\" \/>\n<meta property=\"og:title\" content=\"CIIAM organiza el evento \u201cUna mirada comparativa a la pr\u00e1ctica arbitral en Alemania, Espa\u00f1a y Latinoam\u00e9rica\u201d\" \/>\n<meta property=\"og:description\" content=\"CIIAM organiza el evento \u201cUna mirada comparativa a la pr\u00e1ctica arbitral en Alemania, Espa\u00f1a y Latinoam\u00e9rica\u201d\" \/>\n<meta property=\"og:url\" content=\"https:\/\/ciiam.org\/en\/CIIAM-organiza-el-evento-una-mirada-comparativa-a-la-practica-arbitral-en-alemania-espana-y-latinoamerica\/\" \/>\n<meta property=\"og:site_name\" content=\"CIIAM\" \/>\n<meta property=\"article:published_time\" content=\"2024-07-10T07:59:36+00:00\" \/>\n<meta property=\"article:modified_time\" content=\"2024-07-30T08:32:18+00:00\" \/>\n<meta property=\"og:image\" content=\"https:\/\/ciiam.org\/wp-content\/uploads\/2024\/07\/1720173763547.jpg\" \/>\n\t<meta property=\"og:image:width\" content=\"800\" \/>\n\t<meta property=\"og:image:height\" content=\"794\" \/>\n\t<meta property=\"og:image:type\" content=\"image\/jpeg\" \/>\n<meta name=\"author\" content=\"P. Moraleda\" \/>\n<meta name=\"twitter:card\" content=\"summary_large_image\" \/>\n<meta name=\"twitter:label1\" content=\"Written by\" \/>\n\t<meta name=\"twitter:data1\" content=\"P. Moraleda\" \/>\n\t<meta name=\"twitter:label2\" content=\"Est. reading time\" \/>\n\t<meta name=\"twitter:data2\" content=\"1 minute\" \/>\n<script type=\"application\/ld+json\" class=\"yoast-schema-graph\">{\"@context\":\"https:\\\/\\\/schema.org\",\"@graph\":[{\"@type\":\"Article\",\"@id\":\"https:\\\/\\\/ciiam.org\\\/en\\\/CIIAM-organiza-el-evento-una-mirada-comparativa-a-la-practica-arbitral-en-alemania-espana-y-latinoamerica\\\/#article\",\"isPartOf\":{\"@id\":\"https:\\\/\\\/ciiam.org\\\/en\\\/CIIAM-organiza-el-evento-una-mirada-comparativa-a-la-practica-arbitral-en-alemania-espana-y-latinoamerica\\\/\"},\"author\":{\"name\":\"P. Moraleda\",\"@id\":\"https:\\\/\\\/ciiam.org\\\/en\\\/#\\\/schema\\\/person\\\/d11b69fd6be9dfb32edb8758b44c599f\"},\"headline\":\"CIIAM organiza el evento \u201cUna mirada comparativa a la pr\u00e1ctica arbitral en Alemania, Espa\u00f1a y Latinoam\u00e9rica\u201d\",\"datePublished\":\"2024-07-10T07:59:36+00:00\",\"dateModified\":\"2024-07-30T08:32:18+00:00\",\"mainEntityOfPage\":{\"@id\":\"https:\\\/\\\/ciiam.org\\\/en\\\/CIIAM-organiza-el-evento-una-mirada-comparativa-a-la-practica-arbitral-en-alemania-espana-y-latinoamerica\\\/\"},\"wordCount\":142,\"publisher\":{\"@id\":\"https:\\\/\\\/ciiam.org\\\/en\\\/#organization\"},\"image\":{\"@id\":\"https:\\\/\\\/ciiam.org\\\/en\\\/CIIAM-organiza-el-evento-una-mirada-comparativa-a-la-practica-arbitral-en-alemania-espana-y-latinoamerica\\\/#primaryimage\"},\"thumbnailUrl\":\"https:\\\/\\\/ciiam.org\\\/wp-content\\\/uploads\\\/2024\\\/07\\\/1720173763547.jpg\",\"articleSection\":[\"Actualidad\"],\"inLanguage\":\"en-US\"},{\"@type\":\"WebPage\",\"@id\":\"https:\\\/\\\/ciiam.org\\\/en\\\/CIIAM-organiza-el-evento-una-mirada-comparativa-a-la-practica-arbitral-en-alemania-espana-y-latinoamerica\\\/\",\"url\":\"https:\\\/\\\/ciiam.org\\\/en\\\/CIIAM-organiza-el-evento-una-mirada-comparativa-a-la-practica-arbitral-en-alemania-espana-y-latinoamerica\\\/\",\"name\":\"CIIAM organiza el evento \u201cUna mirada comparativa a la pr\u00e1ctica arbitral en Alemania, Espa\u00f1a y Latinoam\u00e9rica\u201d\",\"isPartOf\":{\"@id\":\"https:\\\/\\\/ciiam.org\\\/en\\\/#website\"},\"primaryImageOfPage\":{\"@id\":\"https:\\\/\\\/ciiam.org\\\/en\\\/CIIAM-organiza-el-evento-una-mirada-comparativa-a-la-practica-arbitral-en-alemania-espana-y-latinoamerica\\\/#primaryimage\"},\"image\":{\"@id\":\"https:\\\/\\\/ciiam.org\\\/en\\\/CIIAM-organiza-el-evento-una-mirada-comparativa-a-la-practica-arbitral-en-alemania-espana-y-latinoamerica\\\/#primaryimage\"},\"thumbnailUrl\":\"https:\\\/\\\/ciiam.org\\\/wp-content\\\/uploads\\\/2024\\\/07\\\/1720173763547.jpg\",\"datePublished\":\"2024-07-10T07:59:36+00:00\",\"dateModified\":\"2024-07-30T08:32:18+00:00\",\"description\":\"CIIAM organiza el evento \u201cUna mirada comparativa a la pr\u00e1ctica arbitral en Alemania, Espa\u00f1a y Latinoam\u00e9rica\u201d\",\"breadcrumb\":{\"@id\":\"https:\\\/\\\/ciiam.org\\\/en\\\/CIIAM-organiza-el-evento-una-mirada-comparativa-a-la-practica-arbitral-en-alemania-espana-y-latinoamerica\\\/#breadcrumb\"},\"inLanguage\":\"en-US\",\"potentialAction\":[{\"@type\":\"ReadAction\",\"target\":[\"https:\\\/\\\/ciiam.org\\\/en\\\/CIIAM-organiza-el-evento-una-mirada-comparativa-a-la-practica-arbitral-en-alemania-espana-y-latinoamerica\\\/\"]}]},{\"@type\":\"ImageObject\",\"inLanguage\":\"en-US\",\"@id\":\"https:\\\/\\\/ciiam.org\\\/en\\\/CIIAM-organiza-el-evento-una-mirada-comparativa-a-la-practica-arbitral-en-alemania-espana-y-latinoamerica\\\/#primaryimage\",\"url\":\"https:\\\/\\\/ciiam.org\\\/wp-content\\\/uploads\\\/2024\\\/07\\\/1720173763547.jpg\",\"contentUrl\":\"https:\\\/\\\/ciiam.org\\\/wp-content\\\/uploads\\\/2024\\\/07\\\/1720173763547.jpg\",\"width\":800,\"height\":794},{\"@type\":\"BreadcrumbList\",\"@id\":\"https:\\\/\\\/ciiam.org\\\/en\\\/CIIAM-organiza-el-evento-una-mirada-comparativa-a-la-practica-arbitral-en-alemania-espana-y-latinoamerica\\\/#breadcrumb\",\"itemListElement\":[{\"@type\":\"ListItem\",\"position\":1,\"name\":\"CIAM\",\"item\":\"https:\\\/\\\/ciiam.org\\\/en\\\/\"},{\"@type\":\"ListItem\",\"position\":2,\"name\":\"CIIAM organiza el evento \u201cUna mirada comparativa a la pr\u00e1ctica arbitral en Alemania, Espa\u00f1a y Latinoam\u00e9rica\u201d\"}]},{\"@type\":\"WebSite\",\"@id\":\"https:\\\/\\\/ciiam.org\\\/en\\\/#website\",\"url\":\"https:\\\/\\\/ciiam.org\\\/en\\\/\",\"name\":\"CIIAM\",\"description\":\"Centro Internacional e Iberoamericano de Arbitraje de Madrid\",\"publisher\":{\"@id\":\"https:\\\/\\\/ciiam.org\\\/en\\\/#organization\"},\"potentialAction\":[{\"@type\":\"SearchAction\",\"target\":{\"@type\":\"EntryPoint\",\"urlTemplate\":\"https:\\\/\\\/ciiam.org\\\/en\\\/?s={search_term_string}\"},\"query-input\":{\"@type\":\"PropertyValueSpecification\",\"valueRequired\":true,\"valueName\":\"search_term_string\"}}],\"inLanguage\":\"en-US\"},{\"@type\":\"Organization\",\"@id\":\"https:\\\/\\\/ciiam.org\\\/en\\\/#organization\",\"name\":\"Centro Internacional e Iberoamericano de Arbitraje de Madrid\",\"alternateName\":\"CIIAM\",\"url\":\"https:\\\/\\\/ciiam.org\\\/en\\\/\",\"logo\":{\"@type\":\"ImageObject\",\"inLanguage\":\"en-US\",\"@id\":\"https:\\\/\\\/ciiam.org\\\/en\\\/#\\\/schema\\\/logo\\\/image\\\/\",\"url\":\"https:\\\/\\\/ciiam.org\\\/wp-content\\\/uploads\\\/2026\\\/01\\\/favicon.png\",\"contentUrl\":\"https:\\\/\\\/ciiam.org\\\/wp-content\\\/uploads\\\/2026\\\/01\\\/favicon.png\",\"width\":500,\"height\":500,\"caption\":\"Centro Internacional e Iberoamericano de Arbitraje de Madrid\"},\"image\":{\"@id\":\"https:\\\/\\\/ciiam.org\\\/en\\\/#\\\/schema\\\/logo\\\/image\\\/\"},\"sameAs\":[\"https:\\\/\\\/www.linkedin.com\\\/company\\\/ciam-centro-internacional-arbitraje-madrid?trk=d_public_post_image\",\"https:\\\/\\\/www.youtube.com\\\/channel\\\/UCU2OI7SAQFv5uXAZ4qO4ALg\"]},{\"@type\":\"Person\",\"@id\":\"https:\\\/\\\/ciiam.org\\\/en\\\/#\\\/schema\\\/person\\\/d11b69fd6be9dfb32edb8758b44c599f\",\"name\":\"P. Moraleda\",\"image\":{\"@type\":\"ImageObject\",\"inLanguage\":\"en-US\",\"@id\":\"https:\\\/\\\/secure.gravatar.com\\\/avatar\\\/fe6c4f5a609355ad487e648d2b4aebf57a2fa1e7508fc4a6bd1d2b5420b286df?s=96&d=mm&r=g\",\"url\":\"https:\\\/\\\/secure.gravatar.com\\\/avatar\\\/fe6c4f5a609355ad487e648d2b4aebf57a2fa1e7508fc4a6bd1d2b5420b286df?s=96&d=mm&r=g\",\"contentUrl\":\"https:\\\/\\\/secure.gravatar.com\\\/avatar\\\/fe6c4f5a609355ad487e648d2b4aebf57a2fa1e7508fc4a6bd1d2b5420b286df?s=96&d=mm&r=g\",\"caption\":\"P. Moraleda\"},\"url\":\"https:\\\/\\\/ciiam.org\\\/en\\\/author\\\/3on1a-0sed-24\\\/\"}]}<\/script>\n<!-- \/ Yoast SEO plugin. -->","yoast_head_json":{"title":"CIIAM organiza el evento \u201cUna mirada comparativa a la pr\u00e1ctica arbitral en Alemania, Espa\u00f1a y Latinoam\u00e9rica\u201d","description":"CIIAM organiza el evento \u201cUna mirada comparativa a la pr\u00e1ctica arbitral en Alemania, Espa\u00f1a y Latinoam\u00e9rica\u201d","robots":{"index":"index","follow":"follow","max-snippet":"max-snippet:-1","max-image-preview":"max-image-preview:large","max-video-preview":"max-video-preview:-1"},"canonical":"https:\/\/ciiam.org\/en\/CIIAM-organiza-el-evento-una-mirada-comparativa-a-la-practica-arbitral-en-alemania-espana-y-latinoamerica\/","og_locale":"en_US","og_type":"article","og_title":"CIIAM organiza el evento \u201cUna mirada comparativa a la pr\u00e1ctica arbitral en Alemania, Espa\u00f1a y Latinoam\u00e9rica\u201d","og_description":"CIIAM organiza el evento \u201cUna mirada comparativa a la pr\u00e1ctica arbitral en Alemania, Espa\u00f1a y Latinoam\u00e9rica\u201d","og_url":"https:\/\/ciiam.org\/en\/CIIAM-organiza-el-evento-una-mirada-comparativa-a-la-practica-arbitral-en-alemania-espana-y-latinoamerica\/","og_site_name":"CIIAM","article_published_time":"2024-07-10T07:59:36+00:00","article_modified_time":"2024-07-30T08:32:18+00:00","og_image":[{"width":800,"height":794,"url":"https:\/\/ciiam.org\/wp-content\/uploads\/2024\/07\/1720173763547.jpg","type":"image\/jpeg"}],"author":"P. Moraleda","twitter_card":"summary_large_image","twitter_misc":{"Written by":"P. Moraleda","Est. reading time":"1 minute"},"schema":{"@context":"https:\/\/schema.org","@graph":[{"@type":"Article","@id":"https:\/\/ciiam.org\/en\/CIIAM-organiza-el-evento-una-mirada-comparativa-a-la-practica-arbitral-en-alemania-espana-y-latinoamerica\/#article","isPartOf":{"@id":"https:\/\/ciiam.org\/en\/CIIAM-organiza-el-evento-una-mirada-comparativa-a-la-practica-arbitral-en-alemania-espana-y-latinoamerica\/"},"author":{"name":"P. Moraleda","@id":"https:\/\/ciiam.org\/en\/#\/schema\/person\/d11b69fd6be9dfb32edb8758b44c599f"},"headline":"CIIAM organiza el evento \u201cUna mirada comparativa a la pr\u00e1ctica arbitral en Alemania, Espa\u00f1a y Latinoam\u00e9rica\u201d","datePublished":"2024-07-10T07:59:36+00:00","dateModified":"2024-07-30T08:32:18+00:00","mainEntityOfPage":{"@id":"https:\/\/ciiam.org\/en\/CIIAM-organiza-el-evento-una-mirada-comparativa-a-la-practica-arbitral-en-alemania-espana-y-latinoamerica\/"},"wordCount":142,"publisher":{"@id":"https:\/\/ciiam.org\/en\/#organization"},"image":{"@id":"https:\/\/ciiam.org\/en\/CIIAM-organiza-el-evento-una-mirada-comparativa-a-la-practica-arbitral-en-alemania-espana-y-latinoamerica\/#primaryimage"},"thumbnailUrl":"https:\/\/ciiam.org\/wp-content\/uploads\/2024\/07\/1720173763547.jpg","articleSection":["Actualidad"],"inLanguage":"en-US"},{"@type":"WebPage","@id":"https:\/\/ciiam.org\/en\/CIIAM-organiza-el-evento-una-mirada-comparativa-a-la-practica-arbitral-en-alemania-espana-y-latinoamerica\/","url":"https:\/\/ciiam.org\/en\/CIIAM-organiza-el-evento-una-mirada-comparativa-a-la-practica-arbitral-en-alemania-espana-y-latinoamerica\/","name":"CIIAM organiza el evento \u201cUna mirada comparativa a la pr\u00e1ctica arbitral en Alemania, Espa\u00f1a y Latinoam\u00e9rica\u201d","isPartOf":{"@id":"https:\/\/ciiam.org\/en\/#website"},"primaryImageOfPage":{"@id":"https:\/\/ciiam.org\/en\/CIIAM-organiza-el-evento-una-mirada-comparativa-a-la-practica-arbitral-en-alemania-espana-y-latinoamerica\/#primaryimage"},"image":{"@id":"https:\/\/ciiam.org\/en\/CIIAM-organiza-el-evento-una-mirada-comparativa-a-la-practica-arbitral-en-alemania-espana-y-latinoamerica\/#primaryimage"},"thumbnailUrl":"https:\/\/ciiam.org\/wp-content\/uploads\/2024\/07\/1720173763547.jpg","datePublished":"2024-07-10T07:59:36+00:00","dateModified":"2024-07-30T08:32:18+00:00","description":"CIIAM organiza el evento \u201cUna mirada comparativa a la pr\u00e1ctica arbitral en Alemania, Espa\u00f1a y Latinoam\u00e9rica\u201d","breadcrumb":{"@id":"https:\/\/ciiam.org\/en\/CIIAM-organiza-el-evento-una-mirada-comparativa-a-la-practica-arbitral-en-alemania-espana-y-latinoamerica\/#breadcrumb"},"inLanguage":"en-US","potentialAction":[{"@type":"ReadAction","target":["https:\/\/ciiam.org\/en\/CIIAM-organiza-el-evento-una-mirada-comparativa-a-la-practica-arbitral-en-alemania-espana-y-latinoamerica\/"]}]},{"@type":"ImageObject","inLanguage":"en-US","@id":"https:\/\/ciiam.org\/en\/CIIAM-organiza-el-evento-una-mirada-comparativa-a-la-practica-arbitral-en-alemania-espana-y-latinoamerica\/#primaryimage","url":"https:\/\/ciiam.org\/wp-content\/uploads\/2024\/07\/1720173763547.jpg","contentUrl":"https:\/\/ciiam.org\/wp-content\/uploads\/2024\/07\/1720173763547.jpg","width":800,"height":794},{"@type":"BreadcrumbList","@id":"https:\/\/ciiam.org\/en\/CIIAM-organiza-el-evento-una-mirada-comparativa-a-la-practica-arbitral-en-alemania-espana-y-latinoamerica\/#breadcrumb","itemListElement":[{"@type":"ListItem","position":1,"name":"CIAM","item":"https:\/\/ciiam.org\/en\/"},{"@type":"ListItem","position":2,"name":"CIIAM organiza el evento \u201cUna mirada comparativa a la pr\u00e1ctica arbitral en Alemania, Espa\u00f1a y Latinoam\u00e9rica\u201d"}]},{"@type":"WebSite","@id":"https:\/\/ciiam.org\/en\/#website","url":"https:\/\/ciiam.org\/en\/","name":"CIIAM","description":"Centro Internacional e Iberoamericano de Arbitraje de Madrid","publisher":{"@id":"https:\/\/ciiam.org\/en\/#organization"},"potentialAction":[{"@type":"SearchAction","target":{"@type":"EntryPoint","urlTemplate":"https:\/\/ciiam.org\/en\/?s={search_term_string}"},"query-input":{"@type":"PropertyValueSpecification","valueRequired":true,"valueName":"search_term_string"}}],"inLanguage":"en-US"},{"@type":"Organization","@id":"https:\/\/ciiam.org\/en\/#organization","name":"Centro Internacional e Iberoamericano de Arbitraje de Madrid","alternateName":"CIIAM","url":"https:\/\/ciiam.org\/en\/","logo":{"@type":"ImageObject","inLanguage":"en-US","@id":"https:\/\/ciiam.org\/en\/#\/schema\/logo\/image\/","url":"https:\/\/ciiam.org\/wp-content\/uploads\/2026\/01\/favicon.png","contentUrl":"https:\/\/ciiam.org\/wp-content\/uploads\/2026\/01\/favicon.png","width":500,"height":500,"caption":"Centro Internacional e Iberoamericano de Arbitraje de Madrid"},"image":{"@id":"https:\/\/ciiam.org\/en\/#\/schema\/logo\/image\/"},"sameAs":["https:\/\/www.linkedin.com\/company\/ciam-centro-internacional-arbitraje-madrid?trk=d_public_post_image","https:\/\/www.youtube.com\/channel\/UCU2OI7SAQFv5uXAZ4qO4ALg"]},{"@type":"Person","@id":"https:\/\/ciiam.org\/en\/#\/schema\/person\/d11b69fd6be9dfb32edb8758b44c599f","name":"P. Moraleda","image":{"@type":"ImageObject","inLanguage":"en-US","@id":"https:\/\/secure.gravatar.com\/avatar\/fe6c4f5a609355ad487e648d2b4aebf57a2fa1e7508fc4a6bd1d2b5420b286df?s=96&d=mm&r=g","url":"https:\/\/secure.gravatar.com\/avatar\/fe6c4f5a609355ad487e648d2b4aebf57a2fa1e7508fc4a6bd1d2b5420b286df?s=96&d=mm&r=g","contentUrl":"https:\/\/secure.gravatar.com\/avatar\/fe6c4f5a609355ad487e648d2b4aebf57a2fa1e7508fc4a6bd1d2b5420b286df?s=96&d=mm&r=g","caption":"P. Moraleda"},"url":"https:\/\/ciiam.org\/en\/author\/3on1a-0sed-24\/"}]}},"_links":{"self":[{"href":"https:\/\/ciiam.org\/en\/wp-json\/wp\/v2\/posts\/26866","targetHints":{"allow":["GET"]}}],"collection":[{"href":"https:\/\/ciiam.org\/en\/wp-json\/wp\/v2\/posts"}],"about":[{"href":"https:\/\/ciiam.org\/en\/wp-json\/wp\/v2\/types\/post"}],"author":[{"embeddable":true,"href":"https:\/\/ciiam.org\/en\/wp-json\/wp\/v2\/users\/18"}],"replies":[{"embeddable":true,"href":"https:\/\/ciiam.org\/en\/wp-json\/wp\/v2\/comments?post=26866"}],"version-history":[{"count":1,"href":"https:\/\/ciiam.org\/en\/wp-json\/wp\/v2\/posts\/26866\/revisions"}],"predecessor-version":[{"id":26869,"href":"https:\/\/ciiam.org\/en\/wp-json\/wp\/v2\/posts\/26866\/revisions\/26869"}],"wp:featuredmedia":[{"embeddable":true,"href":"https:\/\/ciiam.org\/en\/wp-json\/wp\/v2\/media\/26867"}],"wp:attachment":[{"href":"https:\/\/ciiam.org\/en\/wp-json\/wp\/v2\/media?parent=26866"}],"wp:term":[{"taxonomy":"category","embeddable":true,"href":"https:\/\/ciiam.org\/en\/wp-json\/wp\/v2\/categories?post=26866"},{"taxonomy":"post_tag","embeddable":true,"href":"https:\/\/ciiam.org\/en\/wp-json\/wp\/v2\/tags?post=26866"}],"curies":[{"name":"wp","href":"https:\/\/api.w.org\/{rel}","templated":true}]}}